{"id":950,"date":"2008-11-27T15:07:32","date_gmt":"2008-11-27T15:07:32","guid":{"rendered":"http:\/\/osmeusapontamentos.com\/?p=950"},"modified":"2008-11-27T15:07:32","modified_gmt":"2008-11-27T15:07:32","slug":"exposicao-na-mundo-fantasma","status":"publish","type":"post","link":"https:\/\/osmeusapontamentos.com\/index.php\/2008\/11\/27\/exposicao-na-mundo-fantasma\/","title":{"rendered":"Exposi\u00e7\u00e3o na Mundo Fantasma"},"content":{"rendered":"<p>A livraria especializada em banda desenhada Mundo Fantasma inaugura hoje uma <a href=\"http:\/\/blog.mundofantasma.com\/?p=1701\">exposi\u00e7\u00e3o de trabalhos Marcellus Hall<\/a>.<br \/>\nEstar\u00e1 dispon\u00edvel de 29 de Novembro a 4 de Janeiro e a inaugura\u00e7\u00e3o conta com a presen\u00e7a do autor.<\/p>\n<p>Para quem n\u00e3o conhece, a <a href=\"http:\/\/blog.mundofantasma.com\/?page_id=1321\">Mundo Fantasma foi criada em 1992<\/a> (ent\u00e3o com o nome de Interzona) pelos mesmos impulsionadores do extinto Sal\u00e3o de Banda Desenhada do Porto.<br \/>\nDepois das instala\u00e7\u00f5es iniciais primeiro no Parque It\u00e1lia e depois no Brasilia junto \u00e0 entrada do Swing, mudaram-se em Outubro para uma <a href=\"http:\/\/blog.mundofantasma.com\/?p=1656\">nova loja<\/a> ainda no Brasilia mas agora junto \u00e0 entrada da Av. Boavista.<\/p>\n<p>Para quem ainda pensa que banda desenhada \u00e9 s\u00f3 para crian\u00e7as, ou que se limitam a ser uns livros com bonecos recomendo que passem por l\u00e1 para conhecer este mundo, a livraria e as pessoas que por l\u00e1 passam.<\/p>\n","protected":false},"excerpt":{"rendered":"<p>A livraria especializada em banda desenhada Mundo Fantasma inaugura hoje uma exposi\u00e7\u00e3o de trabalhos Marcellus Hall. Estar\u00e1 dispon\u00edvel de 29 de Novembro a 4 de Janeiro e a inaugura\u00e7\u00e3o conta com a presen\u00e7a do autor. Para quem n\u00e3o conhece, a Mundo Fantasma foi criada em 1992 (ent\u00e3o com o nome de Interzona) pelos mesmos impulsionadores [&hellip;]<\/p>\n","protected":false},"author":1,"featured_media":0,"comment_status":"open","ping_status":"open","sticky":false,"template":"","format":"standard","meta":{"footnotes":""},"categories":[7],"tags":[86,524],"class_list":["post-950","post","type-post","status-publish","format-standard","hentry","category-ler-ver-ouvir-passear","tag-banda-desenhada","tag-porto"],"yoast_head":"<!-- This site is optimized with the Yoast SEO plugin v27.5 - https:\/\/yoast.com\/product\/yoast-seo-wordpress\/ -->\n<title>Exposi\u00e7\u00e3o na Mundo Fantasma - Os Meus Apontamentos<\/title>\n<meta name=\"robots\" content=\"index, follow, max-snippet:-1, max-image-preview:large, max-video-preview:-1\" \/>\n<link rel=\"canonical\" href=\"https:\/\/osmeusapontamentos.com\/index.php\/2008\/11\/27\/exposicao-na-mundo-fantasma\/\" \/>\n<meta property=\"og:locale\" content=\"pt_PT\" \/>\n<meta property=\"og:type\" content=\"article\" \/>\n<meta property=\"og:title\" content=\"Exposi\u00e7\u00e3o na Mundo Fantasma - Os Meus Apontamentos\" \/>\n<meta property=\"og:description\" content=\"A livraria especializada em banda desenhada Mundo Fantasma inaugura hoje uma exposi\u00e7\u00e3o de trabalhos Marcellus Hall. Estar\u00e1 dispon\u00edvel de 29 de Novembro a 4 de Janeiro e a inaugura\u00e7\u00e3o conta com a presen\u00e7a do autor. Para quem n\u00e3o conhece, a Mundo Fantasma foi criada em 1992 (ent\u00e3o com o nome de Interzona) pelos mesmos impulsionadores [&hellip;]\" \/>\n<meta property=\"og:url\" content=\"https:\/\/osmeusapontamentos.com\/index.php\/2008\/11\/27\/exposicao-na-mundo-fantasma\/\" \/>\n<meta property=\"og:site_name\" content=\"Os Meus Apontamentos\" \/>\n<meta property=\"article:published_time\" content=\"2008-11-27T15:07:32+00:00\" \/>\n<meta name=\"author\" content=\"Vitor Silva\" \/>\n<meta name=\"twitter:card\" content=\"summary_large_image\" \/>\n<meta name=\"twitter:creator\" content=\"@vitorsilva\" \/>\n<meta name=\"twitter:site\" content=\"@vitorsilva\" \/>\n<meta name=\"twitter:label1\" content=\"Escrito por\" \/>\n\t<meta name=\"twitter:data1\" content=\"Vitor Silva\" \/>\n\t<meta name=\"twitter:label2\" content=\"Tempo estimado de leitura\" \/>\n\t<meta name=\"twitter:data2\" content=\"1 minuto\" \/>\n<script type=\"application\/ld+json\" class=\"yoast-schema-graph\">{\"@context\":\"https:\\\/\\\/schema.org\",\"@graph\":[{\"@type\":\"Article\",\"@id\":\"https:\\\/\\\/osmeusapontamentos.com\\\/index.php\\\/2008\\\/11\\\/27\\\/exposicao-na-mundo-fantasma\\\/#article\",\"isPartOf\":{\"@id\":\"https:\\\/\\\/osmeusapontamentos.com\\\/index.php\\\/2008\\\/11\\\/27\\\/exposicao-na-mundo-fantasma\\\/\"},\"author\":{\"name\":\"Vitor Silva\",\"@id\":\"https:\\\/\\\/osmeusapontamentos.com\\\/#\\\/schema\\\/person\\\/d508df9c3ffc8b4e64a18dbf0ba18dd8\"},\"headline\":\"Exposi\u00e7\u00e3o na Mundo Fantasma\",\"datePublished\":\"2008-11-27T15:07:32+00:00\",\"mainEntityOfPage\":{\"@id\":\"https:\\\/\\\/osmeusapontamentos.com\\\/index.php\\\/2008\\\/11\\\/27\\\/exposicao-na-mundo-fantasma\\\/\"},\"wordCount\":146,\"commentCount\":0,\"publisher\":{\"@id\":\"https:\\\/\\\/osmeusapontamentos.com\\\/#\\\/schema\\\/person\\\/d508df9c3ffc8b4e64a18dbf0ba18dd8\"},\"keywords\":[\"banda desenhada\",\"porto\"],\"articleSection\":[\"Ler\\\/ Ver\\\/ Ouvir\\\/ Passear\"],\"inLanguage\":\"pt-PT\",\"potentialAction\":[{\"@type\":\"CommentAction\",\"name\":\"Comment\",\"target\":[\"https:\\\/\\\/osmeusapontamentos.com\\\/index.php\\\/2008\\\/11\\\/27\\\/exposicao-na-mundo-fantasma\\\/#respond\"]}]},{\"@type\":\"WebPage\",\"@id\":\"https:\\\/\\\/osmeusapontamentos.com\\\/index.php\\\/2008\\\/11\\\/27\\\/exposicao-na-mundo-fantasma\\\/\",\"url\":\"https:\\\/\\\/osmeusapontamentos.com\\\/index.php\\\/2008\\\/11\\\/27\\\/exposicao-na-mundo-fantasma\\\/\",\"name\":\"Exposi\u00e7\u00e3o na Mundo Fantasma - Os Meus Apontamentos\",\"isPartOf\":{\"@id\":\"https:\\\/\\\/osmeusapontamentos.com\\\/#website\"},\"datePublished\":\"2008-11-27T15:07:32+00:00\",\"breadcrumb\":{\"@id\":\"https:\\\/\\\/osmeusapontamentos.com\\\/index.php\\\/2008\\\/11\\\/27\\\/exposicao-na-mundo-fantasma\\\/#breadcrumb\"},\"inLanguage\":\"pt-PT\",\"potentialAction\":[{\"@type\":\"ReadAction\",\"target\":[\"https:\\\/\\\/osmeusapontamentos.com\\\/index.php\\\/2008\\\/11\\\/27\\\/exposicao-na-mundo-fantasma\\\/\"]}]},{\"@type\":\"BreadcrumbList\",\"@id\":\"https:\\\/\\\/osmeusapontamentos.com\\\/index.php\\\/2008\\\/11\\\/27\\\/exposicao-na-mundo-fantasma\\\/#breadcrumb\",\"itemListElement\":[{\"@type\":\"ListItem\",\"position\":1,\"name\":\"In\u00edcio\",\"item\":\"https:\\\/\\\/osmeusapontamentos.com\\\/\"},{\"@type\":\"ListItem\",\"position\":2,\"name\":\"Exposi\u00e7\u00e3o na Mundo Fantasma\"}]},{\"@type\":\"WebSite\",\"@id\":\"https:\\\/\\\/osmeusapontamentos.com\\\/#website\",\"url\":\"https:\\\/\\\/osmeusapontamentos.com\\\/\",\"name\":\"Os Meus Apontamentos\",\"description\":\"\",\"publisher\":{\"@id\":\"https:\\\/\\\/osmeusapontamentos.com\\\/#\\\/schema\\\/person\\\/d508df9c3ffc8b4e64a18dbf0ba18dd8\"},\"potentialAction\":[{\"@type\":\"SearchAction\",\"target\":{\"@type\":\"EntryPoint\",\"urlTemplate\":\"https:\\\/\\\/osmeusapontamentos.com\\\/?s={search_term_string}\"},\"query-input\":{\"@type\":\"PropertyValueSpecification\",\"valueRequired\":true,\"valueName\":\"search_term_string\"}}],\"inLanguage\":\"pt-PT\"},{\"@type\":[\"Person\",\"Organization\"],\"@id\":\"https:\\\/\\\/osmeusapontamentos.com\\\/#\\\/schema\\\/person\\\/d508df9c3ffc8b4e64a18dbf0ba18dd8\",\"name\":\"Vitor Silva\",\"image\":{\"@type\":\"ImageObject\",\"inLanguage\":\"pt-PT\",\"@id\":\"https:\\\/\\\/secure.gravatar.com\\\/avatar\\\/f81f58ad909e8a213ab0a690f6ed65e5c0e0e2274bf35ac49ff31d7988d483ce?s=96&d=mm&r=g\",\"url\":\"https:\\\/\\\/secure.gravatar.com\\\/avatar\\\/f81f58ad909e8a213ab0a690f6ed65e5c0e0e2274bf35ac49ff31d7988d483ce?s=96&d=mm&r=g\",\"contentUrl\":\"https:\\\/\\\/secure.gravatar.com\\\/avatar\\\/f81f58ad909e8a213ab0a690f6ed65e5c0e0e2274bf35ac49ff31d7988d483ce?s=96&d=mm&r=g\",\"caption\":\"Vitor Silva\"},\"logo\":{\"@id\":\"https:\\\/\\\/secure.gravatar.com\\\/avatar\\\/f81f58ad909e8a213ab0a690f6ed65e5c0e0e2274bf35ac49ff31d7988d483ce?s=96&d=mm&r=g\"},\"sameAs\":[\"https:\\\/\\\/www.linkedin.com\\\/in\\\/vitormrsilva\",\"https:\\\/\\\/x.com\\\/vitorsilva\"]}]}<\/script>\n<!-- \/ Yoast SEO plugin. -->","yoast_head_json":{"title":"Exposi\u00e7\u00e3o na Mundo Fantasma - Os Meus Apontamentos","robots":{"index":"index","follow":"follow","max-snippet":"max-snippet:-1","max-image-preview":"max-image-preview:large","max-video-preview":"max-video-preview:-1"},"canonical":"https:\/\/osmeusapontamentos.com\/index.php\/2008\/11\/27\/exposicao-na-mundo-fantasma\/","og_locale":"pt_PT","og_type":"article","og_title":"Exposi\u00e7\u00e3o na Mundo Fantasma - Os Meus Apontamentos","og_description":"A livraria especializada em banda desenhada Mundo Fantasma inaugura hoje uma exposi\u00e7\u00e3o de trabalhos Marcellus Hall. Estar\u00e1 dispon\u00edvel de 29 de Novembro a 4 de Janeiro e a inaugura\u00e7\u00e3o conta com a presen\u00e7a do autor. Para quem n\u00e3o conhece, a Mundo Fantasma foi criada em 1992 (ent\u00e3o com o nome de Interzona) pelos mesmos impulsionadores [&hellip;]","og_url":"https:\/\/osmeusapontamentos.com\/index.php\/2008\/11\/27\/exposicao-na-mundo-fantasma\/","og_site_name":"Os Meus Apontamentos","article_published_time":"2008-11-27T15:07:32+00:00","author":"Vitor Silva","twitter_card":"summary_large_image","twitter_creator":"@vitorsilva","twitter_site":"@vitorsilva","twitter_misc":{"Escrito por":"Vitor Silva","Tempo estimado de leitura":"1 minuto"},"schema":{"@context":"https:\/\/schema.org","@graph":[{"@type":"Article","@id":"https:\/\/osmeusapontamentos.com\/index.php\/2008\/11\/27\/exposicao-na-mundo-fantasma\/#article","isPartOf":{"@id":"https:\/\/osmeusapontamentos.com\/index.php\/2008\/11\/27\/exposicao-na-mundo-fantasma\/"},"author":{"name":"Vitor Silva","@id":"https:\/\/osmeusapontamentos.com\/#\/schema\/person\/d508df9c3ffc8b4e64a18dbf0ba18dd8"},"headline":"Exposi\u00e7\u00e3o na Mundo Fantasma","datePublished":"2008-11-27T15:07:32+00:00","mainEntityOfPage":{"@id":"https:\/\/osmeusapontamentos.com\/index.php\/2008\/11\/27\/exposicao-na-mundo-fantasma\/"},"wordCount":146,"commentCount":0,"publisher":{"@id":"https:\/\/osmeusapontamentos.com\/#\/schema\/person\/d508df9c3ffc8b4e64a18dbf0ba18dd8"},"keywords":["banda desenhada","porto"],"articleSection":["Ler\/ Ver\/ Ouvir\/ Passear"],"inLanguage":"pt-PT","potentialAction":[{"@type":"CommentAction","name":"Comment","target":["https:\/\/osmeusapontamentos.com\/index.php\/2008\/11\/27\/exposicao-na-mundo-fantasma\/#respond"]}]},{"@type":"WebPage","@id":"https:\/\/osmeusapontamentos.com\/index.php\/2008\/11\/27\/exposicao-na-mundo-fantasma\/","url":"https:\/\/osmeusapontamentos.com\/index.php\/2008\/11\/27\/exposicao-na-mundo-fantasma\/","name":"Exposi\u00e7\u00e3o na Mundo Fantasma - Os Meus Apontamentos","isPartOf":{"@id":"https:\/\/osmeusapontamentos.com\/#website"},"datePublished":"2008-11-27T15:07:32+00:00","breadcrumb":{"@id":"https:\/\/osmeusapontamentos.com\/index.php\/2008\/11\/27\/exposicao-na-mundo-fantasma\/#breadcrumb"},"inLanguage":"pt-PT","potentialAction":[{"@type":"ReadAction","target":["https:\/\/osmeusapontamentos.com\/index.php\/2008\/11\/27\/exposicao-na-mundo-fantasma\/"]}]},{"@type":"BreadcrumbList","@id":"https:\/\/osmeusapontamentos.com\/index.php\/2008\/11\/27\/exposicao-na-mundo-fantasma\/#breadcrumb","itemListElement":[{"@type":"ListItem","position":1,"name":"In\u00edcio","item":"https:\/\/osmeusapontamentos.com\/"},{"@type":"ListItem","position":2,"name":"Exposi\u00e7\u00e3o na Mundo Fantasma"}]},{"@type":"WebSite","@id":"https:\/\/osmeusapontamentos.com\/#website","url":"https:\/\/osmeusapontamentos.com\/","name":"Os Meus Apontamentos","description":"","publisher":{"@id":"https:\/\/osmeusapontamentos.com\/#\/schema\/person\/d508df9c3ffc8b4e64a18dbf0ba18dd8"},"potentialAction":[{"@type":"SearchAction","target":{"@type":"EntryPoint","urlTemplate":"https:\/\/osmeusapontamentos.com\/?s={search_term_string}"},"query-input":{"@type":"PropertyValueSpecification","valueRequired":true,"valueName":"search_term_string"}}],"inLanguage":"pt-PT"},{"@type":["Person","Organization"],"@id":"https:\/\/osmeusapontamentos.com\/#\/schema\/person\/d508df9c3ffc8b4e64a18dbf0ba18dd8","name":"Vitor Silva","image":{"@type":"ImageObject","inLanguage":"pt-PT","@id":"https:\/\/secure.gravatar.com\/avatar\/f81f58ad909e8a213ab0a690f6ed65e5c0e0e2274bf35ac49ff31d7988d483ce?s=96&d=mm&r=g","url":"https:\/\/secure.gravatar.com\/avatar\/f81f58ad909e8a213ab0a690f6ed65e5c0e0e2274bf35ac49ff31d7988d483ce?s=96&d=mm&r=g","contentUrl":"https:\/\/secure.gravatar.com\/avatar\/f81f58ad909e8a213ab0a690f6ed65e5c0e0e2274bf35ac49ff31d7988d483ce?s=96&d=mm&r=g","caption":"Vitor Silva"},"logo":{"@id":"https:\/\/secure.gravatar.com\/avatar\/f81f58ad909e8a213ab0a690f6ed65e5c0e0e2274bf35ac49ff31d7988d483ce?s=96&d=mm&r=g"},"sameAs":["https:\/\/www.linkedin.com\/in\/vitormrsilva","https:\/\/x.com\/vitorsilva"]}]}},"_links":{"self":[{"href":"https:\/\/osmeusapontamentos.com\/index.php\/wp-json\/wp\/v2\/posts\/950","targetHints":{"allow":["GET"]}}],"collection":[{"href":"https:\/\/osmeusapontamentos.com\/index.php\/wp-json\/wp\/v2\/posts"}],"about":[{"href":"https:\/\/osmeusapontamentos.com\/index.php\/wp-json\/wp\/v2\/types\/post"}],"author":[{"embeddable":true,"href":"https:\/\/osmeusapontamentos.com\/index.php\/wp-json\/wp\/v2\/users\/1"}],"replies":[{"embeddable":true,"href":"https:\/\/osmeusapontamentos.com\/index.php\/wp-json\/wp\/v2\/comments?post=950"}],"version-history":[{"count":0,"href":"https:\/\/osmeusapontamentos.com\/index.php\/wp-json\/wp\/v2\/posts\/950\/revisions"}],"wp:attachment":[{"href":"https:\/\/osmeusapontamentos.com\/index.php\/wp-json\/wp\/v2\/media?parent=950"}],"wp:term":[{"taxonomy":"category","embeddable":true,"href":"https:\/\/osmeusapontamentos.com\/index.php\/wp-json\/wp\/v2\/categories?post=950"},{"taxonomy":"post_tag","embeddable":true,"href":"https:\/\/osmeusapontamentos.com\/index.php\/wp-json\/wp\/v2\/tags?post=950"}],"curies":[{"name":"wp","href":"https:\/\/api.w.org\/{rel}","templated":true}]}}