{"id":946,"date":"2008-11-23T15:23:37","date_gmt":"2008-11-23T15:23:37","guid":{"rendered":"http:\/\/osmeusapontamentos.com\/?p=946"},"modified":"2008-11-23T15:23:37","modified_gmt":"2008-11-23T15:23:37","slug":"lideres-e-contexto-ou-o-contexto-da-lideranca","status":"publish","type":"post","link":"https:\/\/osmeusapontamentos.com\/index.php\/2008\/11\/23\/lideres-e-contexto-ou-o-contexto-da-lideranca\/","title":{"rendered":"lideres e contexto ou o contexto da lideran\u00e7a"},"content":{"rendered":"<p>Quando falamos a respeito de lideran\u00e7as e regi\u00f5es costumam vir \u00e0 baila dois temas:<\/p>\n<ul>\n<li> por uma lado \u00e9 dif\u00edcil identificar uma ou duas personagens que sejam lideres mais ou menos indiscut\u00edveis de uma regi\u00e3o (independentemente da divis\u00e3o administrativa que se considere);<\/li>\n<li> por outro lado temos sempre o, bom \/ mau \/ assim-assim (riscar o que n\u00e3o interessa) exemplo da Madeira.<\/li>\n<\/ul>\n<p>Isso rapidamente se transforma num argumento para quem acha que, por n\u00e3o haver lideres, ou os que se conhecem n\u00e3o serem, no m\u00ednimo, exemplos ortodoxos do que \u00e9 ser um bom l\u00edder, n\u00e3o se pode pensar em distribuir \/ delegar compet\u00eancias e deveres por outros \u00f3rg\u00e3os abaixo do n\u00edvel da administra\u00e7\u00e3o central.<\/p>\n<p>O meu argumento \u00e9 que esses l\u00edderes n\u00e3o aparecem, ou se existem n\u00e3o t\u00eam visibilidade suficiente, porque n\u00e3o t\u00eam um contexto prop\u00edcio para o seu aparecimento e \/ ou amplia\u00e7\u00e3o da sua esfera de influ\u00eancia.<\/p>\n<p>Considerando os \u00f3rg\u00e3os que t\u00eam legitima\u00e7\u00e3o popular pelo facto de serem eleitos vemos que a esfera de actua\u00e7\u00e3o dos mesmos \u00e9:<\/p>\n<ul>\n<li> ou o pa\u00eds como um todo,<\/li>\n<li> ou um munic\u00edpio (cidade \/ conjunto de cidades),<\/li>\n<li> ou a freguesia (como parte integrante de uma cidade ou como polo m\u00ednimo agregador de um munic\u00edpio)<\/li>\n<\/ul>\n<p>Ou seja, em nenhum destes casos, h\u00e1 uma rela\u00e7\u00e3o legitimidade \/ contexto de actua\u00e7\u00e3o que defina como prioridade o pensar em unidades superiores ao simples munic\u00edpio.<br \/>\nO que resulta desta falta de legitimidade \u00e9 que qualquer tentativa individual ou colectiva de um pensamento supra-municipal vai ser frustrada principalmente por lutas pela legitima\u00e7\u00e3o e n\u00e3o pela prossecu\u00e7\u00e3o de um programa efectivo.<\/p>\n<p>A impossibilidade de cria\u00e7\u00e3o desse contexto impede que surjam pessoas que querem simplesmente contribuir para a sua regi\u00e3o. Sem qualquer esp\u00e9cie de sentido anti outras regi\u00f5es mas sim no sentido de lutar por aquilo que lhes parece ser melhor para a sua regi\u00e3o, que provavelmente ser\u00e1 aquela que conhecem melhor.<\/p>\n<p>Esse impedimento \u00e9 verific\u00e1vel historicamente. Qual o deputado ou governante que conseguiu, na assembleia ou no governo pensar e fazer lobby exclusivamente para a sua regi\u00e3o? Qual o autarca que conseguiu expor qualquer tipo de pensamento supra-municipal sem ter que ouvir pelo menos uma insinua\u00e7\u00e3o de que o que pretende \u00e9 sugar a import\u00e2ncia dos outros munic\u00edpios?<\/p>\n<p>Assim, provavelmente s\u00f3 uma pessoa com uma pontinha de masoquismo ou ignor\u00e2ncia se atrever\u00e1 a tentar entrar num jogo que h\u00e1 partida s\u00f3 parece admitir um resultado poss\u00edvel que \u00e9 a frustra\u00e7\u00e3o.<\/p>\n","protected":false},"excerpt":{"rendered":"<p>Quando falamos a respeito de lideran\u00e7as e regi\u00f5es costumam vir \u00e0 baila dois temas: por uma lado \u00e9 dif\u00edcil identificar uma ou duas personagens que sejam lideres mais ou menos indiscut\u00edveis de uma regi\u00e3o (independentemente da divis\u00e3o administrativa que se considere); por outro lado temos sempre o, bom \/ mau \/ assim-assim (riscar o que [&hellip;]<\/p>\n","protected":false},"author":1,"featured_media":0,"comment_status":"open","ping_status":"open","sticky":false,"template":"","format":"standard","meta":{"footnotes":""},"categories":[7],"tags":[529,557],"class_list":["post-946","post","type-post","status-publish","format-standard","hentry","category-ler-ver-ouvir-passear","tag-portugal","tag-regionalizacao"],"yoast_head":"<!-- This site is optimized with the Yoast SEO plugin v27.5 - https:\/\/yoast.com\/product\/yoast-seo-wordpress\/ -->\n<title>lideres e contexto ou o contexto da lideran\u00e7a - Os Meus Apontamentos<\/title>\n<meta name=\"robots\" content=\"index, follow, max-snippet:-1, max-image-preview:large, max-video-preview:-1\" \/>\n<link rel=\"canonical\" href=\"https:\/\/osmeusapontamentos.com\/index.php\/2008\/11\/23\/lideres-e-contexto-ou-o-contexto-da-lideranca\/\" \/>\n<meta property=\"og:locale\" content=\"pt_PT\" \/>\n<meta property=\"og:type\" content=\"article\" \/>\n<meta property=\"og:title\" content=\"lideres e contexto ou o contexto da lideran\u00e7a - Os Meus Apontamentos\" \/>\n<meta property=\"og:description\" content=\"Quando falamos a respeito de lideran\u00e7as e regi\u00f5es costumam vir \u00e0 baila dois temas: por uma lado \u00e9 dif\u00edcil identificar uma ou duas personagens que sejam lideres mais ou menos indiscut\u00edveis de uma regi\u00e3o (independentemente da divis\u00e3o administrativa que se considere); por outro lado temos sempre o, bom \/ mau \/ assim-assim (riscar o que [&hellip;]\" \/>\n<meta property=\"og:url\" content=\"https:\/\/osmeusapontamentos.com\/index.php\/2008\/11\/23\/lideres-e-contexto-ou-o-contexto-da-lideranca\/\" \/>\n<meta property=\"og:site_name\" content=\"Os Meus Apontamentos\" \/>\n<meta property=\"article:published_time\" content=\"2008-11-23T15:23:37+00:00\" \/>\n<meta name=\"author\" content=\"Vitor Silva\" \/>\n<meta name=\"twitter:card\" content=\"summary_large_image\" \/>\n<meta name=\"twitter:creator\" content=\"@vitorsilva\" \/>\n<meta name=\"twitter:site\" content=\"@vitorsilva\" \/>\n<meta name=\"twitter:label1\" content=\"Escrito por\" \/>\n\t<meta name=\"twitter:data1\" content=\"Vitor Silva\" \/>\n\t<meta name=\"twitter:label2\" content=\"Tempo estimado de leitura\" \/>\n\t<meta name=\"twitter:data2\" content=\"2 minutos\" \/>\n<script type=\"application\/ld+json\" class=\"yoast-schema-graph\">{\"@context\":\"https:\\\/\\\/schema.org\",\"@graph\":[{\"@type\":\"Article\",\"@id\":\"https:\\\/\\\/osmeusapontamentos.com\\\/index.php\\\/2008\\\/11\\\/23\\\/lideres-e-contexto-ou-o-contexto-da-lideranca\\\/#article\",\"isPartOf\":{\"@id\":\"https:\\\/\\\/osmeusapontamentos.com\\\/index.php\\\/2008\\\/11\\\/23\\\/lideres-e-contexto-ou-o-contexto-da-lideranca\\\/\"},\"author\":{\"name\":\"Vitor Silva\",\"@id\":\"https:\\\/\\\/osmeusapontamentos.com\\\/#\\\/schema\\\/person\\\/d508df9c3ffc8b4e64a18dbf0ba18dd8\"},\"headline\":\"lideres e contexto ou o contexto da lideran\u00e7a\",\"datePublished\":\"2008-11-23T15:23:37+00:00\",\"mainEntityOfPage\":{\"@id\":\"https:\\\/\\\/osmeusapontamentos.com\\\/index.php\\\/2008\\\/11\\\/23\\\/lideres-e-contexto-ou-o-contexto-da-lideranca\\\/\"},\"wordCount\":444,\"commentCount\":0,\"publisher\":{\"@id\":\"https:\\\/\\\/osmeusapontamentos.com\\\/#\\\/schema\\\/person\\\/d508df9c3ffc8b4e64a18dbf0ba18dd8\"},\"keywords\":[\"portugal\",\"regionaliza\u00e7\u00e3o\"],\"articleSection\":[\"Ler\\\/ Ver\\\/ Ouvir\\\/ Passear\"],\"inLanguage\":\"pt-PT\",\"potentialAction\":[{\"@type\":\"CommentAction\",\"name\":\"Comment\",\"target\":[\"https:\\\/\\\/osmeusapontamentos.com\\\/index.php\\\/2008\\\/11\\\/23\\\/lideres-e-contexto-ou-o-contexto-da-lideranca\\\/#respond\"]}]},{\"@type\":\"WebPage\",\"@id\":\"https:\\\/\\\/osmeusapontamentos.com\\\/index.php\\\/2008\\\/11\\\/23\\\/lideres-e-contexto-ou-o-contexto-da-lideranca\\\/\",\"url\":\"https:\\\/\\\/osmeusapontamentos.com\\\/index.php\\\/2008\\\/11\\\/23\\\/lideres-e-contexto-ou-o-contexto-da-lideranca\\\/\",\"name\":\"lideres e contexto ou o contexto da lideran\u00e7a - Os Meus Apontamentos\",\"isPartOf\":{\"@id\":\"https:\\\/\\\/osmeusapontamentos.com\\\/#website\"},\"datePublished\":\"2008-11-23T15:23:37+00:00\",\"breadcrumb\":{\"@id\":\"https:\\\/\\\/osmeusapontamentos.com\\\/index.php\\\/2008\\\/11\\\/23\\\/lideres-e-contexto-ou-o-contexto-da-lideranca\\\/#breadcrumb\"},\"inLanguage\":\"pt-PT\",\"potentialAction\":[{\"@type\":\"ReadAction\",\"target\":[\"https:\\\/\\\/osmeusapontamentos.com\\\/index.php\\\/2008\\\/11\\\/23\\\/lideres-e-contexto-ou-o-contexto-da-lideranca\\\/\"]}]},{\"@type\":\"BreadcrumbList\",\"@id\":\"https:\\\/\\\/osmeusapontamentos.com\\\/index.php\\\/2008\\\/11\\\/23\\\/lideres-e-contexto-ou-o-contexto-da-lideranca\\\/#breadcrumb\",\"itemListElement\":[{\"@type\":\"ListItem\",\"position\":1,\"name\":\"In\u00edcio\",\"item\":\"https:\\\/\\\/osmeusapontamentos.com\\\/\"},{\"@type\":\"ListItem\",\"position\":2,\"name\":\"lideres e contexto ou o contexto da lideran\u00e7a\"}]},{\"@type\":\"WebSite\",\"@id\":\"https:\\\/\\\/osmeusapontamentos.com\\\/#website\",\"url\":\"https:\\\/\\\/osmeusapontamentos.com\\\/\",\"name\":\"Os Meus Apontamentos\",\"description\":\"\",\"publisher\":{\"@id\":\"https:\\\/\\\/osmeusapontamentos.com\\\/#\\\/schema\\\/person\\\/d508df9c3ffc8b4e64a18dbf0ba18dd8\"},\"potentialAction\":[{\"@type\":\"SearchAction\",\"target\":{\"@type\":\"EntryPoint\",\"urlTemplate\":\"https:\\\/\\\/osmeusapontamentos.com\\\/?s={search_term_string}\"},\"query-input\":{\"@type\":\"PropertyValueSpecification\",\"valueRequired\":true,\"valueName\":\"search_term_string\"}}],\"inLanguage\":\"pt-PT\"},{\"@type\":[\"Person\",\"Organization\"],\"@id\":\"https:\\\/\\\/osmeusapontamentos.com\\\/#\\\/schema\\\/person\\\/d508df9c3ffc8b4e64a18dbf0ba18dd8\",\"name\":\"Vitor Silva\",\"image\":{\"@type\":\"ImageObject\",\"inLanguage\":\"pt-PT\",\"@id\":\"https:\\\/\\\/secure.gravatar.com\\\/avatar\\\/f81f58ad909e8a213ab0a690f6ed65e5c0e0e2274bf35ac49ff31d7988d483ce?s=96&d=mm&r=g\",\"url\":\"https:\\\/\\\/secure.gravatar.com\\\/avatar\\\/f81f58ad909e8a213ab0a690f6ed65e5c0e0e2274bf35ac49ff31d7988d483ce?s=96&d=mm&r=g\",\"contentUrl\":\"https:\\\/\\\/secure.gravatar.com\\\/avatar\\\/f81f58ad909e8a213ab0a690f6ed65e5c0e0e2274bf35ac49ff31d7988d483ce?s=96&d=mm&r=g\",\"caption\":\"Vitor Silva\"},\"logo\":{\"@id\":\"https:\\\/\\\/secure.gravatar.com\\\/avatar\\\/f81f58ad909e8a213ab0a690f6ed65e5c0e0e2274bf35ac49ff31d7988d483ce?s=96&d=mm&r=g\"},\"sameAs\":[\"https:\\\/\\\/www.linkedin.com\\\/in\\\/vitormrsilva\",\"https:\\\/\\\/x.com\\\/vitorsilva\"]}]}<\/script>\n<!-- \/ Yoast SEO plugin. -->","yoast_head_json":{"title":"lideres e contexto ou o contexto da lideran\u00e7a - Os Meus Apontamentos","robots":{"index":"index","follow":"follow","max-snippet":"max-snippet:-1","max-image-preview":"max-image-preview:large","max-video-preview":"max-video-preview:-1"},"canonical":"https:\/\/osmeusapontamentos.com\/index.php\/2008\/11\/23\/lideres-e-contexto-ou-o-contexto-da-lideranca\/","og_locale":"pt_PT","og_type":"article","og_title":"lideres e contexto ou o contexto da lideran\u00e7a - Os Meus Apontamentos","og_description":"Quando falamos a respeito de lideran\u00e7as e regi\u00f5es costumam vir \u00e0 baila dois temas: por uma lado \u00e9 dif\u00edcil identificar uma ou duas personagens que sejam lideres mais ou menos indiscut\u00edveis de uma regi\u00e3o (independentemente da divis\u00e3o administrativa que se considere); por outro lado temos sempre o, bom \/ mau \/ assim-assim (riscar o que [&hellip;]","og_url":"https:\/\/osmeusapontamentos.com\/index.php\/2008\/11\/23\/lideres-e-contexto-ou-o-contexto-da-lideranca\/","og_site_name":"Os Meus Apontamentos","article_published_time":"2008-11-23T15:23:37+00:00","author":"Vitor Silva","twitter_card":"summary_large_image","twitter_creator":"@vitorsilva","twitter_site":"@vitorsilva","twitter_misc":{"Escrito por":"Vitor Silva","Tempo estimado de leitura":"2 minutos"},"schema":{"@context":"https:\/\/schema.org","@graph":[{"@type":"Article","@id":"https:\/\/osmeusapontamentos.com\/index.php\/2008\/11\/23\/lideres-e-contexto-ou-o-contexto-da-lideranca\/#article","isPartOf":{"@id":"https:\/\/osmeusapontamentos.com\/index.php\/2008\/11\/23\/lideres-e-contexto-ou-o-contexto-da-lideranca\/"},"author":{"name":"Vitor Silva","@id":"https:\/\/osmeusapontamentos.com\/#\/schema\/person\/d508df9c3ffc8b4e64a18dbf0ba18dd8"},"headline":"lideres e contexto ou o contexto da lideran\u00e7a","datePublished":"2008-11-23T15:23:37+00:00","mainEntityOfPage":{"@id":"https:\/\/osmeusapontamentos.com\/index.php\/2008\/11\/23\/lideres-e-contexto-ou-o-contexto-da-lideranca\/"},"wordCount":444,"commentCount":0,"publisher":{"@id":"https:\/\/osmeusapontamentos.com\/#\/schema\/person\/d508df9c3ffc8b4e64a18dbf0ba18dd8"},"keywords":["portugal","regionaliza\u00e7\u00e3o"],"articleSection":["Ler\/ Ver\/ Ouvir\/ Passear"],"inLanguage":"pt-PT","potentialAction":[{"@type":"CommentAction","name":"Comment","target":["https:\/\/osmeusapontamentos.com\/index.php\/2008\/11\/23\/lideres-e-contexto-ou-o-contexto-da-lideranca\/#respond"]}]},{"@type":"WebPage","@id":"https:\/\/osmeusapontamentos.com\/index.php\/2008\/11\/23\/lideres-e-contexto-ou-o-contexto-da-lideranca\/","url":"https:\/\/osmeusapontamentos.com\/index.php\/2008\/11\/23\/lideres-e-contexto-ou-o-contexto-da-lideranca\/","name":"lideres e contexto ou o contexto da lideran\u00e7a - Os Meus Apontamentos","isPartOf":{"@id":"https:\/\/osmeusapontamentos.com\/#website"},"datePublished":"2008-11-23T15:23:37+00:00","breadcrumb":{"@id":"https:\/\/osmeusapontamentos.com\/index.php\/2008\/11\/23\/lideres-e-contexto-ou-o-contexto-da-lideranca\/#breadcrumb"},"inLanguage":"pt-PT","potentialAction":[{"@type":"ReadAction","target":["https:\/\/osmeusapontamentos.com\/index.php\/2008\/11\/23\/lideres-e-contexto-ou-o-contexto-da-lideranca\/"]}]},{"@type":"BreadcrumbList","@id":"https:\/\/osmeusapontamentos.com\/index.php\/2008\/11\/23\/lideres-e-contexto-ou-o-contexto-da-lideranca\/#breadcrumb","itemListElement":[{"@type":"ListItem","position":1,"name":"In\u00edcio","item":"https:\/\/osmeusapontamentos.com\/"},{"@type":"ListItem","position":2,"name":"lideres e contexto ou o contexto da lideran\u00e7a"}]},{"@type":"WebSite","@id":"https:\/\/osmeusapontamentos.com\/#website","url":"https:\/\/osmeusapontamentos.com\/","name":"Os Meus Apontamentos","description":"","publisher":{"@id":"https:\/\/osmeusapontamentos.com\/#\/schema\/person\/d508df9c3ffc8b4e64a18dbf0ba18dd8"},"potentialAction":[{"@type":"SearchAction","target":{"@type":"EntryPoint","urlTemplate":"https:\/\/osmeusapontamentos.com\/?s={search_term_string}"},"query-input":{"@type":"PropertyValueSpecification","valueRequired":true,"valueName":"search_term_string"}}],"inLanguage":"pt-PT"},{"@type":["Person","Organization"],"@id":"https:\/\/osmeusapontamentos.com\/#\/schema\/person\/d508df9c3ffc8b4e64a18dbf0ba18dd8","name":"Vitor Silva","image":{"@type":"ImageObject","inLanguage":"pt-PT","@id":"https:\/\/secure.gravatar.com\/avatar\/f81f58ad909e8a213ab0a690f6ed65e5c0e0e2274bf35ac49ff31d7988d483ce?s=96&d=mm&r=g","url":"https:\/\/secure.gravatar.com\/avatar\/f81f58ad909e8a213ab0a690f6ed65e5c0e0e2274bf35ac49ff31d7988d483ce?s=96&d=mm&r=g","contentUrl":"https:\/\/secure.gravatar.com\/avatar\/f81f58ad909e8a213ab0a690f6ed65e5c0e0e2274bf35ac49ff31d7988d483ce?s=96&d=mm&r=g","caption":"Vitor Silva"},"logo":{"@id":"https:\/\/secure.gravatar.com\/avatar\/f81f58ad909e8a213ab0a690f6ed65e5c0e0e2274bf35ac49ff31d7988d483ce?s=96&d=mm&r=g"},"sameAs":["https:\/\/www.linkedin.com\/in\/vitormrsilva","https:\/\/x.com\/vitorsilva"]}]}},"_links":{"self":[{"href":"https:\/\/osmeusapontamentos.com\/index.php\/wp-json\/wp\/v2\/posts\/946","targetHints":{"allow":["GET"]}}],"collection":[{"href":"https:\/\/osmeusapontamentos.com\/index.php\/wp-json\/wp\/v2\/posts"}],"about":[{"href":"https:\/\/osmeusapontamentos.com\/index.php\/wp-json\/wp\/v2\/types\/post"}],"author":[{"embeddable":true,"href":"https:\/\/osmeusapontamentos.com\/index.php\/wp-json\/wp\/v2\/users\/1"}],"replies":[{"embeddable":true,"href":"https:\/\/osmeusapontamentos.com\/index.php\/wp-json\/wp\/v2\/comments?post=946"}],"version-history":[{"count":0,"href":"https:\/\/osmeusapontamentos.com\/index.php\/wp-json\/wp\/v2\/posts\/946\/revisions"}],"wp:attachment":[{"href":"https:\/\/osmeusapontamentos.com\/index.php\/wp-json\/wp\/v2\/media?parent=946"}],"wp:term":[{"taxonomy":"category","embeddable":true,"href":"https:\/\/osmeusapontamentos.com\/index.php\/wp-json\/wp\/v2\/categories?post=946"},{"taxonomy":"post_tag","embeddable":true,"href":"https:\/\/osmeusapontamentos.com\/index.php\/wp-json\/wp\/v2\/tags?post=946"}],"curies":[{"name":"wp","href":"https:\/\/api.w.org\/{rel}","templated":true}]}}