{"id":902,"date":"2008-11-18T08:55:25","date_gmt":"2008-11-18T08:55:25","guid":{"rendered":"http:\/\/osmeusapontamentos.com\/?p=902"},"modified":"2008-11-18T08:55:25","modified_gmt":"2008-11-18T08:55:25","slug":"regionalizacao-populacao","status":"publish","type":"post","link":"https:\/\/osmeusapontamentos.com\/index.php\/2008\/11\/18\/regionalizacao-populacao\/","title":{"rendered":"Regionaliza\u00e7\u00e3o &#8211; popula\u00e7\u00e3o"},"content":{"rendered":"<p>Uma das motiva\u00e7\u00f5es menos &#8220;cientificas&#8221; para querer a regionaliza\u00e7\u00e3o \u00e9 o &#8220;feeling&#8221;, no sentido de, tenho um feeling que alguma coisa vai mal no pa\u00eds e por isso se calhar \u00e9 melhor mudarmos.<\/p>\n<p>Um dos feelings prevalecentes \u00e9 que a organiza\u00e7\u00e3o actual do estado n\u00e3o tem contribu\u00eddo para o reequil\u00edbrio da distribui\u00e7\u00e3o de pessoas pelo pa\u00eds, e de que esse desequil\u00edbrio at\u00e9 pode ter aumentado.<\/p>\n<p>De forma a validar ou n\u00e3o esse feeling resolvi fazer um mapa com a distribui\u00e7\u00e3o de popula\u00e7\u00e3o por nuts3 e ver como ele se comporta ao longo dos anos. A cor vermelha quer dizer que houve diminui\u00e7\u00e3o de popula\u00e7\u00e3o entre o ano indicado e o anterior, a verde o que houve aumento.<\/p>\n<p>Varia\u00e7\u00e3o da Popula\u00e7\u00e3o entre 1991-2007<\/p>\n<p><object classid=\"clsid:d27cdb6e-ae6d-11cf-96b8-444553540000\" width=\"283\" height=\"490\" codebase=\"http:\/\/download.macromedia.com\/pub\/shockwave\/cabs\/flash\/swflash.cab#version=6,0,40,0\"><param name=\"src\" value=\"\/processing\/1991-2007.swf\" \/><embed type=\"application\/x-shockwave-flash\" width=\"283\" height=\"490\" src=\"\/processing\/1991-2007.swf\"><\/embed><\/object><\/p>\n<p>Como se pode ver no mapa \u00e9 f\u00e1cil constatar que nos \u00faltimo 18 anos praticamente todo o interior (e quase em todos os anos) continuou a perder popula\u00e7\u00e3o, que em parte ter\u00e1 ido para o litoral.<br \/>\nOs dados usados para esta compara\u00e7\u00e3o foram<\/p>\n<ul>\n<li><a href=\"http:\/\/www.ine.pt\/xportal\/xmain?xpid=INE&amp;xpgid=ine_indicadores&amp;indOcorrCod=0000611&amp;selTab=tab0\">Popula\u00e7\u00e3o residente (N.\u00ba) por Local de resid\u00eancia, Sexo e Grupo et\u00e1rio (por ciclos de vida) 2000-2007<\/a><\/li>\n<li><a href=\"http:\/\/www.ine.pt\/xportal\/xmain?xpid=INE&amp;xpgid=ine_publicacoes&amp;PUBLICACOESpub_boui=6507201&amp;PUBLICACOEStema=55466&amp;PUBLICACOESmodo=2\">Estimativas Definitivas de Popula\u00e7\u00e3o Residente Intercensit\u00e1rias &#8211; Portugal, NUTS II, NUTS III e Munic\u00edpios &#8211; 1991 &#8211; 2000 <\/a><\/li>\n<\/ul>\n<p>Se olharmos para os dados base, e comparando as duas s\u00e9ries de forma independente de forma a evitar poss\u00edveis incongru\u00eancias entre elas podemos ver, no periodo 2001-2007<\/p>\n<ul>\n<li>as 2 subregi\u00f5es com maior aumento (em valor absoluto) de popula\u00e7\u00e3o foram <a href=\"http:\/\/pt.wikipedia.org\/wiki\/Grande_Lisboa\">Grande Lisboa<\/a> +63093 e <a href=\"http:\/\/pt.wikipedia.org\/wiki\/Pen%C3%ADnsula_de_Set%C3%BAbal\">Pen\u00ednsula de Set\u00fabal<\/a> +58449. Em terceiro aparece o <a href=\"http:\/\/pt.wikipedia.org\/wiki\/Algarve\">Algarve<\/a> mas s\u00f3 com +35453<\/li>\n<li>as 3 subregi\u00f5es com maior aumento (em percentagem) de popula\u00e7\u00e3o foram <a href=\"http:\/\/pt.wikipedia.org\/wiki\/Algarve\">Algarve<\/a> +9,06%, <a href=\"http:\/\/pt.wikipedia.org\/wiki\/Pen%C3%ADnsula_de_Set%C3%BAbal\">Pen\u00ednsula de Set\u00fabal<\/a> +8% e <a href=\"http:\/\/pt.wikipedia.org\/wiki\/Pinhal_Litoral\">Pinhal Litoral<\/a> com +6,03%<\/li>\n<li>as 2 subregi\u00f5es com maior descida (em valor absoluto) de popula\u00e7\u00e3o foram <a href=\"http:\/\/pt.wikipedia.org\/wiki\/Douro\">Douro<\/a> -6867 e <a href=\"http:\/\/pt.wikipedia.org\/wiki\/Alto_Alentejo\">Alto Alentejo<\/a> -5794 surgindo depois v\u00e1rias subregi\u00f5es com valores perto dos -4000;<\/li>\n<li>as 3 subregi\u00f5es com maior descida (em percentagem) de popula\u00e7\u00e3o foram <a href=\"http:\/\/pt.wikipedia.org\/wiki\/Pinhal_Interior_Sul\">Pinhal Interior Sul<\/a> -6,46%, <a href=\"http:\/\/pt.wikipedia.org\/wiki\/Alto_Alentejo\">Alto Alentejo<\/a> -4,67% e <a href=\"http:\/\/pt.wikipedia.org\/wiki\/Beira_Interior_Sul\">Beira Interior Sul<\/a> com -4,06%<\/li>\n<\/ul>\n<p>Padr\u00f5es mais ou menos semelhantes (embora com amplitudes maiores) surgem ao analisar os dados correspondentes a 1999-2000.<\/p>\n<p>Uma nota para dizer que os dados referentes \u00e0 subregi\u00e3o oeste n\u00e3o est\u00e3o a ser representados j\u00e1 que apresentam uma discrep\u00e2ncia muito grande nos limites das duas s\u00e9ries (ano 2001 da serie 2000-2007; ano 2000 serie2 1991-2000) que me levam a pensar que possa ter havido alguma altera\u00e7\u00e3o de crit\u00e9rios entre estes 2 per\u00edodos.<\/p>\n<p>Varia\u00e7\u00e3o de popula\u00e7\u00e3o entre 2001-2007<br \/>\n<object classid=\"clsid:d27cdb6e-ae6d-11cf-96b8-444553540000\" width=\"283\" height=\"490\" codebase=\"http:\/\/download.macromedia.com\/pub\/shockwave\/cabs\/flash\/swflash.cab#version=6,0,40,0\"><param name=\"src\" value=\"\/processing\/2001-2007.swf\" \/><embed type=\"application\/x-shockwave-flash\" width=\"283\" height=\"490\" src=\"\/processing\/2001-2007.swf\"><\/embed><\/object><\/p>\n","protected":false},"excerpt":{"rendered":"<p>Uma das motiva\u00e7\u00f5es menos &#8220;cientificas&#8221; para querer a regionaliza\u00e7\u00e3o \u00e9 o &#8220;feeling&#8221;, no sentido de, tenho um feeling que alguma coisa vai mal no pa\u00eds e por isso se calhar \u00e9 melhor mudarmos. Um dos feelings prevalecentes \u00e9 que a organiza\u00e7\u00e3o actual do estado n\u00e3o tem contribu\u00eddo para o reequil\u00edbrio da distribui\u00e7\u00e3o de pessoas pelo [&hellip;]<\/p>\n","protected":false},"author":1,"featured_media":0,"comment_status":"open","ping_status":"open","sticky":false,"template":"","format":"standard","meta":{"footnotes":""},"categories":[7],"tags":[181,467,521,529,557,644],"class_list":["post-902","post","type-post","status-publish","format-standard","hentry","category-ler-ver-ouvir-passear","tag-dados-publicos","tag-open-data","tag-populacao","tag-portugal","tag-regionalizacao","tag-transparencia"],"yoast_head":"<!-- This site is optimized with the Yoast SEO plugin v27.5 - https:\/\/yoast.com\/product\/yoast-seo-wordpress\/ -->\n<title>Regionaliza\u00e7\u00e3o - popula\u00e7\u00e3o - Os Meus Apontamentos<\/title>\n<meta name=\"robots\" content=\"index, follow, max-snippet:-1, max-image-preview:large, max-video-preview:-1\" \/>\n<link rel=\"canonical\" href=\"https:\/\/osmeusapontamentos.com\/index.php\/2008\/11\/18\/regionalizacao-populacao\/\" \/>\n<meta property=\"og:locale\" content=\"pt_PT\" \/>\n<meta property=\"og:type\" content=\"article\" \/>\n<meta property=\"og:title\" content=\"Regionaliza\u00e7\u00e3o - popula\u00e7\u00e3o - Os Meus Apontamentos\" \/>\n<meta property=\"og:description\" content=\"Uma das motiva\u00e7\u00f5es menos &#8220;cientificas&#8221; para querer a regionaliza\u00e7\u00e3o \u00e9 o &#8220;feeling&#8221;, no sentido de, tenho um feeling que alguma coisa vai mal no pa\u00eds e por isso se calhar \u00e9 melhor mudarmos. Um dos feelings prevalecentes \u00e9 que a organiza\u00e7\u00e3o actual do estado n\u00e3o tem contribu\u00eddo para o reequil\u00edbrio da distribui\u00e7\u00e3o de pessoas pelo [&hellip;]\" \/>\n<meta property=\"og:url\" content=\"https:\/\/osmeusapontamentos.com\/index.php\/2008\/11\/18\/regionalizacao-populacao\/\" \/>\n<meta property=\"og:site_name\" content=\"Os Meus Apontamentos\" \/>\n<meta property=\"article:published_time\" content=\"2008-11-18T08:55:25+00:00\" \/>\n<meta name=\"author\" content=\"Vitor Silva\" \/>\n<meta name=\"twitter:card\" content=\"summary_large_image\" \/>\n<meta name=\"twitter:creator\" content=\"@vitorsilva\" \/>\n<meta name=\"twitter:site\" content=\"@vitorsilva\" \/>\n<meta name=\"twitter:label1\" content=\"Escrito por\" \/>\n\t<meta name=\"twitter:data1\" content=\"Vitor Silva\" \/>\n\t<meta name=\"twitter:label2\" content=\"Tempo estimado de leitura\" \/>\n\t<meta name=\"twitter:data2\" content=\"2 minutos\" \/>\n<script type=\"application\/ld+json\" class=\"yoast-schema-graph\">{\"@context\":\"https:\\\/\\\/schema.org\",\"@graph\":[{\"@type\":\"Article\",\"@id\":\"https:\\\/\\\/osmeusapontamentos.com\\\/index.php\\\/2008\\\/11\\\/18\\\/regionalizacao-populacao\\\/#article\",\"isPartOf\":{\"@id\":\"https:\\\/\\\/osmeusapontamentos.com\\\/index.php\\\/2008\\\/11\\\/18\\\/regionalizacao-populacao\\\/\"},\"author\":{\"name\":\"Vitor Silva\",\"@id\":\"https:\\\/\\\/osmeusapontamentos.com\\\/#\\\/schema\\\/person\\\/d508df9c3ffc8b4e64a18dbf0ba18dd8\"},\"headline\":\"Regionaliza\u00e7\u00e3o &#8211; popula\u00e7\u00e3o\",\"datePublished\":\"2008-11-18T08:55:25+00:00\",\"mainEntityOfPage\":{\"@id\":\"https:\\\/\\\/osmeusapontamentos.com\\\/index.php\\\/2008\\\/11\\\/18\\\/regionalizacao-populacao\\\/\"},\"wordCount\":442,\"commentCount\":2,\"publisher\":{\"@id\":\"https:\\\/\\\/osmeusapontamentos.com\\\/#\\\/schema\\\/person\\\/d508df9c3ffc8b4e64a18dbf0ba18dd8\"},\"keywords\":[\"dados publicos\",\"open data\",\"popula\u00e7\u00e3o\",\"portugal\",\"regionaliza\u00e7\u00e3o\",\"transpar\u00eancia\"],\"articleSection\":[\"Ler\\\/ Ver\\\/ Ouvir\\\/ Passear\"],\"inLanguage\":\"pt-PT\",\"potentialAction\":[{\"@type\":\"CommentAction\",\"name\":\"Comment\",\"target\":[\"https:\\\/\\\/osmeusapontamentos.com\\\/index.php\\\/2008\\\/11\\\/18\\\/regionalizacao-populacao\\\/#respond\"]}]},{\"@type\":\"WebPage\",\"@id\":\"https:\\\/\\\/osmeusapontamentos.com\\\/index.php\\\/2008\\\/11\\\/18\\\/regionalizacao-populacao\\\/\",\"url\":\"https:\\\/\\\/osmeusapontamentos.com\\\/index.php\\\/2008\\\/11\\\/18\\\/regionalizacao-populacao\\\/\",\"name\":\"Regionaliza\u00e7\u00e3o - popula\u00e7\u00e3o - Os Meus Apontamentos\",\"isPartOf\":{\"@id\":\"https:\\\/\\\/osmeusapontamentos.com\\\/#website\"},\"datePublished\":\"2008-11-18T08:55:25+00:00\",\"breadcrumb\":{\"@id\":\"https:\\\/\\\/osmeusapontamentos.com\\\/index.php\\\/2008\\\/11\\\/18\\\/regionalizacao-populacao\\\/#breadcrumb\"},\"inLanguage\":\"pt-PT\",\"potentialAction\":[{\"@type\":\"ReadAction\",\"target\":[\"https:\\\/\\\/osmeusapontamentos.com\\\/index.php\\\/2008\\\/11\\\/18\\\/regionalizacao-populacao\\\/\"]}]},{\"@type\":\"BreadcrumbList\",\"@id\":\"https:\\\/\\\/osmeusapontamentos.com\\\/index.php\\\/2008\\\/11\\\/18\\\/regionalizacao-populacao\\\/#breadcrumb\",\"itemListElement\":[{\"@type\":\"ListItem\",\"position\":1,\"name\":\"In\u00edcio\",\"item\":\"https:\\\/\\\/osmeusapontamentos.com\\\/\"},{\"@type\":\"ListItem\",\"position\":2,\"name\":\"Regionaliza\u00e7\u00e3o &#8211; popula\u00e7\u00e3o\"}]},{\"@type\":\"WebSite\",\"@id\":\"https:\\\/\\\/osmeusapontamentos.com\\\/#website\",\"url\":\"https:\\\/\\\/osmeusapontamentos.com\\\/\",\"name\":\"Os Meus Apontamentos\",\"description\":\"\",\"publisher\":{\"@id\":\"https:\\\/\\\/osmeusapontamentos.com\\\/#\\\/schema\\\/person\\\/d508df9c3ffc8b4e64a18dbf0ba18dd8\"},\"potentialAction\":[{\"@type\":\"SearchAction\",\"target\":{\"@type\":\"EntryPoint\",\"urlTemplate\":\"https:\\\/\\\/osmeusapontamentos.com\\\/?s={search_term_string}\"},\"query-input\":{\"@type\":\"PropertyValueSpecification\",\"valueRequired\":true,\"valueName\":\"search_term_string\"}}],\"inLanguage\":\"pt-PT\"},{\"@type\":[\"Person\",\"Organization\"],\"@id\":\"https:\\\/\\\/osmeusapontamentos.com\\\/#\\\/schema\\\/person\\\/d508df9c3ffc8b4e64a18dbf0ba18dd8\",\"name\":\"Vitor Silva\",\"image\":{\"@type\":\"ImageObject\",\"inLanguage\":\"pt-PT\",\"@id\":\"https:\\\/\\\/secure.gravatar.com\\\/avatar\\\/f81f58ad909e8a213ab0a690f6ed65e5c0e0e2274bf35ac49ff31d7988d483ce?s=96&d=mm&r=g\",\"url\":\"https:\\\/\\\/secure.gravatar.com\\\/avatar\\\/f81f58ad909e8a213ab0a690f6ed65e5c0e0e2274bf35ac49ff31d7988d483ce?s=96&d=mm&r=g\",\"contentUrl\":\"https:\\\/\\\/secure.gravatar.com\\\/avatar\\\/f81f58ad909e8a213ab0a690f6ed65e5c0e0e2274bf35ac49ff31d7988d483ce?s=96&d=mm&r=g\",\"caption\":\"Vitor Silva\"},\"logo\":{\"@id\":\"https:\\\/\\\/secure.gravatar.com\\\/avatar\\\/f81f58ad909e8a213ab0a690f6ed65e5c0e0e2274bf35ac49ff31d7988d483ce?s=96&d=mm&r=g\"},\"sameAs\":[\"https:\\\/\\\/www.linkedin.com\\\/in\\\/vitormrsilva\",\"https:\\\/\\\/x.com\\\/vitorsilva\"]}]}<\/script>\n<!-- \/ Yoast SEO plugin. -->","yoast_head_json":{"title":"Regionaliza\u00e7\u00e3o - popula\u00e7\u00e3o - Os Meus Apontamentos","robots":{"index":"index","follow":"follow","max-snippet":"max-snippet:-1","max-image-preview":"max-image-preview:large","max-video-preview":"max-video-preview:-1"},"canonical":"https:\/\/osmeusapontamentos.com\/index.php\/2008\/11\/18\/regionalizacao-populacao\/","og_locale":"pt_PT","og_type":"article","og_title":"Regionaliza\u00e7\u00e3o - popula\u00e7\u00e3o - Os Meus Apontamentos","og_description":"Uma das motiva\u00e7\u00f5es menos &#8220;cientificas&#8221; para querer a regionaliza\u00e7\u00e3o \u00e9 o &#8220;feeling&#8221;, no sentido de, tenho um feeling que alguma coisa vai mal no pa\u00eds e por isso se calhar \u00e9 melhor mudarmos. Um dos feelings prevalecentes \u00e9 que a organiza\u00e7\u00e3o actual do estado n\u00e3o tem contribu\u00eddo para o reequil\u00edbrio da distribui\u00e7\u00e3o de pessoas pelo [&hellip;]","og_url":"https:\/\/osmeusapontamentos.com\/index.php\/2008\/11\/18\/regionalizacao-populacao\/","og_site_name":"Os Meus Apontamentos","article_published_time":"2008-11-18T08:55:25+00:00","author":"Vitor Silva","twitter_card":"summary_large_image","twitter_creator":"@vitorsilva","twitter_site":"@vitorsilva","twitter_misc":{"Escrito por":"Vitor Silva","Tempo estimado de leitura":"2 minutos"},"schema":{"@context":"https:\/\/schema.org","@graph":[{"@type":"Article","@id":"https:\/\/osmeusapontamentos.com\/index.php\/2008\/11\/18\/regionalizacao-populacao\/#article","isPartOf":{"@id":"https:\/\/osmeusapontamentos.com\/index.php\/2008\/11\/18\/regionalizacao-populacao\/"},"author":{"name":"Vitor Silva","@id":"https:\/\/osmeusapontamentos.com\/#\/schema\/person\/d508df9c3ffc8b4e64a18dbf0ba18dd8"},"headline":"Regionaliza\u00e7\u00e3o &#8211; popula\u00e7\u00e3o","datePublished":"2008-11-18T08:55:25+00:00","mainEntityOfPage":{"@id":"https:\/\/osmeusapontamentos.com\/index.php\/2008\/11\/18\/regionalizacao-populacao\/"},"wordCount":442,"commentCount":2,"publisher":{"@id":"https:\/\/osmeusapontamentos.com\/#\/schema\/person\/d508df9c3ffc8b4e64a18dbf0ba18dd8"},"keywords":["dados publicos","open data","popula\u00e7\u00e3o","portugal","regionaliza\u00e7\u00e3o","transpar\u00eancia"],"articleSection":["Ler\/ Ver\/ Ouvir\/ Passear"],"inLanguage":"pt-PT","potentialAction":[{"@type":"CommentAction","name":"Comment","target":["https:\/\/osmeusapontamentos.com\/index.php\/2008\/11\/18\/regionalizacao-populacao\/#respond"]}]},{"@type":"WebPage","@id":"https:\/\/osmeusapontamentos.com\/index.php\/2008\/11\/18\/regionalizacao-populacao\/","url":"https:\/\/osmeusapontamentos.com\/index.php\/2008\/11\/18\/regionalizacao-populacao\/","name":"Regionaliza\u00e7\u00e3o - popula\u00e7\u00e3o - Os Meus Apontamentos","isPartOf":{"@id":"https:\/\/osmeusapontamentos.com\/#website"},"datePublished":"2008-11-18T08:55:25+00:00","breadcrumb":{"@id":"https:\/\/osmeusapontamentos.com\/index.php\/2008\/11\/18\/regionalizacao-populacao\/#breadcrumb"},"inLanguage":"pt-PT","potentialAction":[{"@type":"ReadAction","target":["https:\/\/osmeusapontamentos.com\/index.php\/2008\/11\/18\/regionalizacao-populacao\/"]}]},{"@type":"BreadcrumbList","@id":"https:\/\/osmeusapontamentos.com\/index.php\/2008\/11\/18\/regionalizacao-populacao\/#breadcrumb","itemListElement":[{"@type":"ListItem","position":1,"name":"In\u00edcio","item":"https:\/\/osmeusapontamentos.com\/"},{"@type":"ListItem","position":2,"name":"Regionaliza\u00e7\u00e3o &#8211; popula\u00e7\u00e3o"}]},{"@type":"WebSite","@id":"https:\/\/osmeusapontamentos.com\/#website","url":"https:\/\/osmeusapontamentos.com\/","name":"Os Meus Apontamentos","description":"","publisher":{"@id":"https:\/\/osmeusapontamentos.com\/#\/schema\/person\/d508df9c3ffc8b4e64a18dbf0ba18dd8"},"potentialAction":[{"@type":"SearchAction","target":{"@type":"EntryPoint","urlTemplate":"https:\/\/osmeusapontamentos.com\/?s={search_term_string}"},"query-input":{"@type":"PropertyValueSpecification","valueRequired":true,"valueName":"search_term_string"}}],"inLanguage":"pt-PT"},{"@type":["Person","Organization"],"@id":"https:\/\/osmeusapontamentos.com\/#\/schema\/person\/d508df9c3ffc8b4e64a18dbf0ba18dd8","name":"Vitor Silva","image":{"@type":"ImageObject","inLanguage":"pt-PT","@id":"https:\/\/secure.gravatar.com\/avatar\/f81f58ad909e8a213ab0a690f6ed65e5c0e0e2274bf35ac49ff31d7988d483ce?s=96&d=mm&r=g","url":"https:\/\/secure.gravatar.com\/avatar\/f81f58ad909e8a213ab0a690f6ed65e5c0e0e2274bf35ac49ff31d7988d483ce?s=96&d=mm&r=g","contentUrl":"https:\/\/secure.gravatar.com\/avatar\/f81f58ad909e8a213ab0a690f6ed65e5c0e0e2274bf35ac49ff31d7988d483ce?s=96&d=mm&r=g","caption":"Vitor Silva"},"logo":{"@id":"https:\/\/secure.gravatar.com\/avatar\/f81f58ad909e8a213ab0a690f6ed65e5c0e0e2274bf35ac49ff31d7988d483ce?s=96&d=mm&r=g"},"sameAs":["https:\/\/www.linkedin.com\/in\/vitormrsilva","https:\/\/x.com\/vitorsilva"]}]}},"_links":{"self":[{"href":"https:\/\/osmeusapontamentos.com\/index.php\/wp-json\/wp\/v2\/posts\/902","targetHints":{"allow":["GET"]}}],"collection":[{"href":"https:\/\/osmeusapontamentos.com\/index.php\/wp-json\/wp\/v2\/posts"}],"about":[{"href":"https:\/\/osmeusapontamentos.com\/index.php\/wp-json\/wp\/v2\/types\/post"}],"author":[{"embeddable":true,"href":"https:\/\/osmeusapontamentos.com\/index.php\/wp-json\/wp\/v2\/users\/1"}],"replies":[{"embeddable":true,"href":"https:\/\/osmeusapontamentos.com\/index.php\/wp-json\/wp\/v2\/comments?post=902"}],"version-history":[{"count":0,"href":"https:\/\/osmeusapontamentos.com\/index.php\/wp-json\/wp\/v2\/posts\/902\/revisions"}],"wp:attachment":[{"href":"https:\/\/osmeusapontamentos.com\/index.php\/wp-json\/wp\/v2\/media?parent=902"}],"wp:term":[{"taxonomy":"category","embeddable":true,"href":"https:\/\/osmeusapontamentos.com\/index.php\/wp-json\/wp\/v2\/categories?post=902"},{"taxonomy":"post_tag","embeddable":true,"href":"https:\/\/osmeusapontamentos.com\/index.php\/wp-json\/wp\/v2\/tags?post=902"}],"curies":[{"name":"wp","href":"https:\/\/api.w.org\/{rel}","templated":true}]}}