{"id":859,"date":"2008-11-03T12:33:56","date_gmt":"2008-11-03T12:33:56","guid":{"rendered":"http:\/\/osmeusapontamentos.com\/?p=859"},"modified":"2008-11-03T12:33:56","modified_gmt":"2008-11-03T12:33:56","slug":"podia-pagar-me-o-que-me-deve-sff-se-nao-for-muito-incomodo","status":"publish","type":"post","link":"https:\/\/osmeusapontamentos.com\/index.php\/2008\/11\/03\/podia-pagar-me-o-que-me-deve-sff-se-nao-for-muito-incomodo\/","title":{"rendered":"podia pagar-me o que me deve&#8230; s.f.f., se n\u00e3o for muito inc\u00f3modo"},"content":{"rendered":"<p><a href=\"http:\/\/tsf.sapo.pt\/PaginaInicial\/Economia\/Interior.aspx?content_id=1037602\">Governo anuncia cria\u00e7\u00e3o de balc\u00e3o \u00fanico para pagamento de d\u00edvidas<\/a><\/p>\n<blockquote><p>O Governo anunciou, em comunicado, a cria\u00e7\u00e3o de um balc\u00e3o \u00fanico para a regulariza\u00e7\u00e3o de todas as d\u00edvidas vencidas da Administra\u00e7\u00e3o Central, regi\u00f5es aut\u00f3nomas e munic\u00edpios \u00abjunto do qual os credores privados poder\u00e3o solicitar o pagamento das d\u00edvidas vencidas\u00bb.<\/p><\/blockquote>\n<p>A Administra\u00e7\u00e3o Central n\u00e3o sabe j\u00e1 a quem tem que pagar?<br \/>\nQual vai ser o custo de instala\u00e7\u00e3o deste balc\u00e3o \u00fanico?<br \/>\nOnde vai ficar? Que pessoas v\u00e3o ser contratadas para o por a funcionar? Qual o tempo de atendimento m\u00e9dio?<br \/>\nPara qu\u00ea criar mais este ponto de contacto com a administra\u00e7\u00e3o? N\u00e3o sabemos j\u00e1 que qualquer oportunidade de interac\u00e7\u00e3o do cidad\u00e3o com o agente do estado central \u00e9 uma oportunidade para favorecimentos, cunhas e afins?<br \/>\nPorque \u00e9 que isto n\u00e3o \u00e9 t\u00e3o simples quanto fazer um programeta que percorra a lista de valores em divida e emita automaticamente o cheque \/ transfer\u00eancia?<\/p>\n","protected":false},"excerpt":{"rendered":"<p>Governo anuncia cria\u00e7\u00e3o de balc\u00e3o \u00fanico para pagamento de d\u00edvidas O Governo anunciou, em comunicado, a cria\u00e7\u00e3o de um balc\u00e3o \u00fanico para a regulariza\u00e7\u00e3o de todas as d\u00edvidas vencidas da Administra\u00e7\u00e3o Central, regi\u00f5es aut\u00f3nomas e munic\u00edpios \u00abjunto do qual os credores privados poder\u00e3o solicitar o pagamento das d\u00edvidas vencidas\u00bb. A Administra\u00e7\u00e3o Central n\u00e3o sabe j\u00e1 [&hellip;]<\/p>\n","protected":false},"author":1,"featured_media":0,"comment_status":"open","ping_status":"open","sticky":false,"template":"","format":"standard","meta":{"footnotes":""},"categories":[7],"tags":[207,518,529],"class_list":["post-859","post","type-post","status-publish","format-standard","hentry","category-ler-ver-ouvir-passear","tag-economia","tag-politica","tag-portugal"],"yoast_head":"<!-- This site is optimized with the Yoast SEO plugin v27.5 - https:\/\/yoast.com\/product\/yoast-seo-wordpress\/ -->\n<title>podia pagar-me o que me deve... s.f.f., se n\u00e3o for muito inc\u00f3modo - Os Meus Apontamentos<\/title>\n<meta name=\"robots\" content=\"index, follow, max-snippet:-1, max-image-preview:large, max-video-preview:-1\" \/>\n<link rel=\"canonical\" href=\"https:\/\/osmeusapontamentos.com\/index.php\/2008\/11\/03\/podia-pagar-me-o-que-me-deve-sff-se-nao-for-muito-incomodo\/\" \/>\n<meta property=\"og:locale\" content=\"pt_PT\" \/>\n<meta property=\"og:type\" content=\"article\" \/>\n<meta property=\"og:title\" content=\"podia pagar-me o que me deve... s.f.f., se n\u00e3o for muito inc\u00f3modo - Os Meus Apontamentos\" \/>\n<meta property=\"og:description\" content=\"Governo anuncia cria\u00e7\u00e3o de balc\u00e3o \u00fanico para pagamento de d\u00edvidas O Governo anunciou, em comunicado, a cria\u00e7\u00e3o de um balc\u00e3o \u00fanico para a regulariza\u00e7\u00e3o de todas as d\u00edvidas vencidas da Administra\u00e7\u00e3o Central, regi\u00f5es aut\u00f3nomas e munic\u00edpios \u00abjunto do qual os credores privados poder\u00e3o solicitar o pagamento das d\u00edvidas vencidas\u00bb. A Administra\u00e7\u00e3o Central n\u00e3o sabe j\u00e1 [&hellip;]\" \/>\n<meta property=\"og:url\" content=\"https:\/\/osmeusapontamentos.com\/index.php\/2008\/11\/03\/podia-pagar-me-o-que-me-deve-sff-se-nao-for-muito-incomodo\/\" \/>\n<meta property=\"og:site_name\" content=\"Os Meus Apontamentos\" \/>\n<meta property=\"article:published_time\" content=\"2008-11-03T12:33:56+00:00\" \/>\n<meta name=\"author\" content=\"Vitor Silva\" \/>\n<meta name=\"twitter:card\" content=\"summary_large_image\" \/>\n<meta name=\"twitter:creator\" content=\"@vitorsilva\" \/>\n<meta name=\"twitter:site\" content=\"@vitorsilva\" \/>\n<meta name=\"twitter:label1\" content=\"Escrito por\" \/>\n\t<meta name=\"twitter:data1\" content=\"Vitor Silva\" \/>\n\t<meta name=\"twitter:label2\" content=\"Tempo estimado de leitura\" \/>\n\t<meta name=\"twitter:data2\" content=\"1 minuto\" \/>\n<script type=\"application\/ld+json\" class=\"yoast-schema-graph\">{\"@context\":\"https:\\\/\\\/schema.org\",\"@graph\":[{\"@type\":\"Article\",\"@id\":\"https:\\\/\\\/osmeusapontamentos.com\\\/index.php\\\/2008\\\/11\\\/03\\\/podia-pagar-me-o-que-me-deve-sff-se-nao-for-muito-incomodo\\\/#article\",\"isPartOf\":{\"@id\":\"https:\\\/\\\/osmeusapontamentos.com\\\/index.php\\\/2008\\\/11\\\/03\\\/podia-pagar-me-o-que-me-deve-sff-se-nao-for-muito-incomodo\\\/\"},\"author\":{\"name\":\"Vitor Silva\",\"@id\":\"https:\\\/\\\/osmeusapontamentos.com\\\/#\\\/schema\\\/person\\\/d508df9c3ffc8b4e64a18dbf0ba18dd8\"},\"headline\":\"podia pagar-me o que me deve&#8230; s.f.f., se n\u00e3o for muito inc\u00f3modo\",\"datePublished\":\"2008-11-03T12:33:56+00:00\",\"mainEntityOfPage\":{\"@id\":\"https:\\\/\\\/osmeusapontamentos.com\\\/index.php\\\/2008\\\/11\\\/03\\\/podia-pagar-me-o-que-me-deve-sff-se-nao-for-muito-incomodo\\\/\"},\"wordCount\":189,\"commentCount\":0,\"publisher\":{\"@id\":\"https:\\\/\\\/osmeusapontamentos.com\\\/#\\\/schema\\\/person\\\/d508df9c3ffc8b4e64a18dbf0ba18dd8\"},\"keywords\":[\"economia\",\"pol\u00edtica\",\"portugal\"],\"articleSection\":[\"Ler\\\/ Ver\\\/ Ouvir\\\/ Passear\"],\"inLanguage\":\"pt-PT\",\"potentialAction\":[{\"@type\":\"CommentAction\",\"name\":\"Comment\",\"target\":[\"https:\\\/\\\/osmeusapontamentos.com\\\/index.php\\\/2008\\\/11\\\/03\\\/podia-pagar-me-o-que-me-deve-sff-se-nao-for-muito-incomodo\\\/#respond\"]}]},{\"@type\":\"WebPage\",\"@id\":\"https:\\\/\\\/osmeusapontamentos.com\\\/index.php\\\/2008\\\/11\\\/03\\\/podia-pagar-me-o-que-me-deve-sff-se-nao-for-muito-incomodo\\\/\",\"url\":\"https:\\\/\\\/osmeusapontamentos.com\\\/index.php\\\/2008\\\/11\\\/03\\\/podia-pagar-me-o-que-me-deve-sff-se-nao-for-muito-incomodo\\\/\",\"name\":\"podia pagar-me o que me deve... s.f.f., se n\u00e3o for muito inc\u00f3modo - Os Meus Apontamentos\",\"isPartOf\":{\"@id\":\"https:\\\/\\\/osmeusapontamentos.com\\\/#website\"},\"datePublished\":\"2008-11-03T12:33:56+00:00\",\"breadcrumb\":{\"@id\":\"https:\\\/\\\/osmeusapontamentos.com\\\/index.php\\\/2008\\\/11\\\/03\\\/podia-pagar-me-o-que-me-deve-sff-se-nao-for-muito-incomodo\\\/#breadcrumb\"},\"inLanguage\":\"pt-PT\",\"potentialAction\":[{\"@type\":\"ReadAction\",\"target\":[\"https:\\\/\\\/osmeusapontamentos.com\\\/index.php\\\/2008\\\/11\\\/03\\\/podia-pagar-me-o-que-me-deve-sff-se-nao-for-muito-incomodo\\\/\"]}]},{\"@type\":\"BreadcrumbList\",\"@id\":\"https:\\\/\\\/osmeusapontamentos.com\\\/index.php\\\/2008\\\/11\\\/03\\\/podia-pagar-me-o-que-me-deve-sff-se-nao-for-muito-incomodo\\\/#breadcrumb\",\"itemListElement\":[{\"@type\":\"ListItem\",\"position\":1,\"name\":\"In\u00edcio\",\"item\":\"https:\\\/\\\/osmeusapontamentos.com\\\/\"},{\"@type\":\"ListItem\",\"position\":2,\"name\":\"podia pagar-me o que me deve&#8230; s.f.f., se n\u00e3o for muito inc\u00f3modo\"}]},{\"@type\":\"WebSite\",\"@id\":\"https:\\\/\\\/osmeusapontamentos.com\\\/#website\",\"url\":\"https:\\\/\\\/osmeusapontamentos.com\\\/\",\"name\":\"Os Meus Apontamentos\",\"description\":\"\",\"publisher\":{\"@id\":\"https:\\\/\\\/osmeusapontamentos.com\\\/#\\\/schema\\\/person\\\/d508df9c3ffc8b4e64a18dbf0ba18dd8\"},\"potentialAction\":[{\"@type\":\"SearchAction\",\"target\":{\"@type\":\"EntryPoint\",\"urlTemplate\":\"https:\\\/\\\/osmeusapontamentos.com\\\/?s={search_term_string}\"},\"query-input\":{\"@type\":\"PropertyValueSpecification\",\"valueRequired\":true,\"valueName\":\"search_term_string\"}}],\"inLanguage\":\"pt-PT\"},{\"@type\":[\"Person\",\"Organization\"],\"@id\":\"https:\\\/\\\/osmeusapontamentos.com\\\/#\\\/schema\\\/person\\\/d508df9c3ffc8b4e64a18dbf0ba18dd8\",\"name\":\"Vitor Silva\",\"image\":{\"@type\":\"ImageObject\",\"inLanguage\":\"pt-PT\",\"@id\":\"https:\\\/\\\/secure.gravatar.com\\\/avatar\\\/f81f58ad909e8a213ab0a690f6ed65e5c0e0e2274bf35ac49ff31d7988d483ce?s=96&d=mm&r=g\",\"url\":\"https:\\\/\\\/secure.gravatar.com\\\/avatar\\\/f81f58ad909e8a213ab0a690f6ed65e5c0e0e2274bf35ac49ff31d7988d483ce?s=96&d=mm&r=g\",\"contentUrl\":\"https:\\\/\\\/secure.gravatar.com\\\/avatar\\\/f81f58ad909e8a213ab0a690f6ed65e5c0e0e2274bf35ac49ff31d7988d483ce?s=96&d=mm&r=g\",\"caption\":\"Vitor Silva\"},\"logo\":{\"@id\":\"https:\\\/\\\/secure.gravatar.com\\\/avatar\\\/f81f58ad909e8a213ab0a690f6ed65e5c0e0e2274bf35ac49ff31d7988d483ce?s=96&d=mm&r=g\"},\"sameAs\":[\"https:\\\/\\\/www.linkedin.com\\\/in\\\/vitormrsilva\",\"https:\\\/\\\/x.com\\\/vitorsilva\"]}]}<\/script>\n<!-- \/ Yoast SEO plugin. -->","yoast_head_json":{"title":"podia pagar-me o que me deve... s.f.f., se n\u00e3o for muito inc\u00f3modo - Os Meus Apontamentos","robots":{"index":"index","follow":"follow","max-snippet":"max-snippet:-1","max-image-preview":"max-image-preview:large","max-video-preview":"max-video-preview:-1"},"canonical":"https:\/\/osmeusapontamentos.com\/index.php\/2008\/11\/03\/podia-pagar-me-o-que-me-deve-sff-se-nao-for-muito-incomodo\/","og_locale":"pt_PT","og_type":"article","og_title":"podia pagar-me o que me deve... s.f.f., se n\u00e3o for muito inc\u00f3modo - Os Meus Apontamentos","og_description":"Governo anuncia cria\u00e7\u00e3o de balc\u00e3o \u00fanico para pagamento de d\u00edvidas O Governo anunciou, em comunicado, a cria\u00e7\u00e3o de um balc\u00e3o \u00fanico para a regulariza\u00e7\u00e3o de todas as d\u00edvidas vencidas da Administra\u00e7\u00e3o Central, regi\u00f5es aut\u00f3nomas e munic\u00edpios \u00abjunto do qual os credores privados poder\u00e3o solicitar o pagamento das d\u00edvidas vencidas\u00bb. A Administra\u00e7\u00e3o Central n\u00e3o sabe j\u00e1 [&hellip;]","og_url":"https:\/\/osmeusapontamentos.com\/index.php\/2008\/11\/03\/podia-pagar-me-o-que-me-deve-sff-se-nao-for-muito-incomodo\/","og_site_name":"Os Meus Apontamentos","article_published_time":"2008-11-03T12:33:56+00:00","author":"Vitor Silva","twitter_card":"summary_large_image","twitter_creator":"@vitorsilva","twitter_site":"@vitorsilva","twitter_misc":{"Escrito por":"Vitor Silva","Tempo estimado de leitura":"1 minuto"},"schema":{"@context":"https:\/\/schema.org","@graph":[{"@type":"Article","@id":"https:\/\/osmeusapontamentos.com\/index.php\/2008\/11\/03\/podia-pagar-me-o-que-me-deve-sff-se-nao-for-muito-incomodo\/#article","isPartOf":{"@id":"https:\/\/osmeusapontamentos.com\/index.php\/2008\/11\/03\/podia-pagar-me-o-que-me-deve-sff-se-nao-for-muito-incomodo\/"},"author":{"name":"Vitor Silva","@id":"https:\/\/osmeusapontamentos.com\/#\/schema\/person\/d508df9c3ffc8b4e64a18dbf0ba18dd8"},"headline":"podia pagar-me o que me deve&#8230; s.f.f., se n\u00e3o for muito inc\u00f3modo","datePublished":"2008-11-03T12:33:56+00:00","mainEntityOfPage":{"@id":"https:\/\/osmeusapontamentos.com\/index.php\/2008\/11\/03\/podia-pagar-me-o-que-me-deve-sff-se-nao-for-muito-incomodo\/"},"wordCount":189,"commentCount":0,"publisher":{"@id":"https:\/\/osmeusapontamentos.com\/#\/schema\/person\/d508df9c3ffc8b4e64a18dbf0ba18dd8"},"keywords":["economia","pol\u00edtica","portugal"],"articleSection":["Ler\/ Ver\/ Ouvir\/ Passear"],"inLanguage":"pt-PT","potentialAction":[{"@type":"CommentAction","name":"Comment","target":["https:\/\/osmeusapontamentos.com\/index.php\/2008\/11\/03\/podia-pagar-me-o-que-me-deve-sff-se-nao-for-muito-incomodo\/#respond"]}]},{"@type":"WebPage","@id":"https:\/\/osmeusapontamentos.com\/index.php\/2008\/11\/03\/podia-pagar-me-o-que-me-deve-sff-se-nao-for-muito-incomodo\/","url":"https:\/\/osmeusapontamentos.com\/index.php\/2008\/11\/03\/podia-pagar-me-o-que-me-deve-sff-se-nao-for-muito-incomodo\/","name":"podia pagar-me o que me deve... s.f.f., se n\u00e3o for muito inc\u00f3modo - Os Meus Apontamentos","isPartOf":{"@id":"https:\/\/osmeusapontamentos.com\/#website"},"datePublished":"2008-11-03T12:33:56+00:00","breadcrumb":{"@id":"https:\/\/osmeusapontamentos.com\/index.php\/2008\/11\/03\/podia-pagar-me-o-que-me-deve-sff-se-nao-for-muito-incomodo\/#breadcrumb"},"inLanguage":"pt-PT","potentialAction":[{"@type":"ReadAction","target":["https:\/\/osmeusapontamentos.com\/index.php\/2008\/11\/03\/podia-pagar-me-o-que-me-deve-sff-se-nao-for-muito-incomodo\/"]}]},{"@type":"BreadcrumbList","@id":"https:\/\/osmeusapontamentos.com\/index.php\/2008\/11\/03\/podia-pagar-me-o-que-me-deve-sff-se-nao-for-muito-incomodo\/#breadcrumb","itemListElement":[{"@type":"ListItem","position":1,"name":"In\u00edcio","item":"https:\/\/osmeusapontamentos.com\/"},{"@type":"ListItem","position":2,"name":"podia pagar-me o que me deve&#8230; s.f.f., se n\u00e3o for muito inc\u00f3modo"}]},{"@type":"WebSite","@id":"https:\/\/osmeusapontamentos.com\/#website","url":"https:\/\/osmeusapontamentos.com\/","name":"Os Meus Apontamentos","description":"","publisher":{"@id":"https:\/\/osmeusapontamentos.com\/#\/schema\/person\/d508df9c3ffc8b4e64a18dbf0ba18dd8"},"potentialAction":[{"@type":"SearchAction","target":{"@type":"EntryPoint","urlTemplate":"https:\/\/osmeusapontamentos.com\/?s={search_term_string}"},"query-input":{"@type":"PropertyValueSpecification","valueRequired":true,"valueName":"search_term_string"}}],"inLanguage":"pt-PT"},{"@type":["Person","Organization"],"@id":"https:\/\/osmeusapontamentos.com\/#\/schema\/person\/d508df9c3ffc8b4e64a18dbf0ba18dd8","name":"Vitor Silva","image":{"@type":"ImageObject","inLanguage":"pt-PT","@id":"https:\/\/secure.gravatar.com\/avatar\/f81f58ad909e8a213ab0a690f6ed65e5c0e0e2274bf35ac49ff31d7988d483ce?s=96&d=mm&r=g","url":"https:\/\/secure.gravatar.com\/avatar\/f81f58ad909e8a213ab0a690f6ed65e5c0e0e2274bf35ac49ff31d7988d483ce?s=96&d=mm&r=g","contentUrl":"https:\/\/secure.gravatar.com\/avatar\/f81f58ad909e8a213ab0a690f6ed65e5c0e0e2274bf35ac49ff31d7988d483ce?s=96&d=mm&r=g","caption":"Vitor Silva"},"logo":{"@id":"https:\/\/secure.gravatar.com\/avatar\/f81f58ad909e8a213ab0a690f6ed65e5c0e0e2274bf35ac49ff31d7988d483ce?s=96&d=mm&r=g"},"sameAs":["https:\/\/www.linkedin.com\/in\/vitormrsilva","https:\/\/x.com\/vitorsilva"]}]}},"_links":{"self":[{"href":"https:\/\/osmeusapontamentos.com\/index.php\/wp-json\/wp\/v2\/posts\/859","targetHints":{"allow":["GET"]}}],"collection":[{"href":"https:\/\/osmeusapontamentos.com\/index.php\/wp-json\/wp\/v2\/posts"}],"about":[{"href":"https:\/\/osmeusapontamentos.com\/index.php\/wp-json\/wp\/v2\/types\/post"}],"author":[{"embeddable":true,"href":"https:\/\/osmeusapontamentos.com\/index.php\/wp-json\/wp\/v2\/users\/1"}],"replies":[{"embeddable":true,"href":"https:\/\/osmeusapontamentos.com\/index.php\/wp-json\/wp\/v2\/comments?post=859"}],"version-history":[{"count":0,"href":"https:\/\/osmeusapontamentos.com\/index.php\/wp-json\/wp\/v2\/posts\/859\/revisions"}],"wp:attachment":[{"href":"https:\/\/osmeusapontamentos.com\/index.php\/wp-json\/wp\/v2\/media?parent=859"}],"wp:term":[{"taxonomy":"category","embeddable":true,"href":"https:\/\/osmeusapontamentos.com\/index.php\/wp-json\/wp\/v2\/categories?post=859"},{"taxonomy":"post_tag","embeddable":true,"href":"https:\/\/osmeusapontamentos.com\/index.php\/wp-json\/wp\/v2\/tags?post=859"}],"curies":[{"name":"wp","href":"https:\/\/api.w.org\/{rel}","templated":true}]}}