{"id":8,"date":"2003-06-30T21:36:00","date_gmt":"2003-06-30T21:36:00","guid":{"rendered":"http:\/\/osmeusapontamentos.com\/?p=8"},"modified":"2003-06-30T21:36:00","modified_gmt":"2003-06-30T21:36:00","slug":"marc-vivien-foe-proteccao-a-intimidade-e-a-nossa-televisao","status":"publish","type":"post","link":"https:\/\/osmeusapontamentos.com\/index.php\/2003\/06\/30\/marc-vivien-foe-proteccao-a-intimidade-e-a-nossa-televisao\/","title":{"rendered":"Marc-Vivien Fo\u00e9, protec\u00e7\u00e3o \u00e0 intimidade e a nossa televis\u00e3o"},"content":{"rendered":"<p>Acho que todos n\u00f3s ficamos chocados com a morte de viven fo\u00e9. Porque era uma pessoa com a nossa idade, porque era um desportista, e porque morreu no meio de um campo de futebol.<br \/>\nE mais chocados ficamos quando temos que ver essas imagens na televis\u00e3o! pode parecer estranho que se fale em protec\u00e7\u00e3o da intimidade de uma pessoa que participa num evento que est\u00e1 a ser visto num estadio com varias dezenas de milhar de pessoas ou pela televisao por mais uns milhoes mas a verdade \u00e9 que se a morte de uma pessoa n\u00e3o \u00e9 um dos seus momentos mais intimos entao o que pode ser?? claro que por outro lado este \u00e9 tamb\u00e9m aquele momento que as televis\u00f5es ainda n\u00e3o conseguiram levar para dentro de um formato bonitinho e bem acondicionado para mostrar \u00e1s pessoas&#8230; afinal j\u00e1 temos os big brothers com o dia-a-dia e o inicio de novas vidas \ud83d\ude42 s\u00f3 falta mesmo ver alguem morrer.<br \/>\ntudo bem que na emiss\u00e3o em directo se mostre uma ou outra imagem mais chocante, n\u00e3o s\u00f3 porque as coisas acontecem na hora mas tamb\u00e9m porque \u00e9 mais dificil controlar o irresistivel apelo pelo voyeurismo, mas como explicar que imagens dessas passem repetidas vezes no jornal das oito?<br \/>\n\u00e9 a merda de jornalismo que infelizmente vamos tendo.<\/p>\n","protected":false},"excerpt":{"rendered":"<p>Acho que todos n\u00f3s ficamos chocados com a morte de viven fo\u00e9. Porque era uma pessoa com a nossa idade, porque era um desportista, e porque morreu no meio de um campo de futebol. E mais chocados ficamos quando temos que ver essas imagens na televis\u00e3o! pode parecer estranho que se fale em protec\u00e7\u00e3o da [&hellip;]<\/p>\n","protected":false},"author":1,"featured_media":0,"comment_status":"closed","ping_status":"closed","sticky":false,"template":"","format":"standard","meta":{"footnotes":""},"categories":[8],"tags":[391,498,529,633],"class_list":["post-8","post","type-post","status-publish","format-standard","hentry","category-opiniao-2","tag-marc-viven-foe","tag-pensar","tag-portugal","tag-televisao"],"yoast_head":"<!-- This site is optimized with the Yoast SEO plugin v27.5 - https:\/\/yoast.com\/product\/yoast-seo-wordpress\/ -->\n<title>Marc-Vivien Fo\u00e9, protec\u00e7\u00e3o \u00e0 intimidade e a nossa televis\u00e3o - Os Meus Apontamentos<\/title>\n<meta name=\"robots\" content=\"index, follow, max-snippet:-1, max-image-preview:large, max-video-preview:-1\" \/>\n<link rel=\"canonical\" href=\"https:\/\/osmeusapontamentos.com\/index.php\/2003\/06\/30\/marc-vivien-foe-proteccao-a-intimidade-e-a-nossa-televisao\/\" \/>\n<meta property=\"og:locale\" content=\"pt_PT\" \/>\n<meta property=\"og:type\" content=\"article\" \/>\n<meta property=\"og:title\" content=\"Marc-Vivien Fo\u00e9, protec\u00e7\u00e3o \u00e0 intimidade e a nossa televis\u00e3o - Os Meus Apontamentos\" \/>\n<meta property=\"og:description\" content=\"Acho que todos n\u00f3s ficamos chocados com a morte de viven fo\u00e9. Porque era uma pessoa com a nossa idade, porque era um desportista, e porque morreu no meio de um campo de futebol. E mais chocados ficamos quando temos que ver essas imagens na televis\u00e3o! pode parecer estranho que se fale em protec\u00e7\u00e3o da [&hellip;]\" \/>\n<meta property=\"og:url\" content=\"https:\/\/osmeusapontamentos.com\/index.php\/2003\/06\/30\/marc-vivien-foe-proteccao-a-intimidade-e-a-nossa-televisao\/\" \/>\n<meta property=\"og:site_name\" content=\"Os Meus Apontamentos\" \/>\n<meta property=\"article:published_time\" content=\"2003-06-30T21:36:00+00:00\" \/>\n<meta name=\"author\" content=\"Vitor Silva\" \/>\n<meta name=\"twitter:card\" content=\"summary_large_image\" \/>\n<meta name=\"twitter:creator\" content=\"@vitorsilva\" \/>\n<meta name=\"twitter:site\" content=\"@vitorsilva\" \/>\n<meta name=\"twitter:label1\" content=\"Escrito por\" \/>\n\t<meta name=\"twitter:data1\" content=\"Vitor Silva\" \/>\n\t<meta name=\"twitter:label2\" content=\"Tempo estimado de leitura\" \/>\n\t<meta name=\"twitter:data2\" content=\"1 minuto\" \/>\n<script type=\"application\/ld+json\" class=\"yoast-schema-graph\">{\"@context\":\"https:\\\/\\\/schema.org\",\"@graph\":[{\"@type\":\"Article\",\"@id\":\"https:\\\/\\\/osmeusapontamentos.com\\\/index.php\\\/2003\\\/06\\\/30\\\/marc-vivien-foe-proteccao-a-intimidade-e-a-nossa-televisao\\\/#article\",\"isPartOf\":{\"@id\":\"https:\\\/\\\/osmeusapontamentos.com\\\/index.php\\\/2003\\\/06\\\/30\\\/marc-vivien-foe-proteccao-a-intimidade-e-a-nossa-televisao\\\/\"},\"author\":{\"name\":\"Vitor Silva\",\"@id\":\"https:\\\/\\\/osmeusapontamentos.com\\\/#\\\/schema\\\/person\\\/d508df9c3ffc8b4e64a18dbf0ba18dd8\"},\"headline\":\"Marc-Vivien Fo\u00e9, protec\u00e7\u00e3o \u00e0 intimidade e a nossa televis\u00e3o\",\"datePublished\":\"2003-06-30T21:36:00+00:00\",\"mainEntityOfPage\":{\"@id\":\"https:\\\/\\\/osmeusapontamentos.com\\\/index.php\\\/2003\\\/06\\\/30\\\/marc-vivien-foe-proteccao-a-intimidade-e-a-nossa-televisao\\\/\"},\"wordCount\":231,\"publisher\":{\"@id\":\"https:\\\/\\\/osmeusapontamentos.com\\\/#\\\/schema\\\/person\\\/d508df9c3ffc8b4e64a18dbf0ba18dd8\"},\"keywords\":[\"marc-viven fo\u00e9\",\"pensar\",\"portugal\",\"televis\u00e3o\"],\"articleSection\":[\"Opini\u00e3o\"],\"inLanguage\":\"pt-PT\"},{\"@type\":\"WebPage\",\"@id\":\"https:\\\/\\\/osmeusapontamentos.com\\\/index.php\\\/2003\\\/06\\\/30\\\/marc-vivien-foe-proteccao-a-intimidade-e-a-nossa-televisao\\\/\",\"url\":\"https:\\\/\\\/osmeusapontamentos.com\\\/index.php\\\/2003\\\/06\\\/30\\\/marc-vivien-foe-proteccao-a-intimidade-e-a-nossa-televisao\\\/\",\"name\":\"Marc-Vivien Fo\u00e9, protec\u00e7\u00e3o \u00e0 intimidade e a nossa televis\u00e3o - Os Meus Apontamentos\",\"isPartOf\":{\"@id\":\"https:\\\/\\\/osmeusapontamentos.com\\\/#website\"},\"datePublished\":\"2003-06-30T21:36:00+00:00\",\"breadcrumb\":{\"@id\":\"https:\\\/\\\/osmeusapontamentos.com\\\/index.php\\\/2003\\\/06\\\/30\\\/marc-vivien-foe-proteccao-a-intimidade-e-a-nossa-televisao\\\/#breadcrumb\"},\"inLanguage\":\"pt-PT\",\"potentialAction\":[{\"@type\":\"ReadAction\",\"target\":[\"https:\\\/\\\/osmeusapontamentos.com\\\/index.php\\\/2003\\\/06\\\/30\\\/marc-vivien-foe-proteccao-a-intimidade-e-a-nossa-televisao\\\/\"]}]},{\"@type\":\"BreadcrumbList\",\"@id\":\"https:\\\/\\\/osmeusapontamentos.com\\\/index.php\\\/2003\\\/06\\\/30\\\/marc-vivien-foe-proteccao-a-intimidade-e-a-nossa-televisao\\\/#breadcrumb\",\"itemListElement\":[{\"@type\":\"ListItem\",\"position\":1,\"name\":\"In\u00edcio\",\"item\":\"https:\\\/\\\/osmeusapontamentos.com\\\/\"},{\"@type\":\"ListItem\",\"position\":2,\"name\":\"Marc-Vivien Fo\u00e9, protec\u00e7\u00e3o \u00e0 intimidade e a nossa televis\u00e3o\"}]},{\"@type\":\"WebSite\",\"@id\":\"https:\\\/\\\/osmeusapontamentos.com\\\/#website\",\"url\":\"https:\\\/\\\/osmeusapontamentos.com\\\/\",\"name\":\"Os Meus Apontamentos\",\"description\":\"\",\"publisher\":{\"@id\":\"https:\\\/\\\/osmeusapontamentos.com\\\/#\\\/schema\\\/person\\\/d508df9c3ffc8b4e64a18dbf0ba18dd8\"},\"potentialAction\":[{\"@type\":\"SearchAction\",\"target\":{\"@type\":\"EntryPoint\",\"urlTemplate\":\"https:\\\/\\\/osmeusapontamentos.com\\\/?s={search_term_string}\"},\"query-input\":{\"@type\":\"PropertyValueSpecification\",\"valueRequired\":true,\"valueName\":\"search_term_string\"}}],\"inLanguage\":\"pt-PT\"},{\"@type\":[\"Person\",\"Organization\"],\"@id\":\"https:\\\/\\\/osmeusapontamentos.com\\\/#\\\/schema\\\/person\\\/d508df9c3ffc8b4e64a18dbf0ba18dd8\",\"name\":\"Vitor Silva\",\"image\":{\"@type\":\"ImageObject\",\"inLanguage\":\"pt-PT\",\"@id\":\"https:\\\/\\\/secure.gravatar.com\\\/avatar\\\/f81f58ad909e8a213ab0a690f6ed65e5c0e0e2274bf35ac49ff31d7988d483ce?s=96&d=mm&r=g\",\"url\":\"https:\\\/\\\/secure.gravatar.com\\\/avatar\\\/f81f58ad909e8a213ab0a690f6ed65e5c0e0e2274bf35ac49ff31d7988d483ce?s=96&d=mm&r=g\",\"contentUrl\":\"https:\\\/\\\/secure.gravatar.com\\\/avatar\\\/f81f58ad909e8a213ab0a690f6ed65e5c0e0e2274bf35ac49ff31d7988d483ce?s=96&d=mm&r=g\",\"caption\":\"Vitor Silva\"},\"logo\":{\"@id\":\"https:\\\/\\\/secure.gravatar.com\\\/avatar\\\/f81f58ad909e8a213ab0a690f6ed65e5c0e0e2274bf35ac49ff31d7988d483ce?s=96&d=mm&r=g\"},\"sameAs\":[\"https:\\\/\\\/www.linkedin.com\\\/in\\\/vitormrsilva\",\"https:\\\/\\\/x.com\\\/vitorsilva\"]}]}<\/script>\n<!-- \/ Yoast SEO plugin. -->","yoast_head_json":{"title":"Marc-Vivien Fo\u00e9, protec\u00e7\u00e3o \u00e0 intimidade e a nossa televis\u00e3o - Os Meus Apontamentos","robots":{"index":"index","follow":"follow","max-snippet":"max-snippet:-1","max-image-preview":"max-image-preview:large","max-video-preview":"max-video-preview:-1"},"canonical":"https:\/\/osmeusapontamentos.com\/index.php\/2003\/06\/30\/marc-vivien-foe-proteccao-a-intimidade-e-a-nossa-televisao\/","og_locale":"pt_PT","og_type":"article","og_title":"Marc-Vivien Fo\u00e9, protec\u00e7\u00e3o \u00e0 intimidade e a nossa televis\u00e3o - Os Meus Apontamentos","og_description":"Acho que todos n\u00f3s ficamos chocados com a morte de viven fo\u00e9. Porque era uma pessoa com a nossa idade, porque era um desportista, e porque morreu no meio de um campo de futebol. E mais chocados ficamos quando temos que ver essas imagens na televis\u00e3o! pode parecer estranho que se fale em protec\u00e7\u00e3o da [&hellip;]","og_url":"https:\/\/osmeusapontamentos.com\/index.php\/2003\/06\/30\/marc-vivien-foe-proteccao-a-intimidade-e-a-nossa-televisao\/","og_site_name":"Os Meus Apontamentos","article_published_time":"2003-06-30T21:36:00+00:00","author":"Vitor Silva","twitter_card":"summary_large_image","twitter_creator":"@vitorsilva","twitter_site":"@vitorsilva","twitter_misc":{"Escrito por":"Vitor Silva","Tempo estimado de leitura":"1 minuto"},"schema":{"@context":"https:\/\/schema.org","@graph":[{"@type":"Article","@id":"https:\/\/osmeusapontamentos.com\/index.php\/2003\/06\/30\/marc-vivien-foe-proteccao-a-intimidade-e-a-nossa-televisao\/#article","isPartOf":{"@id":"https:\/\/osmeusapontamentos.com\/index.php\/2003\/06\/30\/marc-vivien-foe-proteccao-a-intimidade-e-a-nossa-televisao\/"},"author":{"name":"Vitor Silva","@id":"https:\/\/osmeusapontamentos.com\/#\/schema\/person\/d508df9c3ffc8b4e64a18dbf0ba18dd8"},"headline":"Marc-Vivien Fo\u00e9, protec\u00e7\u00e3o \u00e0 intimidade e a nossa televis\u00e3o","datePublished":"2003-06-30T21:36:00+00:00","mainEntityOfPage":{"@id":"https:\/\/osmeusapontamentos.com\/index.php\/2003\/06\/30\/marc-vivien-foe-proteccao-a-intimidade-e-a-nossa-televisao\/"},"wordCount":231,"publisher":{"@id":"https:\/\/osmeusapontamentos.com\/#\/schema\/person\/d508df9c3ffc8b4e64a18dbf0ba18dd8"},"keywords":["marc-viven fo\u00e9","pensar","portugal","televis\u00e3o"],"articleSection":["Opini\u00e3o"],"inLanguage":"pt-PT"},{"@type":"WebPage","@id":"https:\/\/osmeusapontamentos.com\/index.php\/2003\/06\/30\/marc-vivien-foe-proteccao-a-intimidade-e-a-nossa-televisao\/","url":"https:\/\/osmeusapontamentos.com\/index.php\/2003\/06\/30\/marc-vivien-foe-proteccao-a-intimidade-e-a-nossa-televisao\/","name":"Marc-Vivien Fo\u00e9, protec\u00e7\u00e3o \u00e0 intimidade e a nossa televis\u00e3o - Os Meus Apontamentos","isPartOf":{"@id":"https:\/\/osmeusapontamentos.com\/#website"},"datePublished":"2003-06-30T21:36:00+00:00","breadcrumb":{"@id":"https:\/\/osmeusapontamentos.com\/index.php\/2003\/06\/30\/marc-vivien-foe-proteccao-a-intimidade-e-a-nossa-televisao\/#breadcrumb"},"inLanguage":"pt-PT","potentialAction":[{"@type":"ReadAction","target":["https:\/\/osmeusapontamentos.com\/index.php\/2003\/06\/30\/marc-vivien-foe-proteccao-a-intimidade-e-a-nossa-televisao\/"]}]},{"@type":"BreadcrumbList","@id":"https:\/\/osmeusapontamentos.com\/index.php\/2003\/06\/30\/marc-vivien-foe-proteccao-a-intimidade-e-a-nossa-televisao\/#breadcrumb","itemListElement":[{"@type":"ListItem","position":1,"name":"In\u00edcio","item":"https:\/\/osmeusapontamentos.com\/"},{"@type":"ListItem","position":2,"name":"Marc-Vivien Fo\u00e9, protec\u00e7\u00e3o \u00e0 intimidade e a nossa televis\u00e3o"}]},{"@type":"WebSite","@id":"https:\/\/osmeusapontamentos.com\/#website","url":"https:\/\/osmeusapontamentos.com\/","name":"Os Meus Apontamentos","description":"","publisher":{"@id":"https:\/\/osmeusapontamentos.com\/#\/schema\/person\/d508df9c3ffc8b4e64a18dbf0ba18dd8"},"potentialAction":[{"@type":"SearchAction","target":{"@type":"EntryPoint","urlTemplate":"https:\/\/osmeusapontamentos.com\/?s={search_term_string}"},"query-input":{"@type":"PropertyValueSpecification","valueRequired":true,"valueName":"search_term_string"}}],"inLanguage":"pt-PT"},{"@type":["Person","Organization"],"@id":"https:\/\/osmeusapontamentos.com\/#\/schema\/person\/d508df9c3ffc8b4e64a18dbf0ba18dd8","name":"Vitor Silva","image":{"@type":"ImageObject","inLanguage":"pt-PT","@id":"https:\/\/secure.gravatar.com\/avatar\/f81f58ad909e8a213ab0a690f6ed65e5c0e0e2274bf35ac49ff31d7988d483ce?s=96&d=mm&r=g","url":"https:\/\/secure.gravatar.com\/avatar\/f81f58ad909e8a213ab0a690f6ed65e5c0e0e2274bf35ac49ff31d7988d483ce?s=96&d=mm&r=g","contentUrl":"https:\/\/secure.gravatar.com\/avatar\/f81f58ad909e8a213ab0a690f6ed65e5c0e0e2274bf35ac49ff31d7988d483ce?s=96&d=mm&r=g","caption":"Vitor Silva"},"logo":{"@id":"https:\/\/secure.gravatar.com\/avatar\/f81f58ad909e8a213ab0a690f6ed65e5c0e0e2274bf35ac49ff31d7988d483ce?s=96&d=mm&r=g"},"sameAs":["https:\/\/www.linkedin.com\/in\/vitormrsilva","https:\/\/x.com\/vitorsilva"]}]}},"_links":{"self":[{"href":"https:\/\/osmeusapontamentos.com\/index.php\/wp-json\/wp\/v2\/posts\/8","targetHints":{"allow":["GET"]}}],"collection":[{"href":"https:\/\/osmeusapontamentos.com\/index.php\/wp-json\/wp\/v2\/posts"}],"about":[{"href":"https:\/\/osmeusapontamentos.com\/index.php\/wp-json\/wp\/v2\/types\/post"}],"author":[{"embeddable":true,"href":"https:\/\/osmeusapontamentos.com\/index.php\/wp-json\/wp\/v2\/users\/1"}],"replies":[{"embeddable":true,"href":"https:\/\/osmeusapontamentos.com\/index.php\/wp-json\/wp\/v2\/comments?post=8"}],"version-history":[{"count":0,"href":"https:\/\/osmeusapontamentos.com\/index.php\/wp-json\/wp\/v2\/posts\/8\/revisions"}],"wp:attachment":[{"href":"https:\/\/osmeusapontamentos.com\/index.php\/wp-json\/wp\/v2\/media?parent=8"}],"wp:term":[{"taxonomy":"category","embeddable":true,"href":"https:\/\/osmeusapontamentos.com\/index.php\/wp-json\/wp\/v2\/categories?post=8"},{"taxonomy":"post_tag","embeddable":true,"href":"https:\/\/osmeusapontamentos.com\/index.php\/wp-json\/wp\/v2\/tags?post=8"}],"curies":[{"name":"wp","href":"https:\/\/api.w.org\/{rel}","templated":true}]}}