{"id":718,"date":"2008-10-07T09:48:26","date_gmt":"2008-10-07T09:48:26","guid":{"rendered":"http:\/\/osmeusapontamentos.com\/?p=718"},"modified":"2008-10-07T09:48:26","modified_gmt":"2008-10-07T09:48:26","slug":"mob-carsharing","status":"publish","type":"post","link":"https:\/\/osmeusapontamentos.com\/index.php\/2008\/10\/07\/mob-carsharing\/","title":{"rendered":"mob Carsharing"},"content":{"rendered":"<p>Na newsletter desta semana do <a href=\"http:\/\/www.portaldocidadao.pt\/\">Portal do Cidad\u00e3o<\/a> vinha uma noticia curiosa sobre um novo projecto da Carris. Chama-se <a href=\"http:\/\/www.mobcarsharing.pt\/\">mob Carsharing<\/a> e \u00e9, pelo que sei, o primeiro projecto de partilha de viaturas em Portugal.<\/p>\n<p>A ideia base \u00e9 simples, a rela\u00e7\u00e3o entre a quantidade de tempo que passamos dentro de um carro e o tempo que ele fica parado \u00e9 muito baixa pelo que poder\u00e1 ser poss\u00edvel optimizar a utiliza\u00e7\u00e3o desse carro se se dividir essa utiliza\u00e7\u00e3o por mais do que uma pessoa.<\/p>\n<p>Claro que isto funcionar\u00e1 melhor se houver v\u00e1rias pessoas com hor\u00e1rios de utiliza\u00e7\u00e3o desencontrados e se os s\u00edtios onde os carros t\u00eam que ser &#8220;levantados&#8221; \/ &#8220;deixados&#8221; a seguir \u00e0 utiliza\u00e7\u00e3o estiverem geograficamente perto do potencial p\u00fablico-alvo.<\/p>\n<p>N\u00e3o sei at\u00e9 que ponto j\u00e1 est\u00e1 a funcionar esta iniciativa (no site n\u00e3o indicava) mas espero que tenha sucesso porque a diversifica\u00e7\u00e3o dos meios de desloca\u00e7\u00e3o \u00e9 fundamental &#8211; nem todos temos que andar de carro, nem todos temos que andar de metro, nem todos temos que andar a p\u00e9.<\/p>\n<p>Interessante a tamb\u00e9m a op\u00e7\u00e3o pelos carros seleccionados que inclui o inevit\u00e1vel <a href=\"http:\/\/www.google.pt\/url?sa=t&amp;source=web&amp;ct=res&amp;cd=2&amp;url=http%3A%2F%2Fwww.toyota.com%2Fprius-hybrid%2F&amp;ei=4HbnSIiXIZW60gXe9_j_Cg&amp;usg=AFQjCNEbgh2OzBY7_O3yd5pb6a4wrtA67A&amp;sig2=NLkpPrEkSABw4tZsjuhI4A\">Prius<\/a>.<\/p>\n<p>Um exemplo n\u00e3o portugu\u00eas deste tipo de servi\u00e7o \u00e9 o <a href=\"http:\/\/www.zipcar.com\">Zipcar<\/a> nos EUA e uma r\u00e1pida pesquisa na net demonstra a exist\u00eancia de v\u00e1rias outras empresas do g\u00e9nero pelo mundo fora.<\/p>\n","protected":false},"excerpt":{"rendered":"<p>Na newsletter desta semana do Portal do Cidad\u00e3o vinha uma noticia curiosa sobre um novo projecto da Carris. Chama-se mob Carsharing e \u00e9, pelo que sei, o primeiro projecto de partilha de viaturas em Portugal. A ideia base \u00e9 simples, a rela\u00e7\u00e3o entre a quantidade de tempo que passamos dentro de um carro e o [&hellip;]<\/p>\n","protected":false},"author":1,"featured_media":0,"comment_status":"open","ping_status":"open","sticky":false,"template":"","format":"standard","meta":{"footnotes":""},"categories":[7],"tags":[119,371,619,643],"class_list":["post-718","post","type-post","status-publish","format-standard","hentry","category-ler-ver-ouvir-passear","tag-carsharing","tag-lisboa","tag-sustentabilidade","tag-toyota"],"yoast_head":"<!-- This site is optimized with the Yoast SEO plugin v27.5 - https:\/\/yoast.com\/product\/yoast-seo-wordpress\/ -->\n<title>mob Carsharing - Os Meus Apontamentos<\/title>\n<meta name=\"robots\" content=\"index, follow, max-snippet:-1, max-image-preview:large, max-video-preview:-1\" \/>\n<link rel=\"canonical\" href=\"https:\/\/osmeusapontamentos.com\/index.php\/2008\/10\/07\/mob-carsharing\/\" \/>\n<meta property=\"og:locale\" content=\"pt_PT\" \/>\n<meta property=\"og:type\" content=\"article\" \/>\n<meta property=\"og:title\" content=\"mob Carsharing - Os Meus Apontamentos\" \/>\n<meta property=\"og:description\" content=\"Na newsletter desta semana do Portal do Cidad\u00e3o vinha uma noticia curiosa sobre um novo projecto da Carris. Chama-se mob Carsharing e \u00e9, pelo que sei, o primeiro projecto de partilha de viaturas em Portugal. A ideia base \u00e9 simples, a rela\u00e7\u00e3o entre a quantidade de tempo que passamos dentro de um carro e o [&hellip;]\" \/>\n<meta property=\"og:url\" content=\"https:\/\/osmeusapontamentos.com\/index.php\/2008\/10\/07\/mob-carsharing\/\" \/>\n<meta property=\"og:site_name\" content=\"Os Meus Apontamentos\" \/>\n<meta property=\"article:published_time\" content=\"2008-10-07T09:48:26+00:00\" \/>\n<meta name=\"author\" content=\"Vitor Silva\" \/>\n<meta name=\"twitter:card\" content=\"summary_large_image\" \/>\n<meta name=\"twitter:creator\" content=\"@vitorsilva\" \/>\n<meta name=\"twitter:site\" content=\"@vitorsilva\" \/>\n<meta name=\"twitter:label1\" content=\"Escrito por\" \/>\n\t<meta name=\"twitter:data1\" content=\"Vitor Silva\" \/>\n\t<meta name=\"twitter:label2\" content=\"Tempo estimado de leitura\" \/>\n\t<meta name=\"twitter:data2\" content=\"1 minuto\" \/>\n<script type=\"application\/ld+json\" class=\"yoast-schema-graph\">{\"@context\":\"https:\\\/\\\/schema.org\",\"@graph\":[{\"@type\":\"Article\",\"@id\":\"https:\\\/\\\/osmeusapontamentos.com\\\/index.php\\\/2008\\\/10\\\/07\\\/mob-carsharing\\\/#article\",\"isPartOf\":{\"@id\":\"https:\\\/\\\/osmeusapontamentos.com\\\/index.php\\\/2008\\\/10\\\/07\\\/mob-carsharing\\\/\"},\"author\":{\"name\":\"Vitor Silva\",\"@id\":\"https:\\\/\\\/osmeusapontamentos.com\\\/#\\\/schema\\\/person\\\/d508df9c3ffc8b4e64a18dbf0ba18dd8\"},\"headline\":\"mob Carsharing\",\"datePublished\":\"2008-10-07T09:48:26+00:00\",\"mainEntityOfPage\":{\"@id\":\"https:\\\/\\\/osmeusapontamentos.com\\\/index.php\\\/2008\\\/10\\\/07\\\/mob-carsharing\\\/\"},\"wordCount\":237,\"commentCount\":1,\"publisher\":{\"@id\":\"https:\\\/\\\/osmeusapontamentos.com\\\/#\\\/schema\\\/person\\\/d508df9c3ffc8b4e64a18dbf0ba18dd8\"},\"keywords\":[\"carsharing\",\"lisboa\",\"sustentabilidade\",\"toyota\"],\"articleSection\":[\"Ler\\\/ Ver\\\/ Ouvir\\\/ Passear\"],\"inLanguage\":\"pt-PT\",\"potentialAction\":[{\"@type\":\"CommentAction\",\"name\":\"Comment\",\"target\":[\"https:\\\/\\\/osmeusapontamentos.com\\\/index.php\\\/2008\\\/10\\\/07\\\/mob-carsharing\\\/#respond\"]}]},{\"@type\":\"WebPage\",\"@id\":\"https:\\\/\\\/osmeusapontamentos.com\\\/index.php\\\/2008\\\/10\\\/07\\\/mob-carsharing\\\/\",\"url\":\"https:\\\/\\\/osmeusapontamentos.com\\\/index.php\\\/2008\\\/10\\\/07\\\/mob-carsharing\\\/\",\"name\":\"mob Carsharing - Os Meus Apontamentos\",\"isPartOf\":{\"@id\":\"https:\\\/\\\/osmeusapontamentos.com\\\/#website\"},\"datePublished\":\"2008-10-07T09:48:26+00:00\",\"breadcrumb\":{\"@id\":\"https:\\\/\\\/osmeusapontamentos.com\\\/index.php\\\/2008\\\/10\\\/07\\\/mob-carsharing\\\/#breadcrumb\"},\"inLanguage\":\"pt-PT\",\"potentialAction\":[{\"@type\":\"ReadAction\",\"target\":[\"https:\\\/\\\/osmeusapontamentos.com\\\/index.php\\\/2008\\\/10\\\/07\\\/mob-carsharing\\\/\"]}]},{\"@type\":\"BreadcrumbList\",\"@id\":\"https:\\\/\\\/osmeusapontamentos.com\\\/index.php\\\/2008\\\/10\\\/07\\\/mob-carsharing\\\/#breadcrumb\",\"itemListElement\":[{\"@type\":\"ListItem\",\"position\":1,\"name\":\"In\u00edcio\",\"item\":\"https:\\\/\\\/osmeusapontamentos.com\\\/\"},{\"@type\":\"ListItem\",\"position\":2,\"name\":\"mob Carsharing\"}]},{\"@type\":\"WebSite\",\"@id\":\"https:\\\/\\\/osmeusapontamentos.com\\\/#website\",\"url\":\"https:\\\/\\\/osmeusapontamentos.com\\\/\",\"name\":\"Os Meus Apontamentos\",\"description\":\"\",\"publisher\":{\"@id\":\"https:\\\/\\\/osmeusapontamentos.com\\\/#\\\/schema\\\/person\\\/d508df9c3ffc8b4e64a18dbf0ba18dd8\"},\"potentialAction\":[{\"@type\":\"SearchAction\",\"target\":{\"@type\":\"EntryPoint\",\"urlTemplate\":\"https:\\\/\\\/osmeusapontamentos.com\\\/?s={search_term_string}\"},\"query-input\":{\"@type\":\"PropertyValueSpecification\",\"valueRequired\":true,\"valueName\":\"search_term_string\"}}],\"inLanguage\":\"pt-PT\"},{\"@type\":[\"Person\",\"Organization\"],\"@id\":\"https:\\\/\\\/osmeusapontamentos.com\\\/#\\\/schema\\\/person\\\/d508df9c3ffc8b4e64a18dbf0ba18dd8\",\"name\":\"Vitor Silva\",\"image\":{\"@type\":\"ImageObject\",\"inLanguage\":\"pt-PT\",\"@id\":\"https:\\\/\\\/secure.gravatar.com\\\/avatar\\\/f81f58ad909e8a213ab0a690f6ed65e5c0e0e2274bf35ac49ff31d7988d483ce?s=96&d=mm&r=g\",\"url\":\"https:\\\/\\\/secure.gravatar.com\\\/avatar\\\/f81f58ad909e8a213ab0a690f6ed65e5c0e0e2274bf35ac49ff31d7988d483ce?s=96&d=mm&r=g\",\"contentUrl\":\"https:\\\/\\\/secure.gravatar.com\\\/avatar\\\/f81f58ad909e8a213ab0a690f6ed65e5c0e0e2274bf35ac49ff31d7988d483ce?s=96&d=mm&r=g\",\"caption\":\"Vitor Silva\"},\"logo\":{\"@id\":\"https:\\\/\\\/secure.gravatar.com\\\/avatar\\\/f81f58ad909e8a213ab0a690f6ed65e5c0e0e2274bf35ac49ff31d7988d483ce?s=96&d=mm&r=g\"},\"sameAs\":[\"https:\\\/\\\/www.linkedin.com\\\/in\\\/vitormrsilva\",\"https:\\\/\\\/x.com\\\/vitorsilva\"]}]}<\/script>\n<!-- \/ Yoast SEO plugin. -->","yoast_head_json":{"title":"mob Carsharing - Os Meus Apontamentos","robots":{"index":"index","follow":"follow","max-snippet":"max-snippet:-1","max-image-preview":"max-image-preview:large","max-video-preview":"max-video-preview:-1"},"canonical":"https:\/\/osmeusapontamentos.com\/index.php\/2008\/10\/07\/mob-carsharing\/","og_locale":"pt_PT","og_type":"article","og_title":"mob Carsharing - Os Meus Apontamentos","og_description":"Na newsletter desta semana do Portal do Cidad\u00e3o vinha uma noticia curiosa sobre um novo projecto da Carris. Chama-se mob Carsharing e \u00e9, pelo que sei, o primeiro projecto de partilha de viaturas em Portugal. A ideia base \u00e9 simples, a rela\u00e7\u00e3o entre a quantidade de tempo que passamos dentro de um carro e o [&hellip;]","og_url":"https:\/\/osmeusapontamentos.com\/index.php\/2008\/10\/07\/mob-carsharing\/","og_site_name":"Os Meus Apontamentos","article_published_time":"2008-10-07T09:48:26+00:00","author":"Vitor Silva","twitter_card":"summary_large_image","twitter_creator":"@vitorsilva","twitter_site":"@vitorsilva","twitter_misc":{"Escrito por":"Vitor Silva","Tempo estimado de leitura":"1 minuto"},"schema":{"@context":"https:\/\/schema.org","@graph":[{"@type":"Article","@id":"https:\/\/osmeusapontamentos.com\/index.php\/2008\/10\/07\/mob-carsharing\/#article","isPartOf":{"@id":"https:\/\/osmeusapontamentos.com\/index.php\/2008\/10\/07\/mob-carsharing\/"},"author":{"name":"Vitor Silva","@id":"https:\/\/osmeusapontamentos.com\/#\/schema\/person\/d508df9c3ffc8b4e64a18dbf0ba18dd8"},"headline":"mob Carsharing","datePublished":"2008-10-07T09:48:26+00:00","mainEntityOfPage":{"@id":"https:\/\/osmeusapontamentos.com\/index.php\/2008\/10\/07\/mob-carsharing\/"},"wordCount":237,"commentCount":1,"publisher":{"@id":"https:\/\/osmeusapontamentos.com\/#\/schema\/person\/d508df9c3ffc8b4e64a18dbf0ba18dd8"},"keywords":["carsharing","lisboa","sustentabilidade","toyota"],"articleSection":["Ler\/ Ver\/ Ouvir\/ Passear"],"inLanguage":"pt-PT","potentialAction":[{"@type":"CommentAction","name":"Comment","target":["https:\/\/osmeusapontamentos.com\/index.php\/2008\/10\/07\/mob-carsharing\/#respond"]}]},{"@type":"WebPage","@id":"https:\/\/osmeusapontamentos.com\/index.php\/2008\/10\/07\/mob-carsharing\/","url":"https:\/\/osmeusapontamentos.com\/index.php\/2008\/10\/07\/mob-carsharing\/","name":"mob Carsharing - Os Meus Apontamentos","isPartOf":{"@id":"https:\/\/osmeusapontamentos.com\/#website"},"datePublished":"2008-10-07T09:48:26+00:00","breadcrumb":{"@id":"https:\/\/osmeusapontamentos.com\/index.php\/2008\/10\/07\/mob-carsharing\/#breadcrumb"},"inLanguage":"pt-PT","potentialAction":[{"@type":"ReadAction","target":["https:\/\/osmeusapontamentos.com\/index.php\/2008\/10\/07\/mob-carsharing\/"]}]},{"@type":"BreadcrumbList","@id":"https:\/\/osmeusapontamentos.com\/index.php\/2008\/10\/07\/mob-carsharing\/#breadcrumb","itemListElement":[{"@type":"ListItem","position":1,"name":"In\u00edcio","item":"https:\/\/osmeusapontamentos.com\/"},{"@type":"ListItem","position":2,"name":"mob Carsharing"}]},{"@type":"WebSite","@id":"https:\/\/osmeusapontamentos.com\/#website","url":"https:\/\/osmeusapontamentos.com\/","name":"Os Meus Apontamentos","description":"","publisher":{"@id":"https:\/\/osmeusapontamentos.com\/#\/schema\/person\/d508df9c3ffc8b4e64a18dbf0ba18dd8"},"potentialAction":[{"@type":"SearchAction","target":{"@type":"EntryPoint","urlTemplate":"https:\/\/osmeusapontamentos.com\/?s={search_term_string}"},"query-input":{"@type":"PropertyValueSpecification","valueRequired":true,"valueName":"search_term_string"}}],"inLanguage":"pt-PT"},{"@type":["Person","Organization"],"@id":"https:\/\/osmeusapontamentos.com\/#\/schema\/person\/d508df9c3ffc8b4e64a18dbf0ba18dd8","name":"Vitor Silva","image":{"@type":"ImageObject","inLanguage":"pt-PT","@id":"https:\/\/secure.gravatar.com\/avatar\/f81f58ad909e8a213ab0a690f6ed65e5c0e0e2274bf35ac49ff31d7988d483ce?s=96&d=mm&r=g","url":"https:\/\/secure.gravatar.com\/avatar\/f81f58ad909e8a213ab0a690f6ed65e5c0e0e2274bf35ac49ff31d7988d483ce?s=96&d=mm&r=g","contentUrl":"https:\/\/secure.gravatar.com\/avatar\/f81f58ad909e8a213ab0a690f6ed65e5c0e0e2274bf35ac49ff31d7988d483ce?s=96&d=mm&r=g","caption":"Vitor Silva"},"logo":{"@id":"https:\/\/secure.gravatar.com\/avatar\/f81f58ad909e8a213ab0a690f6ed65e5c0e0e2274bf35ac49ff31d7988d483ce?s=96&d=mm&r=g"},"sameAs":["https:\/\/www.linkedin.com\/in\/vitormrsilva","https:\/\/x.com\/vitorsilva"]}]}},"_links":{"self":[{"href":"https:\/\/osmeusapontamentos.com\/index.php\/wp-json\/wp\/v2\/posts\/718","targetHints":{"allow":["GET"]}}],"collection":[{"href":"https:\/\/osmeusapontamentos.com\/index.php\/wp-json\/wp\/v2\/posts"}],"about":[{"href":"https:\/\/osmeusapontamentos.com\/index.php\/wp-json\/wp\/v2\/types\/post"}],"author":[{"embeddable":true,"href":"https:\/\/osmeusapontamentos.com\/index.php\/wp-json\/wp\/v2\/users\/1"}],"replies":[{"embeddable":true,"href":"https:\/\/osmeusapontamentos.com\/index.php\/wp-json\/wp\/v2\/comments?post=718"}],"version-history":[{"count":0,"href":"https:\/\/osmeusapontamentos.com\/index.php\/wp-json\/wp\/v2\/posts\/718\/revisions"}],"wp:attachment":[{"href":"https:\/\/osmeusapontamentos.com\/index.php\/wp-json\/wp\/v2\/media?parent=718"}],"wp:term":[{"taxonomy":"category","embeddable":true,"href":"https:\/\/osmeusapontamentos.com\/index.php\/wp-json\/wp\/v2\/categories?post=718"},{"taxonomy":"post_tag","embeddable":true,"href":"https:\/\/osmeusapontamentos.com\/index.php\/wp-json\/wp\/v2\/tags?post=718"}],"curies":[{"name":"wp","href":"https:\/\/api.w.org\/{rel}","templated":true}]}}