{"id":7,"date":"2003-06-29T23:45:00","date_gmt":"2003-06-29T23:45:00","guid":{"rendered":"http:\/\/osmeusapontamentos.com\/?p=7"},"modified":"2003-06-29T23:45:00","modified_gmt":"2003-06-29T23:45:00","slug":"interessante-iniciativa-que-a-ordem","status":"publish","type":"post","link":"https:\/\/osmeusapontamentos.com\/index.php\/2003\/06\/29\/interessante-iniciativa-que-a-ordem\/","title":{"rendered":"interessante iniciativa que a ordem"},"content":{"rendered":"<p>interessante iniciativa que a ordem dos arquitectos est\u00e1 a levar a cabo com visitas a bons exemplos de arquitectura contempor\u00e2nea portuguesa, este fim-de-semana foi na maia, mas j\u00e1 passou por vila real, vai estar em viseu e para a semana \u00e9 em moledo, nada como aproveitar para ir \u00e0 praia e ao mesmo tempo ficar a conhecer um pouco mais do nosso pais.<br \/>\naproveitem portanto esta iniciativa que decorre no ano nacional da arquitectura.<br \/>\n<a href=\"http:\/\/www.oasrn.org\/obra.php\">mais detalhes<\/a><\/p>\n","protected":false},"excerpt":{"rendered":"<p>interessante iniciativa que a ordem dos arquitectos est\u00e1 a levar a cabo com visitas a bons exemplos de arquitectura contempor\u00e2nea portuguesa, este fim-de-semana foi na maia, mas j\u00e1 passou por vila real, vai estar em viseu e para a semana \u00e9 em moledo, nada como aproveitar para ir \u00e0 praia e ao mesmo tempo ficar [&hellip;]<\/p>\n","protected":false},"author":1,"featured_media":0,"comment_status":"closed","ping_status":"closed","sticky":false,"template":"","format":"standard","meta":{"footnotes":""},"categories":[7],"tags":[61,475,485],"class_list":["post-7","post","type-post","status-publish","format-standard","hentry","category-ler-ver-ouvir-passear","tag-arquitectura","tag-ordem-dos-arquitectos","tag-passear"],"yoast_head":"<!-- This site is optimized with the Yoast SEO plugin v27.5 - https:\/\/yoast.com\/product\/yoast-seo-wordpress\/ -->\n<title>interessante iniciativa que a ordem - Os Meus Apontamentos<\/title>\n<meta name=\"robots\" content=\"index, follow, max-snippet:-1, max-image-preview:large, max-video-preview:-1\" \/>\n<link rel=\"canonical\" href=\"https:\/\/osmeusapontamentos.com\/index.php\/2003\/06\/29\/interessante-iniciativa-que-a-ordem\/\" \/>\n<meta property=\"og:locale\" content=\"pt_PT\" \/>\n<meta property=\"og:type\" content=\"article\" \/>\n<meta property=\"og:title\" content=\"interessante iniciativa que a ordem - Os Meus Apontamentos\" \/>\n<meta property=\"og:description\" content=\"interessante iniciativa que a ordem dos arquitectos est\u00e1 a levar a cabo com visitas a bons exemplos de arquitectura contempor\u00e2nea portuguesa, este fim-de-semana foi na maia, mas j\u00e1 passou por vila real, vai estar em viseu e para a semana \u00e9 em moledo, nada como aproveitar para ir \u00e0 praia e ao mesmo tempo ficar [&hellip;]\" \/>\n<meta property=\"og:url\" content=\"https:\/\/osmeusapontamentos.com\/index.php\/2003\/06\/29\/interessante-iniciativa-que-a-ordem\/\" \/>\n<meta property=\"og:site_name\" content=\"Os Meus Apontamentos\" \/>\n<meta property=\"article:published_time\" content=\"2003-06-29T23:45:00+00:00\" \/>\n<meta name=\"author\" content=\"Vitor Silva\" \/>\n<meta name=\"twitter:card\" content=\"summary_large_image\" \/>\n<meta name=\"twitter:creator\" content=\"@vitorsilva\" \/>\n<meta name=\"twitter:site\" content=\"@vitorsilva\" \/>\n<meta name=\"twitter:label1\" content=\"Escrito por\" \/>\n\t<meta name=\"twitter:data1\" content=\"Vitor Silva\" \/>\n<script type=\"application\/ld+json\" class=\"yoast-schema-graph\">{\"@context\":\"https:\\\/\\\/schema.org\",\"@graph\":[{\"@type\":\"Article\",\"@id\":\"https:\\\/\\\/osmeusapontamentos.com\\\/index.php\\\/2003\\\/06\\\/29\\\/interessante-iniciativa-que-a-ordem\\\/#article\",\"isPartOf\":{\"@id\":\"https:\\\/\\\/osmeusapontamentos.com\\\/index.php\\\/2003\\\/06\\\/29\\\/interessante-iniciativa-que-a-ordem\\\/\"},\"author\":{\"name\":\"Vitor Silva\",\"@id\":\"https:\\\/\\\/osmeusapontamentos.com\\\/#\\\/schema\\\/person\\\/d508df9c3ffc8b4e64a18dbf0ba18dd8\"},\"headline\":\"interessante iniciativa que a ordem\",\"datePublished\":\"2003-06-29T23:45:00+00:00\",\"mainEntityOfPage\":{\"@id\":\"https:\\\/\\\/osmeusapontamentos.com\\\/index.php\\\/2003\\\/06\\\/29\\\/interessante-iniciativa-que-a-ordem\\\/\"},\"wordCount\":80,\"publisher\":{\"@id\":\"https:\\\/\\\/osmeusapontamentos.com\\\/#\\\/schema\\\/person\\\/d508df9c3ffc8b4e64a18dbf0ba18dd8\"},\"keywords\":[\"arquitectura\",\"ordem dos arquitectos\",\"passear\"],\"articleSection\":[\"Ler\\\/ Ver\\\/ Ouvir\\\/ Passear\"],\"inLanguage\":\"pt-PT\"},{\"@type\":\"WebPage\",\"@id\":\"https:\\\/\\\/osmeusapontamentos.com\\\/index.php\\\/2003\\\/06\\\/29\\\/interessante-iniciativa-que-a-ordem\\\/\",\"url\":\"https:\\\/\\\/osmeusapontamentos.com\\\/index.php\\\/2003\\\/06\\\/29\\\/interessante-iniciativa-que-a-ordem\\\/\",\"name\":\"interessante iniciativa que a ordem - Os Meus Apontamentos\",\"isPartOf\":{\"@id\":\"https:\\\/\\\/osmeusapontamentos.com\\\/#website\"},\"datePublished\":\"2003-06-29T23:45:00+00:00\",\"breadcrumb\":{\"@id\":\"https:\\\/\\\/osmeusapontamentos.com\\\/index.php\\\/2003\\\/06\\\/29\\\/interessante-iniciativa-que-a-ordem\\\/#breadcrumb\"},\"inLanguage\":\"pt-PT\",\"potentialAction\":[{\"@type\":\"ReadAction\",\"target\":[\"https:\\\/\\\/osmeusapontamentos.com\\\/index.php\\\/2003\\\/06\\\/29\\\/interessante-iniciativa-que-a-ordem\\\/\"]}]},{\"@type\":\"BreadcrumbList\",\"@id\":\"https:\\\/\\\/osmeusapontamentos.com\\\/index.php\\\/2003\\\/06\\\/29\\\/interessante-iniciativa-que-a-ordem\\\/#breadcrumb\",\"itemListElement\":[{\"@type\":\"ListItem\",\"position\":1,\"name\":\"In\u00edcio\",\"item\":\"https:\\\/\\\/osmeusapontamentos.com\\\/\"},{\"@type\":\"ListItem\",\"position\":2,\"name\":\"interessante iniciativa que a ordem\"}]},{\"@type\":\"WebSite\",\"@id\":\"https:\\\/\\\/osmeusapontamentos.com\\\/#website\",\"url\":\"https:\\\/\\\/osmeusapontamentos.com\\\/\",\"name\":\"Os Meus Apontamentos\",\"description\":\"\",\"publisher\":{\"@id\":\"https:\\\/\\\/osmeusapontamentos.com\\\/#\\\/schema\\\/person\\\/d508df9c3ffc8b4e64a18dbf0ba18dd8\"},\"potentialAction\":[{\"@type\":\"SearchAction\",\"target\":{\"@type\":\"EntryPoint\",\"urlTemplate\":\"https:\\\/\\\/osmeusapontamentos.com\\\/?s={search_term_string}\"},\"query-input\":{\"@type\":\"PropertyValueSpecification\",\"valueRequired\":true,\"valueName\":\"search_term_string\"}}],\"inLanguage\":\"pt-PT\"},{\"@type\":[\"Person\",\"Organization\"],\"@id\":\"https:\\\/\\\/osmeusapontamentos.com\\\/#\\\/schema\\\/person\\\/d508df9c3ffc8b4e64a18dbf0ba18dd8\",\"name\":\"Vitor Silva\",\"image\":{\"@type\":\"ImageObject\",\"inLanguage\":\"pt-PT\",\"@id\":\"https:\\\/\\\/secure.gravatar.com\\\/avatar\\\/f81f58ad909e8a213ab0a690f6ed65e5c0e0e2274bf35ac49ff31d7988d483ce?s=96&d=mm&r=g\",\"url\":\"https:\\\/\\\/secure.gravatar.com\\\/avatar\\\/f81f58ad909e8a213ab0a690f6ed65e5c0e0e2274bf35ac49ff31d7988d483ce?s=96&d=mm&r=g\",\"contentUrl\":\"https:\\\/\\\/secure.gravatar.com\\\/avatar\\\/f81f58ad909e8a213ab0a690f6ed65e5c0e0e2274bf35ac49ff31d7988d483ce?s=96&d=mm&r=g\",\"caption\":\"Vitor Silva\"},\"logo\":{\"@id\":\"https:\\\/\\\/secure.gravatar.com\\\/avatar\\\/f81f58ad909e8a213ab0a690f6ed65e5c0e0e2274bf35ac49ff31d7988d483ce?s=96&d=mm&r=g\"},\"sameAs\":[\"https:\\\/\\\/www.linkedin.com\\\/in\\\/vitormrsilva\",\"https:\\\/\\\/x.com\\\/vitorsilva\"]}]}<\/script>\n<!-- \/ Yoast SEO plugin. -->","yoast_head_json":{"title":"interessante iniciativa que a ordem - Os Meus Apontamentos","robots":{"index":"index","follow":"follow","max-snippet":"max-snippet:-1","max-image-preview":"max-image-preview:large","max-video-preview":"max-video-preview:-1"},"canonical":"https:\/\/osmeusapontamentos.com\/index.php\/2003\/06\/29\/interessante-iniciativa-que-a-ordem\/","og_locale":"pt_PT","og_type":"article","og_title":"interessante iniciativa que a ordem - Os Meus Apontamentos","og_description":"interessante iniciativa que a ordem dos arquitectos est\u00e1 a levar a cabo com visitas a bons exemplos de arquitectura contempor\u00e2nea portuguesa, este fim-de-semana foi na maia, mas j\u00e1 passou por vila real, vai estar em viseu e para a semana \u00e9 em moledo, nada como aproveitar para ir \u00e0 praia e ao mesmo tempo ficar [&hellip;]","og_url":"https:\/\/osmeusapontamentos.com\/index.php\/2003\/06\/29\/interessante-iniciativa-que-a-ordem\/","og_site_name":"Os Meus Apontamentos","article_published_time":"2003-06-29T23:45:00+00:00","author":"Vitor Silva","twitter_card":"summary_large_image","twitter_creator":"@vitorsilva","twitter_site":"@vitorsilva","twitter_misc":{"Escrito por":"Vitor Silva"},"schema":{"@context":"https:\/\/schema.org","@graph":[{"@type":"Article","@id":"https:\/\/osmeusapontamentos.com\/index.php\/2003\/06\/29\/interessante-iniciativa-que-a-ordem\/#article","isPartOf":{"@id":"https:\/\/osmeusapontamentos.com\/index.php\/2003\/06\/29\/interessante-iniciativa-que-a-ordem\/"},"author":{"name":"Vitor Silva","@id":"https:\/\/osmeusapontamentos.com\/#\/schema\/person\/d508df9c3ffc8b4e64a18dbf0ba18dd8"},"headline":"interessante iniciativa que a ordem","datePublished":"2003-06-29T23:45:00+00:00","mainEntityOfPage":{"@id":"https:\/\/osmeusapontamentos.com\/index.php\/2003\/06\/29\/interessante-iniciativa-que-a-ordem\/"},"wordCount":80,"publisher":{"@id":"https:\/\/osmeusapontamentos.com\/#\/schema\/person\/d508df9c3ffc8b4e64a18dbf0ba18dd8"},"keywords":["arquitectura","ordem dos arquitectos","passear"],"articleSection":["Ler\/ Ver\/ Ouvir\/ Passear"],"inLanguage":"pt-PT"},{"@type":"WebPage","@id":"https:\/\/osmeusapontamentos.com\/index.php\/2003\/06\/29\/interessante-iniciativa-que-a-ordem\/","url":"https:\/\/osmeusapontamentos.com\/index.php\/2003\/06\/29\/interessante-iniciativa-que-a-ordem\/","name":"interessante iniciativa que a ordem - Os Meus Apontamentos","isPartOf":{"@id":"https:\/\/osmeusapontamentos.com\/#website"},"datePublished":"2003-06-29T23:45:00+00:00","breadcrumb":{"@id":"https:\/\/osmeusapontamentos.com\/index.php\/2003\/06\/29\/interessante-iniciativa-que-a-ordem\/#breadcrumb"},"inLanguage":"pt-PT","potentialAction":[{"@type":"ReadAction","target":["https:\/\/osmeusapontamentos.com\/index.php\/2003\/06\/29\/interessante-iniciativa-que-a-ordem\/"]}]},{"@type":"BreadcrumbList","@id":"https:\/\/osmeusapontamentos.com\/index.php\/2003\/06\/29\/interessante-iniciativa-que-a-ordem\/#breadcrumb","itemListElement":[{"@type":"ListItem","position":1,"name":"In\u00edcio","item":"https:\/\/osmeusapontamentos.com\/"},{"@type":"ListItem","position":2,"name":"interessante iniciativa que a ordem"}]},{"@type":"WebSite","@id":"https:\/\/osmeusapontamentos.com\/#website","url":"https:\/\/osmeusapontamentos.com\/","name":"Os Meus Apontamentos","description":"","publisher":{"@id":"https:\/\/osmeusapontamentos.com\/#\/schema\/person\/d508df9c3ffc8b4e64a18dbf0ba18dd8"},"potentialAction":[{"@type":"SearchAction","target":{"@type":"EntryPoint","urlTemplate":"https:\/\/osmeusapontamentos.com\/?s={search_term_string}"},"query-input":{"@type":"PropertyValueSpecification","valueRequired":true,"valueName":"search_term_string"}}],"inLanguage":"pt-PT"},{"@type":["Person","Organization"],"@id":"https:\/\/osmeusapontamentos.com\/#\/schema\/person\/d508df9c3ffc8b4e64a18dbf0ba18dd8","name":"Vitor Silva","image":{"@type":"ImageObject","inLanguage":"pt-PT","@id":"https:\/\/secure.gravatar.com\/avatar\/f81f58ad909e8a213ab0a690f6ed65e5c0e0e2274bf35ac49ff31d7988d483ce?s=96&d=mm&r=g","url":"https:\/\/secure.gravatar.com\/avatar\/f81f58ad909e8a213ab0a690f6ed65e5c0e0e2274bf35ac49ff31d7988d483ce?s=96&d=mm&r=g","contentUrl":"https:\/\/secure.gravatar.com\/avatar\/f81f58ad909e8a213ab0a690f6ed65e5c0e0e2274bf35ac49ff31d7988d483ce?s=96&d=mm&r=g","caption":"Vitor Silva"},"logo":{"@id":"https:\/\/secure.gravatar.com\/avatar\/f81f58ad909e8a213ab0a690f6ed65e5c0e0e2274bf35ac49ff31d7988d483ce?s=96&d=mm&r=g"},"sameAs":["https:\/\/www.linkedin.com\/in\/vitormrsilva","https:\/\/x.com\/vitorsilva"]}]}},"_links":{"self":[{"href":"https:\/\/osmeusapontamentos.com\/index.php\/wp-json\/wp\/v2\/posts\/7","targetHints":{"allow":["GET"]}}],"collection":[{"href":"https:\/\/osmeusapontamentos.com\/index.php\/wp-json\/wp\/v2\/posts"}],"about":[{"href":"https:\/\/osmeusapontamentos.com\/index.php\/wp-json\/wp\/v2\/types\/post"}],"author":[{"embeddable":true,"href":"https:\/\/osmeusapontamentos.com\/index.php\/wp-json\/wp\/v2\/users\/1"}],"replies":[{"embeddable":true,"href":"https:\/\/osmeusapontamentos.com\/index.php\/wp-json\/wp\/v2\/comments?post=7"}],"version-history":[{"count":0,"href":"https:\/\/osmeusapontamentos.com\/index.php\/wp-json\/wp\/v2\/posts\/7\/revisions"}],"wp:attachment":[{"href":"https:\/\/osmeusapontamentos.com\/index.php\/wp-json\/wp\/v2\/media?parent=7"}],"wp:term":[{"taxonomy":"category","embeddable":true,"href":"https:\/\/osmeusapontamentos.com\/index.php\/wp-json\/wp\/v2\/categories?post=7"},{"taxonomy":"post_tag","embeddable":true,"href":"https:\/\/osmeusapontamentos.com\/index.php\/wp-json\/wp\/v2\/tags?post=7"}],"curies":[{"name":"wp","href":"https:\/\/api.w.org\/{rel}","templated":true}]}}