{"id":689,"date":"2008-10-01T09:15:28","date_gmt":"2008-10-01T09:15:28","guid":{"rendered":"http:\/\/osmeusapontamentos.com\/?p=689"},"modified":"2008-10-01T09:15:28","modified_gmt":"2008-10-01T09:15:28","slug":"sobre-as-eleicoes-americanas","status":"publish","type":"post","link":"https:\/\/osmeusapontamentos.com\/index.php\/2008\/10\/01\/sobre-as-eleicoes-americanas\/","title":{"rendered":"Sobre as elei\u00e7\u00f5es americanas"},"content":{"rendered":"<p>Notas sobre a sess\u00e3o#1 do Ciclo de Semin\u00e1rios 2008\/2009 promovido pela <a href=\"http:\/\/www.grupolusofona.pt\/portal\/page?_pageid=194,1&amp;_dad=portal&amp;_schema=PORTAL\">Universidade Lus\u00f3fona do Porto<\/a> de 27 de Setembro sobre &#8220;As Elei\u00e7\u00f5es Presidenciais Americanas&#8221;.<\/p>\n<p>Semin\u00e1rio com Azeredo Lopes presidente da <a href=\"http:\/\/www.erc.pt\">ERC<\/a>.<\/p>\n<ul>\n<li>Elei\u00e7\u00f5es americanas como est\u00edmulo ao debate<\/li>\n<li>disconnect entre o que os americanos consideram importante e aquilo que o resto do mundo considera importante<\/li>\n<li>An\u00e1lise dos candidatos e vices<br \/>\nobama<br \/>\n(+) carisma \/ (-) ra\u00e7a =&gt; voice vs practice<br \/>\nmccain<br \/>\n(-) idade<br \/>\n(+) percurso vida<br \/>\nderiva conservadora conforme a elei\u00e7\u00e3o avan\u00e7a<br \/>\njoe byden<br \/>\n(+) mais experiencia profissional<br \/>\nsarah pallin<br \/>\n(+ na perspectiva dos conservadores) eleitor religioso ultra-conservador<br \/>\n(-) tirou pela primeira vez o passaporte o ano passado<\/li>\n<li>import\u00e2ncia do presidente relativa =&gt; import\u00e2ncia \/ qualidade das equipas que o acompanha<\/li>\n<li>quest\u00e3o dos estados e vota\u00e7\u00f5es. o que j\u00e1 est\u00e1 decidido e os indecisos<\/li>\n<li>barack obama \u00e9 mais compreensivel para os europeus<\/li>\n<li>escrutinio mais exigente =&gt; media, primarias =&gt; profissionalismo. potencia o debate<\/li>\n<li>ou talvez n\u00e3o =&gt; se calhar potencia a espectacularidade. religi\u00e3o, capacidade financeira, percursos pessoais, exercicio c\u00e9nico.<\/li>\n<li>matriz ideol\u00f3gica pol\u00edtica externa =&gt; democratas \/ republicanos semelhante<\/li>\n<\/ul>\n<p>Ver outras notas <a href=\"http:\/\/www.portalangop.co.ao\/motix\/pt_pt\/noticias\/internacional\/Azeredo-Lopes-promete-rezar-pela-saude-McCain-candidato-republicano-ganhar,88b5a137-b0e0-4267-8353-29a63767c3e4.html\">aqui<\/a>.<\/p>\n","protected":false},"excerpt":{"rendered":"<p>Notas sobre a sess\u00e3o#1 do Ciclo de Semin\u00e1rios 2008\/2009 promovido pela Universidade Lus\u00f3fona do Porto de 27 de Setembro sobre &#8220;As Elei\u00e7\u00f5es Presidenciais Americanas&#8221;. Semin\u00e1rio com Azeredo Lopes presidente da ERC. Elei\u00e7\u00f5es americanas como est\u00edmulo ao debate disconnect entre o que os americanos consideram importante e aquilo que o resto do mundo considera importante An\u00e1lise [&hellip;]<\/p>\n","protected":false},"author":1,"featured_media":0,"comment_status":"open","ping_status":"open","sticky":false,"template":"","format":"standard","meta":{"footnotes":""},"categories":[7],"tags":[56,81,238,518,661],"class_list":["post-689","post","type-post","status-publish","format-standard","hentry","category-ler-ver-ouvir-passear","tag-apontamentos","tag-azeredo-lopes","tag-eua","tag-politica","tag-universidade-lusofona-porto"],"yoast_head":"<!-- This site is optimized with the Yoast SEO plugin v27.5 - https:\/\/yoast.com\/product\/yoast-seo-wordpress\/ -->\n<title>Sobre as elei\u00e7\u00f5es americanas - Os Meus Apontamentos<\/title>\n<meta name=\"robots\" content=\"index, follow, max-snippet:-1, max-image-preview:large, max-video-preview:-1\" \/>\n<link rel=\"canonical\" href=\"https:\/\/osmeusapontamentos.com\/index.php\/2008\/10\/01\/sobre-as-eleicoes-americanas\/\" \/>\n<meta property=\"og:locale\" content=\"pt_PT\" \/>\n<meta property=\"og:type\" content=\"article\" \/>\n<meta property=\"og:title\" content=\"Sobre as elei\u00e7\u00f5es americanas - Os Meus Apontamentos\" \/>\n<meta property=\"og:description\" content=\"Notas sobre a sess\u00e3o#1 do Ciclo de Semin\u00e1rios 2008\/2009 promovido pela Universidade Lus\u00f3fona do Porto de 27 de Setembro sobre &#8220;As Elei\u00e7\u00f5es Presidenciais Americanas&#8221;. Semin\u00e1rio com Azeredo Lopes presidente da ERC. Elei\u00e7\u00f5es americanas como est\u00edmulo ao debate disconnect entre o que os americanos consideram importante e aquilo que o resto do mundo considera importante An\u00e1lise [&hellip;]\" \/>\n<meta property=\"og:url\" content=\"https:\/\/osmeusapontamentos.com\/index.php\/2008\/10\/01\/sobre-as-eleicoes-americanas\/\" \/>\n<meta property=\"og:site_name\" content=\"Os Meus Apontamentos\" \/>\n<meta property=\"article:published_time\" content=\"2008-10-01T09:15:28+00:00\" \/>\n<meta name=\"author\" content=\"Vitor Silva\" \/>\n<meta name=\"twitter:card\" content=\"summary_large_image\" \/>\n<meta name=\"twitter:creator\" content=\"@vitorsilva\" \/>\n<meta name=\"twitter:site\" content=\"@vitorsilva\" \/>\n<meta name=\"twitter:label1\" content=\"Escrito por\" \/>\n\t<meta name=\"twitter:data1\" content=\"Vitor Silva\" \/>\n\t<meta name=\"twitter:label2\" content=\"Tempo estimado de leitura\" \/>\n\t<meta name=\"twitter:data2\" content=\"1 minuto\" \/>\n<script type=\"application\/ld+json\" class=\"yoast-schema-graph\">{\"@context\":\"https:\\\/\\\/schema.org\",\"@graph\":[{\"@type\":\"Article\",\"@id\":\"https:\\\/\\\/osmeusapontamentos.com\\\/index.php\\\/2008\\\/10\\\/01\\\/sobre-as-eleicoes-americanas\\\/#article\",\"isPartOf\":{\"@id\":\"https:\\\/\\\/osmeusapontamentos.com\\\/index.php\\\/2008\\\/10\\\/01\\\/sobre-as-eleicoes-americanas\\\/\"},\"author\":{\"name\":\"Vitor Silva\",\"@id\":\"https:\\\/\\\/osmeusapontamentos.com\\\/#\\\/schema\\\/person\\\/d508df9c3ffc8b4e64a18dbf0ba18dd8\"},\"headline\":\"Sobre as elei\u00e7\u00f5es americanas\",\"datePublished\":\"2008-10-01T09:15:28+00:00\",\"mainEntityOfPage\":{\"@id\":\"https:\\\/\\\/osmeusapontamentos.com\\\/index.php\\\/2008\\\/10\\\/01\\\/sobre-as-eleicoes-americanas\\\/\"},\"wordCount\":196,\"commentCount\":1,\"publisher\":{\"@id\":\"https:\\\/\\\/osmeusapontamentos.com\\\/#\\\/schema\\\/person\\\/d508df9c3ffc8b4e64a18dbf0ba18dd8\"},\"keywords\":[\"apontamentos\",\"azeredo lopes\",\"eua\",\"pol\u00edtica\",\"universidade lus\u00f3fona porto\"],\"articleSection\":[\"Ler\\\/ Ver\\\/ Ouvir\\\/ Passear\"],\"inLanguage\":\"pt-PT\",\"potentialAction\":[{\"@type\":\"CommentAction\",\"name\":\"Comment\",\"target\":[\"https:\\\/\\\/osmeusapontamentos.com\\\/index.php\\\/2008\\\/10\\\/01\\\/sobre-as-eleicoes-americanas\\\/#respond\"]}]},{\"@type\":\"WebPage\",\"@id\":\"https:\\\/\\\/osmeusapontamentos.com\\\/index.php\\\/2008\\\/10\\\/01\\\/sobre-as-eleicoes-americanas\\\/\",\"url\":\"https:\\\/\\\/osmeusapontamentos.com\\\/index.php\\\/2008\\\/10\\\/01\\\/sobre-as-eleicoes-americanas\\\/\",\"name\":\"Sobre as elei\u00e7\u00f5es americanas - Os Meus Apontamentos\",\"isPartOf\":{\"@id\":\"https:\\\/\\\/osmeusapontamentos.com\\\/#website\"},\"datePublished\":\"2008-10-01T09:15:28+00:00\",\"breadcrumb\":{\"@id\":\"https:\\\/\\\/osmeusapontamentos.com\\\/index.php\\\/2008\\\/10\\\/01\\\/sobre-as-eleicoes-americanas\\\/#breadcrumb\"},\"inLanguage\":\"pt-PT\",\"potentialAction\":[{\"@type\":\"ReadAction\",\"target\":[\"https:\\\/\\\/osmeusapontamentos.com\\\/index.php\\\/2008\\\/10\\\/01\\\/sobre-as-eleicoes-americanas\\\/\"]}]},{\"@type\":\"BreadcrumbList\",\"@id\":\"https:\\\/\\\/osmeusapontamentos.com\\\/index.php\\\/2008\\\/10\\\/01\\\/sobre-as-eleicoes-americanas\\\/#breadcrumb\",\"itemListElement\":[{\"@type\":\"ListItem\",\"position\":1,\"name\":\"In\u00edcio\",\"item\":\"https:\\\/\\\/osmeusapontamentos.com\\\/\"},{\"@type\":\"ListItem\",\"position\":2,\"name\":\"Sobre as elei\u00e7\u00f5es americanas\"}]},{\"@type\":\"WebSite\",\"@id\":\"https:\\\/\\\/osmeusapontamentos.com\\\/#website\",\"url\":\"https:\\\/\\\/osmeusapontamentos.com\\\/\",\"name\":\"Os Meus Apontamentos\",\"description\":\"\",\"publisher\":{\"@id\":\"https:\\\/\\\/osmeusapontamentos.com\\\/#\\\/schema\\\/person\\\/d508df9c3ffc8b4e64a18dbf0ba18dd8\"},\"potentialAction\":[{\"@type\":\"SearchAction\",\"target\":{\"@type\":\"EntryPoint\",\"urlTemplate\":\"https:\\\/\\\/osmeusapontamentos.com\\\/?s={search_term_string}\"},\"query-input\":{\"@type\":\"PropertyValueSpecification\",\"valueRequired\":true,\"valueName\":\"search_term_string\"}}],\"inLanguage\":\"pt-PT\"},{\"@type\":[\"Person\",\"Organization\"],\"@id\":\"https:\\\/\\\/osmeusapontamentos.com\\\/#\\\/schema\\\/person\\\/d508df9c3ffc8b4e64a18dbf0ba18dd8\",\"name\":\"Vitor Silva\",\"image\":{\"@type\":\"ImageObject\",\"inLanguage\":\"pt-PT\",\"@id\":\"https:\\\/\\\/secure.gravatar.com\\\/avatar\\\/f81f58ad909e8a213ab0a690f6ed65e5c0e0e2274bf35ac49ff31d7988d483ce?s=96&d=mm&r=g\",\"url\":\"https:\\\/\\\/secure.gravatar.com\\\/avatar\\\/f81f58ad909e8a213ab0a690f6ed65e5c0e0e2274bf35ac49ff31d7988d483ce?s=96&d=mm&r=g\",\"contentUrl\":\"https:\\\/\\\/secure.gravatar.com\\\/avatar\\\/f81f58ad909e8a213ab0a690f6ed65e5c0e0e2274bf35ac49ff31d7988d483ce?s=96&d=mm&r=g\",\"caption\":\"Vitor Silva\"},\"logo\":{\"@id\":\"https:\\\/\\\/secure.gravatar.com\\\/avatar\\\/f81f58ad909e8a213ab0a690f6ed65e5c0e0e2274bf35ac49ff31d7988d483ce?s=96&d=mm&r=g\"},\"sameAs\":[\"https:\\\/\\\/www.linkedin.com\\\/in\\\/vitormrsilva\",\"https:\\\/\\\/x.com\\\/vitorsilva\"]}]}<\/script>\n<!-- \/ Yoast SEO plugin. -->","yoast_head_json":{"title":"Sobre as elei\u00e7\u00f5es americanas - Os Meus Apontamentos","robots":{"index":"index","follow":"follow","max-snippet":"max-snippet:-1","max-image-preview":"max-image-preview:large","max-video-preview":"max-video-preview:-1"},"canonical":"https:\/\/osmeusapontamentos.com\/index.php\/2008\/10\/01\/sobre-as-eleicoes-americanas\/","og_locale":"pt_PT","og_type":"article","og_title":"Sobre as elei\u00e7\u00f5es americanas - Os Meus Apontamentos","og_description":"Notas sobre a sess\u00e3o#1 do Ciclo de Semin\u00e1rios 2008\/2009 promovido pela Universidade Lus\u00f3fona do Porto de 27 de Setembro sobre &#8220;As Elei\u00e7\u00f5es Presidenciais Americanas&#8221;. Semin\u00e1rio com Azeredo Lopes presidente da ERC. Elei\u00e7\u00f5es americanas como est\u00edmulo ao debate disconnect entre o que os americanos consideram importante e aquilo que o resto do mundo considera importante An\u00e1lise [&hellip;]","og_url":"https:\/\/osmeusapontamentos.com\/index.php\/2008\/10\/01\/sobre-as-eleicoes-americanas\/","og_site_name":"Os Meus Apontamentos","article_published_time":"2008-10-01T09:15:28+00:00","author":"Vitor Silva","twitter_card":"summary_large_image","twitter_creator":"@vitorsilva","twitter_site":"@vitorsilva","twitter_misc":{"Escrito por":"Vitor Silva","Tempo estimado de leitura":"1 minuto"},"schema":{"@context":"https:\/\/schema.org","@graph":[{"@type":"Article","@id":"https:\/\/osmeusapontamentos.com\/index.php\/2008\/10\/01\/sobre-as-eleicoes-americanas\/#article","isPartOf":{"@id":"https:\/\/osmeusapontamentos.com\/index.php\/2008\/10\/01\/sobre-as-eleicoes-americanas\/"},"author":{"name":"Vitor Silva","@id":"https:\/\/osmeusapontamentos.com\/#\/schema\/person\/d508df9c3ffc8b4e64a18dbf0ba18dd8"},"headline":"Sobre as elei\u00e7\u00f5es americanas","datePublished":"2008-10-01T09:15:28+00:00","mainEntityOfPage":{"@id":"https:\/\/osmeusapontamentos.com\/index.php\/2008\/10\/01\/sobre-as-eleicoes-americanas\/"},"wordCount":196,"commentCount":1,"publisher":{"@id":"https:\/\/osmeusapontamentos.com\/#\/schema\/person\/d508df9c3ffc8b4e64a18dbf0ba18dd8"},"keywords":["apontamentos","azeredo lopes","eua","pol\u00edtica","universidade lus\u00f3fona porto"],"articleSection":["Ler\/ Ver\/ Ouvir\/ Passear"],"inLanguage":"pt-PT","potentialAction":[{"@type":"CommentAction","name":"Comment","target":["https:\/\/osmeusapontamentos.com\/index.php\/2008\/10\/01\/sobre-as-eleicoes-americanas\/#respond"]}]},{"@type":"WebPage","@id":"https:\/\/osmeusapontamentos.com\/index.php\/2008\/10\/01\/sobre-as-eleicoes-americanas\/","url":"https:\/\/osmeusapontamentos.com\/index.php\/2008\/10\/01\/sobre-as-eleicoes-americanas\/","name":"Sobre as elei\u00e7\u00f5es americanas - Os Meus Apontamentos","isPartOf":{"@id":"https:\/\/osmeusapontamentos.com\/#website"},"datePublished":"2008-10-01T09:15:28+00:00","breadcrumb":{"@id":"https:\/\/osmeusapontamentos.com\/index.php\/2008\/10\/01\/sobre-as-eleicoes-americanas\/#breadcrumb"},"inLanguage":"pt-PT","potentialAction":[{"@type":"ReadAction","target":["https:\/\/osmeusapontamentos.com\/index.php\/2008\/10\/01\/sobre-as-eleicoes-americanas\/"]}]},{"@type":"BreadcrumbList","@id":"https:\/\/osmeusapontamentos.com\/index.php\/2008\/10\/01\/sobre-as-eleicoes-americanas\/#breadcrumb","itemListElement":[{"@type":"ListItem","position":1,"name":"In\u00edcio","item":"https:\/\/osmeusapontamentos.com\/"},{"@type":"ListItem","position":2,"name":"Sobre as elei\u00e7\u00f5es americanas"}]},{"@type":"WebSite","@id":"https:\/\/osmeusapontamentos.com\/#website","url":"https:\/\/osmeusapontamentos.com\/","name":"Os Meus Apontamentos","description":"","publisher":{"@id":"https:\/\/osmeusapontamentos.com\/#\/schema\/person\/d508df9c3ffc8b4e64a18dbf0ba18dd8"},"potentialAction":[{"@type":"SearchAction","target":{"@type":"EntryPoint","urlTemplate":"https:\/\/osmeusapontamentos.com\/?s={search_term_string}"},"query-input":{"@type":"PropertyValueSpecification","valueRequired":true,"valueName":"search_term_string"}}],"inLanguage":"pt-PT"},{"@type":["Person","Organization"],"@id":"https:\/\/osmeusapontamentos.com\/#\/schema\/person\/d508df9c3ffc8b4e64a18dbf0ba18dd8","name":"Vitor Silva","image":{"@type":"ImageObject","inLanguage":"pt-PT","@id":"https:\/\/secure.gravatar.com\/avatar\/f81f58ad909e8a213ab0a690f6ed65e5c0e0e2274bf35ac49ff31d7988d483ce?s=96&d=mm&r=g","url":"https:\/\/secure.gravatar.com\/avatar\/f81f58ad909e8a213ab0a690f6ed65e5c0e0e2274bf35ac49ff31d7988d483ce?s=96&d=mm&r=g","contentUrl":"https:\/\/secure.gravatar.com\/avatar\/f81f58ad909e8a213ab0a690f6ed65e5c0e0e2274bf35ac49ff31d7988d483ce?s=96&d=mm&r=g","caption":"Vitor Silva"},"logo":{"@id":"https:\/\/secure.gravatar.com\/avatar\/f81f58ad909e8a213ab0a690f6ed65e5c0e0e2274bf35ac49ff31d7988d483ce?s=96&d=mm&r=g"},"sameAs":["https:\/\/www.linkedin.com\/in\/vitormrsilva","https:\/\/x.com\/vitorsilva"]}]}},"_links":{"self":[{"href":"https:\/\/osmeusapontamentos.com\/index.php\/wp-json\/wp\/v2\/posts\/689","targetHints":{"allow":["GET"]}}],"collection":[{"href":"https:\/\/osmeusapontamentos.com\/index.php\/wp-json\/wp\/v2\/posts"}],"about":[{"href":"https:\/\/osmeusapontamentos.com\/index.php\/wp-json\/wp\/v2\/types\/post"}],"author":[{"embeddable":true,"href":"https:\/\/osmeusapontamentos.com\/index.php\/wp-json\/wp\/v2\/users\/1"}],"replies":[{"embeddable":true,"href":"https:\/\/osmeusapontamentos.com\/index.php\/wp-json\/wp\/v2\/comments?post=689"}],"version-history":[{"count":0,"href":"https:\/\/osmeusapontamentos.com\/index.php\/wp-json\/wp\/v2\/posts\/689\/revisions"}],"wp:attachment":[{"href":"https:\/\/osmeusapontamentos.com\/index.php\/wp-json\/wp\/v2\/media?parent=689"}],"wp:term":[{"taxonomy":"category","embeddable":true,"href":"https:\/\/osmeusapontamentos.com\/index.php\/wp-json\/wp\/v2\/categories?post=689"},{"taxonomy":"post_tag","embeddable":true,"href":"https:\/\/osmeusapontamentos.com\/index.php\/wp-json\/wp\/v2\/tags?post=689"}],"curies":[{"name":"wp","href":"https:\/\/api.w.org\/{rel}","templated":true}]}}