{"id":676,"date":"2008-09-29T09:30:39","date_gmt":"2008-09-29T09:30:39","guid":{"rendered":"http:\/\/osmeusapontamentos.com\/?p=676"},"modified":"2008-09-29T09:30:39","modified_gmt":"2008-09-29T09:30:39","slug":"regionalizacao-3","status":"publish","type":"post","link":"https:\/\/osmeusapontamentos.com\/index.php\/2008\/09\/29\/regionalizacao-3\/","title":{"rendered":"regionaliza\u00e7\u00e3o #3"},"content":{"rendered":"<p>Notas sobre a sess\u00e3o#3 do <a href=\"http:\/\/www.cm-porto.pt\/gen.pl?p=stories&amp;op=view&amp;fokey=cmp.stories\/9425\">Ciclo de Confer\u00eancias sobre a Regionaliza\u00e7\u00e3o<\/a> promovido pela <a href=\"http:\/\/www.cm-porto.pt\/\">C\u00e2mara Municipal do Porto<\/a> de 25 de Setembro sobre &#8220;Atribui\u00e7\u00f5es e Compet\u00eancias&#8221;.<\/p>\n<p>Como s\u00f3 cheguei a meio da sess\u00e3o s\u00f3 consegui ouvir a interven\u00e7\u00e3o de Vital Moreira.<\/p>\n<p>Proposta de nova terminologia:<\/p>\n<ul>\n<li>regionaliza\u00e7\u00e3o =&gt; descentraliza\u00e7\u00e3o regional<\/li>\n<li>regi\u00f5es =&gt; autarquias regionais =&gt; prov\u00edncias<\/li>\n<\/ul>\n<p>n\u00e3o regionaliza\u00e7\u00e3o deve-se a um erro dos decisores pol\u00edticos<\/p>\n<p>n\u00e3o pode ser s\u00f3 o mapa a ser discutido mas tamb\u00e9m as suas atribui\u00e7\u00f5es, o modo de financiamento, o m\u00e9todo eleitoral<\/p>\n<p>referendo de 97 era um cheque em branco<\/p>\n<p>entretanto acentuaram-se as assimetrias. mesmo assim houve alguma consolida\u00e7\u00e3o na distribui\u00e7\u00e3o dos servi\u00e7os pelos diferentes agrupamentos territoriais e tem-se caminhado para a regi\u00e3o tal como est\u00e3o definidas actualmente (<a href=\"http:\/\/pt.wikipedia.org\/wiki\/NUTS\">nuts<\/a>2)<\/p>\n<p>perguntas a que \u00e9 necess\u00e1rio responder<\/p>\n<ul>\n<li>que tarefas se descentralizam<\/li>\n<li>o que v\u00e3o fazer<\/li>\n<li>que poderes v\u00e3o ter<\/li>\n<li>qual o crit\u00e9rio para decidir o que passa do estado central para a regi\u00e3o<\/li>\n<\/ul>\n<p>motiva\u00e7\u00e3o para a regionaliza\u00e7\u00e3o: crit\u00e9rios constitucionais<\/p>\n<ul>\n<li>descentraliza\u00e7\u00e3o territorial<\/li>\n<li>subsidariedade<\/li>\n<li>coes\u00e3o territorial<\/li>\n<\/ul>\n<p>Enquadramento legal: <a href=\"http:\/\/www.cne.pt\/dl\/apoio_rn_08_11_lei_quadro.pdf\">Lei Quadro das Regi\u00f5es Administrativas 56\/91<\/a>, proposta PCP 95, eventuais actualiza\u00e7\u00f5es.<\/p>\n<p>Compet\u00eancias a atribuir: as que est\u00e3o actualmente agrupadas pelas ccdr, dr economia, dr agricultura, regi\u00e3o turismo, &#8230;,ou seja:<\/p>\n<ul>\n<li>regula\u00e7\u00e3o <a href=\"http:\/\/protn.inescporto.pt\/\">plano de ordenamento regional<\/a><\/li>\n<li>regula\u00e7\u00e3o plano de desenvolvimento regional<\/li>\n<li>participa\u00e7\u00e3o em planos nacionais<\/li>\n<li>rede rodovi\u00e1ria regional<\/li>\n<li>rede ferrovi\u00e1ria regional<\/li>\n<li>portos \/ aeroportos regionais<\/li>\n<li>ensino secund\u00e1rio<\/li>\n<li>hospitais regionais<\/li>\n<li>gest\u00e3o servi\u00e7os p\u00fablicos<\/li>\n<li>cultura<\/li>\n<li>tarefas administrativas<\/li>\n<li>fomento desenvolvimento regional<\/li>\n<li>gest\u00e3o incentivos<\/li>\n<li>equipamentos e infraestruturas<\/li>\n<\/ul>\n<p>Como implementar<\/p>\n<p>ambiciosos nos objectivos ultimos, modestos nos objectivos iniciais =&gt; poucos, importantes, seguros. eventualmente iniciar com a contratualiza\u00e7\u00e3o de atribui\u00e7\u00f5es atrav\u00e9s de parcerias com o estado.<\/p>\n<p>Como<\/p>\n<ul>\n<li>convencer o psd<\/li>\n<li>referendo -proposta de revis\u00e3o constitucional<\/li>\n<li>distritos =&gt; circulos eleitorais; partidos organizados por distrito<\/li>\n<li>substituir distritos por nuts3 ou agrega\u00e7\u00f5es de nuts3. claro que o ideal seria por nuts2.<br \/>\nUm &#8220;pequeno&#8221; problema =&gt; para se ter maioria absoluta passamos de 44% para 48%, 49%<\/li>\n<\/ul>\n<p>espacializar \/ territorializar politicas<\/p>\n<p>vis\u00e3o integrada regional<\/p>\n<p>Algumas perguntas que surgiram durante o per\u00edodo de &#8220;debate&#8221;:<\/p>\n<p>taf &#8211; porqu\u00ea insistir no mesmo tipo de regionaliza\u00e7\u00e3o para todo o pa\u00eds. porque n\u00e3o permitir que as regi\u00f5es ou sub-regi\u00f5es encontrem a melhor forma de se agrupar. =&gt; sobre isto Vital Moreira referiu a sua convic\u00e7\u00e3o de que se se criassem \/ transformassem as \u00c1reas Metropolitanas de Porto e Lisboa em Regi\u00f5es ent\u00e3o n\u00e3o se faria mais nenhuma regionaliza\u00e7\u00e3o uma vez que o resto do pa\u00eds n\u00e3o teria voz \/ for\u00e7a suficiente para o exigir.<\/p>\n<p>Lu\u00eds Fernandes &#8211; tendo em conta a proposta de agrupamento de compet\u00eancias de diferentes organismos numa s\u00f3 entidade, qual a vantagem de passar este organismo administrativo para uma nova entidade pol\u00edtica =&gt; em rela\u00e7\u00e3o a esta pergunta eu pr\u00f3prio apontaria para a <a href=\"https:\/\/osmeusapontamentos.com\/?p=650\">primeira sess\u00e3o sobre a regionaliza\u00e7\u00e3o<\/a>.<\/p>\n<p>sobre quem fiscaliza as regi\u00f5es, foi referido que a sua maior dimens\u00e3o poder\u00e1 proporcionar a exist\u00eancia de grupos de controlo civico (aqui a referir-se mais a comunica\u00e7\u00e3o social tradicional) que n\u00e3o h\u00e1 nos munic\u00edpios, pela sua menor dimens\u00e3o.<\/p>\n<p>Ver v\u00eddeos e outras notas no <a href=\"http:\/\/www.cm-porto.pt\/gen.pl?p=stories&amp;op=view&amp;fokey=cmp.stories\/10105\">site da c\u00e2mara<\/a><\/p>\n","protected":false},"excerpt":{"rendered":"<p>Notas sobre a sess\u00e3o#3 do Ciclo de Confer\u00eancias sobre a Regionaliza\u00e7\u00e3o promovido pela C\u00e2mara Municipal do Porto de 25 de Setembro sobre &#8220;Atribui\u00e7\u00f5es e Compet\u00eancias&#8221;. Como s\u00f3 cheguei a meio da sess\u00e3o s\u00f3 consegui ouvir a interven\u00e7\u00e3o de Vital Moreira. Proposta de nova terminologia: regionaliza\u00e7\u00e3o =&gt; descentraliza\u00e7\u00e3o regional regi\u00f5es =&gt; autarquias regionais =&gt; prov\u00edncias n\u00e3o [&hellip;]<\/p>\n","protected":false},"author":1,"featured_media":0,"comment_status":"open","ping_status":"open","sticky":false,"template":"","format":"standard","meta":{"footnotes":""},"categories":[7],"tags":[524,557],"class_list":["post-676","post","type-post","status-publish","format-standard","hentry","category-ler-ver-ouvir-passear","tag-porto","tag-regionalizacao"],"yoast_head":"<!-- This site is optimized with the Yoast SEO plugin v27.5 - https:\/\/yoast.com\/product\/yoast-seo-wordpress\/ -->\n<title>regionaliza\u00e7\u00e3o #3 - Os Meus Apontamentos<\/title>\n<meta name=\"robots\" content=\"index, follow, max-snippet:-1, max-image-preview:large, max-video-preview:-1\" \/>\n<link rel=\"canonical\" href=\"https:\/\/osmeusapontamentos.com\/index.php\/2008\/09\/29\/regionalizacao-3\/\" \/>\n<meta property=\"og:locale\" content=\"pt_PT\" \/>\n<meta property=\"og:type\" content=\"article\" \/>\n<meta property=\"og:title\" content=\"regionaliza\u00e7\u00e3o #3 - Os Meus Apontamentos\" \/>\n<meta property=\"og:description\" content=\"Notas sobre a sess\u00e3o#3 do Ciclo de Confer\u00eancias sobre a Regionaliza\u00e7\u00e3o promovido pela C\u00e2mara Municipal do Porto de 25 de Setembro sobre &#8220;Atribui\u00e7\u00f5es e Compet\u00eancias&#8221;. Como s\u00f3 cheguei a meio da sess\u00e3o s\u00f3 consegui ouvir a interven\u00e7\u00e3o de Vital Moreira. Proposta de nova terminologia: regionaliza\u00e7\u00e3o =&gt; descentraliza\u00e7\u00e3o regional regi\u00f5es =&gt; autarquias regionais =&gt; prov\u00edncias n\u00e3o [&hellip;]\" \/>\n<meta property=\"og:url\" content=\"https:\/\/osmeusapontamentos.com\/index.php\/2008\/09\/29\/regionalizacao-3\/\" \/>\n<meta property=\"og:site_name\" content=\"Os Meus Apontamentos\" \/>\n<meta property=\"article:published_time\" content=\"2008-09-29T09:30:39+00:00\" \/>\n<meta name=\"author\" content=\"Vitor Silva\" \/>\n<meta name=\"twitter:card\" content=\"summary_large_image\" \/>\n<meta name=\"twitter:creator\" content=\"@vitorsilva\" \/>\n<meta name=\"twitter:site\" content=\"@vitorsilva\" \/>\n<meta name=\"twitter:label1\" content=\"Escrito por\" \/>\n\t<meta name=\"twitter:data1\" content=\"Vitor Silva\" \/>\n\t<meta name=\"twitter:label2\" content=\"Tempo estimado de leitura\" \/>\n\t<meta name=\"twitter:data2\" content=\"3 minutos\" \/>\n<script type=\"application\/ld+json\" class=\"yoast-schema-graph\">{\"@context\":\"https:\\\/\\\/schema.org\",\"@graph\":[{\"@type\":\"Article\",\"@id\":\"https:\\\/\\\/osmeusapontamentos.com\\\/index.php\\\/2008\\\/09\\\/29\\\/regionalizacao-3\\\/#article\",\"isPartOf\":{\"@id\":\"https:\\\/\\\/osmeusapontamentos.com\\\/index.php\\\/2008\\\/09\\\/29\\\/regionalizacao-3\\\/\"},\"author\":{\"name\":\"Vitor Silva\",\"@id\":\"https:\\\/\\\/osmeusapontamentos.com\\\/#\\\/schema\\\/person\\\/d508df9c3ffc8b4e64a18dbf0ba18dd8\"},\"headline\":\"regionaliza\u00e7\u00e3o #3\",\"datePublished\":\"2008-09-29T09:30:39+00:00\",\"mainEntityOfPage\":{\"@id\":\"https:\\\/\\\/osmeusapontamentos.com\\\/index.php\\\/2008\\\/09\\\/29\\\/regionalizacao-3\\\/\"},\"wordCount\":572,\"commentCount\":0,\"publisher\":{\"@id\":\"https:\\\/\\\/osmeusapontamentos.com\\\/#\\\/schema\\\/person\\\/d508df9c3ffc8b4e64a18dbf0ba18dd8\"},\"keywords\":[\"porto\",\"regionaliza\u00e7\u00e3o\"],\"articleSection\":[\"Ler\\\/ Ver\\\/ Ouvir\\\/ Passear\"],\"inLanguage\":\"pt-PT\",\"potentialAction\":[{\"@type\":\"CommentAction\",\"name\":\"Comment\",\"target\":[\"https:\\\/\\\/osmeusapontamentos.com\\\/index.php\\\/2008\\\/09\\\/29\\\/regionalizacao-3\\\/#respond\"]}]},{\"@type\":\"WebPage\",\"@id\":\"https:\\\/\\\/osmeusapontamentos.com\\\/index.php\\\/2008\\\/09\\\/29\\\/regionalizacao-3\\\/\",\"url\":\"https:\\\/\\\/osmeusapontamentos.com\\\/index.php\\\/2008\\\/09\\\/29\\\/regionalizacao-3\\\/\",\"name\":\"regionaliza\u00e7\u00e3o #3 - Os Meus Apontamentos\",\"isPartOf\":{\"@id\":\"https:\\\/\\\/osmeusapontamentos.com\\\/#website\"},\"datePublished\":\"2008-09-29T09:30:39+00:00\",\"breadcrumb\":{\"@id\":\"https:\\\/\\\/osmeusapontamentos.com\\\/index.php\\\/2008\\\/09\\\/29\\\/regionalizacao-3\\\/#breadcrumb\"},\"inLanguage\":\"pt-PT\",\"potentialAction\":[{\"@type\":\"ReadAction\",\"target\":[\"https:\\\/\\\/osmeusapontamentos.com\\\/index.php\\\/2008\\\/09\\\/29\\\/regionalizacao-3\\\/\"]}]},{\"@type\":\"BreadcrumbList\",\"@id\":\"https:\\\/\\\/osmeusapontamentos.com\\\/index.php\\\/2008\\\/09\\\/29\\\/regionalizacao-3\\\/#breadcrumb\",\"itemListElement\":[{\"@type\":\"ListItem\",\"position\":1,\"name\":\"In\u00edcio\",\"item\":\"https:\\\/\\\/osmeusapontamentos.com\\\/\"},{\"@type\":\"ListItem\",\"position\":2,\"name\":\"regionaliza\u00e7\u00e3o #3\"}]},{\"@type\":\"WebSite\",\"@id\":\"https:\\\/\\\/osmeusapontamentos.com\\\/#website\",\"url\":\"https:\\\/\\\/osmeusapontamentos.com\\\/\",\"name\":\"Os Meus Apontamentos\",\"description\":\"\",\"publisher\":{\"@id\":\"https:\\\/\\\/osmeusapontamentos.com\\\/#\\\/schema\\\/person\\\/d508df9c3ffc8b4e64a18dbf0ba18dd8\"},\"potentialAction\":[{\"@type\":\"SearchAction\",\"target\":{\"@type\":\"EntryPoint\",\"urlTemplate\":\"https:\\\/\\\/osmeusapontamentos.com\\\/?s={search_term_string}\"},\"query-input\":{\"@type\":\"PropertyValueSpecification\",\"valueRequired\":true,\"valueName\":\"search_term_string\"}}],\"inLanguage\":\"pt-PT\"},{\"@type\":[\"Person\",\"Organization\"],\"@id\":\"https:\\\/\\\/osmeusapontamentos.com\\\/#\\\/schema\\\/person\\\/d508df9c3ffc8b4e64a18dbf0ba18dd8\",\"name\":\"Vitor Silva\",\"image\":{\"@type\":\"ImageObject\",\"inLanguage\":\"pt-PT\",\"@id\":\"https:\\\/\\\/secure.gravatar.com\\\/avatar\\\/f81f58ad909e8a213ab0a690f6ed65e5c0e0e2274bf35ac49ff31d7988d483ce?s=96&d=mm&r=g\",\"url\":\"https:\\\/\\\/secure.gravatar.com\\\/avatar\\\/f81f58ad909e8a213ab0a690f6ed65e5c0e0e2274bf35ac49ff31d7988d483ce?s=96&d=mm&r=g\",\"contentUrl\":\"https:\\\/\\\/secure.gravatar.com\\\/avatar\\\/f81f58ad909e8a213ab0a690f6ed65e5c0e0e2274bf35ac49ff31d7988d483ce?s=96&d=mm&r=g\",\"caption\":\"Vitor Silva\"},\"logo\":{\"@id\":\"https:\\\/\\\/secure.gravatar.com\\\/avatar\\\/f81f58ad909e8a213ab0a690f6ed65e5c0e0e2274bf35ac49ff31d7988d483ce?s=96&d=mm&r=g\"},\"sameAs\":[\"https:\\\/\\\/www.linkedin.com\\\/in\\\/vitormrsilva\",\"https:\\\/\\\/x.com\\\/vitorsilva\"]}]}<\/script>\n<!-- \/ Yoast SEO plugin. -->","yoast_head_json":{"title":"regionaliza\u00e7\u00e3o #3 - Os Meus Apontamentos","robots":{"index":"index","follow":"follow","max-snippet":"max-snippet:-1","max-image-preview":"max-image-preview:large","max-video-preview":"max-video-preview:-1"},"canonical":"https:\/\/osmeusapontamentos.com\/index.php\/2008\/09\/29\/regionalizacao-3\/","og_locale":"pt_PT","og_type":"article","og_title":"regionaliza\u00e7\u00e3o #3 - Os Meus Apontamentos","og_description":"Notas sobre a sess\u00e3o#3 do Ciclo de Confer\u00eancias sobre a Regionaliza\u00e7\u00e3o promovido pela C\u00e2mara Municipal do Porto de 25 de Setembro sobre &#8220;Atribui\u00e7\u00f5es e Compet\u00eancias&#8221;. Como s\u00f3 cheguei a meio da sess\u00e3o s\u00f3 consegui ouvir a interven\u00e7\u00e3o de Vital Moreira. Proposta de nova terminologia: regionaliza\u00e7\u00e3o =&gt; descentraliza\u00e7\u00e3o regional regi\u00f5es =&gt; autarquias regionais =&gt; prov\u00edncias n\u00e3o [&hellip;]","og_url":"https:\/\/osmeusapontamentos.com\/index.php\/2008\/09\/29\/regionalizacao-3\/","og_site_name":"Os Meus Apontamentos","article_published_time":"2008-09-29T09:30:39+00:00","author":"Vitor Silva","twitter_card":"summary_large_image","twitter_creator":"@vitorsilva","twitter_site":"@vitorsilva","twitter_misc":{"Escrito por":"Vitor Silva","Tempo estimado de leitura":"3 minutos"},"schema":{"@context":"https:\/\/schema.org","@graph":[{"@type":"Article","@id":"https:\/\/osmeusapontamentos.com\/index.php\/2008\/09\/29\/regionalizacao-3\/#article","isPartOf":{"@id":"https:\/\/osmeusapontamentos.com\/index.php\/2008\/09\/29\/regionalizacao-3\/"},"author":{"name":"Vitor Silva","@id":"https:\/\/osmeusapontamentos.com\/#\/schema\/person\/d508df9c3ffc8b4e64a18dbf0ba18dd8"},"headline":"regionaliza\u00e7\u00e3o #3","datePublished":"2008-09-29T09:30:39+00:00","mainEntityOfPage":{"@id":"https:\/\/osmeusapontamentos.com\/index.php\/2008\/09\/29\/regionalizacao-3\/"},"wordCount":572,"commentCount":0,"publisher":{"@id":"https:\/\/osmeusapontamentos.com\/#\/schema\/person\/d508df9c3ffc8b4e64a18dbf0ba18dd8"},"keywords":["porto","regionaliza\u00e7\u00e3o"],"articleSection":["Ler\/ Ver\/ Ouvir\/ Passear"],"inLanguage":"pt-PT","potentialAction":[{"@type":"CommentAction","name":"Comment","target":["https:\/\/osmeusapontamentos.com\/index.php\/2008\/09\/29\/regionalizacao-3\/#respond"]}]},{"@type":"WebPage","@id":"https:\/\/osmeusapontamentos.com\/index.php\/2008\/09\/29\/regionalizacao-3\/","url":"https:\/\/osmeusapontamentos.com\/index.php\/2008\/09\/29\/regionalizacao-3\/","name":"regionaliza\u00e7\u00e3o #3 - Os Meus Apontamentos","isPartOf":{"@id":"https:\/\/osmeusapontamentos.com\/#website"},"datePublished":"2008-09-29T09:30:39+00:00","breadcrumb":{"@id":"https:\/\/osmeusapontamentos.com\/index.php\/2008\/09\/29\/regionalizacao-3\/#breadcrumb"},"inLanguage":"pt-PT","potentialAction":[{"@type":"ReadAction","target":["https:\/\/osmeusapontamentos.com\/index.php\/2008\/09\/29\/regionalizacao-3\/"]}]},{"@type":"BreadcrumbList","@id":"https:\/\/osmeusapontamentos.com\/index.php\/2008\/09\/29\/regionalizacao-3\/#breadcrumb","itemListElement":[{"@type":"ListItem","position":1,"name":"In\u00edcio","item":"https:\/\/osmeusapontamentos.com\/"},{"@type":"ListItem","position":2,"name":"regionaliza\u00e7\u00e3o #3"}]},{"@type":"WebSite","@id":"https:\/\/osmeusapontamentos.com\/#website","url":"https:\/\/osmeusapontamentos.com\/","name":"Os Meus Apontamentos","description":"","publisher":{"@id":"https:\/\/osmeusapontamentos.com\/#\/schema\/person\/d508df9c3ffc8b4e64a18dbf0ba18dd8"},"potentialAction":[{"@type":"SearchAction","target":{"@type":"EntryPoint","urlTemplate":"https:\/\/osmeusapontamentos.com\/?s={search_term_string}"},"query-input":{"@type":"PropertyValueSpecification","valueRequired":true,"valueName":"search_term_string"}}],"inLanguage":"pt-PT"},{"@type":["Person","Organization"],"@id":"https:\/\/osmeusapontamentos.com\/#\/schema\/person\/d508df9c3ffc8b4e64a18dbf0ba18dd8","name":"Vitor Silva","image":{"@type":"ImageObject","inLanguage":"pt-PT","@id":"https:\/\/secure.gravatar.com\/avatar\/f81f58ad909e8a213ab0a690f6ed65e5c0e0e2274bf35ac49ff31d7988d483ce?s=96&d=mm&r=g","url":"https:\/\/secure.gravatar.com\/avatar\/f81f58ad909e8a213ab0a690f6ed65e5c0e0e2274bf35ac49ff31d7988d483ce?s=96&d=mm&r=g","contentUrl":"https:\/\/secure.gravatar.com\/avatar\/f81f58ad909e8a213ab0a690f6ed65e5c0e0e2274bf35ac49ff31d7988d483ce?s=96&d=mm&r=g","caption":"Vitor Silva"},"logo":{"@id":"https:\/\/secure.gravatar.com\/avatar\/f81f58ad909e8a213ab0a690f6ed65e5c0e0e2274bf35ac49ff31d7988d483ce?s=96&d=mm&r=g"},"sameAs":["https:\/\/www.linkedin.com\/in\/vitormrsilva","https:\/\/x.com\/vitorsilva"]}]}},"_links":{"self":[{"href":"https:\/\/osmeusapontamentos.com\/index.php\/wp-json\/wp\/v2\/posts\/676","targetHints":{"allow":["GET"]}}],"collection":[{"href":"https:\/\/osmeusapontamentos.com\/index.php\/wp-json\/wp\/v2\/posts"}],"about":[{"href":"https:\/\/osmeusapontamentos.com\/index.php\/wp-json\/wp\/v2\/types\/post"}],"author":[{"embeddable":true,"href":"https:\/\/osmeusapontamentos.com\/index.php\/wp-json\/wp\/v2\/users\/1"}],"replies":[{"embeddable":true,"href":"https:\/\/osmeusapontamentos.com\/index.php\/wp-json\/wp\/v2\/comments?post=676"}],"version-history":[{"count":0,"href":"https:\/\/osmeusapontamentos.com\/index.php\/wp-json\/wp\/v2\/posts\/676\/revisions"}],"wp:attachment":[{"href":"https:\/\/osmeusapontamentos.com\/index.php\/wp-json\/wp\/v2\/media?parent=676"}],"wp:term":[{"taxonomy":"category","embeddable":true,"href":"https:\/\/osmeusapontamentos.com\/index.php\/wp-json\/wp\/v2\/categories?post=676"},{"taxonomy":"post_tag","embeddable":true,"href":"https:\/\/osmeusapontamentos.com\/index.php\/wp-json\/wp\/v2\/tags?post=676"}],"curies":[{"name":"wp","href":"https:\/\/api.w.org\/{rel}","templated":true}]}}