{"id":652,"date":"2008-09-26T11:53:10","date_gmt":"2008-09-26T11:53:10","guid":{"rendered":"http:\/\/osmeusapontamentos.com\/?p=652"},"modified":"2008-09-26T11:53:10","modified_gmt":"2008-09-26T11:53:10","slug":"regionalizacao-2","status":"publish","type":"post","link":"https:\/\/osmeusapontamentos.com\/index.php\/2008\/09\/26\/regionalizacao-2\/","title":{"rendered":"regionaliza\u00e7\u00e3o #2"},"content":{"rendered":"<p>Notas sobre a sess\u00e3o#2 do <a href=\"http:\/\/www.cm-porto.pt\/gen.pl?p=stories&amp;op=view&amp;fokey=cmp.stories\/9425\">Ciclo de Confer\u00eancias sobre a Regionaliza\u00e7\u00e3o<\/a> promovido pela <a href=\"http:\/\/www.cm-porto.pt\/\">C\u00e2mara Municipal do Porto<\/a> de 10 de Julho sobre &#8220;As finan\u00e7as p\u00fablicas: nacionais, locais e regionais&#8221;.<\/p>\n<p>Jos\u00e9 Costa<br \/>\npara que servem as finan\u00e7as publicas<br \/>\n&#8211; afecta\u00e7\u00e3o recursos<br \/>\n&#8211; estabiliza\u00e7\u00e3o<br \/>\n&#8211; redistribui\u00e7\u00e3o<br \/>\n&#8211; promo\u00e7\u00e3o desenvolvimento<\/p>\n<p>(+)<br \/>\ncusto oportunidade<br \/>\nbenchmarking<br \/>\nexternalidades espaciais<\/p>\n<p>(-)<br \/>\ncusto burocracia<br \/>\neconomias escala<br \/>\nproblemas dos comuns<br \/>\ngrupos de interesse<br \/>\ndesequilibrio fiscal =&gt; vertical (entre regiao e estado) \/ horizontal (entre regioes)<\/p>\n<p><a href=\"http:\/\/www.econ.umd.edu\/~oates\/\">wallace oates<\/a><br \/>\n&#8211; federaliza\u00e7\u00e3o despesa p\u00fablica<br \/>\n&#8211; descentraliza\u00e7\u00e3o fiscal<\/p>\n<p>a transferencia aumenta a despesa p\u00fablica?<br \/>\n=&gt; neutral<br \/>\n=&gt; tornar claro o custo de oportunidade<br \/>\n=&gt; custos administrativos baixos<\/p>\n<p>necessidades<br \/>\n&#8211; ter base fiscal im\u00f3vel<br \/>\n&#8211; gerar receita fiscal adequada<br \/>\n&#8211; gerar receita fiscal previsivel e estavel<br \/>\n&#8211; dificeis exportar para nao residentes<\/p>\n<p>regras transferencia central =&gt; local<br \/>\n&#8211; autonomia, adequa\u00e7\u00e3o, equidade, previsibilidad, neutralidade, transparencia<\/p>\n<p>antonio nogueira leite<br \/>\ndesvantagens<br \/>\n(-) qualidade do n\u00edvel interm\u00e9dio do poder pol\u00edtico<br \/>\n(-) captura por interesses<br \/>\n(-) aveiro vs coimbra<br \/>\nduvidas<br \/>\n&#8211; portugal hoje vs portugal antes =&gt; + assimetrias<br \/>\n&#8211; principios de boa governa\u00e7\u00e3o da despesa publica<br \/>\nvantagens<br \/>\n(+) assimetrias =&gt; politica despesa \/ receita<br \/>\n(+) diferentes necessidades<br \/>\n(+) descentraliza\u00e7\u00e3o fiscal &#8211; implica trabalho pr\u00e9vio =&gt; regras claras, limites endividamento, penaliza\u00e7\u00f5es<br \/>\n(+) integrar regionalmente politicas nacionais<\/p>\n<p>limite constitucional \u00e0 despesa p\u00fablica total no pib?<br \/>\nregi\u00e3o piloto?<\/p>\n<p>miguel cadilhe<br \/>\nmacrocefalia<br \/>\n1966 &#8211; portugal pa\u00eds macrocefalo &#8211; <a href=\"http:\/\/findarticles.com\/p\/articles\/mi_m0254\/is_2_58\/ai_55084095\">prof. francisco pereira de moura<\/a><\/p>\n<p>taxa de utiliza\u00e7\u00e3o efectiva dos equipamentos<\/p>\n<p>recolher e repartir recursos<br \/>\nprincipio da subsidariedade<br \/>\ncontrolo central da desccentraliza\u00e7\u00e3o politica<\/p>\n<p>contrabalan\u00e7o<br \/>\n&#8211; eficiencia<br \/>\n&#8211; equidade \/ redistribui\u00e7\u00e3o<br \/>\n&#8211; estabiliza\u00e7\u00e3o macroeconomica<\/p>\n<p>ver v\u00eddeos e outras notas no <a href=\"http:\/\/www.cm-porto.pt\/gen.pl?p=print&amp;op=view&amp;fokey=cmp.stories\/9719&amp;sid=cmp.sections\/439\">site da c\u00e2mara<\/a><\/p>\n","protected":false},"excerpt":{"rendered":"<p>Notas sobre a sess\u00e3o#2 do Ciclo de Confer\u00eancias sobre a Regionaliza\u00e7\u00e3o promovido pela C\u00e2mara Municipal do Porto de 10 de Julho sobre &#8220;As finan\u00e7as p\u00fablicas: nacionais, locais e regionais&#8221;. Jos\u00e9 Costa para que servem as finan\u00e7as publicas &#8211; afecta\u00e7\u00e3o recursos &#8211; estabiliza\u00e7\u00e3o &#8211; redistribui\u00e7\u00e3o &#8211; promo\u00e7\u00e3o desenvolvimento (+) custo oportunidade benchmarking externalidades espaciais (-) custo [&hellip;]<\/p>\n","protected":false},"author":1,"featured_media":0,"comment_status":"open","ping_status":"open","sticky":false,"template":"","format":"standard","meta":{"footnotes":""},"categories":[7],"tags":[524,557],"class_list":["post-652","post","type-post","status-publish","format-standard","hentry","category-ler-ver-ouvir-passear","tag-porto","tag-regionalizacao"],"yoast_head":"<!-- This site is optimized with the Yoast SEO plugin v27.5 - https:\/\/yoast.com\/product\/yoast-seo-wordpress\/ -->\n<title>regionaliza\u00e7\u00e3o #2 - Os Meus Apontamentos<\/title>\n<meta name=\"robots\" content=\"index, follow, max-snippet:-1, max-image-preview:large, max-video-preview:-1\" \/>\n<link rel=\"canonical\" href=\"https:\/\/osmeusapontamentos.com\/index.php\/2008\/09\/26\/regionalizacao-2\/\" \/>\n<meta property=\"og:locale\" content=\"pt_PT\" \/>\n<meta property=\"og:type\" content=\"article\" \/>\n<meta property=\"og:title\" content=\"regionaliza\u00e7\u00e3o #2 - Os Meus Apontamentos\" \/>\n<meta property=\"og:description\" content=\"Notas sobre a sess\u00e3o#2 do Ciclo de Confer\u00eancias sobre a Regionaliza\u00e7\u00e3o promovido pela C\u00e2mara Municipal do Porto de 10 de Julho sobre &#8220;As finan\u00e7as p\u00fablicas: nacionais, locais e regionais&#8221;. Jos\u00e9 Costa para que servem as finan\u00e7as publicas &#8211; afecta\u00e7\u00e3o recursos &#8211; estabiliza\u00e7\u00e3o &#8211; redistribui\u00e7\u00e3o &#8211; promo\u00e7\u00e3o desenvolvimento (+) custo oportunidade benchmarking externalidades espaciais (-) custo [&hellip;]\" \/>\n<meta property=\"og:url\" content=\"https:\/\/osmeusapontamentos.com\/index.php\/2008\/09\/26\/regionalizacao-2\/\" \/>\n<meta property=\"og:site_name\" content=\"Os Meus Apontamentos\" \/>\n<meta property=\"article:published_time\" content=\"2008-09-26T11:53:10+00:00\" \/>\n<meta name=\"author\" content=\"Vitor Silva\" \/>\n<meta name=\"twitter:card\" content=\"summary_large_image\" \/>\n<meta name=\"twitter:creator\" content=\"@vitorsilva\" \/>\n<meta name=\"twitter:site\" content=\"@vitorsilva\" \/>\n<meta name=\"twitter:label1\" content=\"Escrito por\" \/>\n\t<meta name=\"twitter:data1\" content=\"Vitor Silva\" \/>\n\t<meta name=\"twitter:label2\" content=\"Tempo estimado de leitura\" \/>\n\t<meta name=\"twitter:data2\" content=\"1 minuto\" \/>\n<script type=\"application\/ld+json\" class=\"yoast-schema-graph\">{\"@context\":\"https:\\\/\\\/schema.org\",\"@graph\":[{\"@type\":\"Article\",\"@id\":\"https:\\\/\\\/osmeusapontamentos.com\\\/index.php\\\/2008\\\/09\\\/26\\\/regionalizacao-2\\\/#article\",\"isPartOf\":{\"@id\":\"https:\\\/\\\/osmeusapontamentos.com\\\/index.php\\\/2008\\\/09\\\/26\\\/regionalizacao-2\\\/\"},\"author\":{\"name\":\"Vitor Silva\",\"@id\":\"https:\\\/\\\/osmeusapontamentos.com\\\/#\\\/schema\\\/person\\\/d508df9c3ffc8b4e64a18dbf0ba18dd8\"},\"headline\":\"regionaliza\u00e7\u00e3o #2\",\"datePublished\":\"2008-09-26T11:53:10+00:00\",\"mainEntityOfPage\":{\"@id\":\"https:\\\/\\\/osmeusapontamentos.com\\\/index.php\\\/2008\\\/09\\\/26\\\/regionalizacao-2\\\/\"},\"wordCount\":292,\"commentCount\":0,\"publisher\":{\"@id\":\"https:\\\/\\\/osmeusapontamentos.com\\\/#\\\/schema\\\/person\\\/d508df9c3ffc8b4e64a18dbf0ba18dd8\"},\"keywords\":[\"porto\",\"regionaliza\u00e7\u00e3o\"],\"articleSection\":[\"Ler\\\/ Ver\\\/ Ouvir\\\/ Passear\"],\"inLanguage\":\"pt-PT\",\"potentialAction\":[{\"@type\":\"CommentAction\",\"name\":\"Comment\",\"target\":[\"https:\\\/\\\/osmeusapontamentos.com\\\/index.php\\\/2008\\\/09\\\/26\\\/regionalizacao-2\\\/#respond\"]}]},{\"@type\":\"WebPage\",\"@id\":\"https:\\\/\\\/osmeusapontamentos.com\\\/index.php\\\/2008\\\/09\\\/26\\\/regionalizacao-2\\\/\",\"url\":\"https:\\\/\\\/osmeusapontamentos.com\\\/index.php\\\/2008\\\/09\\\/26\\\/regionalizacao-2\\\/\",\"name\":\"regionaliza\u00e7\u00e3o #2 - Os Meus Apontamentos\",\"isPartOf\":{\"@id\":\"https:\\\/\\\/osmeusapontamentos.com\\\/#website\"},\"datePublished\":\"2008-09-26T11:53:10+00:00\",\"breadcrumb\":{\"@id\":\"https:\\\/\\\/osmeusapontamentos.com\\\/index.php\\\/2008\\\/09\\\/26\\\/regionalizacao-2\\\/#breadcrumb\"},\"inLanguage\":\"pt-PT\",\"potentialAction\":[{\"@type\":\"ReadAction\",\"target\":[\"https:\\\/\\\/osmeusapontamentos.com\\\/index.php\\\/2008\\\/09\\\/26\\\/regionalizacao-2\\\/\"]}]},{\"@type\":\"BreadcrumbList\",\"@id\":\"https:\\\/\\\/osmeusapontamentos.com\\\/index.php\\\/2008\\\/09\\\/26\\\/regionalizacao-2\\\/#breadcrumb\",\"itemListElement\":[{\"@type\":\"ListItem\",\"position\":1,\"name\":\"In\u00edcio\",\"item\":\"https:\\\/\\\/osmeusapontamentos.com\\\/\"},{\"@type\":\"ListItem\",\"position\":2,\"name\":\"regionaliza\u00e7\u00e3o #2\"}]},{\"@type\":\"WebSite\",\"@id\":\"https:\\\/\\\/osmeusapontamentos.com\\\/#website\",\"url\":\"https:\\\/\\\/osmeusapontamentos.com\\\/\",\"name\":\"Os Meus Apontamentos\",\"description\":\"\",\"publisher\":{\"@id\":\"https:\\\/\\\/osmeusapontamentos.com\\\/#\\\/schema\\\/person\\\/d508df9c3ffc8b4e64a18dbf0ba18dd8\"},\"potentialAction\":[{\"@type\":\"SearchAction\",\"target\":{\"@type\":\"EntryPoint\",\"urlTemplate\":\"https:\\\/\\\/osmeusapontamentos.com\\\/?s={search_term_string}\"},\"query-input\":{\"@type\":\"PropertyValueSpecification\",\"valueRequired\":true,\"valueName\":\"search_term_string\"}}],\"inLanguage\":\"pt-PT\"},{\"@type\":[\"Person\",\"Organization\"],\"@id\":\"https:\\\/\\\/osmeusapontamentos.com\\\/#\\\/schema\\\/person\\\/d508df9c3ffc8b4e64a18dbf0ba18dd8\",\"name\":\"Vitor Silva\",\"image\":{\"@type\":\"ImageObject\",\"inLanguage\":\"pt-PT\",\"@id\":\"https:\\\/\\\/secure.gravatar.com\\\/avatar\\\/f81f58ad909e8a213ab0a690f6ed65e5c0e0e2274bf35ac49ff31d7988d483ce?s=96&d=mm&r=g\",\"url\":\"https:\\\/\\\/secure.gravatar.com\\\/avatar\\\/f81f58ad909e8a213ab0a690f6ed65e5c0e0e2274bf35ac49ff31d7988d483ce?s=96&d=mm&r=g\",\"contentUrl\":\"https:\\\/\\\/secure.gravatar.com\\\/avatar\\\/f81f58ad909e8a213ab0a690f6ed65e5c0e0e2274bf35ac49ff31d7988d483ce?s=96&d=mm&r=g\",\"caption\":\"Vitor Silva\"},\"logo\":{\"@id\":\"https:\\\/\\\/secure.gravatar.com\\\/avatar\\\/f81f58ad909e8a213ab0a690f6ed65e5c0e0e2274bf35ac49ff31d7988d483ce?s=96&d=mm&r=g\"},\"sameAs\":[\"https:\\\/\\\/www.linkedin.com\\\/in\\\/vitormrsilva\",\"https:\\\/\\\/x.com\\\/vitorsilva\"]}]}<\/script>\n<!-- \/ Yoast SEO plugin. -->","yoast_head_json":{"title":"regionaliza\u00e7\u00e3o #2 - Os Meus Apontamentos","robots":{"index":"index","follow":"follow","max-snippet":"max-snippet:-1","max-image-preview":"max-image-preview:large","max-video-preview":"max-video-preview:-1"},"canonical":"https:\/\/osmeusapontamentos.com\/index.php\/2008\/09\/26\/regionalizacao-2\/","og_locale":"pt_PT","og_type":"article","og_title":"regionaliza\u00e7\u00e3o #2 - Os Meus Apontamentos","og_description":"Notas sobre a sess\u00e3o#2 do Ciclo de Confer\u00eancias sobre a Regionaliza\u00e7\u00e3o promovido pela C\u00e2mara Municipal do Porto de 10 de Julho sobre &#8220;As finan\u00e7as p\u00fablicas: nacionais, locais e regionais&#8221;. Jos\u00e9 Costa para que servem as finan\u00e7as publicas &#8211; afecta\u00e7\u00e3o recursos &#8211; estabiliza\u00e7\u00e3o &#8211; redistribui\u00e7\u00e3o &#8211; promo\u00e7\u00e3o desenvolvimento (+) custo oportunidade benchmarking externalidades espaciais (-) custo [&hellip;]","og_url":"https:\/\/osmeusapontamentos.com\/index.php\/2008\/09\/26\/regionalizacao-2\/","og_site_name":"Os Meus Apontamentos","article_published_time":"2008-09-26T11:53:10+00:00","author":"Vitor Silva","twitter_card":"summary_large_image","twitter_creator":"@vitorsilva","twitter_site":"@vitorsilva","twitter_misc":{"Escrito por":"Vitor Silva","Tempo estimado de leitura":"1 minuto"},"schema":{"@context":"https:\/\/schema.org","@graph":[{"@type":"Article","@id":"https:\/\/osmeusapontamentos.com\/index.php\/2008\/09\/26\/regionalizacao-2\/#article","isPartOf":{"@id":"https:\/\/osmeusapontamentos.com\/index.php\/2008\/09\/26\/regionalizacao-2\/"},"author":{"name":"Vitor Silva","@id":"https:\/\/osmeusapontamentos.com\/#\/schema\/person\/d508df9c3ffc8b4e64a18dbf0ba18dd8"},"headline":"regionaliza\u00e7\u00e3o #2","datePublished":"2008-09-26T11:53:10+00:00","mainEntityOfPage":{"@id":"https:\/\/osmeusapontamentos.com\/index.php\/2008\/09\/26\/regionalizacao-2\/"},"wordCount":292,"commentCount":0,"publisher":{"@id":"https:\/\/osmeusapontamentos.com\/#\/schema\/person\/d508df9c3ffc8b4e64a18dbf0ba18dd8"},"keywords":["porto","regionaliza\u00e7\u00e3o"],"articleSection":["Ler\/ Ver\/ Ouvir\/ Passear"],"inLanguage":"pt-PT","potentialAction":[{"@type":"CommentAction","name":"Comment","target":["https:\/\/osmeusapontamentos.com\/index.php\/2008\/09\/26\/regionalizacao-2\/#respond"]}]},{"@type":"WebPage","@id":"https:\/\/osmeusapontamentos.com\/index.php\/2008\/09\/26\/regionalizacao-2\/","url":"https:\/\/osmeusapontamentos.com\/index.php\/2008\/09\/26\/regionalizacao-2\/","name":"regionaliza\u00e7\u00e3o #2 - Os Meus Apontamentos","isPartOf":{"@id":"https:\/\/osmeusapontamentos.com\/#website"},"datePublished":"2008-09-26T11:53:10+00:00","breadcrumb":{"@id":"https:\/\/osmeusapontamentos.com\/index.php\/2008\/09\/26\/regionalizacao-2\/#breadcrumb"},"inLanguage":"pt-PT","potentialAction":[{"@type":"ReadAction","target":["https:\/\/osmeusapontamentos.com\/index.php\/2008\/09\/26\/regionalizacao-2\/"]}]},{"@type":"BreadcrumbList","@id":"https:\/\/osmeusapontamentos.com\/index.php\/2008\/09\/26\/regionalizacao-2\/#breadcrumb","itemListElement":[{"@type":"ListItem","position":1,"name":"In\u00edcio","item":"https:\/\/osmeusapontamentos.com\/"},{"@type":"ListItem","position":2,"name":"regionaliza\u00e7\u00e3o #2"}]},{"@type":"WebSite","@id":"https:\/\/osmeusapontamentos.com\/#website","url":"https:\/\/osmeusapontamentos.com\/","name":"Os Meus Apontamentos","description":"","publisher":{"@id":"https:\/\/osmeusapontamentos.com\/#\/schema\/person\/d508df9c3ffc8b4e64a18dbf0ba18dd8"},"potentialAction":[{"@type":"SearchAction","target":{"@type":"EntryPoint","urlTemplate":"https:\/\/osmeusapontamentos.com\/?s={search_term_string}"},"query-input":{"@type":"PropertyValueSpecification","valueRequired":true,"valueName":"search_term_string"}}],"inLanguage":"pt-PT"},{"@type":["Person","Organization"],"@id":"https:\/\/osmeusapontamentos.com\/#\/schema\/person\/d508df9c3ffc8b4e64a18dbf0ba18dd8","name":"Vitor Silva","image":{"@type":"ImageObject","inLanguage":"pt-PT","@id":"https:\/\/secure.gravatar.com\/avatar\/f81f58ad909e8a213ab0a690f6ed65e5c0e0e2274bf35ac49ff31d7988d483ce?s=96&d=mm&r=g","url":"https:\/\/secure.gravatar.com\/avatar\/f81f58ad909e8a213ab0a690f6ed65e5c0e0e2274bf35ac49ff31d7988d483ce?s=96&d=mm&r=g","contentUrl":"https:\/\/secure.gravatar.com\/avatar\/f81f58ad909e8a213ab0a690f6ed65e5c0e0e2274bf35ac49ff31d7988d483ce?s=96&d=mm&r=g","caption":"Vitor Silva"},"logo":{"@id":"https:\/\/secure.gravatar.com\/avatar\/f81f58ad909e8a213ab0a690f6ed65e5c0e0e2274bf35ac49ff31d7988d483ce?s=96&d=mm&r=g"},"sameAs":["https:\/\/www.linkedin.com\/in\/vitormrsilva","https:\/\/x.com\/vitorsilva"]}]}},"_links":{"self":[{"href":"https:\/\/osmeusapontamentos.com\/index.php\/wp-json\/wp\/v2\/posts\/652","targetHints":{"allow":["GET"]}}],"collection":[{"href":"https:\/\/osmeusapontamentos.com\/index.php\/wp-json\/wp\/v2\/posts"}],"about":[{"href":"https:\/\/osmeusapontamentos.com\/index.php\/wp-json\/wp\/v2\/types\/post"}],"author":[{"embeddable":true,"href":"https:\/\/osmeusapontamentos.com\/index.php\/wp-json\/wp\/v2\/users\/1"}],"replies":[{"embeddable":true,"href":"https:\/\/osmeusapontamentos.com\/index.php\/wp-json\/wp\/v2\/comments?post=652"}],"version-history":[{"count":0,"href":"https:\/\/osmeusapontamentos.com\/index.php\/wp-json\/wp\/v2\/posts\/652\/revisions"}],"wp:attachment":[{"href":"https:\/\/osmeusapontamentos.com\/index.php\/wp-json\/wp\/v2\/media?parent=652"}],"wp:term":[{"taxonomy":"category","embeddable":true,"href":"https:\/\/osmeusapontamentos.com\/index.php\/wp-json\/wp\/v2\/categories?post=652"},{"taxonomy":"post_tag","embeddable":true,"href":"https:\/\/osmeusapontamentos.com\/index.php\/wp-json\/wp\/v2\/tags?post=652"}],"curies":[{"name":"wp","href":"https:\/\/api.w.org\/{rel}","templated":true}]}}