{"id":640,"date":"2008-09-15T21:44:52","date_gmt":"2008-09-15T21:44:52","guid":{"rendered":"http:\/\/osmeusapontamentos.com\/?p=640"},"modified":"2008-09-15T21:44:52","modified_gmt":"2008-09-15T21:44:52","slug":"proto-reuniao-da-eventual-quem-sabe-um-dia-pseudo-associacao-de-cidadaos-do-porto","status":"publish","type":"post","link":"https:\/\/osmeusapontamentos.com\/index.php\/2008\/09\/15\/proto-reuniao-da-eventual-quem-sabe-um-dia-pseudo-associacao-de-cidadaos-do-porto\/","title":{"rendered":"Proto-Reuni\u00e3o da eventual, quem sabe um dia, pseudo-associa\u00e7\u00e3o de cidad\u00e3os do porto"},"content":{"rendered":"<p>sobre a reuni\u00e3o de 12-set no <a href=\"http:\/\/www.clubeliterariodoporto.co.pt\/\">Clube Liter\u00e1rio do Porto<\/a> a prop\u00f3sito desta <a href=\"http:\/\/www.porto.taf.net\/dp\/node\/4356\">sugest\u00e3o<\/a>.<\/p>\n<p>Foi uma reuni\u00e3o desconfort\u00e1vel como normalmente s\u00e3o os primeiros encontros, pouca gente, a tradicional pouca vontade de falar mas principalmente a curiosidade de saber porque raz\u00e3o algu\u00e9m responde a um apelo feito por um eventual desconhecido (pelo menos fisicamente).<\/p>\n<p>N\u00e3o se podia por isso esperar grandes resultados palp\u00e1veis mas provavelmente todos gostariam de ter sido surpreendidos por algo avassalador que conseguisse responder ao anseios (quaisquer que eles fossem) que nos levaram l\u00e1. Mas claro esse tipo de coisas normalmente n\u00e3o acontece na vida real.<\/p>\n<p>Foram transmitidas algumas ideias com que n\u00e3o concordo como o encarar isto como uma forma de lutar contra alguma coisa&#8230; parece-me um desperdicio de energia. Depois foram repetidas todas as coisas (supostamente) m\u00e1s que foram acontecendo nos ultimos anos na cidade e regi\u00e3o&#8230; parece-me um desperdicio de tempo essa repeti\u00e7\u00e3o. Tamb\u00e9m se falou da eventual defini\u00e7\u00e3o de um programa e de tentar alargar o movimento a todas as correntes pol\u00edticas, classes econ\u00f3micas, etc&#8230; soou-me um bocado a demasiado formalismo.<\/p>\n<p>Aquilo que eu pessoalmente procuro \u00e9 um espa\u00e7o que contribua com inputs valiosos para a forma\u00e7\u00e3o da minha pr\u00f3pria opini\u00e3o sobre o que quero da cidade.<br \/>\nE como acho que esse conhecimento poderia ser interessante para outras pessoas tamb\u00e9m gostava de conseguir divulgar essa informa\u00e7\u00e3o para a maior audi\u00eancia poss\u00edvel.<br \/>\nFinalmente queria com tudo isto que a minha voz ou a de qualquer outra pessoa conseguisse chegar a quem realmente decide os destinos da cidade, seja o presidente, seja o vereador, seja o chefe de servi\u00e7o que no fim manda o tarefeiro realmente executar a fun\u00e7\u00e3o.<br \/>\nTrata-se de sentir que a nossa opini\u00e3o conta. E que essa opini\u00e3o foi formada com base na informa\u00e7\u00e3o necess\u00e1ria para a tomar.<\/p>\n<p>A quest\u00e3o da publicidade da informa\u00e7\u00e3o \u00e9 importante j\u00e1 que a sua inexist\u00eancia promove dois vicios que quanto a mim minam qualquer tipo de rela\u00e7\u00e3o. Por um lado permite que quem decide use a teoria do facto consumado, ou seja o resultado \u00e9 nos apresentado como final porque j\u00e1 passou a fase da suposta discuss\u00e3o p\u00fablica ou a simples elabora\u00e7\u00e3o do caderno de encargos, isto \u00e9 n\u00e3o fomenta a participa\u00e7\u00e3o das pessoas no processo de decis\u00e3o.<br \/>\nPor outro lado os cidad\u00e3os que n\u00e3o t\u00eam acesso \u00e0 informa\u00e7\u00e3o podem sempre escudar-se no argumento de que n\u00e3o sabia por isso n\u00e3o fiz nada, que normalmente esconde o verdadeiro imobilismo pois provavelmente mesmo se soubesse nada iria fazer.<\/p>\n<p>Aquilo que eu gostava de um qualquer movimento ou grupos de pessoas informalmente organizado era que promovesse essa discuss\u00e3o, que desse meios \u00e0s pessoas de formarem a sua pr\u00f3pria opini\u00e3o. Que conseguissem dar a oportunidade a quem pensa a cidade de falar para uma audi\u00eancia alargada e claro que falassem com as pessoas da cidade.<\/p>\n","protected":false},"excerpt":{"rendered":"<p>sobre a reuni\u00e3o de 12-set no Clube Liter\u00e1rio do Porto a prop\u00f3sito desta sugest\u00e3o. Foi uma reuni\u00e3o desconfort\u00e1vel como normalmente s\u00e3o os primeiros encontros, pouca gente, a tradicional pouca vontade de falar mas principalmente a curiosidade de saber porque raz\u00e3o algu\u00e9m responde a um apelo feito por um eventual desconhecido (pelo menos fisicamente). N\u00e3o se [&hellip;]<\/p>\n","protected":false},"author":1,"featured_media":0,"comment_status":"open","ping_status":"open","sticky":false,"template":"","format":"standard","meta":{"footnotes":""},"categories":[7],"tags":[498,524],"class_list":["post-640","post","type-post","status-publish","format-standard","hentry","category-ler-ver-ouvir-passear","tag-pensar","tag-porto"],"yoast_head":"<!-- This site is optimized with the Yoast SEO plugin v27.5 - https:\/\/yoast.com\/product\/yoast-seo-wordpress\/ -->\n<title>Proto-Reuni\u00e3o da eventual, quem sabe um dia, pseudo-associa\u00e7\u00e3o de cidad\u00e3os do porto - Os Meus Apontamentos<\/title>\n<meta name=\"robots\" content=\"index, follow, max-snippet:-1, max-image-preview:large, max-video-preview:-1\" \/>\n<link rel=\"canonical\" href=\"https:\/\/osmeusapontamentos.com\/index.php\/2008\/09\/15\/proto-reuniao-da-eventual-quem-sabe-um-dia-pseudo-associacao-de-cidadaos-do-porto\/\" \/>\n<meta property=\"og:locale\" content=\"pt_PT\" \/>\n<meta property=\"og:type\" content=\"article\" \/>\n<meta property=\"og:title\" content=\"Proto-Reuni\u00e3o da eventual, quem sabe um dia, pseudo-associa\u00e7\u00e3o de cidad\u00e3os do porto - Os Meus Apontamentos\" \/>\n<meta property=\"og:description\" content=\"sobre a reuni\u00e3o de 12-set no Clube Liter\u00e1rio do Porto a prop\u00f3sito desta sugest\u00e3o. Foi uma reuni\u00e3o desconfort\u00e1vel como normalmente s\u00e3o os primeiros encontros, pouca gente, a tradicional pouca vontade de falar mas principalmente a curiosidade de saber porque raz\u00e3o algu\u00e9m responde a um apelo feito por um eventual desconhecido (pelo menos fisicamente). N\u00e3o se [&hellip;]\" \/>\n<meta property=\"og:url\" content=\"https:\/\/osmeusapontamentos.com\/index.php\/2008\/09\/15\/proto-reuniao-da-eventual-quem-sabe-um-dia-pseudo-associacao-de-cidadaos-do-porto\/\" \/>\n<meta property=\"og:site_name\" content=\"Os Meus Apontamentos\" \/>\n<meta property=\"article:published_time\" content=\"2008-09-15T21:44:52+00:00\" \/>\n<meta name=\"author\" content=\"Vitor Silva\" \/>\n<meta name=\"twitter:card\" content=\"summary_large_image\" \/>\n<meta name=\"twitter:creator\" content=\"@vitorsilva\" \/>\n<meta name=\"twitter:site\" content=\"@vitorsilva\" \/>\n<meta name=\"twitter:label1\" content=\"Escrito por\" \/>\n\t<meta name=\"twitter:data1\" content=\"Vitor Silva\" \/>\n\t<meta name=\"twitter:label2\" content=\"Tempo estimado de leitura\" \/>\n\t<meta name=\"twitter:data2\" content=\"3 minutos\" \/>\n<script type=\"application\/ld+json\" class=\"yoast-schema-graph\">{\"@context\":\"https:\\\/\\\/schema.org\",\"@graph\":[{\"@type\":\"Article\",\"@id\":\"https:\\\/\\\/osmeusapontamentos.com\\\/index.php\\\/2008\\\/09\\\/15\\\/proto-reuniao-da-eventual-quem-sabe-um-dia-pseudo-associacao-de-cidadaos-do-porto\\\/#article\",\"isPartOf\":{\"@id\":\"https:\\\/\\\/osmeusapontamentos.com\\\/index.php\\\/2008\\\/09\\\/15\\\/proto-reuniao-da-eventual-quem-sabe-um-dia-pseudo-associacao-de-cidadaos-do-porto\\\/\"},\"author\":{\"name\":\"Vitor Silva\",\"@id\":\"https:\\\/\\\/osmeusapontamentos.com\\\/#\\\/schema\\\/person\\\/d508df9c3ffc8b4e64a18dbf0ba18dd8\"},\"headline\":\"Proto-Reuni\u00e3o da eventual, quem sabe um dia, pseudo-associa\u00e7\u00e3o de cidad\u00e3os do porto\",\"datePublished\":\"2008-09-15T21:44:52+00:00\",\"mainEntityOfPage\":{\"@id\":\"https:\\\/\\\/osmeusapontamentos.com\\\/index.php\\\/2008\\\/09\\\/15\\\/proto-reuniao-da-eventual-quem-sabe-um-dia-pseudo-associacao-de-cidadaos-do-porto\\\/\"},\"wordCount\":529,\"commentCount\":1,\"publisher\":{\"@id\":\"https:\\\/\\\/osmeusapontamentos.com\\\/#\\\/schema\\\/person\\\/d508df9c3ffc8b4e64a18dbf0ba18dd8\"},\"keywords\":[\"pensar\",\"porto\"],\"articleSection\":[\"Ler\\\/ Ver\\\/ Ouvir\\\/ Passear\"],\"inLanguage\":\"pt-PT\",\"potentialAction\":[{\"@type\":\"CommentAction\",\"name\":\"Comment\",\"target\":[\"https:\\\/\\\/osmeusapontamentos.com\\\/index.php\\\/2008\\\/09\\\/15\\\/proto-reuniao-da-eventual-quem-sabe-um-dia-pseudo-associacao-de-cidadaos-do-porto\\\/#respond\"]}]},{\"@type\":\"WebPage\",\"@id\":\"https:\\\/\\\/osmeusapontamentos.com\\\/index.php\\\/2008\\\/09\\\/15\\\/proto-reuniao-da-eventual-quem-sabe-um-dia-pseudo-associacao-de-cidadaos-do-porto\\\/\",\"url\":\"https:\\\/\\\/osmeusapontamentos.com\\\/index.php\\\/2008\\\/09\\\/15\\\/proto-reuniao-da-eventual-quem-sabe-um-dia-pseudo-associacao-de-cidadaos-do-porto\\\/\",\"name\":\"Proto-Reuni\u00e3o da eventual, quem sabe um dia, pseudo-associa\u00e7\u00e3o de cidad\u00e3os do porto - Os Meus Apontamentos\",\"isPartOf\":{\"@id\":\"https:\\\/\\\/osmeusapontamentos.com\\\/#website\"},\"datePublished\":\"2008-09-15T21:44:52+00:00\",\"breadcrumb\":{\"@id\":\"https:\\\/\\\/osmeusapontamentos.com\\\/index.php\\\/2008\\\/09\\\/15\\\/proto-reuniao-da-eventual-quem-sabe-um-dia-pseudo-associacao-de-cidadaos-do-porto\\\/#breadcrumb\"},\"inLanguage\":\"pt-PT\",\"potentialAction\":[{\"@type\":\"ReadAction\",\"target\":[\"https:\\\/\\\/osmeusapontamentos.com\\\/index.php\\\/2008\\\/09\\\/15\\\/proto-reuniao-da-eventual-quem-sabe-um-dia-pseudo-associacao-de-cidadaos-do-porto\\\/\"]}]},{\"@type\":\"BreadcrumbList\",\"@id\":\"https:\\\/\\\/osmeusapontamentos.com\\\/index.php\\\/2008\\\/09\\\/15\\\/proto-reuniao-da-eventual-quem-sabe-um-dia-pseudo-associacao-de-cidadaos-do-porto\\\/#breadcrumb\",\"itemListElement\":[{\"@type\":\"ListItem\",\"position\":1,\"name\":\"In\u00edcio\",\"item\":\"https:\\\/\\\/osmeusapontamentos.com\\\/\"},{\"@type\":\"ListItem\",\"position\":2,\"name\":\"Proto-Reuni\u00e3o da eventual, quem sabe um dia, pseudo-associa\u00e7\u00e3o de cidad\u00e3os do porto\"}]},{\"@type\":\"WebSite\",\"@id\":\"https:\\\/\\\/osmeusapontamentos.com\\\/#website\",\"url\":\"https:\\\/\\\/osmeusapontamentos.com\\\/\",\"name\":\"Os Meus Apontamentos\",\"description\":\"\",\"publisher\":{\"@id\":\"https:\\\/\\\/osmeusapontamentos.com\\\/#\\\/schema\\\/person\\\/d508df9c3ffc8b4e64a18dbf0ba18dd8\"},\"potentialAction\":[{\"@type\":\"SearchAction\",\"target\":{\"@type\":\"EntryPoint\",\"urlTemplate\":\"https:\\\/\\\/osmeusapontamentos.com\\\/?s={search_term_string}\"},\"query-input\":{\"@type\":\"PropertyValueSpecification\",\"valueRequired\":true,\"valueName\":\"search_term_string\"}}],\"inLanguage\":\"pt-PT\"},{\"@type\":[\"Person\",\"Organization\"],\"@id\":\"https:\\\/\\\/osmeusapontamentos.com\\\/#\\\/schema\\\/person\\\/d508df9c3ffc8b4e64a18dbf0ba18dd8\",\"name\":\"Vitor Silva\",\"image\":{\"@type\":\"ImageObject\",\"inLanguage\":\"pt-PT\",\"@id\":\"https:\\\/\\\/secure.gravatar.com\\\/avatar\\\/f81f58ad909e8a213ab0a690f6ed65e5c0e0e2274bf35ac49ff31d7988d483ce?s=96&d=mm&r=g\",\"url\":\"https:\\\/\\\/secure.gravatar.com\\\/avatar\\\/f81f58ad909e8a213ab0a690f6ed65e5c0e0e2274bf35ac49ff31d7988d483ce?s=96&d=mm&r=g\",\"contentUrl\":\"https:\\\/\\\/secure.gravatar.com\\\/avatar\\\/f81f58ad909e8a213ab0a690f6ed65e5c0e0e2274bf35ac49ff31d7988d483ce?s=96&d=mm&r=g\",\"caption\":\"Vitor Silva\"},\"logo\":{\"@id\":\"https:\\\/\\\/secure.gravatar.com\\\/avatar\\\/f81f58ad909e8a213ab0a690f6ed65e5c0e0e2274bf35ac49ff31d7988d483ce?s=96&d=mm&r=g\"},\"sameAs\":[\"https:\\\/\\\/www.linkedin.com\\\/in\\\/vitormrsilva\",\"https:\\\/\\\/x.com\\\/vitorsilva\"]}]}<\/script>\n<!-- \/ Yoast SEO plugin. -->","yoast_head_json":{"title":"Proto-Reuni\u00e3o da eventual, quem sabe um dia, pseudo-associa\u00e7\u00e3o de cidad\u00e3os do porto - Os Meus Apontamentos","robots":{"index":"index","follow":"follow","max-snippet":"max-snippet:-1","max-image-preview":"max-image-preview:large","max-video-preview":"max-video-preview:-1"},"canonical":"https:\/\/osmeusapontamentos.com\/index.php\/2008\/09\/15\/proto-reuniao-da-eventual-quem-sabe-um-dia-pseudo-associacao-de-cidadaos-do-porto\/","og_locale":"pt_PT","og_type":"article","og_title":"Proto-Reuni\u00e3o da eventual, quem sabe um dia, pseudo-associa\u00e7\u00e3o de cidad\u00e3os do porto - Os Meus Apontamentos","og_description":"sobre a reuni\u00e3o de 12-set no Clube Liter\u00e1rio do Porto a prop\u00f3sito desta sugest\u00e3o. Foi uma reuni\u00e3o desconfort\u00e1vel como normalmente s\u00e3o os primeiros encontros, pouca gente, a tradicional pouca vontade de falar mas principalmente a curiosidade de saber porque raz\u00e3o algu\u00e9m responde a um apelo feito por um eventual desconhecido (pelo menos fisicamente). N\u00e3o se [&hellip;]","og_url":"https:\/\/osmeusapontamentos.com\/index.php\/2008\/09\/15\/proto-reuniao-da-eventual-quem-sabe-um-dia-pseudo-associacao-de-cidadaos-do-porto\/","og_site_name":"Os Meus Apontamentos","article_published_time":"2008-09-15T21:44:52+00:00","author":"Vitor Silva","twitter_card":"summary_large_image","twitter_creator":"@vitorsilva","twitter_site":"@vitorsilva","twitter_misc":{"Escrito por":"Vitor Silva","Tempo estimado de leitura":"3 minutos"},"schema":{"@context":"https:\/\/schema.org","@graph":[{"@type":"Article","@id":"https:\/\/osmeusapontamentos.com\/index.php\/2008\/09\/15\/proto-reuniao-da-eventual-quem-sabe-um-dia-pseudo-associacao-de-cidadaos-do-porto\/#article","isPartOf":{"@id":"https:\/\/osmeusapontamentos.com\/index.php\/2008\/09\/15\/proto-reuniao-da-eventual-quem-sabe-um-dia-pseudo-associacao-de-cidadaos-do-porto\/"},"author":{"name":"Vitor Silva","@id":"https:\/\/osmeusapontamentos.com\/#\/schema\/person\/d508df9c3ffc8b4e64a18dbf0ba18dd8"},"headline":"Proto-Reuni\u00e3o da eventual, quem sabe um dia, pseudo-associa\u00e7\u00e3o de cidad\u00e3os do porto","datePublished":"2008-09-15T21:44:52+00:00","mainEntityOfPage":{"@id":"https:\/\/osmeusapontamentos.com\/index.php\/2008\/09\/15\/proto-reuniao-da-eventual-quem-sabe-um-dia-pseudo-associacao-de-cidadaos-do-porto\/"},"wordCount":529,"commentCount":1,"publisher":{"@id":"https:\/\/osmeusapontamentos.com\/#\/schema\/person\/d508df9c3ffc8b4e64a18dbf0ba18dd8"},"keywords":["pensar","porto"],"articleSection":["Ler\/ Ver\/ Ouvir\/ Passear"],"inLanguage":"pt-PT","potentialAction":[{"@type":"CommentAction","name":"Comment","target":["https:\/\/osmeusapontamentos.com\/index.php\/2008\/09\/15\/proto-reuniao-da-eventual-quem-sabe-um-dia-pseudo-associacao-de-cidadaos-do-porto\/#respond"]}]},{"@type":"WebPage","@id":"https:\/\/osmeusapontamentos.com\/index.php\/2008\/09\/15\/proto-reuniao-da-eventual-quem-sabe-um-dia-pseudo-associacao-de-cidadaos-do-porto\/","url":"https:\/\/osmeusapontamentos.com\/index.php\/2008\/09\/15\/proto-reuniao-da-eventual-quem-sabe-um-dia-pseudo-associacao-de-cidadaos-do-porto\/","name":"Proto-Reuni\u00e3o da eventual, quem sabe um dia, pseudo-associa\u00e7\u00e3o de cidad\u00e3os do porto - Os Meus Apontamentos","isPartOf":{"@id":"https:\/\/osmeusapontamentos.com\/#website"},"datePublished":"2008-09-15T21:44:52+00:00","breadcrumb":{"@id":"https:\/\/osmeusapontamentos.com\/index.php\/2008\/09\/15\/proto-reuniao-da-eventual-quem-sabe-um-dia-pseudo-associacao-de-cidadaos-do-porto\/#breadcrumb"},"inLanguage":"pt-PT","potentialAction":[{"@type":"ReadAction","target":["https:\/\/osmeusapontamentos.com\/index.php\/2008\/09\/15\/proto-reuniao-da-eventual-quem-sabe-um-dia-pseudo-associacao-de-cidadaos-do-porto\/"]}]},{"@type":"BreadcrumbList","@id":"https:\/\/osmeusapontamentos.com\/index.php\/2008\/09\/15\/proto-reuniao-da-eventual-quem-sabe-um-dia-pseudo-associacao-de-cidadaos-do-porto\/#breadcrumb","itemListElement":[{"@type":"ListItem","position":1,"name":"In\u00edcio","item":"https:\/\/osmeusapontamentos.com\/"},{"@type":"ListItem","position":2,"name":"Proto-Reuni\u00e3o da eventual, quem sabe um dia, pseudo-associa\u00e7\u00e3o de cidad\u00e3os do porto"}]},{"@type":"WebSite","@id":"https:\/\/osmeusapontamentos.com\/#website","url":"https:\/\/osmeusapontamentos.com\/","name":"Os Meus Apontamentos","description":"","publisher":{"@id":"https:\/\/osmeusapontamentos.com\/#\/schema\/person\/d508df9c3ffc8b4e64a18dbf0ba18dd8"},"potentialAction":[{"@type":"SearchAction","target":{"@type":"EntryPoint","urlTemplate":"https:\/\/osmeusapontamentos.com\/?s={search_term_string}"},"query-input":{"@type":"PropertyValueSpecification","valueRequired":true,"valueName":"search_term_string"}}],"inLanguage":"pt-PT"},{"@type":["Person","Organization"],"@id":"https:\/\/osmeusapontamentos.com\/#\/schema\/person\/d508df9c3ffc8b4e64a18dbf0ba18dd8","name":"Vitor Silva","image":{"@type":"ImageObject","inLanguage":"pt-PT","@id":"https:\/\/secure.gravatar.com\/avatar\/f81f58ad909e8a213ab0a690f6ed65e5c0e0e2274bf35ac49ff31d7988d483ce?s=96&d=mm&r=g","url":"https:\/\/secure.gravatar.com\/avatar\/f81f58ad909e8a213ab0a690f6ed65e5c0e0e2274bf35ac49ff31d7988d483ce?s=96&d=mm&r=g","contentUrl":"https:\/\/secure.gravatar.com\/avatar\/f81f58ad909e8a213ab0a690f6ed65e5c0e0e2274bf35ac49ff31d7988d483ce?s=96&d=mm&r=g","caption":"Vitor Silva"},"logo":{"@id":"https:\/\/secure.gravatar.com\/avatar\/f81f58ad909e8a213ab0a690f6ed65e5c0e0e2274bf35ac49ff31d7988d483ce?s=96&d=mm&r=g"},"sameAs":["https:\/\/www.linkedin.com\/in\/vitormrsilva","https:\/\/x.com\/vitorsilva"]}]}},"_links":{"self":[{"href":"https:\/\/osmeusapontamentos.com\/index.php\/wp-json\/wp\/v2\/posts\/640","targetHints":{"allow":["GET"]}}],"collection":[{"href":"https:\/\/osmeusapontamentos.com\/index.php\/wp-json\/wp\/v2\/posts"}],"about":[{"href":"https:\/\/osmeusapontamentos.com\/index.php\/wp-json\/wp\/v2\/types\/post"}],"author":[{"embeddable":true,"href":"https:\/\/osmeusapontamentos.com\/index.php\/wp-json\/wp\/v2\/users\/1"}],"replies":[{"embeddable":true,"href":"https:\/\/osmeusapontamentos.com\/index.php\/wp-json\/wp\/v2\/comments?post=640"}],"version-history":[{"count":0,"href":"https:\/\/osmeusapontamentos.com\/index.php\/wp-json\/wp\/v2\/posts\/640\/revisions"}],"wp:attachment":[{"href":"https:\/\/osmeusapontamentos.com\/index.php\/wp-json\/wp\/v2\/media?parent=640"}],"wp:term":[{"taxonomy":"category","embeddable":true,"href":"https:\/\/osmeusapontamentos.com\/index.php\/wp-json\/wp\/v2\/categories?post=640"},{"taxonomy":"post_tag","embeddable":true,"href":"https:\/\/osmeusapontamentos.com\/index.php\/wp-json\/wp\/v2\/tags?post=640"}],"curies":[{"name":"wp","href":"https:\/\/api.w.org\/{rel}","templated":true}]}}