{"id":559,"date":"2008-08-24T11:06:20","date_gmt":"2008-08-24T11:06:20","guid":{"rendered":"http:\/\/osmeusapontamentos.com\/?p=559"},"modified":"2008-08-24T11:06:20","modified_gmt":"2008-08-24T11:06:20","slug":"sobre-a-peticao-de-regionlizacao","status":"publish","type":"post","link":"https:\/\/osmeusapontamentos.com\/index.php\/2008\/08\/24\/sobre-a-peticao-de-regionlizacao\/","title":{"rendered":"Sobre a Peti\u00e7\u00e3o de Regionliza\u00e7\u00e3o"},"content":{"rendered":"<p>Declara\u00e7\u00e3o de voto<br id=\"ijzl\" \/> Em rela\u00e7\u00e3o \u00e0 peti\u00e7\u00e3o pela Regionaliza\u00e7\u00e3o que est\u00e1 <a href=\"http:\/\/www.petitiononline.com\/mrsim\/\">aqui<\/a>, eu assinei-a porque acho que concordo com aquilo que acho que eles queriam dizer&#8230; \u00e9 inevit\u00e1vel, qualquer futuro referendo vai estar dependente n\u00e3o do que estiver escrito na pergunta mas na imagem que as pessoas criarem \u00e0 volta do tema.<br id=\"dlw1\" \/> Parece-me no entanto que deveria ter um texto menos dado a subjectividades e totalmente &#8220;blindado&#8221; no que diz respeito a algumas afirma\u00e7\u00f5es. Genericamente gostava de ver os indicadores apresentados, suportados por dados ou pela indica\u00e7\u00e3o da sua fonte.<br id=\"x5nv\" \/> Um ponto que acho que deveria ter sido incluido era um que demonstrasse a evolu\u00e7\u00e3o (a meu ver) negativa dos indicadores no periodo de 1974\/2008 j\u00e1 que me parece ser a demonstra\u00e7\u00e3o mais evidente de que alguma coisa tem que ser feita.<br id=\"f2-q\" \/> Revendo ponto por ponto:<br id=\"f2-q0\" \/> (1) qual a fonte? ine? banco de portugal? outro? quais os indicadores seleccionados?<br id=\"u6y8\" \/> (2) &#8220;propor\u00e7\u00f5es alarmantes&#8221; =&gt; parece-me uma interpreta\u00e7\u00e3o pessoal e subjectiva dos dados indicados no ponto (1) eu at\u00e9 posso concordar com o adjectivo mas n\u00e3o me parece que se ganhe nada em incluir este elemento opinativo na declara\u00e7\u00e3o.<br id=\"w_bz\" \/> (3) mais uma vez qual o estudo e ou organismo que publica esses dados? penso que na primeira sess\u00e3o das conferencias da CMP sobre regionaliza\u00e7\u00e3o foram referidos esses n\u00fameros mas gostava de poder confrontar directamente quem questiona essa informa\u00e7\u00e3o com dados precisos e n\u00e3o s\u00f3 com diz-que-disse.<br id=\"k130\" \/> (4.1) &#8220;contribuir\u00e3o para a democraticidade da administra\u00e7\u00e3o dos interesses p\u00fablicos regionais&#8221; =&gt; como? na medida em que \u00e9 mais f\u00e1cil identificar e responsabilizar os actores locais eliminando assim o efeito de difus\u00e3o de responsabilidades gerado por exemplo pelos deputados que s\u00e3o actualmente eleitos por disitrito mas que devem representar todo o pa\u00eds, o que normalmente se reflete em n\u00e3o representar nenhuma parte do pa\u00eds?<br id=\"f2-q1\" \/> (4.2) a frase as regi\u00f5es contribuir\u00e3o para a &#8220;redu\u00e7\u00e3o do n\u00famero dos respons\u00e1veis pol\u00edticos actualmente existentes a n\u00edvel dos 18 distritos&#8221; parece-me no minimo pol\u00e9mica. como podem garantir isso? eu teria formulado a frase de outra forma no sentido de indicar que uma regionaliza\u00e7\u00e3o s\u00f3 deveria ir a avante se, entre outras coisas, resultasse numa redu\u00e7\u00e3o do n\u00famero de respons\u00e1veis pol\u00edticos e j\u00e1 agora administrativos.<br id=\"la7s\" \/> (5) &#8220;devem contribuir para o equil\u00edbrio das finan\u00e7as p\u00fablicas&#8221; &#8211; neste ponto e como j\u00e1 foi proposto por algumas pessoas gostaria de algo mais vinculativo, objectivo e mensur\u00e1vel do que o simples contribuir para o equilibrio. o que \u00e9 esse equilibrio? como \u00e9 medido? quais as metas a cumprir, de longo prazo e curto prazo? quais as penaliza\u00e7\u00f5es por n\u00e3o as cumprir.<br id=\"d7:e\" \/> (7) afirma\u00e7\u00e3o no minimo pol\u00e9mica&#8230; se calhar s\u00e3o as regi\u00f5es poss\u00edveis mas da\u00ed at\u00e9 dizer que \u00e9 um modelo &#8220;bastante consensual&#8221;&#8230;<br id=\"pq8l\" \/> (8) eu sei que a constitui\u00e7\u00e3o \u00e9 o pilar de todo o edificio jur\u00eddico mas a verdade \u00e9 que esta inconstitucionalidade por omiss\u00e3o s\u00f3 teria impacto se n\u00f3s tivessemos a no\u00e7\u00e3o de que todas as leis que s\u00e3o feitas em portugal s\u00e3o-o para serem cumpridas&#8230; para al\u00e9m disso, como tamb\u00e9m j\u00e1 ouvi dizer, durante muito tempo a consitui\u00e7\u00e3o apontava para a implementa\u00e7\u00e3o de uma sociedade socialista e entretanto isso desapareceu.<br id=\"hfbk\" \/> (9) &#8220;Numa \u00e9poca em que a participa\u00e7\u00e3o c\u00edvica e pol\u00edtica na vida colectiva, sobretudo ao n\u00edvel das novas gera\u00e7\u00f5es \u00e9 cada vez menor&#8230;&#8221; Apesar de ter sido isso que o P.R. focou, a verdade \u00e9 que n\u00e3o \u00e9 isso que est\u00e1 escrito no estudo. cf. estudo &#8220;<a href=\"http:\/\/www.presidencia.pt\/archive\/doc\/Os_jovens_e_a_politica.pdf\">Os Jovens e a Pol\u00edtica<\/a>&#8221; em pag.3 &#8220;os \u00edndices de participa\u00e7\u00e3o social dos jovens s\u00e3o mais elevados do que os da restante popula\u00e7\u00e3o&#8221;; e outras aprecia\u00e7\u00f5es ao documento por exemplo <a href=\"http:\/\/cibertulia.blogspot.com\/2008\/04\/o-estudo-que-cavaco-tresleu.html\">aqui<\/a>.<br id=\"yr1_0\" \/> (10) wishful thinking e deveria ser apresentado como tal.<\/p>\n","protected":false},"excerpt":{"rendered":"<p>Declara\u00e7\u00e3o de voto Em rela\u00e7\u00e3o \u00e0 peti\u00e7\u00e3o pela Regionaliza\u00e7\u00e3o que est\u00e1 aqui, eu assinei-a porque acho que concordo com aquilo que acho que eles queriam dizer&#8230; \u00e9 inevit\u00e1vel, qualquer futuro referendo vai estar dependente n\u00e3o do que estiver escrito na pergunta mas na imagem que as pessoas criarem \u00e0 volta do tema. Parece-me no entanto [&hellip;]<\/p>\n","protected":false},"author":1,"featured_media":0,"comment_status":"open","ping_status":"open","sticky":false,"template":"","format":"standard","meta":{"footnotes":""},"categories":[7],"tags":[498,557,604],"class_list":["post-559","post","type-post","status-publish","format-standard","hentry","category-ler-ver-ouvir-passear","tag-pensar","tag-regionalizacao","tag-sociedade"],"yoast_head":"<!-- This site is optimized with the Yoast SEO plugin v27.5 - https:\/\/yoast.com\/product\/yoast-seo-wordpress\/ -->\n<title>Sobre a Peti\u00e7\u00e3o de Regionliza\u00e7\u00e3o - Os Meus Apontamentos<\/title>\n<meta name=\"robots\" content=\"index, follow, max-snippet:-1, max-image-preview:large, max-video-preview:-1\" \/>\n<link rel=\"canonical\" href=\"https:\/\/osmeusapontamentos.com\/index.php\/2008\/08\/24\/sobre-a-peticao-de-regionlizacao\/\" \/>\n<meta property=\"og:locale\" content=\"pt_PT\" \/>\n<meta property=\"og:type\" content=\"article\" \/>\n<meta property=\"og:title\" content=\"Sobre a Peti\u00e7\u00e3o de Regionliza\u00e7\u00e3o - Os Meus Apontamentos\" \/>\n<meta property=\"og:description\" content=\"Declara\u00e7\u00e3o de voto Em rela\u00e7\u00e3o \u00e0 peti\u00e7\u00e3o pela Regionaliza\u00e7\u00e3o que est\u00e1 aqui, eu assinei-a porque acho que concordo com aquilo que acho que eles queriam dizer&#8230; \u00e9 inevit\u00e1vel, qualquer futuro referendo vai estar dependente n\u00e3o do que estiver escrito na pergunta mas na imagem que as pessoas criarem \u00e0 volta do tema. Parece-me no entanto [&hellip;]\" \/>\n<meta property=\"og:url\" content=\"https:\/\/osmeusapontamentos.com\/index.php\/2008\/08\/24\/sobre-a-peticao-de-regionlizacao\/\" \/>\n<meta property=\"og:site_name\" content=\"Os Meus Apontamentos\" \/>\n<meta property=\"article:published_time\" content=\"2008-08-24T11:06:20+00:00\" \/>\n<meta name=\"author\" content=\"Vitor Silva\" \/>\n<meta name=\"twitter:card\" content=\"summary_large_image\" \/>\n<meta name=\"twitter:creator\" content=\"@vitorsilva\" \/>\n<meta name=\"twitter:site\" content=\"@vitorsilva\" \/>\n<meta name=\"twitter:label1\" content=\"Escrito por\" \/>\n\t<meta name=\"twitter:data1\" content=\"Vitor Silva\" \/>\n\t<meta name=\"twitter:label2\" content=\"Tempo estimado de leitura\" \/>\n\t<meta name=\"twitter:data2\" content=\"3 minutos\" \/>\n<script type=\"application\/ld+json\" class=\"yoast-schema-graph\">{\"@context\":\"https:\\\/\\\/schema.org\",\"@graph\":[{\"@type\":\"Article\",\"@id\":\"https:\\\/\\\/osmeusapontamentos.com\\\/index.php\\\/2008\\\/08\\\/24\\\/sobre-a-peticao-de-regionlizacao\\\/#article\",\"isPartOf\":{\"@id\":\"https:\\\/\\\/osmeusapontamentos.com\\\/index.php\\\/2008\\\/08\\\/24\\\/sobre-a-peticao-de-regionlizacao\\\/\"},\"author\":{\"name\":\"Vitor Silva\",\"@id\":\"https:\\\/\\\/osmeusapontamentos.com\\\/#\\\/schema\\\/person\\\/d508df9c3ffc8b4e64a18dbf0ba18dd8\"},\"headline\":\"Sobre a Peti\u00e7\u00e3o de Regionliza\u00e7\u00e3o\",\"datePublished\":\"2008-08-24T11:06:20+00:00\",\"mainEntityOfPage\":{\"@id\":\"https:\\\/\\\/osmeusapontamentos.com\\\/index.php\\\/2008\\\/08\\\/24\\\/sobre-a-peticao-de-regionlizacao\\\/\"},\"wordCount\":659,\"commentCount\":0,\"publisher\":{\"@id\":\"https:\\\/\\\/osmeusapontamentos.com\\\/#\\\/schema\\\/person\\\/d508df9c3ffc8b4e64a18dbf0ba18dd8\"},\"keywords\":[\"pensar\",\"regionaliza\u00e7\u00e3o\",\"sociedade\"],\"articleSection\":[\"Ler\\\/ Ver\\\/ Ouvir\\\/ Passear\"],\"inLanguage\":\"pt-PT\",\"potentialAction\":[{\"@type\":\"CommentAction\",\"name\":\"Comment\",\"target\":[\"https:\\\/\\\/osmeusapontamentos.com\\\/index.php\\\/2008\\\/08\\\/24\\\/sobre-a-peticao-de-regionlizacao\\\/#respond\"]}]},{\"@type\":\"WebPage\",\"@id\":\"https:\\\/\\\/osmeusapontamentos.com\\\/index.php\\\/2008\\\/08\\\/24\\\/sobre-a-peticao-de-regionlizacao\\\/\",\"url\":\"https:\\\/\\\/osmeusapontamentos.com\\\/index.php\\\/2008\\\/08\\\/24\\\/sobre-a-peticao-de-regionlizacao\\\/\",\"name\":\"Sobre a Peti\u00e7\u00e3o de Regionliza\u00e7\u00e3o - Os Meus Apontamentos\",\"isPartOf\":{\"@id\":\"https:\\\/\\\/osmeusapontamentos.com\\\/#website\"},\"datePublished\":\"2008-08-24T11:06:20+00:00\",\"breadcrumb\":{\"@id\":\"https:\\\/\\\/osmeusapontamentos.com\\\/index.php\\\/2008\\\/08\\\/24\\\/sobre-a-peticao-de-regionlizacao\\\/#breadcrumb\"},\"inLanguage\":\"pt-PT\",\"potentialAction\":[{\"@type\":\"ReadAction\",\"target\":[\"https:\\\/\\\/osmeusapontamentos.com\\\/index.php\\\/2008\\\/08\\\/24\\\/sobre-a-peticao-de-regionlizacao\\\/\"]}]},{\"@type\":\"BreadcrumbList\",\"@id\":\"https:\\\/\\\/osmeusapontamentos.com\\\/index.php\\\/2008\\\/08\\\/24\\\/sobre-a-peticao-de-regionlizacao\\\/#breadcrumb\",\"itemListElement\":[{\"@type\":\"ListItem\",\"position\":1,\"name\":\"In\u00edcio\",\"item\":\"https:\\\/\\\/osmeusapontamentos.com\\\/\"},{\"@type\":\"ListItem\",\"position\":2,\"name\":\"Sobre a Peti\u00e7\u00e3o de Regionliza\u00e7\u00e3o\"}]},{\"@type\":\"WebSite\",\"@id\":\"https:\\\/\\\/osmeusapontamentos.com\\\/#website\",\"url\":\"https:\\\/\\\/osmeusapontamentos.com\\\/\",\"name\":\"Os Meus Apontamentos\",\"description\":\"\",\"publisher\":{\"@id\":\"https:\\\/\\\/osmeusapontamentos.com\\\/#\\\/schema\\\/person\\\/d508df9c3ffc8b4e64a18dbf0ba18dd8\"},\"potentialAction\":[{\"@type\":\"SearchAction\",\"target\":{\"@type\":\"EntryPoint\",\"urlTemplate\":\"https:\\\/\\\/osmeusapontamentos.com\\\/?s={search_term_string}\"},\"query-input\":{\"@type\":\"PropertyValueSpecification\",\"valueRequired\":true,\"valueName\":\"search_term_string\"}}],\"inLanguage\":\"pt-PT\"},{\"@type\":[\"Person\",\"Organization\"],\"@id\":\"https:\\\/\\\/osmeusapontamentos.com\\\/#\\\/schema\\\/person\\\/d508df9c3ffc8b4e64a18dbf0ba18dd8\",\"name\":\"Vitor Silva\",\"image\":{\"@type\":\"ImageObject\",\"inLanguage\":\"pt-PT\",\"@id\":\"https:\\\/\\\/secure.gravatar.com\\\/avatar\\\/f81f58ad909e8a213ab0a690f6ed65e5c0e0e2274bf35ac49ff31d7988d483ce?s=96&d=mm&r=g\",\"url\":\"https:\\\/\\\/secure.gravatar.com\\\/avatar\\\/f81f58ad909e8a213ab0a690f6ed65e5c0e0e2274bf35ac49ff31d7988d483ce?s=96&d=mm&r=g\",\"contentUrl\":\"https:\\\/\\\/secure.gravatar.com\\\/avatar\\\/f81f58ad909e8a213ab0a690f6ed65e5c0e0e2274bf35ac49ff31d7988d483ce?s=96&d=mm&r=g\",\"caption\":\"Vitor Silva\"},\"logo\":{\"@id\":\"https:\\\/\\\/secure.gravatar.com\\\/avatar\\\/f81f58ad909e8a213ab0a690f6ed65e5c0e0e2274bf35ac49ff31d7988d483ce?s=96&d=mm&r=g\"},\"sameAs\":[\"https:\\\/\\\/www.linkedin.com\\\/in\\\/vitormrsilva\",\"https:\\\/\\\/x.com\\\/vitorsilva\"]}]}<\/script>\n<!-- \/ Yoast SEO plugin. -->","yoast_head_json":{"title":"Sobre a Peti\u00e7\u00e3o de Regionliza\u00e7\u00e3o - Os Meus Apontamentos","robots":{"index":"index","follow":"follow","max-snippet":"max-snippet:-1","max-image-preview":"max-image-preview:large","max-video-preview":"max-video-preview:-1"},"canonical":"https:\/\/osmeusapontamentos.com\/index.php\/2008\/08\/24\/sobre-a-peticao-de-regionlizacao\/","og_locale":"pt_PT","og_type":"article","og_title":"Sobre a Peti\u00e7\u00e3o de Regionliza\u00e7\u00e3o - Os Meus Apontamentos","og_description":"Declara\u00e7\u00e3o de voto Em rela\u00e7\u00e3o \u00e0 peti\u00e7\u00e3o pela Regionaliza\u00e7\u00e3o que est\u00e1 aqui, eu assinei-a porque acho que concordo com aquilo que acho que eles queriam dizer&#8230; \u00e9 inevit\u00e1vel, qualquer futuro referendo vai estar dependente n\u00e3o do que estiver escrito na pergunta mas na imagem que as pessoas criarem \u00e0 volta do tema. Parece-me no entanto [&hellip;]","og_url":"https:\/\/osmeusapontamentos.com\/index.php\/2008\/08\/24\/sobre-a-peticao-de-regionlizacao\/","og_site_name":"Os Meus Apontamentos","article_published_time":"2008-08-24T11:06:20+00:00","author":"Vitor Silva","twitter_card":"summary_large_image","twitter_creator":"@vitorsilva","twitter_site":"@vitorsilva","twitter_misc":{"Escrito por":"Vitor Silva","Tempo estimado de leitura":"3 minutos"},"schema":{"@context":"https:\/\/schema.org","@graph":[{"@type":"Article","@id":"https:\/\/osmeusapontamentos.com\/index.php\/2008\/08\/24\/sobre-a-peticao-de-regionlizacao\/#article","isPartOf":{"@id":"https:\/\/osmeusapontamentos.com\/index.php\/2008\/08\/24\/sobre-a-peticao-de-regionlizacao\/"},"author":{"name":"Vitor Silva","@id":"https:\/\/osmeusapontamentos.com\/#\/schema\/person\/d508df9c3ffc8b4e64a18dbf0ba18dd8"},"headline":"Sobre a Peti\u00e7\u00e3o de Regionliza\u00e7\u00e3o","datePublished":"2008-08-24T11:06:20+00:00","mainEntityOfPage":{"@id":"https:\/\/osmeusapontamentos.com\/index.php\/2008\/08\/24\/sobre-a-peticao-de-regionlizacao\/"},"wordCount":659,"commentCount":0,"publisher":{"@id":"https:\/\/osmeusapontamentos.com\/#\/schema\/person\/d508df9c3ffc8b4e64a18dbf0ba18dd8"},"keywords":["pensar","regionaliza\u00e7\u00e3o","sociedade"],"articleSection":["Ler\/ Ver\/ Ouvir\/ Passear"],"inLanguage":"pt-PT","potentialAction":[{"@type":"CommentAction","name":"Comment","target":["https:\/\/osmeusapontamentos.com\/index.php\/2008\/08\/24\/sobre-a-peticao-de-regionlizacao\/#respond"]}]},{"@type":"WebPage","@id":"https:\/\/osmeusapontamentos.com\/index.php\/2008\/08\/24\/sobre-a-peticao-de-regionlizacao\/","url":"https:\/\/osmeusapontamentos.com\/index.php\/2008\/08\/24\/sobre-a-peticao-de-regionlizacao\/","name":"Sobre a Peti\u00e7\u00e3o de Regionliza\u00e7\u00e3o - Os Meus Apontamentos","isPartOf":{"@id":"https:\/\/osmeusapontamentos.com\/#website"},"datePublished":"2008-08-24T11:06:20+00:00","breadcrumb":{"@id":"https:\/\/osmeusapontamentos.com\/index.php\/2008\/08\/24\/sobre-a-peticao-de-regionlizacao\/#breadcrumb"},"inLanguage":"pt-PT","potentialAction":[{"@type":"ReadAction","target":["https:\/\/osmeusapontamentos.com\/index.php\/2008\/08\/24\/sobre-a-peticao-de-regionlizacao\/"]}]},{"@type":"BreadcrumbList","@id":"https:\/\/osmeusapontamentos.com\/index.php\/2008\/08\/24\/sobre-a-peticao-de-regionlizacao\/#breadcrumb","itemListElement":[{"@type":"ListItem","position":1,"name":"In\u00edcio","item":"https:\/\/osmeusapontamentos.com\/"},{"@type":"ListItem","position":2,"name":"Sobre a Peti\u00e7\u00e3o de Regionliza\u00e7\u00e3o"}]},{"@type":"WebSite","@id":"https:\/\/osmeusapontamentos.com\/#website","url":"https:\/\/osmeusapontamentos.com\/","name":"Os Meus Apontamentos","description":"","publisher":{"@id":"https:\/\/osmeusapontamentos.com\/#\/schema\/person\/d508df9c3ffc8b4e64a18dbf0ba18dd8"},"potentialAction":[{"@type":"SearchAction","target":{"@type":"EntryPoint","urlTemplate":"https:\/\/osmeusapontamentos.com\/?s={search_term_string}"},"query-input":{"@type":"PropertyValueSpecification","valueRequired":true,"valueName":"search_term_string"}}],"inLanguage":"pt-PT"},{"@type":["Person","Organization"],"@id":"https:\/\/osmeusapontamentos.com\/#\/schema\/person\/d508df9c3ffc8b4e64a18dbf0ba18dd8","name":"Vitor Silva","image":{"@type":"ImageObject","inLanguage":"pt-PT","@id":"https:\/\/secure.gravatar.com\/avatar\/f81f58ad909e8a213ab0a690f6ed65e5c0e0e2274bf35ac49ff31d7988d483ce?s=96&d=mm&r=g","url":"https:\/\/secure.gravatar.com\/avatar\/f81f58ad909e8a213ab0a690f6ed65e5c0e0e2274bf35ac49ff31d7988d483ce?s=96&d=mm&r=g","contentUrl":"https:\/\/secure.gravatar.com\/avatar\/f81f58ad909e8a213ab0a690f6ed65e5c0e0e2274bf35ac49ff31d7988d483ce?s=96&d=mm&r=g","caption":"Vitor Silva"},"logo":{"@id":"https:\/\/secure.gravatar.com\/avatar\/f81f58ad909e8a213ab0a690f6ed65e5c0e0e2274bf35ac49ff31d7988d483ce?s=96&d=mm&r=g"},"sameAs":["https:\/\/www.linkedin.com\/in\/vitormrsilva","https:\/\/x.com\/vitorsilva"]}]}},"_links":{"self":[{"href":"https:\/\/osmeusapontamentos.com\/index.php\/wp-json\/wp\/v2\/posts\/559","targetHints":{"allow":["GET"]}}],"collection":[{"href":"https:\/\/osmeusapontamentos.com\/index.php\/wp-json\/wp\/v2\/posts"}],"about":[{"href":"https:\/\/osmeusapontamentos.com\/index.php\/wp-json\/wp\/v2\/types\/post"}],"author":[{"embeddable":true,"href":"https:\/\/osmeusapontamentos.com\/index.php\/wp-json\/wp\/v2\/users\/1"}],"replies":[{"embeddable":true,"href":"https:\/\/osmeusapontamentos.com\/index.php\/wp-json\/wp\/v2\/comments?post=559"}],"version-history":[{"count":0,"href":"https:\/\/osmeusapontamentos.com\/index.php\/wp-json\/wp\/v2\/posts\/559\/revisions"}],"wp:attachment":[{"href":"https:\/\/osmeusapontamentos.com\/index.php\/wp-json\/wp\/v2\/media?parent=559"}],"wp:term":[{"taxonomy":"category","embeddable":true,"href":"https:\/\/osmeusapontamentos.com\/index.php\/wp-json\/wp\/v2\/categories?post=559"},{"taxonomy":"post_tag","embeddable":true,"href":"https:\/\/osmeusapontamentos.com\/index.php\/wp-json\/wp\/v2\/tags?post=559"}],"curies":[{"name":"wp","href":"https:\/\/api.w.org\/{rel}","templated":true}]}}