{"id":539,"date":"2008-04-06T20:41:59","date_gmt":"2008-04-06T20:41:59","guid":{"rendered":"http:\/\/osmeusapontamentos.com\/?p=539"},"modified":"2008-04-06T20:41:59","modified_gmt":"2008-04-06T20:41:59","slug":"jugoslavia","status":"publish","type":"post","link":"https:\/\/osmeusapontamentos.com\/index.php\/2008\/04\/06\/jugoslavia\/","title":{"rendered":"Jugosl\u00e1via"},"content":{"rendered":"<p>H\u00e1 momentos que, v\u00e1-se l\u00e1 saber porqu\u00ea, ficam gravados na nossa mem\u00f3ria de forma quase fotogr\u00e1fica, como por exemplo uma manh\u00e3 solarenga do ver\u00e3o de 91 ou 92 em que estou na sala de convivio do Parque de Campismo da Ap\u00falia, sentado num banco corrido virado para o jardim a ler o P\u00fablico, na altura em que ainda trazia um suplemento tem\u00e1tico por dia (\u00e0s segundas era economia, \u00e0s quintas inform\u00e1tica se n\u00e3o me engano) e ver umas not\u00edcias sobre a guerra da Cro\u00e1cia.<\/p>\n<p>Relembro que essa \u00e9 a altura em que eu e talvez as pessoas da minha gera\u00e7\u00e3o s\u00e3o introduzidas \u00e0s noticias da guerra. E se calhar o nosso azar foi termos apanhado com um guerra f\u00e1cil&#8230; a primeira Guerra do Golfo.<br \/>\nGuerra f\u00e1cil porque o &#8220;algures na Ar\u00e1bia Saudita&#8221; era geograficamente longe, aparentemente ass\u00e9ptica com os misseis teleguiados melhores que qualquer jogo computador da altura, e em que claramente identificavamos o mauz\u00e3o (saddam) e os bons (americanos). E para al\u00e9m disso tinhamos os briefings di\u00e1rios e a ideia de transpar\u00eancia dos bons e os patriots e a ideia de inoc\u00eancia de quem s\u00f3 se defendia porque era vilmente atacado.<\/p>\n<p>E se calhar o azar da Europa foi ter apanhado com um guerra f\u00e1cil onde toda a gente estava de acordo com o que se tinha que fazer e, melhor do que isso, onde a Europa n\u00e3o teria que sujar muito as m\u00e3os: &#8220;<a href=\"http:\/\/en.wikipedia.org\/wiki\/Gulf_war#Building_a_coalition\">US troops represented 74% of the coalition\u2019s 1,660,000 troops in Iraq.<\/a>&#8221;<\/p>\n<p>Talvez por isso a <a href=\"http:\/\/en.wikipedia.org\/wiki\/Croatian_War_of_Independence\">guerra na Cro\u00e1cia<\/a>, que apesar de tudo j\u00e1 era subsequente \u00e0 <a href=\"http:\/\/en.wikipedia.org\/wiki\/Ten-Day_War\">guerra na Eslov\u00e9nia<\/a> n\u00e3o pudesse ter o mesmo impacto que a primeira Guerra do Golfo.<br \/>\nAt\u00e9 pela simples quest\u00e3o da identifica\u00e7\u00e3o&#8230; quem eram estes eslovenos, croatas, s\u00e9rvios, o que os distinguia, porque raz\u00e3o haveriam de querer retalhar o seu pa\u00eds (conceito estranhissimo para o nosso pa\u00eds com uns 800\/900 anos de fronteiras est\u00e1veis) e como \u00e9 que conseguiam ter posi\u00e7\u00f5es t\u00e3o extremadas se tinham vivido durante 50 anos numa paz eventualmente aparente.<br \/>\nE quem eram\/s\u00e3o os bons? E quem eram\/s\u00e3o os maus?<br \/>\nUm pa\u00eds n\u00e3o tem s\u00f3 uma nacionalidade? N\u00e3o eram eles todos os <a href=\"http:\/\/en.wikipedia.org\/wiki\/South_Slavs\">Eslavos do Sul<\/a>? Como \u00e9 que aparecem de repente tantas nacionalidades?<\/p>\n<p>Talvez tenham sido todas estas quest\u00f5es que criaram na minha mente uma ideia mitica sobre essa regi\u00e3o. N\u00e3o \u00e9 uma vontade de conhecer fisicamente esses pa\u00edses ou de trocar opini\u00f5es com os nativos para entender melhor o que l\u00e1 ocorreu mas mais o de ir construindo um imagin\u00e1rio pessoal a partir de outros relatos&#8230; ou ent\u00e3o n\u00e3o \u00e9 nada disso e \u00e9 simplesmente a beleza e o formato dos livros da <a href=\"http:\/\/www.cavalodeferro.com\/\">Cavalo de Ferro<\/a> que me levam primeiro com &#8220;<a href=\"http:\/\/www.cavalodeferro.com\/index.php?action=product_info&amp;products_id=37\">Marlboro Sarajevo<\/a>&#8221; de <a href=\"http:\/\/www.cavalodeferro.com\/index.php?action=manufacturer_info&amp;manufacturers_id=46\">Miljenko Jergovic<\/a> e depois com &#8220;<a href=\"http:\/\/www.cavalodeferro.com\/index.php?action=product_info&amp;products_id=24\">O p\u00e1tio maldito<\/a>&#8221; de <a href=\"http:\/\/pt.wikipedia.org\/wiki\/Ivo_Andric\">Ivo Andric<\/a> a querer construir esse imagin\u00e1rio.<br \/>\nN\u00e3o \u00e9 um imagin\u00e1rio idilico no entanto, n\u00e3o pode ser, num local e num tempo (fins do s\u00e9culo xx) onde voltamos a encontrar os tenebrosos campos de concentra\u00e7\u00e3o e \u00f3dio visceral entre seres humanos s\u00f3 pela sua diferen\u00e7a de nacionalidade (mas n\u00e3o eram eles todos os Eslavos do Sul?).<br \/>\nE \u00e9 isso que podemos ler em Marlboro Sarajevo e imaginar na nossa mente, ou ler e ver em <a href=\"http:\/\/en.wikipedia.org\/wiki\/Safe_Area_Gorazde\">Safe Area Gorazde<\/a> ou War&#8217;s End de <a href=\"http:\/\/en.wikipedia.org\/wiki\/Joe_Sacco\">Joe Sacco<\/a>.<br \/>\nE finalmente ficar ainda mais perplexos ao (n\u00e3o) perceber em Maced\u00f3nia de <a href=\"http:\/\/en.wikipedia.org\/wiki\/Harvey_Pekar\">Harvey Pekar<\/a> como \u00e9 que nessa &#8220;<a href=\"http:\/\/en.wikipedia.org\/wiki\/Republic_of_Macedonia\">Former Yugoslav Republic of Macedonia<\/a>&#8221; tamb\u00e9m n\u00e3o houve um banho de sangue.<br \/>\nA geopolitica n\u00e3o \u00e9 f\u00e1cil&#8230; e n\u00f3s normalmente tamb\u00e9m n\u00e3o ajudamos nada.<\/p>\n","protected":false},"excerpt":{"rendered":"<p>H\u00e1 momentos que, v\u00e1-se l\u00e1 saber porqu\u00ea, ficam gravados na nossa mem\u00f3ria de forma quase fotogr\u00e1fica, como por exemplo uma manh\u00e3 solarenga do ver\u00e3o de 91 ou 92 em que estou na sala de convivio do Parque de Campismo da Ap\u00falia, sentado num banco corrido virado para o jardim a ler o P\u00fablico, na altura [&hellip;]<\/p>\n","protected":false},"author":1,"featured_media":0,"comment_status":"open","ping_status":"open","sticky":false,"template":"","format":"standard","meta":{"footnotes":""},"categories":[7],"tags":[291,326,335,363,422],"class_list":["post-539","post","type-post","status-publish","format-standard","hentry","category-ler-ver-ouvir-passear","tag-harvey-pekar","tag-ivo-andric","tag-joe-sacco","tag-ler","tag-miljenko-jergovic"],"yoast_head":"<!-- This site is optimized with the Yoast SEO plugin v27.5 - https:\/\/yoast.com\/product\/yoast-seo-wordpress\/ -->\n<title>Jugosl\u00e1via - Os Meus Apontamentos<\/title>\n<meta name=\"robots\" content=\"index, follow, max-snippet:-1, max-image-preview:large, max-video-preview:-1\" \/>\n<link rel=\"canonical\" href=\"https:\/\/osmeusapontamentos.com\/index.php\/2008\/04\/06\/jugoslavia\/\" \/>\n<meta property=\"og:locale\" content=\"pt_PT\" \/>\n<meta property=\"og:type\" content=\"article\" \/>\n<meta property=\"og:title\" content=\"Jugosl\u00e1via - Os Meus Apontamentos\" \/>\n<meta property=\"og:description\" content=\"H\u00e1 momentos que, v\u00e1-se l\u00e1 saber porqu\u00ea, ficam gravados na nossa mem\u00f3ria de forma quase fotogr\u00e1fica, como por exemplo uma manh\u00e3 solarenga do ver\u00e3o de 91 ou 92 em que estou na sala de convivio do Parque de Campismo da Ap\u00falia, sentado num banco corrido virado para o jardim a ler o P\u00fablico, na altura [&hellip;]\" \/>\n<meta property=\"og:url\" content=\"https:\/\/osmeusapontamentos.com\/index.php\/2008\/04\/06\/jugoslavia\/\" \/>\n<meta property=\"og:site_name\" content=\"Os Meus Apontamentos\" \/>\n<meta property=\"article:published_time\" content=\"2008-04-06T20:41:59+00:00\" \/>\n<meta name=\"author\" content=\"Vitor Silva\" \/>\n<meta name=\"twitter:card\" content=\"summary_large_image\" \/>\n<meta name=\"twitter:creator\" content=\"@vitorsilva\" \/>\n<meta name=\"twitter:site\" content=\"@vitorsilva\" \/>\n<meta name=\"twitter:label1\" content=\"Escrito por\" \/>\n\t<meta name=\"twitter:data1\" content=\"Vitor Silva\" \/>\n\t<meta name=\"twitter:label2\" content=\"Tempo estimado de leitura\" \/>\n\t<meta name=\"twitter:data2\" content=\"3 minutos\" \/>\n<script type=\"application\/ld+json\" class=\"yoast-schema-graph\">{\"@context\":\"https:\\\/\\\/schema.org\",\"@graph\":[{\"@type\":\"Article\",\"@id\":\"https:\\\/\\\/osmeusapontamentos.com\\\/index.php\\\/2008\\\/04\\\/06\\\/jugoslavia\\\/#article\",\"isPartOf\":{\"@id\":\"https:\\\/\\\/osmeusapontamentos.com\\\/index.php\\\/2008\\\/04\\\/06\\\/jugoslavia\\\/\"},\"author\":{\"name\":\"Vitor Silva\",\"@id\":\"https:\\\/\\\/osmeusapontamentos.com\\\/#\\\/schema\\\/person\\\/d508df9c3ffc8b4e64a18dbf0ba18dd8\"},\"headline\":\"Jugosl\u00e1via\",\"datePublished\":\"2008-04-06T20:41:59+00:00\",\"mainEntityOfPage\":{\"@id\":\"https:\\\/\\\/osmeusapontamentos.com\\\/index.php\\\/2008\\\/04\\\/06\\\/jugoslavia\\\/\"},\"wordCount\":639,\"commentCount\":0,\"publisher\":{\"@id\":\"https:\\\/\\\/osmeusapontamentos.com\\\/#\\\/schema\\\/person\\\/d508df9c3ffc8b4e64a18dbf0ba18dd8\"},\"keywords\":[\"Harvey Pekar\",\"Ivo Andric\",\"Joe Sacco\",\"ler\",\"Miljenko Jergovic\"],\"articleSection\":[\"Ler\\\/ Ver\\\/ Ouvir\\\/ Passear\"],\"inLanguage\":\"pt-PT\",\"potentialAction\":[{\"@type\":\"CommentAction\",\"name\":\"Comment\",\"target\":[\"https:\\\/\\\/osmeusapontamentos.com\\\/index.php\\\/2008\\\/04\\\/06\\\/jugoslavia\\\/#respond\"]}]},{\"@type\":\"WebPage\",\"@id\":\"https:\\\/\\\/osmeusapontamentos.com\\\/index.php\\\/2008\\\/04\\\/06\\\/jugoslavia\\\/\",\"url\":\"https:\\\/\\\/osmeusapontamentos.com\\\/index.php\\\/2008\\\/04\\\/06\\\/jugoslavia\\\/\",\"name\":\"Jugosl\u00e1via - Os Meus Apontamentos\",\"isPartOf\":{\"@id\":\"https:\\\/\\\/osmeusapontamentos.com\\\/#website\"},\"datePublished\":\"2008-04-06T20:41:59+00:00\",\"breadcrumb\":{\"@id\":\"https:\\\/\\\/osmeusapontamentos.com\\\/index.php\\\/2008\\\/04\\\/06\\\/jugoslavia\\\/#breadcrumb\"},\"inLanguage\":\"pt-PT\",\"potentialAction\":[{\"@type\":\"ReadAction\",\"target\":[\"https:\\\/\\\/osmeusapontamentos.com\\\/index.php\\\/2008\\\/04\\\/06\\\/jugoslavia\\\/\"]}]},{\"@type\":\"BreadcrumbList\",\"@id\":\"https:\\\/\\\/osmeusapontamentos.com\\\/index.php\\\/2008\\\/04\\\/06\\\/jugoslavia\\\/#breadcrumb\",\"itemListElement\":[{\"@type\":\"ListItem\",\"position\":1,\"name\":\"In\u00edcio\",\"item\":\"https:\\\/\\\/osmeusapontamentos.com\\\/\"},{\"@type\":\"ListItem\",\"position\":2,\"name\":\"Jugosl\u00e1via\"}]},{\"@type\":\"WebSite\",\"@id\":\"https:\\\/\\\/osmeusapontamentos.com\\\/#website\",\"url\":\"https:\\\/\\\/osmeusapontamentos.com\\\/\",\"name\":\"Os Meus Apontamentos\",\"description\":\"\",\"publisher\":{\"@id\":\"https:\\\/\\\/osmeusapontamentos.com\\\/#\\\/schema\\\/person\\\/d508df9c3ffc8b4e64a18dbf0ba18dd8\"},\"potentialAction\":[{\"@type\":\"SearchAction\",\"target\":{\"@type\":\"EntryPoint\",\"urlTemplate\":\"https:\\\/\\\/osmeusapontamentos.com\\\/?s={search_term_string}\"},\"query-input\":{\"@type\":\"PropertyValueSpecification\",\"valueRequired\":true,\"valueName\":\"search_term_string\"}}],\"inLanguage\":\"pt-PT\"},{\"@type\":[\"Person\",\"Organization\"],\"@id\":\"https:\\\/\\\/osmeusapontamentos.com\\\/#\\\/schema\\\/person\\\/d508df9c3ffc8b4e64a18dbf0ba18dd8\",\"name\":\"Vitor Silva\",\"image\":{\"@type\":\"ImageObject\",\"inLanguage\":\"pt-PT\",\"@id\":\"https:\\\/\\\/secure.gravatar.com\\\/avatar\\\/f81f58ad909e8a213ab0a690f6ed65e5c0e0e2274bf35ac49ff31d7988d483ce?s=96&d=mm&r=g\",\"url\":\"https:\\\/\\\/secure.gravatar.com\\\/avatar\\\/f81f58ad909e8a213ab0a690f6ed65e5c0e0e2274bf35ac49ff31d7988d483ce?s=96&d=mm&r=g\",\"contentUrl\":\"https:\\\/\\\/secure.gravatar.com\\\/avatar\\\/f81f58ad909e8a213ab0a690f6ed65e5c0e0e2274bf35ac49ff31d7988d483ce?s=96&d=mm&r=g\",\"caption\":\"Vitor Silva\"},\"logo\":{\"@id\":\"https:\\\/\\\/secure.gravatar.com\\\/avatar\\\/f81f58ad909e8a213ab0a690f6ed65e5c0e0e2274bf35ac49ff31d7988d483ce?s=96&d=mm&r=g\"},\"sameAs\":[\"https:\\\/\\\/www.linkedin.com\\\/in\\\/vitormrsilva\",\"https:\\\/\\\/x.com\\\/vitorsilva\"]}]}<\/script>\n<!-- \/ Yoast SEO plugin. -->","yoast_head_json":{"title":"Jugosl\u00e1via - Os Meus Apontamentos","robots":{"index":"index","follow":"follow","max-snippet":"max-snippet:-1","max-image-preview":"max-image-preview:large","max-video-preview":"max-video-preview:-1"},"canonical":"https:\/\/osmeusapontamentos.com\/index.php\/2008\/04\/06\/jugoslavia\/","og_locale":"pt_PT","og_type":"article","og_title":"Jugosl\u00e1via - Os Meus Apontamentos","og_description":"H\u00e1 momentos que, v\u00e1-se l\u00e1 saber porqu\u00ea, ficam gravados na nossa mem\u00f3ria de forma quase fotogr\u00e1fica, como por exemplo uma manh\u00e3 solarenga do ver\u00e3o de 91 ou 92 em que estou na sala de convivio do Parque de Campismo da Ap\u00falia, sentado num banco corrido virado para o jardim a ler o P\u00fablico, na altura [&hellip;]","og_url":"https:\/\/osmeusapontamentos.com\/index.php\/2008\/04\/06\/jugoslavia\/","og_site_name":"Os Meus Apontamentos","article_published_time":"2008-04-06T20:41:59+00:00","author":"Vitor Silva","twitter_card":"summary_large_image","twitter_creator":"@vitorsilva","twitter_site":"@vitorsilva","twitter_misc":{"Escrito por":"Vitor Silva","Tempo estimado de leitura":"3 minutos"},"schema":{"@context":"https:\/\/schema.org","@graph":[{"@type":"Article","@id":"https:\/\/osmeusapontamentos.com\/index.php\/2008\/04\/06\/jugoslavia\/#article","isPartOf":{"@id":"https:\/\/osmeusapontamentos.com\/index.php\/2008\/04\/06\/jugoslavia\/"},"author":{"name":"Vitor Silva","@id":"https:\/\/osmeusapontamentos.com\/#\/schema\/person\/d508df9c3ffc8b4e64a18dbf0ba18dd8"},"headline":"Jugosl\u00e1via","datePublished":"2008-04-06T20:41:59+00:00","mainEntityOfPage":{"@id":"https:\/\/osmeusapontamentos.com\/index.php\/2008\/04\/06\/jugoslavia\/"},"wordCount":639,"commentCount":0,"publisher":{"@id":"https:\/\/osmeusapontamentos.com\/#\/schema\/person\/d508df9c3ffc8b4e64a18dbf0ba18dd8"},"keywords":["Harvey Pekar","Ivo Andric","Joe Sacco","ler","Miljenko Jergovic"],"articleSection":["Ler\/ Ver\/ Ouvir\/ Passear"],"inLanguage":"pt-PT","potentialAction":[{"@type":"CommentAction","name":"Comment","target":["https:\/\/osmeusapontamentos.com\/index.php\/2008\/04\/06\/jugoslavia\/#respond"]}]},{"@type":"WebPage","@id":"https:\/\/osmeusapontamentos.com\/index.php\/2008\/04\/06\/jugoslavia\/","url":"https:\/\/osmeusapontamentos.com\/index.php\/2008\/04\/06\/jugoslavia\/","name":"Jugosl\u00e1via - Os Meus Apontamentos","isPartOf":{"@id":"https:\/\/osmeusapontamentos.com\/#website"},"datePublished":"2008-04-06T20:41:59+00:00","breadcrumb":{"@id":"https:\/\/osmeusapontamentos.com\/index.php\/2008\/04\/06\/jugoslavia\/#breadcrumb"},"inLanguage":"pt-PT","potentialAction":[{"@type":"ReadAction","target":["https:\/\/osmeusapontamentos.com\/index.php\/2008\/04\/06\/jugoslavia\/"]}]},{"@type":"BreadcrumbList","@id":"https:\/\/osmeusapontamentos.com\/index.php\/2008\/04\/06\/jugoslavia\/#breadcrumb","itemListElement":[{"@type":"ListItem","position":1,"name":"In\u00edcio","item":"https:\/\/osmeusapontamentos.com\/"},{"@type":"ListItem","position":2,"name":"Jugosl\u00e1via"}]},{"@type":"WebSite","@id":"https:\/\/osmeusapontamentos.com\/#website","url":"https:\/\/osmeusapontamentos.com\/","name":"Os Meus Apontamentos","description":"","publisher":{"@id":"https:\/\/osmeusapontamentos.com\/#\/schema\/person\/d508df9c3ffc8b4e64a18dbf0ba18dd8"},"potentialAction":[{"@type":"SearchAction","target":{"@type":"EntryPoint","urlTemplate":"https:\/\/osmeusapontamentos.com\/?s={search_term_string}"},"query-input":{"@type":"PropertyValueSpecification","valueRequired":true,"valueName":"search_term_string"}}],"inLanguage":"pt-PT"},{"@type":["Person","Organization"],"@id":"https:\/\/osmeusapontamentos.com\/#\/schema\/person\/d508df9c3ffc8b4e64a18dbf0ba18dd8","name":"Vitor Silva","image":{"@type":"ImageObject","inLanguage":"pt-PT","@id":"https:\/\/secure.gravatar.com\/avatar\/f81f58ad909e8a213ab0a690f6ed65e5c0e0e2274bf35ac49ff31d7988d483ce?s=96&d=mm&r=g","url":"https:\/\/secure.gravatar.com\/avatar\/f81f58ad909e8a213ab0a690f6ed65e5c0e0e2274bf35ac49ff31d7988d483ce?s=96&d=mm&r=g","contentUrl":"https:\/\/secure.gravatar.com\/avatar\/f81f58ad909e8a213ab0a690f6ed65e5c0e0e2274bf35ac49ff31d7988d483ce?s=96&d=mm&r=g","caption":"Vitor Silva"},"logo":{"@id":"https:\/\/secure.gravatar.com\/avatar\/f81f58ad909e8a213ab0a690f6ed65e5c0e0e2274bf35ac49ff31d7988d483ce?s=96&d=mm&r=g"},"sameAs":["https:\/\/www.linkedin.com\/in\/vitormrsilva","https:\/\/x.com\/vitorsilva"]}]}},"_links":{"self":[{"href":"https:\/\/osmeusapontamentos.com\/index.php\/wp-json\/wp\/v2\/posts\/539","targetHints":{"allow":["GET"]}}],"collection":[{"href":"https:\/\/osmeusapontamentos.com\/index.php\/wp-json\/wp\/v2\/posts"}],"about":[{"href":"https:\/\/osmeusapontamentos.com\/index.php\/wp-json\/wp\/v2\/types\/post"}],"author":[{"embeddable":true,"href":"https:\/\/osmeusapontamentos.com\/index.php\/wp-json\/wp\/v2\/users\/1"}],"replies":[{"embeddable":true,"href":"https:\/\/osmeusapontamentos.com\/index.php\/wp-json\/wp\/v2\/comments?post=539"}],"version-history":[{"count":0,"href":"https:\/\/osmeusapontamentos.com\/index.php\/wp-json\/wp\/v2\/posts\/539\/revisions"}],"wp:attachment":[{"href":"https:\/\/osmeusapontamentos.com\/index.php\/wp-json\/wp\/v2\/media?parent=539"}],"wp:term":[{"taxonomy":"category","embeddable":true,"href":"https:\/\/osmeusapontamentos.com\/index.php\/wp-json\/wp\/v2\/categories?post=539"},{"taxonomy":"post_tag","embeddable":true,"href":"https:\/\/osmeusapontamentos.com\/index.php\/wp-json\/wp\/v2\/tags?post=539"}],"curies":[{"name":"wp","href":"https:\/\/api.w.org\/{rel}","templated":true}]}}