{"id":530,"date":"2008-03-09T23:03:46","date_gmt":"2008-03-09T23:03:46","guid":{"rendered":"http:\/\/osmeusapontamentos.com\/?p=530"},"modified":"2008-03-09T23:03:46","modified_gmt":"2008-03-09T23:03:46","slug":"o-dever-da-verdade","status":"publish","type":"post","link":"https:\/\/osmeusapontamentos.com\/index.php\/2008\/03\/09\/o-dever-da-verdade\/","title":{"rendered":"O Dever da Verdade"},"content":{"rendered":"<p><img decoding=\"async\" style=\"margin: 0px 10px 10px 0px\" src=\"https:\/\/osmeusapontamentos.com\/img\/odeverdaverdade.gif\" alt=\"\" align=\"left\" \/><br \/>\n&#8220;Isto n\u00e3o tem volta a dar&#8221; diz Medina Carreira na sua conversa com Ricardo Costa que foi publicado no livro Dever da Verdade&#8230; e se o dever da verdade \u00e9 dizer-nos que isto n\u00e3o tem volta a dar ent\u00e3o ou interpretamos esta afirma\u00e7\u00e3o de uma forma literal e estamos tramados, ou interpretamos como uma chamada de aten\u00e7\u00e3o muito forte de algu\u00e9m que j\u00e1 chamou tantas vezes \u00e0 aten\u00e7\u00e3o para alguns problemas do pa\u00eds que j\u00e1 s\u00f3 lhe resta desistir.<\/p>\n<p>Mas acho que este livro \u00e9 principalmente uma conclus\u00e3o. Uma conclus\u00e3o de todos os milhares de estudos, levantamentos e outras consultorias feitas sobre a nossa economia e a nossa sociedade.<br \/>\nE a conclus\u00e3o \u00e9 apresentada sem rodriguinhos ou quaisquer necessidades de ser politicamente correcto.<\/p>\n<p>O livro passa por alguns temas da sociedade e economia portuguesa, nomeadamente a quest\u00e3o da educa\u00e7\u00e3o e dos miticos 6% do pib que tanto ajudaram a ridicularizar o Guterres j\u00e1 que o nosso investimento na educa\u00e7\u00e3o na verdade \u00e9 dos mais elevados (a nivel relativo) da europa; e a quest\u00e3o dos funcion\u00e1rios p\u00fablicos, onde gostei particularmente desta express\u00e3o: &#8220;Se me &#8216;parece&#8217; exagerado o n\u00famero de funcion\u00e1rios [p\u00fablicos], \u00e9 &#8216;seguro&#8217; que custam aquilo que o Pa\u00eds n\u00e3o pode pagar.&#8221; Contorna a quest\u00e3o de nunca haver n\u00famero exactos de funcion\u00e1rios p\u00fablicos e contextualiza-a no ponto mais importante que \u00e9 quanto \u00e9 que isso nos custa.<\/p>\n<p>Para al\u00e9m disso alertou-me ainda para uma quest\u00e3o que ainda n\u00e3o tinha assimilado perfeitamente embora tivesse consciencia dela e que tem a ver com o direito \u00e0 greve. Na verdade, diz, &#8220;A greve tende a converter-se um exclusivo do funcion\u00e1rio p\u00fablico.&#8221; j\u00e1 que \u00e9 o \u00fanico que pode &#8220;impunemente&#8221; faz\u00ea-la.<\/p>\n<p>De qualquer forma, aquilo que mais apreciei foi o enquadramento que explica porque raz\u00e3o, com muita probabilidade, nunca iremos voltar aos gloriosos anos 70 \/ 80 do grande estado-social. E porque raz\u00e3o muitas reivindica\u00e7\u00f5es, formas de actua\u00e7\u00e3o e relacionamento entre os actores sociais t\u00eam que ser revistas.<\/p>\n<blockquote><p>&#8220;Nos sessenta anos j\u00e1 decorridos depois da Segunda Guerra, a Europa do Oeste conheceu dois per\u00edodos distintos: nos primeiros trinta houve prosperidade econ\u00f3mica como nunca antes se conseguira, pleno emprego e elevadas taxas de natalidade.<br \/>\nO vigor da economia e do sindicalismo permitiram um &#8216;compromisso social&#8217; com ganhos para todos. E foi assim, com um capitalismo din\u00e2mico, que os partidos da esquerda democr\u00e1tica registaram os seus maiores \u00eaxitos durante e por causa dos &#8217;30 gloriosos anos&#8217;.&#8221;<br \/>\n&#8220;Os europeus pensaram e pensam que todos os benef\u00edcios e privil\u00e9gios era aquisi\u00e7\u00f5es definitivas e incondicionadas. N\u00e3o entenderam que houve altera\u00e7\u00f5es profundas no mundo, que imp\u00f5em nos esfor\u00e7os, ren\u00fancias, reformas e sacrif\u00edcios.&#8221;<\/p><\/blockquote>\n<p>Quem pensava que tinhamos atingido um patamar ao n\u00edvel do apoio social, rela\u00e7\u00e3o empresas \/ estado desengane-se&#8230;<\/p>\n<hr \/>\n<p>Nome: <a href=\"http:\/\/www.dquixote.pt\/Livre\/Ficha.aspx?id=1911\">O Dever da Verdade<\/a><br \/>\nAutor: Ricardo Costa, Medina Carreira<br \/>\nEditora: <a href=\"http:\/\/www.dquixote.pt\/\">Dom Quixote<\/a><br \/>\nISBN: <span id=\"ctl00_ContentPlaceHolder1_lblISBN\">978-972-20-3046-5<\/span><\/p>\n","protected":false},"excerpt":{"rendered":"<p>&#8220;Isto n\u00e3o tem volta a dar&#8221; diz Medina Carreira na sua conversa com Ricardo Costa que foi publicado no livro Dever da Verdade&#8230; e se o dever da verdade \u00e9 dizer-nos que isto n\u00e3o tem volta a dar ent\u00e3o ou interpretamos esta afirma\u00e7\u00e3o de uma forma literal e estamos tramados, ou interpretamos como uma chamada [&hellip;]<\/p>\n","protected":false},"author":1,"featured_media":0,"comment_status":"open","ping_status":"open","sticky":false,"template":"","format":"standard","meta":{"footnotes":""},"categories":[7],"tags":[207,363,405,529,571],"class_list":["post-530","post","type-post","status-publish","format-standard","hentry","category-ler-ver-ouvir-passear","tag-economia","tag-ler","tag-medina-carreira","tag-portugal","tag-ricardo-costa"],"yoast_head":"<!-- This site is optimized with the Yoast SEO plugin v27.5 - https:\/\/yoast.com\/product\/yoast-seo-wordpress\/ -->\n<title>O Dever da Verdade - Os Meus Apontamentos<\/title>\n<meta name=\"robots\" content=\"index, follow, max-snippet:-1, max-image-preview:large, max-video-preview:-1\" \/>\n<link rel=\"canonical\" href=\"https:\/\/osmeusapontamentos.com\/index.php\/2008\/03\/09\/o-dever-da-verdade\/\" \/>\n<meta property=\"og:locale\" content=\"pt_PT\" \/>\n<meta property=\"og:type\" content=\"article\" \/>\n<meta property=\"og:title\" content=\"O Dever da Verdade - Os Meus Apontamentos\" \/>\n<meta property=\"og:description\" content=\"&#8220;Isto n\u00e3o tem volta a dar&#8221; diz Medina Carreira na sua conversa com Ricardo Costa que foi publicado no livro Dever da Verdade&#8230; e se o dever da verdade \u00e9 dizer-nos que isto n\u00e3o tem volta a dar ent\u00e3o ou interpretamos esta afirma\u00e7\u00e3o de uma forma literal e estamos tramados, ou interpretamos como uma chamada [&hellip;]\" \/>\n<meta property=\"og:url\" content=\"https:\/\/osmeusapontamentos.com\/index.php\/2008\/03\/09\/o-dever-da-verdade\/\" \/>\n<meta property=\"og:site_name\" content=\"Os Meus Apontamentos\" \/>\n<meta property=\"article:published_time\" content=\"2008-03-09T23:03:46+00:00\" \/>\n<meta property=\"og:image\" content=\"https:\/\/osmeusapontamentos.com\/img\/odeverdaverdade.gif\" \/>\n<meta name=\"author\" content=\"Vitor Silva\" \/>\n<meta name=\"twitter:card\" content=\"summary_large_image\" \/>\n<meta name=\"twitter:creator\" content=\"@vitorsilva\" \/>\n<meta name=\"twitter:site\" content=\"@vitorsilva\" \/>\n<meta name=\"twitter:label1\" content=\"Escrito por\" \/>\n\t<meta name=\"twitter:data1\" content=\"Vitor Silva\" \/>\n\t<meta name=\"twitter:label2\" content=\"Tempo estimado de leitura\" \/>\n\t<meta name=\"twitter:data2\" content=\"3 minutos\" \/>\n<script type=\"application\/ld+json\" class=\"yoast-schema-graph\">{\"@context\":\"https:\\\/\\\/schema.org\",\"@graph\":[{\"@type\":\"Article\",\"@id\":\"https:\\\/\\\/osmeusapontamentos.com\\\/index.php\\\/2008\\\/03\\\/09\\\/o-dever-da-verdade\\\/#article\",\"isPartOf\":{\"@id\":\"https:\\\/\\\/osmeusapontamentos.com\\\/index.php\\\/2008\\\/03\\\/09\\\/o-dever-da-verdade\\\/\"},\"author\":{\"name\":\"Vitor Silva\",\"@id\":\"https:\\\/\\\/osmeusapontamentos.com\\\/#\\\/schema\\\/person\\\/d508df9c3ffc8b4e64a18dbf0ba18dd8\"},\"headline\":\"O Dever da Verdade\",\"datePublished\":\"2008-03-09T23:03:46+00:00\",\"mainEntityOfPage\":{\"@id\":\"https:\\\/\\\/osmeusapontamentos.com\\\/index.php\\\/2008\\\/03\\\/09\\\/o-dever-da-verdade\\\/\"},\"wordCount\":508,\"commentCount\":1,\"publisher\":{\"@id\":\"https:\\\/\\\/osmeusapontamentos.com\\\/#\\\/schema\\\/person\\\/d508df9c3ffc8b4e64a18dbf0ba18dd8\"},\"image\":{\"@id\":\"https:\\\/\\\/osmeusapontamentos.com\\\/index.php\\\/2008\\\/03\\\/09\\\/o-dever-da-verdade\\\/#primaryimage\"},\"thumbnailUrl\":\"https:\\\/\\\/osmeusapontamentos.com\\\/img\\\/odeverdaverdade.gif\",\"keywords\":[\"economia\",\"ler\",\"Medina Carreira\",\"portugal\",\"Ricardo Costa\"],\"articleSection\":[\"Ler\\\/ Ver\\\/ Ouvir\\\/ Passear\"],\"inLanguage\":\"pt-PT\",\"potentialAction\":[{\"@type\":\"CommentAction\",\"name\":\"Comment\",\"target\":[\"https:\\\/\\\/osmeusapontamentos.com\\\/index.php\\\/2008\\\/03\\\/09\\\/o-dever-da-verdade\\\/#respond\"]}]},{\"@type\":\"WebPage\",\"@id\":\"https:\\\/\\\/osmeusapontamentos.com\\\/index.php\\\/2008\\\/03\\\/09\\\/o-dever-da-verdade\\\/\",\"url\":\"https:\\\/\\\/osmeusapontamentos.com\\\/index.php\\\/2008\\\/03\\\/09\\\/o-dever-da-verdade\\\/\",\"name\":\"O Dever da Verdade - Os Meus Apontamentos\",\"isPartOf\":{\"@id\":\"https:\\\/\\\/osmeusapontamentos.com\\\/#website\"},\"primaryImageOfPage\":{\"@id\":\"https:\\\/\\\/osmeusapontamentos.com\\\/index.php\\\/2008\\\/03\\\/09\\\/o-dever-da-verdade\\\/#primaryimage\"},\"image\":{\"@id\":\"https:\\\/\\\/osmeusapontamentos.com\\\/index.php\\\/2008\\\/03\\\/09\\\/o-dever-da-verdade\\\/#primaryimage\"},\"thumbnailUrl\":\"https:\\\/\\\/osmeusapontamentos.com\\\/img\\\/odeverdaverdade.gif\",\"datePublished\":\"2008-03-09T23:03:46+00:00\",\"breadcrumb\":{\"@id\":\"https:\\\/\\\/osmeusapontamentos.com\\\/index.php\\\/2008\\\/03\\\/09\\\/o-dever-da-verdade\\\/#breadcrumb\"},\"inLanguage\":\"pt-PT\",\"potentialAction\":[{\"@type\":\"ReadAction\",\"target\":[\"https:\\\/\\\/osmeusapontamentos.com\\\/index.php\\\/2008\\\/03\\\/09\\\/o-dever-da-verdade\\\/\"]}]},{\"@type\":\"ImageObject\",\"inLanguage\":\"pt-PT\",\"@id\":\"https:\\\/\\\/osmeusapontamentos.com\\\/index.php\\\/2008\\\/03\\\/09\\\/o-dever-da-verdade\\\/#primaryimage\",\"url\":\"https:\\\/\\\/osmeusapontamentos.com\\\/img\\\/odeverdaverdade.gif\",\"contentUrl\":\"https:\\\/\\\/osmeusapontamentos.com\\\/img\\\/odeverdaverdade.gif\"},{\"@type\":\"BreadcrumbList\",\"@id\":\"https:\\\/\\\/osmeusapontamentos.com\\\/index.php\\\/2008\\\/03\\\/09\\\/o-dever-da-verdade\\\/#breadcrumb\",\"itemListElement\":[{\"@type\":\"ListItem\",\"position\":1,\"name\":\"In\u00edcio\",\"item\":\"https:\\\/\\\/osmeusapontamentos.com\\\/\"},{\"@type\":\"ListItem\",\"position\":2,\"name\":\"O Dever da Verdade\"}]},{\"@type\":\"WebSite\",\"@id\":\"https:\\\/\\\/osmeusapontamentos.com\\\/#website\",\"url\":\"https:\\\/\\\/osmeusapontamentos.com\\\/\",\"name\":\"Os Meus Apontamentos\",\"description\":\"\",\"publisher\":{\"@id\":\"https:\\\/\\\/osmeusapontamentos.com\\\/#\\\/schema\\\/person\\\/d508df9c3ffc8b4e64a18dbf0ba18dd8\"},\"potentialAction\":[{\"@type\":\"SearchAction\",\"target\":{\"@type\":\"EntryPoint\",\"urlTemplate\":\"https:\\\/\\\/osmeusapontamentos.com\\\/?s={search_term_string}\"},\"query-input\":{\"@type\":\"PropertyValueSpecification\",\"valueRequired\":true,\"valueName\":\"search_term_string\"}}],\"inLanguage\":\"pt-PT\"},{\"@type\":[\"Person\",\"Organization\"],\"@id\":\"https:\\\/\\\/osmeusapontamentos.com\\\/#\\\/schema\\\/person\\\/d508df9c3ffc8b4e64a18dbf0ba18dd8\",\"name\":\"Vitor Silva\",\"image\":{\"@type\":\"ImageObject\",\"inLanguage\":\"pt-PT\",\"@id\":\"https:\\\/\\\/secure.gravatar.com\\\/avatar\\\/f81f58ad909e8a213ab0a690f6ed65e5c0e0e2274bf35ac49ff31d7988d483ce?s=96&d=mm&r=g\",\"url\":\"https:\\\/\\\/secure.gravatar.com\\\/avatar\\\/f81f58ad909e8a213ab0a690f6ed65e5c0e0e2274bf35ac49ff31d7988d483ce?s=96&d=mm&r=g\",\"contentUrl\":\"https:\\\/\\\/secure.gravatar.com\\\/avatar\\\/f81f58ad909e8a213ab0a690f6ed65e5c0e0e2274bf35ac49ff31d7988d483ce?s=96&d=mm&r=g\",\"caption\":\"Vitor Silva\"},\"logo\":{\"@id\":\"https:\\\/\\\/secure.gravatar.com\\\/avatar\\\/f81f58ad909e8a213ab0a690f6ed65e5c0e0e2274bf35ac49ff31d7988d483ce?s=96&d=mm&r=g\"},\"sameAs\":[\"https:\\\/\\\/www.linkedin.com\\\/in\\\/vitormrsilva\",\"https:\\\/\\\/x.com\\\/vitorsilva\"]}]}<\/script>\n<!-- \/ Yoast SEO plugin. -->","yoast_head_json":{"title":"O Dever da Verdade - Os Meus Apontamentos","robots":{"index":"index","follow":"follow","max-snippet":"max-snippet:-1","max-image-preview":"max-image-preview:large","max-video-preview":"max-video-preview:-1"},"canonical":"https:\/\/osmeusapontamentos.com\/index.php\/2008\/03\/09\/o-dever-da-verdade\/","og_locale":"pt_PT","og_type":"article","og_title":"O Dever da Verdade - Os Meus Apontamentos","og_description":"&#8220;Isto n\u00e3o tem volta a dar&#8221; diz Medina Carreira na sua conversa com Ricardo Costa que foi publicado no livro Dever da Verdade&#8230; e se o dever da verdade \u00e9 dizer-nos que isto n\u00e3o tem volta a dar ent\u00e3o ou interpretamos esta afirma\u00e7\u00e3o de uma forma literal e estamos tramados, ou interpretamos como uma chamada [&hellip;]","og_url":"https:\/\/osmeusapontamentos.com\/index.php\/2008\/03\/09\/o-dever-da-verdade\/","og_site_name":"Os Meus Apontamentos","article_published_time":"2008-03-09T23:03:46+00:00","og_image":[{"url":"https:\/\/osmeusapontamentos.com\/img\/odeverdaverdade.gif","type":"","width":"","height":""}],"author":"Vitor Silva","twitter_card":"summary_large_image","twitter_creator":"@vitorsilva","twitter_site":"@vitorsilva","twitter_misc":{"Escrito por":"Vitor Silva","Tempo estimado de leitura":"3 minutos"},"schema":{"@context":"https:\/\/schema.org","@graph":[{"@type":"Article","@id":"https:\/\/osmeusapontamentos.com\/index.php\/2008\/03\/09\/o-dever-da-verdade\/#article","isPartOf":{"@id":"https:\/\/osmeusapontamentos.com\/index.php\/2008\/03\/09\/o-dever-da-verdade\/"},"author":{"name":"Vitor Silva","@id":"https:\/\/osmeusapontamentos.com\/#\/schema\/person\/d508df9c3ffc8b4e64a18dbf0ba18dd8"},"headline":"O Dever da Verdade","datePublished":"2008-03-09T23:03:46+00:00","mainEntityOfPage":{"@id":"https:\/\/osmeusapontamentos.com\/index.php\/2008\/03\/09\/o-dever-da-verdade\/"},"wordCount":508,"commentCount":1,"publisher":{"@id":"https:\/\/osmeusapontamentos.com\/#\/schema\/person\/d508df9c3ffc8b4e64a18dbf0ba18dd8"},"image":{"@id":"https:\/\/osmeusapontamentos.com\/index.php\/2008\/03\/09\/o-dever-da-verdade\/#primaryimage"},"thumbnailUrl":"https:\/\/osmeusapontamentos.com\/img\/odeverdaverdade.gif","keywords":["economia","ler","Medina Carreira","portugal","Ricardo Costa"],"articleSection":["Ler\/ Ver\/ Ouvir\/ Passear"],"inLanguage":"pt-PT","potentialAction":[{"@type":"CommentAction","name":"Comment","target":["https:\/\/osmeusapontamentos.com\/index.php\/2008\/03\/09\/o-dever-da-verdade\/#respond"]}]},{"@type":"WebPage","@id":"https:\/\/osmeusapontamentos.com\/index.php\/2008\/03\/09\/o-dever-da-verdade\/","url":"https:\/\/osmeusapontamentos.com\/index.php\/2008\/03\/09\/o-dever-da-verdade\/","name":"O Dever da Verdade - Os Meus Apontamentos","isPartOf":{"@id":"https:\/\/osmeusapontamentos.com\/#website"},"primaryImageOfPage":{"@id":"https:\/\/osmeusapontamentos.com\/index.php\/2008\/03\/09\/o-dever-da-verdade\/#primaryimage"},"image":{"@id":"https:\/\/osmeusapontamentos.com\/index.php\/2008\/03\/09\/o-dever-da-verdade\/#primaryimage"},"thumbnailUrl":"https:\/\/osmeusapontamentos.com\/img\/odeverdaverdade.gif","datePublished":"2008-03-09T23:03:46+00:00","breadcrumb":{"@id":"https:\/\/osmeusapontamentos.com\/index.php\/2008\/03\/09\/o-dever-da-verdade\/#breadcrumb"},"inLanguage":"pt-PT","potentialAction":[{"@type":"ReadAction","target":["https:\/\/osmeusapontamentos.com\/index.php\/2008\/03\/09\/o-dever-da-verdade\/"]}]},{"@type":"ImageObject","inLanguage":"pt-PT","@id":"https:\/\/osmeusapontamentos.com\/index.php\/2008\/03\/09\/o-dever-da-verdade\/#primaryimage","url":"https:\/\/osmeusapontamentos.com\/img\/odeverdaverdade.gif","contentUrl":"https:\/\/osmeusapontamentos.com\/img\/odeverdaverdade.gif"},{"@type":"BreadcrumbList","@id":"https:\/\/osmeusapontamentos.com\/index.php\/2008\/03\/09\/o-dever-da-verdade\/#breadcrumb","itemListElement":[{"@type":"ListItem","position":1,"name":"In\u00edcio","item":"https:\/\/osmeusapontamentos.com\/"},{"@type":"ListItem","position":2,"name":"O Dever da Verdade"}]},{"@type":"WebSite","@id":"https:\/\/osmeusapontamentos.com\/#website","url":"https:\/\/osmeusapontamentos.com\/","name":"Os Meus Apontamentos","description":"","publisher":{"@id":"https:\/\/osmeusapontamentos.com\/#\/schema\/person\/d508df9c3ffc8b4e64a18dbf0ba18dd8"},"potentialAction":[{"@type":"SearchAction","target":{"@type":"EntryPoint","urlTemplate":"https:\/\/osmeusapontamentos.com\/?s={search_term_string}"},"query-input":{"@type":"PropertyValueSpecification","valueRequired":true,"valueName":"search_term_string"}}],"inLanguage":"pt-PT"},{"@type":["Person","Organization"],"@id":"https:\/\/osmeusapontamentos.com\/#\/schema\/person\/d508df9c3ffc8b4e64a18dbf0ba18dd8","name":"Vitor Silva","image":{"@type":"ImageObject","inLanguage":"pt-PT","@id":"https:\/\/secure.gravatar.com\/avatar\/f81f58ad909e8a213ab0a690f6ed65e5c0e0e2274bf35ac49ff31d7988d483ce?s=96&d=mm&r=g","url":"https:\/\/secure.gravatar.com\/avatar\/f81f58ad909e8a213ab0a690f6ed65e5c0e0e2274bf35ac49ff31d7988d483ce?s=96&d=mm&r=g","contentUrl":"https:\/\/secure.gravatar.com\/avatar\/f81f58ad909e8a213ab0a690f6ed65e5c0e0e2274bf35ac49ff31d7988d483ce?s=96&d=mm&r=g","caption":"Vitor Silva"},"logo":{"@id":"https:\/\/secure.gravatar.com\/avatar\/f81f58ad909e8a213ab0a690f6ed65e5c0e0e2274bf35ac49ff31d7988d483ce?s=96&d=mm&r=g"},"sameAs":["https:\/\/www.linkedin.com\/in\/vitormrsilva","https:\/\/x.com\/vitorsilva"]}]}},"_links":{"self":[{"href":"https:\/\/osmeusapontamentos.com\/index.php\/wp-json\/wp\/v2\/posts\/530","targetHints":{"allow":["GET"]}}],"collection":[{"href":"https:\/\/osmeusapontamentos.com\/index.php\/wp-json\/wp\/v2\/posts"}],"about":[{"href":"https:\/\/osmeusapontamentos.com\/index.php\/wp-json\/wp\/v2\/types\/post"}],"author":[{"embeddable":true,"href":"https:\/\/osmeusapontamentos.com\/index.php\/wp-json\/wp\/v2\/users\/1"}],"replies":[{"embeddable":true,"href":"https:\/\/osmeusapontamentos.com\/index.php\/wp-json\/wp\/v2\/comments?post=530"}],"version-history":[{"count":0,"href":"https:\/\/osmeusapontamentos.com\/index.php\/wp-json\/wp\/v2\/posts\/530\/revisions"}],"wp:attachment":[{"href":"https:\/\/osmeusapontamentos.com\/index.php\/wp-json\/wp\/v2\/media?parent=530"}],"wp:term":[{"taxonomy":"category","embeddable":true,"href":"https:\/\/osmeusapontamentos.com\/index.php\/wp-json\/wp\/v2\/categories?post=530"},{"taxonomy":"post_tag","embeddable":true,"href":"https:\/\/osmeusapontamentos.com\/index.php\/wp-json\/wp\/v2\/tags?post=530"}],"curies":[{"name":"wp","href":"https:\/\/api.w.org\/{rel}","templated":true}]}}