{"id":525,"date":"2007-10-21T15:33:28","date_gmt":"2007-10-21T15:33:28","guid":{"rendered":"http:\/\/osmeusapontamentos.com\/index.php\/2007\/10\/21\/confidencial-a-decada-de-sampaio-em-belem\/"},"modified":"2007-10-21T15:33:28","modified_gmt":"2007-10-21T15:33:28","slug":"confidencial-a-decada-de-sampaio-em-belem","status":"publish","type":"post","link":"https:\/\/osmeusapontamentos.com\/index.php\/2007\/10\/21\/confidencial-a-decada-de-sampaio-em-belem\/","title":{"rendered":"Confidencial &#8211; A d\u00e9cada de Sampaio em Bel\u00e9m"},"content":{"rendered":"<p><img decoding=\"async\" style=\"margin: 5px\" src=\"https:\/\/osmeusapontamentos.com\/img\/confidencial.jpg\" alt=\"null\" width=\"200\" align=\"left\" \/><br \/>\n<a href=\"http:\/\/www.primebooks.pt\/pt\/index.php?prod=128&amp;catnome=&amp;cat=\">Confidencial &#8211; A d\u00e9cada de Sampaio em Bel\u00e9m de Jo\u00e3o Gabriel<\/a> foi o livro que me acompanhou na minha semana de f\u00e9rias em Setembro. Nos tempos que correm, s\u00f3 mesmo em tempo de f\u00e9rias \u00e9 que conseguiria ler um livro de quase 400 p\u00e1ginas numa semana.<br \/>\nEste n\u00e3o \u00e9 o livro das mem\u00f3rias de <a href=\"http:\/\/pt.wikipedia.org\/wiki\/Jorge_Sampaio\">Jorge Sampaio<\/a>, nem pretende ser, mas, e tendo como pano de fundo as suas duas presid\u00eancias, d\u00e1-nos uma vis\u00e3o de quem conviveu com ele nesses 10 anos.<\/p>\n<p>Para quem s\u00f3 conhece da pol\u00edtica aquilo que aparece nos media, a leitura deste livro permite satisfazer um pouco aquela curiosidade quase voyeristica sobre como funciona a liga\u00e7\u00e3o institui\u00e7\u00f5es, jornalistas, p\u00fablico.<br \/>\nEste \u00e9 ali\u00e1s um dos pontos que acho mais interessantes, em que Jo\u00e3o Gabriel assume sem grandes assombros<\/p>\n<blockquote><p>&#8220;Fomos, durante uma d\u00e9cada, fontes de muitos jornalistas que nos procuravam para obter informa\u00e7\u00f5es ou contraditar dados que tinham obtido por outra via&#8221; (pag.353).&#8221;<\/p><\/blockquote>\n<p>E provavelmente a quest\u00e3o nem passa por assumir ou deixar de assumir, tendo em conta a conota\u00e7\u00e3o desta palavra que leva um pouco para a ideia de que havia qualquer coisa escondido e que passou para o dom\u00ednio p\u00fablico.<\/p>\n<p>A forma como ele define sua fun\u00e7\u00e3o libertou-me a mim da minha ingenuidade no que diz respeito a estas rela\u00e7\u00f5es, e inclusive proporcinou-me um enquadramento mental aceitavel para encarar estas rela\u00e7\u00f5es. Diz ele<\/p>\n<blockquote><p>&#8220;Um Chefe de Estado tamb\u00e9m \u00e9 um criador de circunst\u00e2ncias. Faz parte da l\u00f3gica pol\u00edtica assumir determinadas causas e dar determinados sinais. A assessoria de imprensa serve exactamente para amplificar e valorizar o conte\u00fado das mesmas.&#8221; (pag.353)<\/p><\/blockquote>\n<p>Claro que esta forma de relacionamento (entre institui\u00e7\u00f5es-jornalistas) cheia de inuendos, regras n\u00e3o escritas e favores mais ou menos bem intencionados s\u00e3o potenciadoras de confus\u00f5es e\/ou conflitos. Como os ultrapassar n\u00e3o \u00e9 objecto deste livro.<\/p>\n<p>Ao mesmo tempo que declara a sua postura perante a sua profiss\u00e3o\/tarefa (assessoria), n\u00e3o perde a oportunidade para emitir a sua opini\u00e3o sobre o que \u00e9 o jornalismo hoje e o que o desgosta nele.<\/p>\n<blockquote><p>&#8220;Mas se \u00e9 verdade que a opini\u00e3o p\u00fablica depende de um imprensa cred\u00edvel e independente, a pr\u00e1tica dos jornalistas pressup\u00f5e rigor e isen\u00e7\u00e3o. Atributos a que um n\u00famero crescente destes tem negligenciado&#8221; (pag.327)<\/p><\/blockquote>\n<p>E deixa tamb\u00e9m algumas frases sobre alguns pol\u00edticos portugueses<\/p>\n<blockquote><p>&#8220;&#8221;\u00c0 minha irrita\u00e7\u00e3o inicial &#8211; que ainda durou um bom par de horas &#8211; seguiu-se um realista &#8216;nada a fazer'&#8221; (pag.173)<\/p><\/blockquote>\n<p>A sua rela\u00e7\u00e3o com Timor fica justamente vincada no n\u00famero de p\u00e1ginas que lhe dedica, relatando n\u00e3o s\u00f3 o que vivenciou durante os dois mandatos mas tamb\u00e9m experi\u00eancias anteriores como as visitas \u00e0 indon\u00e9sia ou a entrevista ao ent\u00e3o prisioneiro Xanana Gusm\u00e3o. \u00c9 um relato emotivo que faz sentido num assunto que tanta como\u00e7\u00e3o gerou em Portugal e que se hoje est\u00e1 resolvido (a independ\u00eancia foi conseguida embora falte ainda estabilidade ao pa\u00eds) deve-o muito \u00e0 coragem dos pr\u00f3prios timorenses.<br \/>\nComo seria de esperar, a crise pol\u00edtica de 2004 com o pr\u00e9 e p\u00f3s governo de Santana Lopes \u00e9 tamb\u00e9m um ponto alto do livro, com o relato, mais detalhado nas hist\u00f3rias \u00e0 volta da sa\u00edda de Barroso do que \u00e0s causas da sa\u00edda de Santana<\/p>\n<p>De qualquer forma, ao longo do livro, Jo\u00e3o Gabriel vai deixando notas sobre Jorge Sampaio, pessoa que, como Pacheco Pereira diz no pref\u00e1cio &#8220;n\u00e3o tinha muitas raz\u00f5es para ter a carreira politica que teve, o sucesso politico que teve, porque ele \u00e9 mais uma anomalida do que a regra nas carreiras do nosso sistema pol\u00edtico&#8221;, e essa anomalia est\u00e1 expressa em algun apontamentos sobre coisas que Sampaio disse (o facto de gostar de touradas de morte, e de n\u00e3o ter problemas em assumi-lo pag.49), posturas que teve (como a raz\u00e3o que deu quando lhe perguntaram porque tinha dito que tinha votado em Otelo: &#8220;Porque era verdade&#8221; pag.63), ou por ac\u00e7\u00f5es que praticou (a hist\u00f3ria com a mandat\u00e1ria da Figueira da Foz \u00e9 surpreendente (pag.111). Essas s\u00e3o as marcas que Sampaio imprimiu aos seus mandatos e que provavelmente explicam porque raz\u00e3o j\u00e1 o temos ouvido outra vez agora que voltou \u00e0 sociedade civil em vez de desaparecer no ex\u00edlio (for\u00e7ado) das pessoas que j\u00e1 exerceram o maior cargo pol\u00edtico portugu\u00eas.<\/p>\n<p><a href=\"http:\/\/www.primebooks.pt\/pt\/index.php?prod=128&amp;catnome=&amp;cat=\">Confidencial: a D\u00e9cada de Sampaio em Bel\u00e9m<\/a><br \/>\nJo\u00e3o Gabriel<br \/>\nEditor: Prime Books<br \/>\nN\u00famero de p\u00e1ginas: 391<br \/>\nISBN: 989-8028-40-2<\/p>\n","protected":false},"excerpt":{"rendered":"<p>Confidencial &#8211; A d\u00e9cada de Sampaio em Bel\u00e9m de Jo\u00e3o Gabriel foi o livro que me acompanhou na minha semana de f\u00e9rias em Setembro. Nos tempos que correm, s\u00f3 mesmo em tempo de f\u00e9rias \u00e9 que conseguiria ler um livro de quase 400 p\u00e1ginas numa semana. Este n\u00e3o \u00e9 o livro das mem\u00f3rias de Jorge [&hellip;]<\/p>\n","protected":false},"author":1,"featured_media":0,"comment_status":"open","ping_status":"open","sticky":false,"template":"","format":"standard","meta":{"footnotes":""},"categories":[7],"tags":[332,341,363],"class_list":["post-525","post","type-post","status-publish","format-standard","hentry","category-ler-ver-ouvir-passear","tag-joao-gabriel","tag-jorge-sampaio","tag-ler"],"yoast_head":"<!-- This site is optimized with the Yoast SEO plugin v27.5 - https:\/\/yoast.com\/product\/yoast-seo-wordpress\/ -->\n<title>Confidencial - A d\u00e9cada de Sampaio em Bel\u00e9m - Os Meus Apontamentos<\/title>\n<meta name=\"robots\" content=\"index, follow, max-snippet:-1, max-image-preview:large, max-video-preview:-1\" \/>\n<link rel=\"canonical\" href=\"https:\/\/osmeusapontamentos.com\/index.php\/2007\/10\/21\/confidencial-a-decada-de-sampaio-em-belem\/\" \/>\n<meta property=\"og:locale\" content=\"pt_PT\" \/>\n<meta property=\"og:type\" content=\"article\" \/>\n<meta property=\"og:title\" content=\"Confidencial - A d\u00e9cada de Sampaio em Bel\u00e9m - Os Meus Apontamentos\" \/>\n<meta property=\"og:description\" content=\"Confidencial &#8211; A d\u00e9cada de Sampaio em Bel\u00e9m de Jo\u00e3o Gabriel foi o livro que me acompanhou na minha semana de f\u00e9rias em Setembro. Nos tempos que correm, s\u00f3 mesmo em tempo de f\u00e9rias \u00e9 que conseguiria ler um livro de quase 400 p\u00e1ginas numa semana. Este n\u00e3o \u00e9 o livro das mem\u00f3rias de Jorge [&hellip;]\" \/>\n<meta property=\"og:url\" content=\"https:\/\/osmeusapontamentos.com\/index.php\/2007\/10\/21\/confidencial-a-decada-de-sampaio-em-belem\/\" \/>\n<meta property=\"og:site_name\" content=\"Os Meus Apontamentos\" \/>\n<meta property=\"article:published_time\" content=\"2007-10-21T15:33:28+00:00\" \/>\n<meta property=\"og:image\" content=\"https:\/\/osmeusapontamentos.com\/img\/confidencial.jpg\" \/>\n<meta name=\"author\" content=\"Vitor Silva\" \/>\n<meta name=\"twitter:card\" content=\"summary_large_image\" \/>\n<meta name=\"twitter:creator\" content=\"@vitorsilva\" \/>\n<meta name=\"twitter:site\" content=\"@vitorsilva\" \/>\n<meta name=\"twitter:label1\" content=\"Escrito por\" \/>\n\t<meta name=\"twitter:data1\" content=\"Vitor Silva\" \/>\n\t<meta name=\"twitter:label2\" content=\"Tempo estimado de leitura\" \/>\n\t<meta name=\"twitter:data2\" content=\"4 minutos\" \/>\n<script type=\"application\/ld+json\" class=\"yoast-schema-graph\">{\"@context\":\"https:\\\/\\\/schema.org\",\"@graph\":[{\"@type\":\"Article\",\"@id\":\"https:\\\/\\\/osmeusapontamentos.com\\\/index.php\\\/2007\\\/10\\\/21\\\/confidencial-a-decada-de-sampaio-em-belem\\\/#article\",\"isPartOf\":{\"@id\":\"https:\\\/\\\/osmeusapontamentos.com\\\/index.php\\\/2007\\\/10\\\/21\\\/confidencial-a-decada-de-sampaio-em-belem\\\/\"},\"author\":{\"name\":\"Vitor Silva\",\"@id\":\"https:\\\/\\\/osmeusapontamentos.com\\\/#\\\/schema\\\/person\\\/d508df9c3ffc8b4e64a18dbf0ba18dd8\"},\"headline\":\"Confidencial &#8211; A d\u00e9cada de Sampaio em Bel\u00e9m\",\"datePublished\":\"2007-10-21T15:33:28+00:00\",\"mainEntityOfPage\":{\"@id\":\"https:\\\/\\\/osmeusapontamentos.com\\\/index.php\\\/2007\\\/10\\\/21\\\/confidencial-a-decada-de-sampaio-em-belem\\\/\"},\"wordCount\":792,\"commentCount\":0,\"publisher\":{\"@id\":\"https:\\\/\\\/osmeusapontamentos.com\\\/#\\\/schema\\\/person\\\/d508df9c3ffc8b4e64a18dbf0ba18dd8\"},\"image\":{\"@id\":\"https:\\\/\\\/osmeusapontamentos.com\\\/index.php\\\/2007\\\/10\\\/21\\\/confidencial-a-decada-de-sampaio-em-belem\\\/#primaryimage\"},\"thumbnailUrl\":\"https:\\\/\\\/osmeusapontamentos.com\\\/img\\\/confidencial.jpg\",\"keywords\":[\"Jo\u00e3o Gabriel\",\"Jorge Sampaio\",\"ler\"],\"articleSection\":[\"Ler\\\/ Ver\\\/ Ouvir\\\/ Passear\"],\"inLanguage\":\"pt-PT\",\"potentialAction\":[{\"@type\":\"CommentAction\",\"name\":\"Comment\",\"target\":[\"https:\\\/\\\/osmeusapontamentos.com\\\/index.php\\\/2007\\\/10\\\/21\\\/confidencial-a-decada-de-sampaio-em-belem\\\/#respond\"]}]},{\"@type\":\"WebPage\",\"@id\":\"https:\\\/\\\/osmeusapontamentos.com\\\/index.php\\\/2007\\\/10\\\/21\\\/confidencial-a-decada-de-sampaio-em-belem\\\/\",\"url\":\"https:\\\/\\\/osmeusapontamentos.com\\\/index.php\\\/2007\\\/10\\\/21\\\/confidencial-a-decada-de-sampaio-em-belem\\\/\",\"name\":\"Confidencial - A d\u00e9cada de Sampaio em Bel\u00e9m - Os Meus Apontamentos\",\"isPartOf\":{\"@id\":\"https:\\\/\\\/osmeusapontamentos.com\\\/#website\"},\"primaryImageOfPage\":{\"@id\":\"https:\\\/\\\/osmeusapontamentos.com\\\/index.php\\\/2007\\\/10\\\/21\\\/confidencial-a-decada-de-sampaio-em-belem\\\/#primaryimage\"},\"image\":{\"@id\":\"https:\\\/\\\/osmeusapontamentos.com\\\/index.php\\\/2007\\\/10\\\/21\\\/confidencial-a-decada-de-sampaio-em-belem\\\/#primaryimage\"},\"thumbnailUrl\":\"https:\\\/\\\/osmeusapontamentos.com\\\/img\\\/confidencial.jpg\",\"datePublished\":\"2007-10-21T15:33:28+00:00\",\"breadcrumb\":{\"@id\":\"https:\\\/\\\/osmeusapontamentos.com\\\/index.php\\\/2007\\\/10\\\/21\\\/confidencial-a-decada-de-sampaio-em-belem\\\/#breadcrumb\"},\"inLanguage\":\"pt-PT\",\"potentialAction\":[{\"@type\":\"ReadAction\",\"target\":[\"https:\\\/\\\/osmeusapontamentos.com\\\/index.php\\\/2007\\\/10\\\/21\\\/confidencial-a-decada-de-sampaio-em-belem\\\/\"]}]},{\"@type\":\"ImageObject\",\"inLanguage\":\"pt-PT\",\"@id\":\"https:\\\/\\\/osmeusapontamentos.com\\\/index.php\\\/2007\\\/10\\\/21\\\/confidencial-a-decada-de-sampaio-em-belem\\\/#primaryimage\",\"url\":\"https:\\\/\\\/osmeusapontamentos.com\\\/img\\\/confidencial.jpg\",\"contentUrl\":\"https:\\\/\\\/osmeusapontamentos.com\\\/img\\\/confidencial.jpg\"},{\"@type\":\"BreadcrumbList\",\"@id\":\"https:\\\/\\\/osmeusapontamentos.com\\\/index.php\\\/2007\\\/10\\\/21\\\/confidencial-a-decada-de-sampaio-em-belem\\\/#breadcrumb\",\"itemListElement\":[{\"@type\":\"ListItem\",\"position\":1,\"name\":\"In\u00edcio\",\"item\":\"https:\\\/\\\/osmeusapontamentos.com\\\/\"},{\"@type\":\"ListItem\",\"position\":2,\"name\":\"Confidencial &#8211; A d\u00e9cada de Sampaio em Bel\u00e9m\"}]},{\"@type\":\"WebSite\",\"@id\":\"https:\\\/\\\/osmeusapontamentos.com\\\/#website\",\"url\":\"https:\\\/\\\/osmeusapontamentos.com\\\/\",\"name\":\"Os Meus Apontamentos\",\"description\":\"\",\"publisher\":{\"@id\":\"https:\\\/\\\/osmeusapontamentos.com\\\/#\\\/schema\\\/person\\\/d508df9c3ffc8b4e64a18dbf0ba18dd8\"},\"potentialAction\":[{\"@type\":\"SearchAction\",\"target\":{\"@type\":\"EntryPoint\",\"urlTemplate\":\"https:\\\/\\\/osmeusapontamentos.com\\\/?s={search_term_string}\"},\"query-input\":{\"@type\":\"PropertyValueSpecification\",\"valueRequired\":true,\"valueName\":\"search_term_string\"}}],\"inLanguage\":\"pt-PT\"},{\"@type\":[\"Person\",\"Organization\"],\"@id\":\"https:\\\/\\\/osmeusapontamentos.com\\\/#\\\/schema\\\/person\\\/d508df9c3ffc8b4e64a18dbf0ba18dd8\",\"name\":\"Vitor Silva\",\"image\":{\"@type\":\"ImageObject\",\"inLanguage\":\"pt-PT\",\"@id\":\"https:\\\/\\\/secure.gravatar.com\\\/avatar\\\/f81f58ad909e8a213ab0a690f6ed65e5c0e0e2274bf35ac49ff31d7988d483ce?s=96&d=mm&r=g\",\"url\":\"https:\\\/\\\/secure.gravatar.com\\\/avatar\\\/f81f58ad909e8a213ab0a690f6ed65e5c0e0e2274bf35ac49ff31d7988d483ce?s=96&d=mm&r=g\",\"contentUrl\":\"https:\\\/\\\/secure.gravatar.com\\\/avatar\\\/f81f58ad909e8a213ab0a690f6ed65e5c0e0e2274bf35ac49ff31d7988d483ce?s=96&d=mm&r=g\",\"caption\":\"Vitor Silva\"},\"logo\":{\"@id\":\"https:\\\/\\\/secure.gravatar.com\\\/avatar\\\/f81f58ad909e8a213ab0a690f6ed65e5c0e0e2274bf35ac49ff31d7988d483ce?s=96&d=mm&r=g\"},\"sameAs\":[\"https:\\\/\\\/www.linkedin.com\\\/in\\\/vitormrsilva\",\"https:\\\/\\\/x.com\\\/vitorsilva\"]}]}<\/script>\n<!-- \/ Yoast SEO plugin. -->","yoast_head_json":{"title":"Confidencial - A d\u00e9cada de Sampaio em Bel\u00e9m - Os Meus Apontamentos","robots":{"index":"index","follow":"follow","max-snippet":"max-snippet:-1","max-image-preview":"max-image-preview:large","max-video-preview":"max-video-preview:-1"},"canonical":"https:\/\/osmeusapontamentos.com\/index.php\/2007\/10\/21\/confidencial-a-decada-de-sampaio-em-belem\/","og_locale":"pt_PT","og_type":"article","og_title":"Confidencial - A d\u00e9cada de Sampaio em Bel\u00e9m - Os Meus Apontamentos","og_description":"Confidencial &#8211; A d\u00e9cada de Sampaio em Bel\u00e9m de Jo\u00e3o Gabriel foi o livro que me acompanhou na minha semana de f\u00e9rias em Setembro. Nos tempos que correm, s\u00f3 mesmo em tempo de f\u00e9rias \u00e9 que conseguiria ler um livro de quase 400 p\u00e1ginas numa semana. Este n\u00e3o \u00e9 o livro das mem\u00f3rias de Jorge [&hellip;]","og_url":"https:\/\/osmeusapontamentos.com\/index.php\/2007\/10\/21\/confidencial-a-decada-de-sampaio-em-belem\/","og_site_name":"Os Meus Apontamentos","article_published_time":"2007-10-21T15:33:28+00:00","og_image":[{"url":"https:\/\/osmeusapontamentos.com\/img\/confidencial.jpg","type":"","width":"","height":""}],"author":"Vitor Silva","twitter_card":"summary_large_image","twitter_creator":"@vitorsilva","twitter_site":"@vitorsilva","twitter_misc":{"Escrito por":"Vitor Silva","Tempo estimado de leitura":"4 minutos"},"schema":{"@context":"https:\/\/schema.org","@graph":[{"@type":"Article","@id":"https:\/\/osmeusapontamentos.com\/index.php\/2007\/10\/21\/confidencial-a-decada-de-sampaio-em-belem\/#article","isPartOf":{"@id":"https:\/\/osmeusapontamentos.com\/index.php\/2007\/10\/21\/confidencial-a-decada-de-sampaio-em-belem\/"},"author":{"name":"Vitor Silva","@id":"https:\/\/osmeusapontamentos.com\/#\/schema\/person\/d508df9c3ffc8b4e64a18dbf0ba18dd8"},"headline":"Confidencial &#8211; A d\u00e9cada de Sampaio em Bel\u00e9m","datePublished":"2007-10-21T15:33:28+00:00","mainEntityOfPage":{"@id":"https:\/\/osmeusapontamentos.com\/index.php\/2007\/10\/21\/confidencial-a-decada-de-sampaio-em-belem\/"},"wordCount":792,"commentCount":0,"publisher":{"@id":"https:\/\/osmeusapontamentos.com\/#\/schema\/person\/d508df9c3ffc8b4e64a18dbf0ba18dd8"},"image":{"@id":"https:\/\/osmeusapontamentos.com\/index.php\/2007\/10\/21\/confidencial-a-decada-de-sampaio-em-belem\/#primaryimage"},"thumbnailUrl":"https:\/\/osmeusapontamentos.com\/img\/confidencial.jpg","keywords":["Jo\u00e3o Gabriel","Jorge Sampaio","ler"],"articleSection":["Ler\/ Ver\/ Ouvir\/ Passear"],"inLanguage":"pt-PT","potentialAction":[{"@type":"CommentAction","name":"Comment","target":["https:\/\/osmeusapontamentos.com\/index.php\/2007\/10\/21\/confidencial-a-decada-de-sampaio-em-belem\/#respond"]}]},{"@type":"WebPage","@id":"https:\/\/osmeusapontamentos.com\/index.php\/2007\/10\/21\/confidencial-a-decada-de-sampaio-em-belem\/","url":"https:\/\/osmeusapontamentos.com\/index.php\/2007\/10\/21\/confidencial-a-decada-de-sampaio-em-belem\/","name":"Confidencial - A d\u00e9cada de Sampaio em Bel\u00e9m - Os Meus Apontamentos","isPartOf":{"@id":"https:\/\/osmeusapontamentos.com\/#website"},"primaryImageOfPage":{"@id":"https:\/\/osmeusapontamentos.com\/index.php\/2007\/10\/21\/confidencial-a-decada-de-sampaio-em-belem\/#primaryimage"},"image":{"@id":"https:\/\/osmeusapontamentos.com\/index.php\/2007\/10\/21\/confidencial-a-decada-de-sampaio-em-belem\/#primaryimage"},"thumbnailUrl":"https:\/\/osmeusapontamentos.com\/img\/confidencial.jpg","datePublished":"2007-10-21T15:33:28+00:00","breadcrumb":{"@id":"https:\/\/osmeusapontamentos.com\/index.php\/2007\/10\/21\/confidencial-a-decada-de-sampaio-em-belem\/#breadcrumb"},"inLanguage":"pt-PT","potentialAction":[{"@type":"ReadAction","target":["https:\/\/osmeusapontamentos.com\/index.php\/2007\/10\/21\/confidencial-a-decada-de-sampaio-em-belem\/"]}]},{"@type":"ImageObject","inLanguage":"pt-PT","@id":"https:\/\/osmeusapontamentos.com\/index.php\/2007\/10\/21\/confidencial-a-decada-de-sampaio-em-belem\/#primaryimage","url":"https:\/\/osmeusapontamentos.com\/img\/confidencial.jpg","contentUrl":"https:\/\/osmeusapontamentos.com\/img\/confidencial.jpg"},{"@type":"BreadcrumbList","@id":"https:\/\/osmeusapontamentos.com\/index.php\/2007\/10\/21\/confidencial-a-decada-de-sampaio-em-belem\/#breadcrumb","itemListElement":[{"@type":"ListItem","position":1,"name":"In\u00edcio","item":"https:\/\/osmeusapontamentos.com\/"},{"@type":"ListItem","position":2,"name":"Confidencial &#8211; A d\u00e9cada de Sampaio em Bel\u00e9m"}]},{"@type":"WebSite","@id":"https:\/\/osmeusapontamentos.com\/#website","url":"https:\/\/osmeusapontamentos.com\/","name":"Os Meus Apontamentos","description":"","publisher":{"@id":"https:\/\/osmeusapontamentos.com\/#\/schema\/person\/d508df9c3ffc8b4e64a18dbf0ba18dd8"},"potentialAction":[{"@type":"SearchAction","target":{"@type":"EntryPoint","urlTemplate":"https:\/\/osmeusapontamentos.com\/?s={search_term_string}"},"query-input":{"@type":"PropertyValueSpecification","valueRequired":true,"valueName":"search_term_string"}}],"inLanguage":"pt-PT"},{"@type":["Person","Organization"],"@id":"https:\/\/osmeusapontamentos.com\/#\/schema\/person\/d508df9c3ffc8b4e64a18dbf0ba18dd8","name":"Vitor Silva","image":{"@type":"ImageObject","inLanguage":"pt-PT","@id":"https:\/\/secure.gravatar.com\/avatar\/f81f58ad909e8a213ab0a690f6ed65e5c0e0e2274bf35ac49ff31d7988d483ce?s=96&d=mm&r=g","url":"https:\/\/secure.gravatar.com\/avatar\/f81f58ad909e8a213ab0a690f6ed65e5c0e0e2274bf35ac49ff31d7988d483ce?s=96&d=mm&r=g","contentUrl":"https:\/\/secure.gravatar.com\/avatar\/f81f58ad909e8a213ab0a690f6ed65e5c0e0e2274bf35ac49ff31d7988d483ce?s=96&d=mm&r=g","caption":"Vitor Silva"},"logo":{"@id":"https:\/\/secure.gravatar.com\/avatar\/f81f58ad909e8a213ab0a690f6ed65e5c0e0e2274bf35ac49ff31d7988d483ce?s=96&d=mm&r=g"},"sameAs":["https:\/\/www.linkedin.com\/in\/vitormrsilva","https:\/\/x.com\/vitorsilva"]}]}},"_links":{"self":[{"href":"https:\/\/osmeusapontamentos.com\/index.php\/wp-json\/wp\/v2\/posts\/525","targetHints":{"allow":["GET"]}}],"collection":[{"href":"https:\/\/osmeusapontamentos.com\/index.php\/wp-json\/wp\/v2\/posts"}],"about":[{"href":"https:\/\/osmeusapontamentos.com\/index.php\/wp-json\/wp\/v2\/types\/post"}],"author":[{"embeddable":true,"href":"https:\/\/osmeusapontamentos.com\/index.php\/wp-json\/wp\/v2\/users\/1"}],"replies":[{"embeddable":true,"href":"https:\/\/osmeusapontamentos.com\/index.php\/wp-json\/wp\/v2\/comments?post=525"}],"version-history":[{"count":0,"href":"https:\/\/osmeusapontamentos.com\/index.php\/wp-json\/wp\/v2\/posts\/525\/revisions"}],"wp:attachment":[{"href":"https:\/\/osmeusapontamentos.com\/index.php\/wp-json\/wp\/v2\/media?parent=525"}],"wp:term":[{"taxonomy":"category","embeddable":true,"href":"https:\/\/osmeusapontamentos.com\/index.php\/wp-json\/wp\/v2\/categories?post=525"},{"taxonomy":"post_tag","embeddable":true,"href":"https:\/\/osmeusapontamentos.com\/index.php\/wp-json\/wp\/v2\/tags?post=525"}],"curies":[{"name":"wp","href":"https:\/\/api.w.org\/{rel}","templated":true}]}}