{"id":437,"date":"2006-05-01T12:41:58","date_gmt":"2006-05-01T12:41:58","guid":{"rendered":"http:\/\/osmeusapontamentos.com\/?p=437"},"modified":"2006-05-01T12:41:58","modified_gmt":"2006-05-01T12:41:58","slug":"consersa-a-quinta","status":"publish","type":"post","link":"https:\/\/osmeusapontamentos.com\/index.php\/2006\/05\/01\/consersa-a-quinta\/","title":{"rendered":"conversa \u00e0 quinta"},"content":{"rendered":"<p>resumo: no fundo a nossa conversa acho que rodou um bocado \u00e0 volta do mercado de trabalho, focando a quest\u00e3o da fun\u00e7\u00e3o p\u00fablica bem como da exist\u00eancia de recursos qualificados que s\u00e3o for\u00e7ados a ter empregos n\u00e3o qualificados.<\/p>\n<p>mais algumas quest\u00f5es soltas para pensarmos.<\/p>\n<p>eu tenho como adquirido que, no global, nos \u00faltimos 20 anos (desde a entrada na CEE) n\u00e3o houve um eficaz aproveitamento dos recursos que nos foram disponibilizados, principalmente a nivel de educa\u00e7\u00e3o acho que se investiu na massifica\u00e7\u00e3o (mais escolas, mais cursos) e na facilita\u00e7\u00e3o (toda a gente passa de ano, toda a gente consegue entrar na universidade) e n\u00e3o houve um pensamento estrat\u00e9gico em rela\u00e7\u00e3o a quais seriam os recursos humanos que o pa\u00eds ia precisar.<br \/>\na conclus\u00e3o l\u00f3gica para mim \u00e9 que agora h\u00e1 recursos de que o pa\u00eds simplesmente n\u00e3o precisa, seja porque s\u00e3o ultra-especializados, seja porque j\u00e1 existem em excesso.<br \/>\no que fazer a esses recursos?<br \/>\npor um lado embora aceitando a responsabilidade do estado no sentido de n\u00e3o exercer o seu papel regulador e ter deixado criar dezenas de cursos que no fim n\u00e3o serviram para grande coisa, tamb\u00e9m me parece que h\u00e1 responsabilidade das pessoas (pais e alunos) por terem aceite e mantido um percurso de facilitismo. e o exemplo mais basico era aquela escolha que toda a gente fazia de ir para letras porque n\u00e3o tinha matem\u00e1tica&#8230; claro que \u00e9 s\u00f3 um exemplo simplista e n\u00e3o representa todas pessoas sem trabalho.<br \/>\nmas voltando \u00e0 quest\u00e3o do que fazer com esses recursos e vamos alargar um pouco mais o \u00e2mbito. n\u00e3o vamos falar s\u00f3 de recem licenciados mas tamb\u00e9m de trabalhadores cujos conhecimentos por alguma raz\u00e3o est\u00e3o a deixar de corresponder \u00e0s necessidades do mercado.<br \/>\npodemos olhar para este problema de duas perspectivas. o que \u00e9 que essa pessoa pode fazer por si, ou o que \u00e9 que os outros podem fazer por ela.<\/p>\n<p>o que me pareceu na nossa conversa \u00e9 que tu olhas para a quest\u00e3o do que os outros podem fazer pela pessoa de uma forma que n\u00e3o \u00e9 pass\u00edvel de ser aplicada a todas as empresas. a ideia de que, uma empresa que tem um recurso que deixa de necessitar, deve\/pode recicl\u00e1-lo de forma a utiliz\u00e1-lo noutra fun\u00e7\u00e3o, \u00e9 interessante mas, como todas as solu\u00e7\u00f5es que envolvem a componente humana e financeira, n\u00e3o \u00e9 a solu\u00e7\u00e3o \u00fanica. algumas situa\u00e7\u00f5es demonstram-no.<br \/>\na mais simples \u00e9 a pessoa n\u00e3o querer ser reciclada, qualquer que seja a sua fundamenta\u00e7\u00e3o (sempre fez aquilo, tem forma\u00e7\u00e3o especifica numa \u00e1rea e n\u00e3o quer mudar para outra, etc.).<br \/>\noutra \u00e9 a empresa n\u00e3o ter essa nova fun\u00e7\u00e3o, ou seja, simplesmente diminuiu o seu volume de neg\u00f3cios ou reduziu o n\u00famero\/tipo de produtos\/servi\u00e7os prestados ou eventualmente eliminou alguma fun\u00e7\u00e3o existente na empresa (atrav\u00e9s da informatiza\u00e7\u00e3o de um servi\u00e7o, reformula\u00e7\u00e3o de processos, etc.)<\/p>\n<p>vamos no entanto assumir que uma empresa tem um recurso cuja actividade deixou de ser necess\u00e1ria, mas, quer essa pessoa quer a empresa querem continuar a colaborar juntos, e a empresa at\u00e9 tem uma nova tarefa para ela, mas tem que formar primeiro essa pessoa.<br \/>\no principal entrave aqui ser\u00e1 o do tempo que demora uma pessoa a adquirir novos conhecimentos. se esse tempo for financeiramente compativel com a disponibilidade da empresa ent\u00e3o n\u00e3o h\u00e1 problema mas se calhar nem sempre \u00e9 assim. quantas empresas \u00e9 que t\u00eam disponibilidade financeira para tomar esta op\u00e7\u00e3o? todas? acho que n\u00e3o.<br \/>\nser\u00e1 que as chamadas microempresas (at\u00e9 10 trabalhadores) t\u00eam a mesma capacidade que pequenas empresas (at\u00e9 50 trabalhadores) e a mesma que m\u00e9dias empresas (at\u00e9 250)?<\/p>\n<p>para teres uma ideia, &#8220;Segundo dados fornecidos pelo INE, relativos a 1998, a dimens\u00e3o m\u00e9dia das empresas portuguesas \u00e9 muito reduzida \u2013 10,6 trabalhadores por empresa, valor que desce para 8 trabalhadores por empresa no caso das PME.&#8221; (&#8230;) &#8220;representam 99,5% do tecido empresarial, geram 74,7% do emprego e realizam 59,8% do volume de neg\u00f3cios nacional.&#8221; ( http:\/\/www.iapmei.pt\/iapmei-faq-02.php?tema=7)<br \/>\npor isso \u00e9 que quando me dizem &#8220;se essa pessoa n\u00e3o \u00e9 necess\u00e1ria nessa fun\u00e7\u00e3o ent\u00e3o vamos recicl\u00e1-la&#8230;&#8221; eu tor\u00e7o um pouco o nariz porque para mim essa \u00e9 uma solu\u00e7\u00e3o para uma percentagem pequena do problema. n\u00e3o estou a dizer que uma empresa n\u00e3o tenha uma responsabilidade social, mas tamb\u00e9m sei que nem toda a gente tem dinheiro para ser socialmente respons\u00e1vel. e digo &#8220;gente&#8221; propositadamente porque para mim uma empresa \u00e9 um conjunto de pessoas que se juntam para fazer algo comum, aceitando responsabilidades em troca de direitos. n\u00e3o vejo, no geral, o dono de uma empresa como algu\u00e9m que s\u00f3 quer explorar (negativamente) os seus colaboradores.<\/p>\n<p>resta-nos ent\u00e3o saber o que podemos fazer por n\u00f3s&#8230; duas op\u00e7\u00f5es b\u00e1sica diria eu.<br \/>\ncontinuar a procurar melhores oportunidades na mesma localiza\u00e7\u00e3o geogr\u00e1fica, ou procur\u00e1-las noutro sitio. sabendo que a defini\u00e7\u00e3o de melhores oportunidades vai variar muito consoante o tempo que andas \u00e0 procura e a necessidade que tens de as encontrar.<\/p>\n","protected":false},"excerpt":{"rendered":"<p>resumo: no fundo a nossa conversa acho que rodou um bocado \u00e0 volta do mercado de trabalho, focando a quest\u00e3o da fun\u00e7\u00e3o p\u00fablica bem como da exist\u00eancia de recursos qualificados que s\u00e3o for\u00e7ados a ter empregos n\u00e3o qualificados. mais algumas quest\u00f5es soltas para pensarmos. eu tenho como adquirido que, no global, nos \u00faltimos 20 anos [&hellip;]<\/p>\n","protected":false},"author":1,"featured_media":0,"comment_status":"open","ping_status":"closed","sticky":false,"template":"","format":"standard","meta":{"footnotes":""},"categories":[7],"tags":[220,498,529],"class_list":["post-437","post","type-post","status-publish","format-standard","hentry","category-ler-ver-ouvir-passear","tag-emprego","tag-pensar","tag-portugal"],"yoast_head":"<!-- This site is optimized with the Yoast SEO plugin v27.5 - https:\/\/yoast.com\/product\/yoast-seo-wordpress\/ -->\n<title>conversa \u00e0 quinta - Os Meus Apontamentos<\/title>\n<meta name=\"robots\" content=\"index, follow, max-snippet:-1, max-image-preview:large, max-video-preview:-1\" \/>\n<link rel=\"canonical\" href=\"https:\/\/osmeusapontamentos.com\/index.php\/2006\/05\/01\/consersa-a-quinta\/\" \/>\n<meta property=\"og:locale\" content=\"pt_PT\" \/>\n<meta property=\"og:type\" content=\"article\" \/>\n<meta property=\"og:title\" content=\"conversa \u00e0 quinta - Os Meus Apontamentos\" \/>\n<meta property=\"og:description\" content=\"resumo: no fundo a nossa conversa acho que rodou um bocado \u00e0 volta do mercado de trabalho, focando a quest\u00e3o da fun\u00e7\u00e3o p\u00fablica bem como da exist\u00eancia de recursos qualificados que s\u00e3o for\u00e7ados a ter empregos n\u00e3o qualificados. mais algumas quest\u00f5es soltas para pensarmos. eu tenho como adquirido que, no global, nos \u00faltimos 20 anos [&hellip;]\" \/>\n<meta property=\"og:url\" content=\"https:\/\/osmeusapontamentos.com\/index.php\/2006\/05\/01\/consersa-a-quinta\/\" \/>\n<meta property=\"og:site_name\" content=\"Os Meus Apontamentos\" \/>\n<meta property=\"article:published_time\" content=\"2006-05-01T12:41:58+00:00\" \/>\n<meta name=\"author\" content=\"Vitor Silva\" \/>\n<meta name=\"twitter:card\" content=\"summary_large_image\" \/>\n<meta name=\"twitter:creator\" content=\"@vitorsilva\" \/>\n<meta name=\"twitter:site\" content=\"@vitorsilva\" \/>\n<meta name=\"twitter:label1\" content=\"Escrito por\" \/>\n\t<meta name=\"twitter:data1\" content=\"Vitor Silva\" \/>\n\t<meta name=\"twitter:label2\" content=\"Tempo estimado de leitura\" \/>\n\t<meta name=\"twitter:data2\" content=\"4 minutos\" \/>\n<script type=\"application\/ld+json\" class=\"yoast-schema-graph\">{\"@context\":\"https:\\\/\\\/schema.org\",\"@graph\":[{\"@type\":\"Article\",\"@id\":\"https:\\\/\\\/osmeusapontamentos.com\\\/index.php\\\/2006\\\/05\\\/01\\\/consersa-a-quinta\\\/#article\",\"isPartOf\":{\"@id\":\"https:\\\/\\\/osmeusapontamentos.com\\\/index.php\\\/2006\\\/05\\\/01\\\/consersa-a-quinta\\\/\"},\"author\":{\"name\":\"Vitor Silva\",\"@id\":\"https:\\\/\\\/osmeusapontamentos.com\\\/#\\\/schema\\\/person\\\/d508df9c3ffc8b4e64a18dbf0ba18dd8\"},\"headline\":\"conversa \u00e0 quinta\",\"datePublished\":\"2006-05-01T12:41:58+00:00\",\"mainEntityOfPage\":{\"@id\":\"https:\\\/\\\/osmeusapontamentos.com\\\/index.php\\\/2006\\\/05\\\/01\\\/consersa-a-quinta\\\/\"},\"wordCount\":877,\"commentCount\":0,\"publisher\":{\"@id\":\"https:\\\/\\\/osmeusapontamentos.com\\\/#\\\/schema\\\/person\\\/d508df9c3ffc8b4e64a18dbf0ba18dd8\"},\"keywords\":[\"emprego\",\"pensar\",\"portugal\"],\"articleSection\":[\"Ler\\\/ Ver\\\/ Ouvir\\\/ Passear\"],\"inLanguage\":\"pt-PT\",\"potentialAction\":[{\"@type\":\"CommentAction\",\"name\":\"Comment\",\"target\":[\"https:\\\/\\\/osmeusapontamentos.com\\\/index.php\\\/2006\\\/05\\\/01\\\/consersa-a-quinta\\\/#respond\"]}]},{\"@type\":\"WebPage\",\"@id\":\"https:\\\/\\\/osmeusapontamentos.com\\\/index.php\\\/2006\\\/05\\\/01\\\/consersa-a-quinta\\\/\",\"url\":\"https:\\\/\\\/osmeusapontamentos.com\\\/index.php\\\/2006\\\/05\\\/01\\\/consersa-a-quinta\\\/\",\"name\":\"conversa \u00e0 quinta - Os Meus Apontamentos\",\"isPartOf\":{\"@id\":\"https:\\\/\\\/osmeusapontamentos.com\\\/#website\"},\"datePublished\":\"2006-05-01T12:41:58+00:00\",\"breadcrumb\":{\"@id\":\"https:\\\/\\\/osmeusapontamentos.com\\\/index.php\\\/2006\\\/05\\\/01\\\/consersa-a-quinta\\\/#breadcrumb\"},\"inLanguage\":\"pt-PT\",\"potentialAction\":[{\"@type\":\"ReadAction\",\"target\":[\"https:\\\/\\\/osmeusapontamentos.com\\\/index.php\\\/2006\\\/05\\\/01\\\/consersa-a-quinta\\\/\"]}]},{\"@type\":\"BreadcrumbList\",\"@id\":\"https:\\\/\\\/osmeusapontamentos.com\\\/index.php\\\/2006\\\/05\\\/01\\\/consersa-a-quinta\\\/#breadcrumb\",\"itemListElement\":[{\"@type\":\"ListItem\",\"position\":1,\"name\":\"In\u00edcio\",\"item\":\"https:\\\/\\\/osmeusapontamentos.com\\\/\"},{\"@type\":\"ListItem\",\"position\":2,\"name\":\"conversa \u00e0 quinta\"}]},{\"@type\":\"WebSite\",\"@id\":\"https:\\\/\\\/osmeusapontamentos.com\\\/#website\",\"url\":\"https:\\\/\\\/osmeusapontamentos.com\\\/\",\"name\":\"Os Meus Apontamentos\",\"description\":\"\",\"publisher\":{\"@id\":\"https:\\\/\\\/osmeusapontamentos.com\\\/#\\\/schema\\\/person\\\/d508df9c3ffc8b4e64a18dbf0ba18dd8\"},\"potentialAction\":[{\"@type\":\"SearchAction\",\"target\":{\"@type\":\"EntryPoint\",\"urlTemplate\":\"https:\\\/\\\/osmeusapontamentos.com\\\/?s={search_term_string}\"},\"query-input\":{\"@type\":\"PropertyValueSpecification\",\"valueRequired\":true,\"valueName\":\"search_term_string\"}}],\"inLanguage\":\"pt-PT\"},{\"@type\":[\"Person\",\"Organization\"],\"@id\":\"https:\\\/\\\/osmeusapontamentos.com\\\/#\\\/schema\\\/person\\\/d508df9c3ffc8b4e64a18dbf0ba18dd8\",\"name\":\"Vitor Silva\",\"image\":{\"@type\":\"ImageObject\",\"inLanguage\":\"pt-PT\",\"@id\":\"https:\\\/\\\/secure.gravatar.com\\\/avatar\\\/f81f58ad909e8a213ab0a690f6ed65e5c0e0e2274bf35ac49ff31d7988d483ce?s=96&d=mm&r=g\",\"url\":\"https:\\\/\\\/secure.gravatar.com\\\/avatar\\\/f81f58ad909e8a213ab0a690f6ed65e5c0e0e2274bf35ac49ff31d7988d483ce?s=96&d=mm&r=g\",\"contentUrl\":\"https:\\\/\\\/secure.gravatar.com\\\/avatar\\\/f81f58ad909e8a213ab0a690f6ed65e5c0e0e2274bf35ac49ff31d7988d483ce?s=96&d=mm&r=g\",\"caption\":\"Vitor Silva\"},\"logo\":{\"@id\":\"https:\\\/\\\/secure.gravatar.com\\\/avatar\\\/f81f58ad909e8a213ab0a690f6ed65e5c0e0e2274bf35ac49ff31d7988d483ce?s=96&d=mm&r=g\"},\"sameAs\":[\"https:\\\/\\\/www.linkedin.com\\\/in\\\/vitormrsilva\",\"https:\\\/\\\/x.com\\\/vitorsilva\"]}]}<\/script>\n<!-- \/ Yoast SEO plugin. -->","yoast_head_json":{"title":"conversa \u00e0 quinta - Os Meus Apontamentos","robots":{"index":"index","follow":"follow","max-snippet":"max-snippet:-1","max-image-preview":"max-image-preview:large","max-video-preview":"max-video-preview:-1"},"canonical":"https:\/\/osmeusapontamentos.com\/index.php\/2006\/05\/01\/consersa-a-quinta\/","og_locale":"pt_PT","og_type":"article","og_title":"conversa \u00e0 quinta - Os Meus Apontamentos","og_description":"resumo: no fundo a nossa conversa acho que rodou um bocado \u00e0 volta do mercado de trabalho, focando a quest\u00e3o da fun\u00e7\u00e3o p\u00fablica bem como da exist\u00eancia de recursos qualificados que s\u00e3o for\u00e7ados a ter empregos n\u00e3o qualificados. mais algumas quest\u00f5es soltas para pensarmos. eu tenho como adquirido que, no global, nos \u00faltimos 20 anos [&hellip;]","og_url":"https:\/\/osmeusapontamentos.com\/index.php\/2006\/05\/01\/consersa-a-quinta\/","og_site_name":"Os Meus Apontamentos","article_published_time":"2006-05-01T12:41:58+00:00","author":"Vitor Silva","twitter_card":"summary_large_image","twitter_creator":"@vitorsilva","twitter_site":"@vitorsilva","twitter_misc":{"Escrito por":"Vitor Silva","Tempo estimado de leitura":"4 minutos"},"schema":{"@context":"https:\/\/schema.org","@graph":[{"@type":"Article","@id":"https:\/\/osmeusapontamentos.com\/index.php\/2006\/05\/01\/consersa-a-quinta\/#article","isPartOf":{"@id":"https:\/\/osmeusapontamentos.com\/index.php\/2006\/05\/01\/consersa-a-quinta\/"},"author":{"name":"Vitor Silva","@id":"https:\/\/osmeusapontamentos.com\/#\/schema\/person\/d508df9c3ffc8b4e64a18dbf0ba18dd8"},"headline":"conversa \u00e0 quinta","datePublished":"2006-05-01T12:41:58+00:00","mainEntityOfPage":{"@id":"https:\/\/osmeusapontamentos.com\/index.php\/2006\/05\/01\/consersa-a-quinta\/"},"wordCount":877,"commentCount":0,"publisher":{"@id":"https:\/\/osmeusapontamentos.com\/#\/schema\/person\/d508df9c3ffc8b4e64a18dbf0ba18dd8"},"keywords":["emprego","pensar","portugal"],"articleSection":["Ler\/ Ver\/ Ouvir\/ Passear"],"inLanguage":"pt-PT","potentialAction":[{"@type":"CommentAction","name":"Comment","target":["https:\/\/osmeusapontamentos.com\/index.php\/2006\/05\/01\/consersa-a-quinta\/#respond"]}]},{"@type":"WebPage","@id":"https:\/\/osmeusapontamentos.com\/index.php\/2006\/05\/01\/consersa-a-quinta\/","url":"https:\/\/osmeusapontamentos.com\/index.php\/2006\/05\/01\/consersa-a-quinta\/","name":"conversa \u00e0 quinta - Os Meus Apontamentos","isPartOf":{"@id":"https:\/\/osmeusapontamentos.com\/#website"},"datePublished":"2006-05-01T12:41:58+00:00","breadcrumb":{"@id":"https:\/\/osmeusapontamentos.com\/index.php\/2006\/05\/01\/consersa-a-quinta\/#breadcrumb"},"inLanguage":"pt-PT","potentialAction":[{"@type":"ReadAction","target":["https:\/\/osmeusapontamentos.com\/index.php\/2006\/05\/01\/consersa-a-quinta\/"]}]},{"@type":"BreadcrumbList","@id":"https:\/\/osmeusapontamentos.com\/index.php\/2006\/05\/01\/consersa-a-quinta\/#breadcrumb","itemListElement":[{"@type":"ListItem","position":1,"name":"In\u00edcio","item":"https:\/\/osmeusapontamentos.com\/"},{"@type":"ListItem","position":2,"name":"conversa \u00e0 quinta"}]},{"@type":"WebSite","@id":"https:\/\/osmeusapontamentos.com\/#website","url":"https:\/\/osmeusapontamentos.com\/","name":"Os Meus Apontamentos","description":"","publisher":{"@id":"https:\/\/osmeusapontamentos.com\/#\/schema\/person\/d508df9c3ffc8b4e64a18dbf0ba18dd8"},"potentialAction":[{"@type":"SearchAction","target":{"@type":"EntryPoint","urlTemplate":"https:\/\/osmeusapontamentos.com\/?s={search_term_string}"},"query-input":{"@type":"PropertyValueSpecification","valueRequired":true,"valueName":"search_term_string"}}],"inLanguage":"pt-PT"},{"@type":["Person","Organization"],"@id":"https:\/\/osmeusapontamentos.com\/#\/schema\/person\/d508df9c3ffc8b4e64a18dbf0ba18dd8","name":"Vitor Silva","image":{"@type":"ImageObject","inLanguage":"pt-PT","@id":"https:\/\/secure.gravatar.com\/avatar\/f81f58ad909e8a213ab0a690f6ed65e5c0e0e2274bf35ac49ff31d7988d483ce?s=96&d=mm&r=g","url":"https:\/\/secure.gravatar.com\/avatar\/f81f58ad909e8a213ab0a690f6ed65e5c0e0e2274bf35ac49ff31d7988d483ce?s=96&d=mm&r=g","contentUrl":"https:\/\/secure.gravatar.com\/avatar\/f81f58ad909e8a213ab0a690f6ed65e5c0e0e2274bf35ac49ff31d7988d483ce?s=96&d=mm&r=g","caption":"Vitor Silva"},"logo":{"@id":"https:\/\/secure.gravatar.com\/avatar\/f81f58ad909e8a213ab0a690f6ed65e5c0e0e2274bf35ac49ff31d7988d483ce?s=96&d=mm&r=g"},"sameAs":["https:\/\/www.linkedin.com\/in\/vitormrsilva","https:\/\/x.com\/vitorsilva"]}]}},"_links":{"self":[{"href":"https:\/\/osmeusapontamentos.com\/index.php\/wp-json\/wp\/v2\/posts\/437","targetHints":{"allow":["GET"]}}],"collection":[{"href":"https:\/\/osmeusapontamentos.com\/index.php\/wp-json\/wp\/v2\/posts"}],"about":[{"href":"https:\/\/osmeusapontamentos.com\/index.php\/wp-json\/wp\/v2\/types\/post"}],"author":[{"embeddable":true,"href":"https:\/\/osmeusapontamentos.com\/index.php\/wp-json\/wp\/v2\/users\/1"}],"replies":[{"embeddable":true,"href":"https:\/\/osmeusapontamentos.com\/index.php\/wp-json\/wp\/v2\/comments?post=437"}],"version-history":[{"count":0,"href":"https:\/\/osmeusapontamentos.com\/index.php\/wp-json\/wp\/v2\/posts\/437\/revisions"}],"wp:attachment":[{"href":"https:\/\/osmeusapontamentos.com\/index.php\/wp-json\/wp\/v2\/media?parent=437"}],"wp:term":[{"taxonomy":"category","embeddable":true,"href":"https:\/\/osmeusapontamentos.com\/index.php\/wp-json\/wp\/v2\/categories?post=437"},{"taxonomy":"post_tag","embeddable":true,"href":"https:\/\/osmeusapontamentos.com\/index.php\/wp-json\/wp\/v2\/tags?post=437"}],"curies":[{"name":"wp","href":"https:\/\/api.w.org\/{rel}","templated":true}]}}