{"id":427,"date":"2006-04-05T09:22:04","date_gmt":"2006-04-05T09:22:04","guid":{"rendered":"http:\/\/osmeusapontamentos.com\/?p=427"},"modified":"2006-04-05T09:22:04","modified_gmt":"2006-04-05T09:22:04","slug":"horario-comercio","status":"publish","type":"post","link":"https:\/\/osmeusapontamentos.com\/index.php\/2006\/04\/05\/horario-comercio\/","title":{"rendered":"hor\u00e1rio com\u00e9rcio"},"content":{"rendered":"<p>parece que h\u00e1 coisas que nunca mudam e esta hist\u00f3ria dos hor\u00e1rios do com\u00e9rcio \u00e9 uma delas.<br \/>\npor um lado ouvimos frequentemente os representantes do com\u00e9rcio tradicional dizer que est\u00e3o a ficar sem clientes, por outro exigem que todo o com\u00e9rcio esteja fechado ao domingo.<br \/>\nser\u00e1 que ainda n\u00e3o perceberam que eu, que trabalho todos os dias entre as 9 e as 19, n\u00e3o tenho tempo para passar pelas suas lojas durante a semana (porque est\u00e3o fechadas \u00e0  noite) e que preferia dividir essas visitas pelo s\u00e1bado e domingo em vez de ter que apanhar com todas as outras pessoas que ao s\u00e1bado de manh\u00e3 andam \u00e0 s compras?<br \/>\nporque n\u00e3o fechar um dia a meio da semana? ou ent\u00e3o alterar o hor\u00e1rio semanal de forma a estarem abertos quando os consumidores est\u00e3o disponiveis e n\u00e3o quando os consumidores est\u00e3o a trabalhar?<br \/>\ntentar definir o horario do comercio a partir da defini\u00e7\u00e3o normal do horario de trabalho tipico de um funcionario (8h-19h) ? no minimo falta de vis\u00e3o.<br \/>\nno entanto n\u00e3o se pense que \u00e9 s\u00f3 c\u00e1 em portugal que h\u00e1 esta vis\u00e3o de que o consumidor o que quer \u00e9 ir passear para o parque ao domingo<br \/>\npelo que vi no site da ccp (<a href=\"http:\/\/www.ccp.pt\/index2.php?option=com_content&amp;do_pdf=1&amp;id=29\">Hor\u00e1rio do Com\u00e9rcio na Europa)<\/a> no resto da europa tamb\u00e9m h\u00e1 exemplos destes.<br \/>\ncomo consumidor o meu mix favorito seria<br \/>\nseg-sex &#8211; um qualquer horario de abertura e fecho \u00e0s 20h estando aberto \u00e0 hora do almo\u00e7o<br \/>\nsab-dom &#8211; sempre aberto<br \/>\ne acho que a forma\u00e7\u00e3o das regras para o hor\u00e1rio do com\u00e9rcio deviam come\u00e7ar deste pressuposto, o que o consumidor quer. porque somos n\u00f3s que garantimos a exist\u00eancia desse com\u00e9rcio e porque somos mais do que os trabalhadores e investidores no com\u00e9rcio.<br \/>\ntendo isto como base, depois partiriamos en\u00e3oo para a conjuga\u00e7\u00e3o destes hor\u00e1rios com regras justas quer para os funcion\u00e1rios quer para os investidores.<\/p>\n","protected":false},"excerpt":{"rendered":"<p>parece que h\u00e1 coisas que nunca mudam e esta hist\u00f3ria dos hor\u00e1rios do com\u00e9rcio \u00e9 uma delas. por um lado ouvimos frequentemente os representantes do com\u00e9rcio tradicional dizer que est\u00e3o a ficar sem clientes, por outro exigem que todo o com\u00e9rcio esteja fechado ao domingo. ser\u00e1 que ainda n\u00e3o perceberam que eu, que trabalho todos [&hellip;]<\/p>\n","protected":false},"author":1,"featured_media":0,"comment_status":"open","ping_status":"closed","sticky":false,"template":"","format":"standard","meta":{"footnotes":""},"categories":[7],"tags":[149,471,529],"class_list":["post-427","post","type-post","status-publish","format-standard","hentry","category-ler-ver-ouvir-passear","tag-comercio-tradicional","tag-opiniao","tag-portugal"],"yoast_head":"<!-- This site is optimized with the Yoast SEO plugin v27.5 - https:\/\/yoast.com\/product\/yoast-seo-wordpress\/ -->\n<title>hor\u00e1rio com\u00e9rcio - Os Meus Apontamentos<\/title>\n<meta name=\"robots\" content=\"index, follow, max-snippet:-1, max-image-preview:large, max-video-preview:-1\" \/>\n<link rel=\"canonical\" href=\"https:\/\/osmeusapontamentos.com\/index.php\/2006\/04\/05\/horario-comercio\/\" \/>\n<meta property=\"og:locale\" content=\"pt_PT\" \/>\n<meta property=\"og:type\" content=\"article\" \/>\n<meta property=\"og:title\" content=\"hor\u00e1rio com\u00e9rcio - Os Meus Apontamentos\" \/>\n<meta property=\"og:description\" content=\"parece que h\u00e1 coisas que nunca mudam e esta hist\u00f3ria dos hor\u00e1rios do com\u00e9rcio \u00e9 uma delas. por um lado ouvimos frequentemente os representantes do com\u00e9rcio tradicional dizer que est\u00e3o a ficar sem clientes, por outro exigem que todo o com\u00e9rcio esteja fechado ao domingo. ser\u00e1 que ainda n\u00e3o perceberam que eu, que trabalho todos [&hellip;]\" \/>\n<meta property=\"og:url\" content=\"https:\/\/osmeusapontamentos.com\/index.php\/2006\/04\/05\/horario-comercio\/\" \/>\n<meta property=\"og:site_name\" content=\"Os Meus Apontamentos\" \/>\n<meta property=\"article:published_time\" content=\"2006-04-05T09:22:04+00:00\" \/>\n<meta name=\"author\" content=\"Vitor Silva\" \/>\n<meta name=\"twitter:card\" content=\"summary_large_image\" \/>\n<meta name=\"twitter:creator\" content=\"@vitorsilva\" \/>\n<meta name=\"twitter:site\" content=\"@vitorsilva\" \/>\n<meta name=\"twitter:label1\" content=\"Escrito por\" \/>\n\t<meta name=\"twitter:data1\" content=\"Vitor Silva\" \/>\n\t<meta name=\"twitter:label2\" content=\"Tempo estimado de leitura\" \/>\n\t<meta name=\"twitter:data2\" content=\"2 minutos\" \/>\n<script type=\"application\/ld+json\" class=\"yoast-schema-graph\">{\"@context\":\"https:\\\/\\\/schema.org\",\"@graph\":[{\"@type\":\"Article\",\"@id\":\"https:\\\/\\\/osmeusapontamentos.com\\\/index.php\\\/2006\\\/04\\\/05\\\/horario-comercio\\\/#article\",\"isPartOf\":{\"@id\":\"https:\\\/\\\/osmeusapontamentos.com\\\/index.php\\\/2006\\\/04\\\/05\\\/horario-comercio\\\/\"},\"author\":{\"name\":\"Vitor Silva\",\"@id\":\"https:\\\/\\\/osmeusapontamentos.com\\\/#\\\/schema\\\/person\\\/d508df9c3ffc8b4e64a18dbf0ba18dd8\"},\"headline\":\"hor\u00e1rio com\u00e9rcio\",\"datePublished\":\"2006-04-05T09:22:04+00:00\",\"mainEntityOfPage\":{\"@id\":\"https:\\\/\\\/osmeusapontamentos.com\\\/index.php\\\/2006\\\/04\\\/05\\\/horario-comercio\\\/\"},\"wordCount\":344,\"commentCount\":0,\"publisher\":{\"@id\":\"https:\\\/\\\/osmeusapontamentos.com\\\/#\\\/schema\\\/person\\\/d508df9c3ffc8b4e64a18dbf0ba18dd8\"},\"keywords\":[\"com\u00e9rcio tradicional\",\"opini\u00e3o\",\"portugal\"],\"articleSection\":[\"Ler\\\/ Ver\\\/ Ouvir\\\/ Passear\"],\"inLanguage\":\"pt-PT\",\"potentialAction\":[{\"@type\":\"CommentAction\",\"name\":\"Comment\",\"target\":[\"https:\\\/\\\/osmeusapontamentos.com\\\/index.php\\\/2006\\\/04\\\/05\\\/horario-comercio\\\/#respond\"]}]},{\"@type\":\"WebPage\",\"@id\":\"https:\\\/\\\/osmeusapontamentos.com\\\/index.php\\\/2006\\\/04\\\/05\\\/horario-comercio\\\/\",\"url\":\"https:\\\/\\\/osmeusapontamentos.com\\\/index.php\\\/2006\\\/04\\\/05\\\/horario-comercio\\\/\",\"name\":\"hor\u00e1rio com\u00e9rcio - Os Meus Apontamentos\",\"isPartOf\":{\"@id\":\"https:\\\/\\\/osmeusapontamentos.com\\\/#website\"},\"datePublished\":\"2006-04-05T09:22:04+00:00\",\"breadcrumb\":{\"@id\":\"https:\\\/\\\/osmeusapontamentos.com\\\/index.php\\\/2006\\\/04\\\/05\\\/horario-comercio\\\/#breadcrumb\"},\"inLanguage\":\"pt-PT\",\"potentialAction\":[{\"@type\":\"ReadAction\",\"target\":[\"https:\\\/\\\/osmeusapontamentos.com\\\/index.php\\\/2006\\\/04\\\/05\\\/horario-comercio\\\/\"]}]},{\"@type\":\"BreadcrumbList\",\"@id\":\"https:\\\/\\\/osmeusapontamentos.com\\\/index.php\\\/2006\\\/04\\\/05\\\/horario-comercio\\\/#breadcrumb\",\"itemListElement\":[{\"@type\":\"ListItem\",\"position\":1,\"name\":\"In\u00edcio\",\"item\":\"https:\\\/\\\/osmeusapontamentos.com\\\/\"},{\"@type\":\"ListItem\",\"position\":2,\"name\":\"hor\u00e1rio com\u00e9rcio\"}]},{\"@type\":\"WebSite\",\"@id\":\"https:\\\/\\\/osmeusapontamentos.com\\\/#website\",\"url\":\"https:\\\/\\\/osmeusapontamentos.com\\\/\",\"name\":\"Os Meus Apontamentos\",\"description\":\"\",\"publisher\":{\"@id\":\"https:\\\/\\\/osmeusapontamentos.com\\\/#\\\/schema\\\/person\\\/d508df9c3ffc8b4e64a18dbf0ba18dd8\"},\"potentialAction\":[{\"@type\":\"SearchAction\",\"target\":{\"@type\":\"EntryPoint\",\"urlTemplate\":\"https:\\\/\\\/osmeusapontamentos.com\\\/?s={search_term_string}\"},\"query-input\":{\"@type\":\"PropertyValueSpecification\",\"valueRequired\":true,\"valueName\":\"search_term_string\"}}],\"inLanguage\":\"pt-PT\"},{\"@type\":[\"Person\",\"Organization\"],\"@id\":\"https:\\\/\\\/osmeusapontamentos.com\\\/#\\\/schema\\\/person\\\/d508df9c3ffc8b4e64a18dbf0ba18dd8\",\"name\":\"Vitor Silva\",\"image\":{\"@type\":\"ImageObject\",\"inLanguage\":\"pt-PT\",\"@id\":\"https:\\\/\\\/secure.gravatar.com\\\/avatar\\\/f81f58ad909e8a213ab0a690f6ed65e5c0e0e2274bf35ac49ff31d7988d483ce?s=96&d=mm&r=g\",\"url\":\"https:\\\/\\\/secure.gravatar.com\\\/avatar\\\/f81f58ad909e8a213ab0a690f6ed65e5c0e0e2274bf35ac49ff31d7988d483ce?s=96&d=mm&r=g\",\"contentUrl\":\"https:\\\/\\\/secure.gravatar.com\\\/avatar\\\/f81f58ad909e8a213ab0a690f6ed65e5c0e0e2274bf35ac49ff31d7988d483ce?s=96&d=mm&r=g\",\"caption\":\"Vitor Silva\"},\"logo\":{\"@id\":\"https:\\\/\\\/secure.gravatar.com\\\/avatar\\\/f81f58ad909e8a213ab0a690f6ed65e5c0e0e2274bf35ac49ff31d7988d483ce?s=96&d=mm&r=g\"},\"sameAs\":[\"https:\\\/\\\/www.linkedin.com\\\/in\\\/vitormrsilva\",\"https:\\\/\\\/x.com\\\/vitorsilva\"]}]}<\/script>\n<!-- \/ Yoast SEO plugin. -->","yoast_head_json":{"title":"hor\u00e1rio com\u00e9rcio - Os Meus Apontamentos","robots":{"index":"index","follow":"follow","max-snippet":"max-snippet:-1","max-image-preview":"max-image-preview:large","max-video-preview":"max-video-preview:-1"},"canonical":"https:\/\/osmeusapontamentos.com\/index.php\/2006\/04\/05\/horario-comercio\/","og_locale":"pt_PT","og_type":"article","og_title":"hor\u00e1rio com\u00e9rcio - Os Meus Apontamentos","og_description":"parece que h\u00e1 coisas que nunca mudam e esta hist\u00f3ria dos hor\u00e1rios do com\u00e9rcio \u00e9 uma delas. por um lado ouvimos frequentemente os representantes do com\u00e9rcio tradicional dizer que est\u00e3o a ficar sem clientes, por outro exigem que todo o com\u00e9rcio esteja fechado ao domingo. ser\u00e1 que ainda n\u00e3o perceberam que eu, que trabalho todos [&hellip;]","og_url":"https:\/\/osmeusapontamentos.com\/index.php\/2006\/04\/05\/horario-comercio\/","og_site_name":"Os Meus Apontamentos","article_published_time":"2006-04-05T09:22:04+00:00","author":"Vitor Silva","twitter_card":"summary_large_image","twitter_creator":"@vitorsilva","twitter_site":"@vitorsilva","twitter_misc":{"Escrito por":"Vitor Silva","Tempo estimado de leitura":"2 minutos"},"schema":{"@context":"https:\/\/schema.org","@graph":[{"@type":"Article","@id":"https:\/\/osmeusapontamentos.com\/index.php\/2006\/04\/05\/horario-comercio\/#article","isPartOf":{"@id":"https:\/\/osmeusapontamentos.com\/index.php\/2006\/04\/05\/horario-comercio\/"},"author":{"name":"Vitor Silva","@id":"https:\/\/osmeusapontamentos.com\/#\/schema\/person\/d508df9c3ffc8b4e64a18dbf0ba18dd8"},"headline":"hor\u00e1rio com\u00e9rcio","datePublished":"2006-04-05T09:22:04+00:00","mainEntityOfPage":{"@id":"https:\/\/osmeusapontamentos.com\/index.php\/2006\/04\/05\/horario-comercio\/"},"wordCount":344,"commentCount":0,"publisher":{"@id":"https:\/\/osmeusapontamentos.com\/#\/schema\/person\/d508df9c3ffc8b4e64a18dbf0ba18dd8"},"keywords":["com\u00e9rcio tradicional","opini\u00e3o","portugal"],"articleSection":["Ler\/ Ver\/ Ouvir\/ Passear"],"inLanguage":"pt-PT","potentialAction":[{"@type":"CommentAction","name":"Comment","target":["https:\/\/osmeusapontamentos.com\/index.php\/2006\/04\/05\/horario-comercio\/#respond"]}]},{"@type":"WebPage","@id":"https:\/\/osmeusapontamentos.com\/index.php\/2006\/04\/05\/horario-comercio\/","url":"https:\/\/osmeusapontamentos.com\/index.php\/2006\/04\/05\/horario-comercio\/","name":"hor\u00e1rio com\u00e9rcio - Os Meus Apontamentos","isPartOf":{"@id":"https:\/\/osmeusapontamentos.com\/#website"},"datePublished":"2006-04-05T09:22:04+00:00","breadcrumb":{"@id":"https:\/\/osmeusapontamentos.com\/index.php\/2006\/04\/05\/horario-comercio\/#breadcrumb"},"inLanguage":"pt-PT","potentialAction":[{"@type":"ReadAction","target":["https:\/\/osmeusapontamentos.com\/index.php\/2006\/04\/05\/horario-comercio\/"]}]},{"@type":"BreadcrumbList","@id":"https:\/\/osmeusapontamentos.com\/index.php\/2006\/04\/05\/horario-comercio\/#breadcrumb","itemListElement":[{"@type":"ListItem","position":1,"name":"In\u00edcio","item":"https:\/\/osmeusapontamentos.com\/"},{"@type":"ListItem","position":2,"name":"hor\u00e1rio com\u00e9rcio"}]},{"@type":"WebSite","@id":"https:\/\/osmeusapontamentos.com\/#website","url":"https:\/\/osmeusapontamentos.com\/","name":"Os Meus Apontamentos","description":"","publisher":{"@id":"https:\/\/osmeusapontamentos.com\/#\/schema\/person\/d508df9c3ffc8b4e64a18dbf0ba18dd8"},"potentialAction":[{"@type":"SearchAction","target":{"@type":"EntryPoint","urlTemplate":"https:\/\/osmeusapontamentos.com\/?s={search_term_string}"},"query-input":{"@type":"PropertyValueSpecification","valueRequired":true,"valueName":"search_term_string"}}],"inLanguage":"pt-PT"},{"@type":["Person","Organization"],"@id":"https:\/\/osmeusapontamentos.com\/#\/schema\/person\/d508df9c3ffc8b4e64a18dbf0ba18dd8","name":"Vitor Silva","image":{"@type":"ImageObject","inLanguage":"pt-PT","@id":"https:\/\/secure.gravatar.com\/avatar\/f81f58ad909e8a213ab0a690f6ed65e5c0e0e2274bf35ac49ff31d7988d483ce?s=96&d=mm&r=g","url":"https:\/\/secure.gravatar.com\/avatar\/f81f58ad909e8a213ab0a690f6ed65e5c0e0e2274bf35ac49ff31d7988d483ce?s=96&d=mm&r=g","contentUrl":"https:\/\/secure.gravatar.com\/avatar\/f81f58ad909e8a213ab0a690f6ed65e5c0e0e2274bf35ac49ff31d7988d483ce?s=96&d=mm&r=g","caption":"Vitor Silva"},"logo":{"@id":"https:\/\/secure.gravatar.com\/avatar\/f81f58ad909e8a213ab0a690f6ed65e5c0e0e2274bf35ac49ff31d7988d483ce?s=96&d=mm&r=g"},"sameAs":["https:\/\/www.linkedin.com\/in\/vitormrsilva","https:\/\/x.com\/vitorsilva"]}]}},"_links":{"self":[{"href":"https:\/\/osmeusapontamentos.com\/index.php\/wp-json\/wp\/v2\/posts\/427","targetHints":{"allow":["GET"]}}],"collection":[{"href":"https:\/\/osmeusapontamentos.com\/index.php\/wp-json\/wp\/v2\/posts"}],"about":[{"href":"https:\/\/osmeusapontamentos.com\/index.php\/wp-json\/wp\/v2\/types\/post"}],"author":[{"embeddable":true,"href":"https:\/\/osmeusapontamentos.com\/index.php\/wp-json\/wp\/v2\/users\/1"}],"replies":[{"embeddable":true,"href":"https:\/\/osmeusapontamentos.com\/index.php\/wp-json\/wp\/v2\/comments?post=427"}],"version-history":[{"count":0,"href":"https:\/\/osmeusapontamentos.com\/index.php\/wp-json\/wp\/v2\/posts\/427\/revisions"}],"wp:attachment":[{"href":"https:\/\/osmeusapontamentos.com\/index.php\/wp-json\/wp\/v2\/media?parent=427"}],"wp:term":[{"taxonomy":"category","embeddable":true,"href":"https:\/\/osmeusapontamentos.com\/index.php\/wp-json\/wp\/v2\/categories?post=427"},{"taxonomy":"post_tag","embeddable":true,"href":"https:\/\/osmeusapontamentos.com\/index.php\/wp-json\/wp\/v2\/tags?post=427"}],"curies":[{"name":"wp","href":"https:\/\/api.w.org\/{rel}","templated":true}]}}