{"id":3935,"date":"2010-01-17T17:32:40","date_gmt":"2010-01-17T17:32:40","guid":{"rendered":"http:\/\/osmeusapontamentos.com\/?p=3935"},"modified":"2010-01-17T17:32:40","modified_gmt":"2010-01-17T17:32:40","slug":"pedro-passos-coelho-qual-a-novidade","status":"publish","type":"post","link":"https:\/\/osmeusapontamentos.com\/index.php\/2010\/01\/17\/pedro-passos-coelho-qual-a-novidade\/","title":{"rendered":"Pedro Passos Coelho&#8230; qual a novidade?"},"content":{"rendered":"<p>O <a href=\"http:\/\/aventar.eu\/author\/fmoreiradesa\/\">FMS\u00e1 <\/a>pareceu-me entusiasmado com o almo\u00e7o com o Pedro Passos Coelho.<br \/>\nEu percebo que o PSD ter um candidato \u00e9 motivo de regozijo num partido que concorreu \u00e0s principais elei\u00e7\u00f5es do pa\u00eds com essa for\u00e7a da natureza que \u00e9 Manuela Ferreira Leite mas pelo que li nos seus <a href=\"http:\/\/www.aventar.eu\/2010\/01\/13\/pedro-passos-coelho-almoca-com-bloggers-parte-1\/\">posts sobre<\/a> o <a href=\"http:\/\/www.aventar.eu\/2010\/01\/14\/pedro-passos-coelho-almoca-com-bloggers-parte-ii\/\">referido<\/a> <a href=\"http:\/\/www.aventar.eu\/2010\/01\/14\/pedro-passos-coelho-almoca-com-blogger-parte-iii\/\">almo\u00e7o<\/a>, parece-me que PPC \u00e9 um bocado mais do mesmo&#8230; vejamos:<\/p>\n<p><strong>Obras P\u00fablicas<\/strong><br \/>\n<em> &#8220;(&#8230;)Reconhecendo que as Obras P\u00fablicas s\u00e3o investimento(&#8230;) (&#8230;)defende a liga\u00e7\u00e3o Lisboa-Madrid embora julgue ser mais prudente adiar por dois ou tr\u00eas anos e que a liga\u00e7\u00e3o Madrid \u2013 Paris esteja conclu\u00edda.(&#8230;)&#8221;<\/em><br \/>\nPelo que me lembro de ter lido no <a href=\"http:\/\/www.porto.taf.net\/dp\/node\/5510\">estudo sobre o TVG<\/a> estava l\u00e1 referido que os resultados operacionais da liga\u00e7\u00e3o Lisboa-Madrid s\u00e3o piores que uma eventual liga\u00e7\u00e3o Porto-Lisboa. Mesmo assim PPC acha que temos que manter a \u00fanica linha no mundo, para al\u00e9m de alguns projectos na China, com velocidades previstas de 350kmh.<\/p>\n<p><strong>Regionaliza\u00e7\u00e3o<\/strong><br \/>\n<em> &#8220;(&#8230;)\u00c9 claro que se afirmou, em termos de princ\u00edpio, como favor\u00e1vel. Considera \u00e9 que n\u00e3o temos hip\u00f3tese de a realizar nos pr\u00f3ximos anos, mais precisamente, quatro a seis anos:(&#8230;)&#8221;. &#8220;(&#8230;)Obviamente, algo obrigat\u00f3rio em todo o programa eleitoral, \u00e9 a favor da descentraliza\u00e7\u00e3o.(&#8230;)&#8221;<\/em><br \/>\nEm 1998 n\u00e3o era a altura de regionalizar porque o mapa n\u00e3o prestava, o ano passado n\u00e3o era altura para regionalizar porque estavamos na grande crise dos ultimos cem anos, agora ainda precisamos de mais quatro ou seis anos&#8230;<br \/>\nTemos j\u00e1 mais de 30 anos desta organiza\u00e7\u00e3o pol\u00edtica e administrativa, podemos perfeitamente aguentar mais esse tempo, deve ser dificil ao Norte por exemplo descer mais do que j\u00e1 desceu, n\u00e3o precisamos \u00e9 de falinhas mansas.<\/p>\n<p><!--more--><\/p>\n<p><strong>Dinheiros<\/strong><br \/>\n<em>&#8220;(&#8230;)Entende que poderemos vir a ter graves problemas de financiamento externo mas a fun\u00e7\u00e3o social do Estado nunca poder\u00e1 ser posta em causa embora a presta\u00e7\u00e3o desse servi\u00e7o social pode vir a degradar-se.(&#8230;)&#8221;<\/em><br \/>\nTodos concordam que o pa\u00eds gasta muito, que tem que se reduzir alguma coisa. Mas quando tem mesmo que se cortar em alguma coisa n\u00e3o ou\u00e7o propostas&#8230; o mais parecido com redu\u00e7\u00e3o que ou\u00e7o \u00e9 mesmo congelamento ou seja manuten\u00e7\u00e3o da despesa o que apesar de tudo \u00e9 uma defini\u00e7\u00e3o diferente da que eu tenho de redu\u00e7\u00e3o&#8230; tamb\u00e9m aqui PPC parece querer o sol na eira e a chuva no nabal.<\/p>\n<p><strong>Conversa com Blogs<\/strong><br \/>\n<em> &#8220;(&#8230;)N\u00e3o \u00e9 f\u00e1cil enfrentar mais de uma dezena de bloggers, todos em roda livre e representativos de alguns dos mais lidos blogues em Portugal(&#8230;)&#8221;<\/em><br \/>\nTodo o contacto que eventuais candidatos tenha com eventuais apoiantes ou opositores \u00e9 de saudar mas na verdade n\u00e3o \u00e9 mais do que a obriga\u00e7\u00e3o dele, ouvir as pessoas para as quais se prop\u00f5e governar&#8230;<\/p>\n<p>Enfim&#8230; o que \u00e9 que Pedro Passos Coelho prop\u00f5e que todos os outros n\u00e3o tenham j\u00e1 dito?<\/p>\n<p>(publicado inicialmente em http:\/\/aventar.eu\/2010\/01\/15\/pedro-passos-coelho-qual-a-novidade\/)<\/p>\n","protected":false},"excerpt":{"rendered":"<p>O FMS\u00e1 pareceu-me entusiasmado com o almo\u00e7o com o Pedro Passos Coelho. Eu percebo que o PSD ter um candidato \u00e9 motivo de regozijo num partido que concorreu \u00e0s principais elei\u00e7\u00f5es do pa\u00eds com essa for\u00e7a da natureza que \u00e9 Manuela Ferreira Leite mas pelo que li nos seus posts sobre o referido almo\u00e7o, parece-me [&hellip;]<\/p>\n","protected":false},"author":1,"featured_media":0,"comment_status":"open","ping_status":"open","sticky":false,"template":"","format":"standard","meta":{"footnotes":""},"categories":[8],"tags":[518,529],"class_list":["post-3935","post","type-post","status-publish","format-standard","hentry","category-opiniao-2","tag-politica","tag-portugal"],"yoast_head":"<!-- This site is optimized with the Yoast SEO plugin v27.5 - https:\/\/yoast.com\/product\/yoast-seo-wordpress\/ -->\n<title>Pedro Passos Coelho... qual a novidade? - Os Meus Apontamentos<\/title>\n<meta name=\"robots\" content=\"index, follow, max-snippet:-1, max-image-preview:large, max-video-preview:-1\" \/>\n<link rel=\"canonical\" href=\"https:\/\/osmeusapontamentos.com\/index.php\/2010\/01\/17\/pedro-passos-coelho-qual-a-novidade\/\" \/>\n<meta property=\"og:locale\" content=\"pt_PT\" \/>\n<meta property=\"og:type\" content=\"article\" \/>\n<meta property=\"og:title\" content=\"Pedro Passos Coelho... qual a novidade? - Os Meus Apontamentos\" \/>\n<meta property=\"og:description\" content=\"O FMS\u00e1 pareceu-me entusiasmado com o almo\u00e7o com o Pedro Passos Coelho. Eu percebo que o PSD ter um candidato \u00e9 motivo de regozijo num partido que concorreu \u00e0s principais elei\u00e7\u00f5es do pa\u00eds com essa for\u00e7a da natureza que \u00e9 Manuela Ferreira Leite mas pelo que li nos seus posts sobre o referido almo\u00e7o, parece-me [&hellip;]\" \/>\n<meta property=\"og:url\" content=\"https:\/\/osmeusapontamentos.com\/index.php\/2010\/01\/17\/pedro-passos-coelho-qual-a-novidade\/\" \/>\n<meta property=\"og:site_name\" content=\"Os Meus Apontamentos\" \/>\n<meta property=\"article:published_time\" content=\"2010-01-17T17:32:40+00:00\" \/>\n<meta name=\"author\" content=\"Vitor Silva\" \/>\n<meta name=\"twitter:card\" content=\"summary_large_image\" \/>\n<meta name=\"twitter:creator\" content=\"@vitorsilva\" \/>\n<meta name=\"twitter:site\" content=\"@vitorsilva\" \/>\n<meta name=\"twitter:label1\" content=\"Escrito por\" \/>\n\t<meta name=\"twitter:data1\" content=\"Vitor Silva\" \/>\n\t<meta name=\"twitter:label2\" content=\"Tempo estimado de leitura\" \/>\n\t<meta name=\"twitter:data2\" content=\"2 minutos\" \/>\n<script type=\"application\/ld+json\" class=\"yoast-schema-graph\">{\"@context\":\"https:\\\/\\\/schema.org\",\"@graph\":[{\"@type\":\"Article\",\"@id\":\"https:\\\/\\\/osmeusapontamentos.com\\\/index.php\\\/2010\\\/01\\\/17\\\/pedro-passos-coelho-qual-a-novidade\\\/#article\",\"isPartOf\":{\"@id\":\"https:\\\/\\\/osmeusapontamentos.com\\\/index.php\\\/2010\\\/01\\\/17\\\/pedro-passos-coelho-qual-a-novidade\\\/\"},\"author\":{\"name\":\"Vitor Silva\",\"@id\":\"https:\\\/\\\/osmeusapontamentos.com\\\/#\\\/schema\\\/person\\\/d508df9c3ffc8b4e64a18dbf0ba18dd8\"},\"headline\":\"Pedro Passos Coelho&#8230; qual a novidade?\",\"datePublished\":\"2010-01-17T17:32:40+00:00\",\"mainEntityOfPage\":{\"@id\":\"https:\\\/\\\/osmeusapontamentos.com\\\/index.php\\\/2010\\\/01\\\/17\\\/pedro-passos-coelho-qual-a-novidade\\\/\"},\"wordCount\":499,\"commentCount\":0,\"publisher\":{\"@id\":\"https:\\\/\\\/osmeusapontamentos.com\\\/#\\\/schema\\\/person\\\/d508df9c3ffc8b4e64a18dbf0ba18dd8\"},\"keywords\":[\"pol\u00edtica\",\"portugal\"],\"articleSection\":[\"Opini\u00e3o\"],\"inLanguage\":\"pt-PT\",\"potentialAction\":[{\"@type\":\"CommentAction\",\"name\":\"Comment\",\"target\":[\"https:\\\/\\\/osmeusapontamentos.com\\\/index.php\\\/2010\\\/01\\\/17\\\/pedro-passos-coelho-qual-a-novidade\\\/#respond\"]}]},{\"@type\":\"WebPage\",\"@id\":\"https:\\\/\\\/osmeusapontamentos.com\\\/index.php\\\/2010\\\/01\\\/17\\\/pedro-passos-coelho-qual-a-novidade\\\/\",\"url\":\"https:\\\/\\\/osmeusapontamentos.com\\\/index.php\\\/2010\\\/01\\\/17\\\/pedro-passos-coelho-qual-a-novidade\\\/\",\"name\":\"Pedro Passos Coelho... qual a novidade? - Os Meus Apontamentos\",\"isPartOf\":{\"@id\":\"https:\\\/\\\/osmeusapontamentos.com\\\/#website\"},\"datePublished\":\"2010-01-17T17:32:40+00:00\",\"breadcrumb\":{\"@id\":\"https:\\\/\\\/osmeusapontamentos.com\\\/index.php\\\/2010\\\/01\\\/17\\\/pedro-passos-coelho-qual-a-novidade\\\/#breadcrumb\"},\"inLanguage\":\"pt-PT\",\"potentialAction\":[{\"@type\":\"ReadAction\",\"target\":[\"https:\\\/\\\/osmeusapontamentos.com\\\/index.php\\\/2010\\\/01\\\/17\\\/pedro-passos-coelho-qual-a-novidade\\\/\"]}]},{\"@type\":\"BreadcrumbList\",\"@id\":\"https:\\\/\\\/osmeusapontamentos.com\\\/index.php\\\/2010\\\/01\\\/17\\\/pedro-passos-coelho-qual-a-novidade\\\/#breadcrumb\",\"itemListElement\":[{\"@type\":\"ListItem\",\"position\":1,\"name\":\"In\u00edcio\",\"item\":\"https:\\\/\\\/osmeusapontamentos.com\\\/\"},{\"@type\":\"ListItem\",\"position\":2,\"name\":\"Pedro Passos Coelho&#8230; qual a novidade?\"}]},{\"@type\":\"WebSite\",\"@id\":\"https:\\\/\\\/osmeusapontamentos.com\\\/#website\",\"url\":\"https:\\\/\\\/osmeusapontamentos.com\\\/\",\"name\":\"Os Meus Apontamentos\",\"description\":\"\",\"publisher\":{\"@id\":\"https:\\\/\\\/osmeusapontamentos.com\\\/#\\\/schema\\\/person\\\/d508df9c3ffc8b4e64a18dbf0ba18dd8\"},\"potentialAction\":[{\"@type\":\"SearchAction\",\"target\":{\"@type\":\"EntryPoint\",\"urlTemplate\":\"https:\\\/\\\/osmeusapontamentos.com\\\/?s={search_term_string}\"},\"query-input\":{\"@type\":\"PropertyValueSpecification\",\"valueRequired\":true,\"valueName\":\"search_term_string\"}}],\"inLanguage\":\"pt-PT\"},{\"@type\":[\"Person\",\"Organization\"],\"@id\":\"https:\\\/\\\/osmeusapontamentos.com\\\/#\\\/schema\\\/person\\\/d508df9c3ffc8b4e64a18dbf0ba18dd8\",\"name\":\"Vitor Silva\",\"image\":{\"@type\":\"ImageObject\",\"inLanguage\":\"pt-PT\",\"@id\":\"https:\\\/\\\/secure.gravatar.com\\\/avatar\\\/f81f58ad909e8a213ab0a690f6ed65e5c0e0e2274bf35ac49ff31d7988d483ce?s=96&d=mm&r=g\",\"url\":\"https:\\\/\\\/secure.gravatar.com\\\/avatar\\\/f81f58ad909e8a213ab0a690f6ed65e5c0e0e2274bf35ac49ff31d7988d483ce?s=96&d=mm&r=g\",\"contentUrl\":\"https:\\\/\\\/secure.gravatar.com\\\/avatar\\\/f81f58ad909e8a213ab0a690f6ed65e5c0e0e2274bf35ac49ff31d7988d483ce?s=96&d=mm&r=g\",\"caption\":\"Vitor Silva\"},\"logo\":{\"@id\":\"https:\\\/\\\/secure.gravatar.com\\\/avatar\\\/f81f58ad909e8a213ab0a690f6ed65e5c0e0e2274bf35ac49ff31d7988d483ce?s=96&d=mm&r=g\"},\"sameAs\":[\"https:\\\/\\\/www.linkedin.com\\\/in\\\/vitormrsilva\",\"https:\\\/\\\/x.com\\\/vitorsilva\"]}]}<\/script>\n<!-- \/ Yoast SEO plugin. -->","yoast_head_json":{"title":"Pedro Passos Coelho... qual a novidade? - Os Meus Apontamentos","robots":{"index":"index","follow":"follow","max-snippet":"max-snippet:-1","max-image-preview":"max-image-preview:large","max-video-preview":"max-video-preview:-1"},"canonical":"https:\/\/osmeusapontamentos.com\/index.php\/2010\/01\/17\/pedro-passos-coelho-qual-a-novidade\/","og_locale":"pt_PT","og_type":"article","og_title":"Pedro Passos Coelho... qual a novidade? - Os Meus Apontamentos","og_description":"O FMS\u00e1 pareceu-me entusiasmado com o almo\u00e7o com o Pedro Passos Coelho. Eu percebo que o PSD ter um candidato \u00e9 motivo de regozijo num partido que concorreu \u00e0s principais elei\u00e7\u00f5es do pa\u00eds com essa for\u00e7a da natureza que \u00e9 Manuela Ferreira Leite mas pelo que li nos seus posts sobre o referido almo\u00e7o, parece-me [&hellip;]","og_url":"https:\/\/osmeusapontamentos.com\/index.php\/2010\/01\/17\/pedro-passos-coelho-qual-a-novidade\/","og_site_name":"Os Meus Apontamentos","article_published_time":"2010-01-17T17:32:40+00:00","author":"Vitor Silva","twitter_card":"summary_large_image","twitter_creator":"@vitorsilva","twitter_site":"@vitorsilva","twitter_misc":{"Escrito por":"Vitor Silva","Tempo estimado de leitura":"2 minutos"},"schema":{"@context":"https:\/\/schema.org","@graph":[{"@type":"Article","@id":"https:\/\/osmeusapontamentos.com\/index.php\/2010\/01\/17\/pedro-passos-coelho-qual-a-novidade\/#article","isPartOf":{"@id":"https:\/\/osmeusapontamentos.com\/index.php\/2010\/01\/17\/pedro-passos-coelho-qual-a-novidade\/"},"author":{"name":"Vitor Silva","@id":"https:\/\/osmeusapontamentos.com\/#\/schema\/person\/d508df9c3ffc8b4e64a18dbf0ba18dd8"},"headline":"Pedro Passos Coelho&#8230; qual a novidade?","datePublished":"2010-01-17T17:32:40+00:00","mainEntityOfPage":{"@id":"https:\/\/osmeusapontamentos.com\/index.php\/2010\/01\/17\/pedro-passos-coelho-qual-a-novidade\/"},"wordCount":499,"commentCount":0,"publisher":{"@id":"https:\/\/osmeusapontamentos.com\/#\/schema\/person\/d508df9c3ffc8b4e64a18dbf0ba18dd8"},"keywords":["pol\u00edtica","portugal"],"articleSection":["Opini\u00e3o"],"inLanguage":"pt-PT","potentialAction":[{"@type":"CommentAction","name":"Comment","target":["https:\/\/osmeusapontamentos.com\/index.php\/2010\/01\/17\/pedro-passos-coelho-qual-a-novidade\/#respond"]}]},{"@type":"WebPage","@id":"https:\/\/osmeusapontamentos.com\/index.php\/2010\/01\/17\/pedro-passos-coelho-qual-a-novidade\/","url":"https:\/\/osmeusapontamentos.com\/index.php\/2010\/01\/17\/pedro-passos-coelho-qual-a-novidade\/","name":"Pedro Passos Coelho... qual a novidade? - Os Meus Apontamentos","isPartOf":{"@id":"https:\/\/osmeusapontamentos.com\/#website"},"datePublished":"2010-01-17T17:32:40+00:00","breadcrumb":{"@id":"https:\/\/osmeusapontamentos.com\/index.php\/2010\/01\/17\/pedro-passos-coelho-qual-a-novidade\/#breadcrumb"},"inLanguage":"pt-PT","potentialAction":[{"@type":"ReadAction","target":["https:\/\/osmeusapontamentos.com\/index.php\/2010\/01\/17\/pedro-passos-coelho-qual-a-novidade\/"]}]},{"@type":"BreadcrumbList","@id":"https:\/\/osmeusapontamentos.com\/index.php\/2010\/01\/17\/pedro-passos-coelho-qual-a-novidade\/#breadcrumb","itemListElement":[{"@type":"ListItem","position":1,"name":"In\u00edcio","item":"https:\/\/osmeusapontamentos.com\/"},{"@type":"ListItem","position":2,"name":"Pedro Passos Coelho&#8230; qual a novidade?"}]},{"@type":"WebSite","@id":"https:\/\/osmeusapontamentos.com\/#website","url":"https:\/\/osmeusapontamentos.com\/","name":"Os Meus Apontamentos","description":"","publisher":{"@id":"https:\/\/osmeusapontamentos.com\/#\/schema\/person\/d508df9c3ffc8b4e64a18dbf0ba18dd8"},"potentialAction":[{"@type":"SearchAction","target":{"@type":"EntryPoint","urlTemplate":"https:\/\/osmeusapontamentos.com\/?s={search_term_string}"},"query-input":{"@type":"PropertyValueSpecification","valueRequired":true,"valueName":"search_term_string"}}],"inLanguage":"pt-PT"},{"@type":["Person","Organization"],"@id":"https:\/\/osmeusapontamentos.com\/#\/schema\/person\/d508df9c3ffc8b4e64a18dbf0ba18dd8","name":"Vitor Silva","image":{"@type":"ImageObject","inLanguage":"pt-PT","@id":"https:\/\/secure.gravatar.com\/avatar\/f81f58ad909e8a213ab0a690f6ed65e5c0e0e2274bf35ac49ff31d7988d483ce?s=96&d=mm&r=g","url":"https:\/\/secure.gravatar.com\/avatar\/f81f58ad909e8a213ab0a690f6ed65e5c0e0e2274bf35ac49ff31d7988d483ce?s=96&d=mm&r=g","contentUrl":"https:\/\/secure.gravatar.com\/avatar\/f81f58ad909e8a213ab0a690f6ed65e5c0e0e2274bf35ac49ff31d7988d483ce?s=96&d=mm&r=g","caption":"Vitor Silva"},"logo":{"@id":"https:\/\/secure.gravatar.com\/avatar\/f81f58ad909e8a213ab0a690f6ed65e5c0e0e2274bf35ac49ff31d7988d483ce?s=96&d=mm&r=g"},"sameAs":["https:\/\/www.linkedin.com\/in\/vitormrsilva","https:\/\/x.com\/vitorsilva"]}]}},"_links":{"self":[{"href":"https:\/\/osmeusapontamentos.com\/index.php\/wp-json\/wp\/v2\/posts\/3935","targetHints":{"allow":["GET"]}}],"collection":[{"href":"https:\/\/osmeusapontamentos.com\/index.php\/wp-json\/wp\/v2\/posts"}],"about":[{"href":"https:\/\/osmeusapontamentos.com\/index.php\/wp-json\/wp\/v2\/types\/post"}],"author":[{"embeddable":true,"href":"https:\/\/osmeusapontamentos.com\/index.php\/wp-json\/wp\/v2\/users\/1"}],"replies":[{"embeddable":true,"href":"https:\/\/osmeusapontamentos.com\/index.php\/wp-json\/wp\/v2\/comments?post=3935"}],"version-history":[{"count":0,"href":"https:\/\/osmeusapontamentos.com\/index.php\/wp-json\/wp\/v2\/posts\/3935\/revisions"}],"wp:attachment":[{"href":"https:\/\/osmeusapontamentos.com\/index.php\/wp-json\/wp\/v2\/media?parent=3935"}],"wp:term":[{"taxonomy":"category","embeddable":true,"href":"https:\/\/osmeusapontamentos.com\/index.php\/wp-json\/wp\/v2\/categories?post=3935"},{"taxonomy":"post_tag","embeddable":true,"href":"https:\/\/osmeusapontamentos.com\/index.php\/wp-json\/wp\/v2\/tags?post=3935"}],"curies":[{"name":"wp","href":"https:\/\/api.w.org\/{rel}","templated":true}]}}