{"id":3621,"date":"2012-05-01T17:09:39","date_gmt":"2012-05-01T17:09:39","guid":{"rendered":"http:\/\/osmeusapontamentos.com\/?p=3621"},"modified":"2012-05-01T17:09:39","modified_gmt":"2012-05-01T17:09:39","slug":"nos-nao-fazemos-mas-voces-tambem-nao","status":"publish","type":"post","link":"https:\/\/osmeusapontamentos.com\/index.php\/2012\/05\/01\/nos-nao-fazemos-mas-voces-tambem-nao\/","title":{"rendered":"N\u00f3s n\u00e3o fazemos mas voc\u00eas tamb\u00e9m n\u00e3o"},"content":{"rendered":"<p>\u201cFuncion\u00e1rios da C\u00e2mara do Porto iniciaram hoje, \u00e0s 8h, os trabalhos para entaipar as entradas da escola, de onde foi retirado diverso material, como portas ou sanitas das casas de banho.<br \/>\nO objectivo \u00e9 impedir a reocupa\u00e7\u00e3o das instala\u00e7\u00f5es pelos activistas do coletivo Es.Col.A, que agendaram para esta quinta-feira \u00e0 tarde, \u00e0s 18h30, uma assembleia geral para decidir o que fazer depois da interven\u00e7\u00e3o da C\u00e2mara do Porto.<br \/>\nDesta vez, a interven\u00e7\u00e3o da autarquia foi mais radical e incluiu a coloca\u00e7\u00e3o de tijolos e a destrui\u00e7\u00e3o das infra-estruturas essenciais \u00e0 continuidade do projecto Es.Col.A, avan\u00e7a a Lusa.\u201d via <a href=\"http:\/\/porto24.pt\/porto\/26042012\/fontinha\/\">porto 24<\/a><\/p>\n<p><a href=\"https:\/\/osmeusapontamentos.com\/wp-content\/uploads\/2012\/05\/img_5878_mini2.jpg\"><img loading=\"lazy\" decoding=\"async\" class=\"alignleft size-full wp-image-3622\" title=\"escola\" src=\"https:\/\/osmeusapontamentos.com\/wp-content\/uploads\/2012\/05\/img_5878_mini2.jpg\" alt=\"\" width=\"580\" height=\"433\" \/><\/a><\/p>\n<p>Algumas raz\u00f5es porque acho que a CMP tem dois pesos e duas medidas mais em baixo.<\/p>\n<p>1 \u2013 A C\u00e2mara Municipal do Porto diz que a es.col.a da Fontinha sofreu uma <a href=\"http:\/\/www.cm-porto.pt\/gen.pl?p=stories&amp;op=view&amp;fokey=cmp.stories\/18580\">ocupa\u00e7\u00e3o abusiva e \u201cselvagem<\/a>\u201d. O que eu vi quando l\u00e1 fui (n\u00e3o foram muitas \u00e9 certo, 2 vezes apenas) foi uma escola que estava abandonada e que passou a ser utilizada. Vi uma pequena biblioteca, uma sala de computadores e uma sala para as crian\u00e7as brincarem. Quantas vezes \u00e9 que Rui Rio ou a vereadora Gulhermina Rego viram isto? Acho que nenhuma.<br \/>\n2 \u2013 Na Assembleia Municipal do Porto s\u00f3 se podem inscrever cerca de 20 pessoas, que s\u00f3 podem participar (normalmente j\u00e1 depois da meia noite) depois de todos os deputados e eventualmente o executivo terem falado e (muitas vezes) terem-se ido embora. Quem n\u00e3o tiver a possibilidade de ir n\u00e3o poder\u00e1 saber o que l\u00e1 foi dito pois as atas das reuni\u00f5es n\u00e3o est\u00e3o acess\u00edveis \u00e0 popula\u00e7\u00e3o. Nas assembleias da Fontinha qualquer um pode pode participar e o resumo detalhado da reuni\u00e3o pode ser<a href=\"http:\/\/escoladafontinha.blogspot.pt\/search\/label\/assembleias\"> consultado facilmente e livremente no site<\/a>.<br \/>\n3 \u2013 Nas assembleias da es.col.a, como na <a href=\"http:\/\/www.wto.org\/english\/thewto_e\/whatis_e\/10mis_e\/10m10_e.htm\">Organiza\u00e7\u00e3o Mundial do Com\u00e9rcio<\/a>, as decis\u00f5es s\u00e3o tomadas por consenso. Na Assembleia Municipal do Porto as decis\u00f5es s\u00e3o desempatadas sempre para o mesmo lado pelo voto de qualidade do seu presidente.<br \/>\n4 \u2013 A CMP diz que as atividades da es.col.a eram n\u00e3o tipificadas, mais ou menos como o enriquecimento il\u00edcito n\u00e3o est\u00e1 tipificado. No entanto no blog da es.col.a \u00e9 facilmente identificado<a href=\"http:\/\/escoladafontinha.blogspot.pt\/search\/label\/actividades\"> todo o tipo de projectos que era levado a cabo<\/a> nesse local.<br \/>\n5 \u2013 Depois de j\u00e1 estar implantada a es.col.a, a CMP referiu a exist\u00eancia de um projecto social para essa zona, projecto que ainda n\u00e3o detalhou, cujo promotor se desconhece (imaginando que n\u00e3o vai ser a pr\u00f3pria CMP) e que ela pr\u00f3pria ainda n\u00e3o sabe quando ir\u00e1 iniciar.<br \/>\n6 \u2013 Finalmente, a CMP diz que o a es.col.a n\u00e3o quis pagar 30\u20ac\/m\u00eas e a es.col.a diz que a associa\u00e7\u00e3o que constituiu (\u201cobrigada\u201d pela CMP) n\u00e3o foi formalmente notificada disso. Imaginem em quem \u00e9 que eu acredito mais\u2026<\/p>\n<p>(publicado inicialmente em <a href=\"http:\/\/aventar.eu\/2012\/04\/26\/nos-nao-fazemos-mas-voces-tambem-nao\/\">http:\/\/aventar.eu\/2012\/04\/26\/nos-nao-fazemos-mas-voces-tambem-nao\/<\/a>)<\/p>\n","protected":false},"excerpt":{"rendered":"<p>\u201cFuncion\u00e1rios da C\u00e2mara do Porto iniciaram hoje, \u00e0s 8h, os trabalhos para entaipar as entradas da escola, de onde foi retirado diverso material, como portas ou sanitas das casas de banho. O objectivo \u00e9 impedir a reocupa\u00e7\u00e3o das instala\u00e7\u00f5es pelos activistas do coletivo Es.Col.A, que agendaram para esta quinta-feira \u00e0 tarde, \u00e0s 18h30, uma assembleia [&hellip;]<\/p>\n","protected":false},"author":1,"featured_media":0,"comment_status":"open","ping_status":"open","sticky":false,"template":"","format":"standard","meta":{"footnotes":""},"categories":[8],"tags":[80,231,258,524],"class_list":["post-3621","post","type-post","status-publish","format-standard","hentry","category-opiniao-2","tag-aventar","tag-escola","tag-fontinha","tag-porto"],"yoast_head":"<!-- This site is optimized with the Yoast SEO plugin v27.5 - https:\/\/yoast.com\/product\/yoast-seo-wordpress\/ -->\n<title>N\u00f3s n\u00e3o fazemos mas voc\u00eas tamb\u00e9m n\u00e3o - Os Meus Apontamentos<\/title>\n<meta name=\"robots\" content=\"index, follow, max-snippet:-1, max-image-preview:large, max-video-preview:-1\" \/>\n<link rel=\"canonical\" href=\"https:\/\/osmeusapontamentos.com\/index.php\/2012\/05\/01\/nos-nao-fazemos-mas-voces-tambem-nao\/\" \/>\n<meta property=\"og:locale\" content=\"pt_PT\" \/>\n<meta property=\"og:type\" content=\"article\" \/>\n<meta property=\"og:title\" content=\"N\u00f3s n\u00e3o fazemos mas voc\u00eas tamb\u00e9m n\u00e3o - Os Meus Apontamentos\" \/>\n<meta property=\"og:description\" content=\"\u201cFuncion\u00e1rios da C\u00e2mara do Porto iniciaram hoje, \u00e0s 8h, os trabalhos para entaipar as entradas da escola, de onde foi retirado diverso material, como portas ou sanitas das casas de banho. O objectivo \u00e9 impedir a reocupa\u00e7\u00e3o das instala\u00e7\u00f5es pelos activistas do coletivo Es.Col.A, que agendaram para esta quinta-feira \u00e0 tarde, \u00e0s 18h30, uma assembleia [&hellip;]\" \/>\n<meta property=\"og:url\" content=\"https:\/\/osmeusapontamentos.com\/index.php\/2012\/05\/01\/nos-nao-fazemos-mas-voces-tambem-nao\/\" \/>\n<meta property=\"og:site_name\" content=\"Os Meus Apontamentos\" \/>\n<meta property=\"article:published_time\" content=\"2012-05-01T17:09:39+00:00\" \/>\n<meta name=\"author\" content=\"Vitor Silva\" \/>\n<meta name=\"twitter:card\" content=\"summary_large_image\" \/>\n<meta name=\"twitter:creator\" content=\"@vitorsilva\" \/>\n<meta name=\"twitter:site\" content=\"@vitorsilva\" \/>\n<meta name=\"twitter:label1\" content=\"Escrito por\" \/>\n\t<meta name=\"twitter:data1\" content=\"Vitor Silva\" \/>\n\t<meta name=\"twitter:label2\" content=\"Tempo estimado de leitura\" \/>\n\t<meta name=\"twitter:data2\" content=\"2 minutos\" \/>\n<script type=\"application\/ld+json\" class=\"yoast-schema-graph\">{\"@context\":\"https:\\\/\\\/schema.org\",\"@graph\":[{\"@type\":\"Article\",\"@id\":\"https:\\\/\\\/osmeusapontamentos.com\\\/index.php\\\/2012\\\/05\\\/01\\\/nos-nao-fazemos-mas-voces-tambem-nao\\\/#article\",\"isPartOf\":{\"@id\":\"https:\\\/\\\/osmeusapontamentos.com\\\/index.php\\\/2012\\\/05\\\/01\\\/nos-nao-fazemos-mas-voces-tambem-nao\\\/\"},\"author\":{\"name\":\"Vitor Silva\",\"@id\":\"https:\\\/\\\/osmeusapontamentos.com\\\/#\\\/schema\\\/person\\\/d508df9c3ffc8b4e64a18dbf0ba18dd8\"},\"headline\":\"N\u00f3s n\u00e3o fazemos mas voc\u00eas tamb\u00e9m n\u00e3o\",\"datePublished\":\"2012-05-01T17:09:39+00:00\",\"mainEntityOfPage\":{\"@id\":\"https:\\\/\\\/osmeusapontamentos.com\\\/index.php\\\/2012\\\/05\\\/01\\\/nos-nao-fazemos-mas-voces-tambem-nao\\\/\"},\"wordCount\":509,\"commentCount\":0,\"publisher\":{\"@id\":\"https:\\\/\\\/osmeusapontamentos.com\\\/#\\\/schema\\\/person\\\/d508df9c3ffc8b4e64a18dbf0ba18dd8\"},\"image\":{\"@id\":\"https:\\\/\\\/osmeusapontamentos.com\\\/index.php\\\/2012\\\/05\\\/01\\\/nos-nao-fazemos-mas-voces-tambem-nao\\\/#primaryimage\"},\"thumbnailUrl\":\"https:\\\/\\\/osmeusapontamentos.com\\\/wp-content\\\/uploads\\\/2012\\\/05\\\/img_5878_mini2.jpg\",\"keywords\":[\"aventar\",\"escola\",\"fontinha\",\"porto\"],\"articleSection\":[\"Opini\u00e3o\"],\"inLanguage\":\"pt-PT\",\"potentialAction\":[{\"@type\":\"CommentAction\",\"name\":\"Comment\",\"target\":[\"https:\\\/\\\/osmeusapontamentos.com\\\/index.php\\\/2012\\\/05\\\/01\\\/nos-nao-fazemos-mas-voces-tambem-nao\\\/#respond\"]}]},{\"@type\":\"WebPage\",\"@id\":\"https:\\\/\\\/osmeusapontamentos.com\\\/index.php\\\/2012\\\/05\\\/01\\\/nos-nao-fazemos-mas-voces-tambem-nao\\\/\",\"url\":\"https:\\\/\\\/osmeusapontamentos.com\\\/index.php\\\/2012\\\/05\\\/01\\\/nos-nao-fazemos-mas-voces-tambem-nao\\\/\",\"name\":\"N\u00f3s n\u00e3o fazemos mas voc\u00eas tamb\u00e9m n\u00e3o - Os Meus Apontamentos\",\"isPartOf\":{\"@id\":\"https:\\\/\\\/osmeusapontamentos.com\\\/#website\"},\"primaryImageOfPage\":{\"@id\":\"https:\\\/\\\/osmeusapontamentos.com\\\/index.php\\\/2012\\\/05\\\/01\\\/nos-nao-fazemos-mas-voces-tambem-nao\\\/#primaryimage\"},\"image\":{\"@id\":\"https:\\\/\\\/osmeusapontamentos.com\\\/index.php\\\/2012\\\/05\\\/01\\\/nos-nao-fazemos-mas-voces-tambem-nao\\\/#primaryimage\"},\"thumbnailUrl\":\"https:\\\/\\\/osmeusapontamentos.com\\\/wp-content\\\/uploads\\\/2012\\\/05\\\/img_5878_mini2.jpg\",\"datePublished\":\"2012-05-01T17:09:39+00:00\",\"breadcrumb\":{\"@id\":\"https:\\\/\\\/osmeusapontamentos.com\\\/index.php\\\/2012\\\/05\\\/01\\\/nos-nao-fazemos-mas-voces-tambem-nao\\\/#breadcrumb\"},\"inLanguage\":\"pt-PT\",\"potentialAction\":[{\"@type\":\"ReadAction\",\"target\":[\"https:\\\/\\\/osmeusapontamentos.com\\\/index.php\\\/2012\\\/05\\\/01\\\/nos-nao-fazemos-mas-voces-tambem-nao\\\/\"]}]},{\"@type\":\"ImageObject\",\"inLanguage\":\"pt-PT\",\"@id\":\"https:\\\/\\\/osmeusapontamentos.com\\\/index.php\\\/2012\\\/05\\\/01\\\/nos-nao-fazemos-mas-voces-tambem-nao\\\/#primaryimage\",\"url\":\"https:\\\/\\\/osmeusapontamentos.com\\\/wp-content\\\/uploads\\\/2012\\\/05\\\/img_5878_mini2.jpg\",\"contentUrl\":\"https:\\\/\\\/osmeusapontamentos.com\\\/wp-content\\\/uploads\\\/2012\\\/05\\\/img_5878_mini2.jpg\"},{\"@type\":\"BreadcrumbList\",\"@id\":\"https:\\\/\\\/osmeusapontamentos.com\\\/index.php\\\/2012\\\/05\\\/01\\\/nos-nao-fazemos-mas-voces-tambem-nao\\\/#breadcrumb\",\"itemListElement\":[{\"@type\":\"ListItem\",\"position\":1,\"name\":\"In\u00edcio\",\"item\":\"https:\\\/\\\/osmeusapontamentos.com\\\/\"},{\"@type\":\"ListItem\",\"position\":2,\"name\":\"N\u00f3s n\u00e3o fazemos mas voc\u00eas tamb\u00e9m n\u00e3o\"}]},{\"@type\":\"WebSite\",\"@id\":\"https:\\\/\\\/osmeusapontamentos.com\\\/#website\",\"url\":\"https:\\\/\\\/osmeusapontamentos.com\\\/\",\"name\":\"Os Meus Apontamentos\",\"description\":\"\",\"publisher\":{\"@id\":\"https:\\\/\\\/osmeusapontamentos.com\\\/#\\\/schema\\\/person\\\/d508df9c3ffc8b4e64a18dbf0ba18dd8\"},\"potentialAction\":[{\"@type\":\"SearchAction\",\"target\":{\"@type\":\"EntryPoint\",\"urlTemplate\":\"https:\\\/\\\/osmeusapontamentos.com\\\/?s={search_term_string}\"},\"query-input\":{\"@type\":\"PropertyValueSpecification\",\"valueRequired\":true,\"valueName\":\"search_term_string\"}}],\"inLanguage\":\"pt-PT\"},{\"@type\":[\"Person\",\"Organization\"],\"@id\":\"https:\\\/\\\/osmeusapontamentos.com\\\/#\\\/schema\\\/person\\\/d508df9c3ffc8b4e64a18dbf0ba18dd8\",\"name\":\"Vitor Silva\",\"image\":{\"@type\":\"ImageObject\",\"inLanguage\":\"pt-PT\",\"@id\":\"https:\\\/\\\/secure.gravatar.com\\\/avatar\\\/f81f58ad909e8a213ab0a690f6ed65e5c0e0e2274bf35ac49ff31d7988d483ce?s=96&d=mm&r=g\",\"url\":\"https:\\\/\\\/secure.gravatar.com\\\/avatar\\\/f81f58ad909e8a213ab0a690f6ed65e5c0e0e2274bf35ac49ff31d7988d483ce?s=96&d=mm&r=g\",\"contentUrl\":\"https:\\\/\\\/secure.gravatar.com\\\/avatar\\\/f81f58ad909e8a213ab0a690f6ed65e5c0e0e2274bf35ac49ff31d7988d483ce?s=96&d=mm&r=g\",\"caption\":\"Vitor Silva\"},\"logo\":{\"@id\":\"https:\\\/\\\/secure.gravatar.com\\\/avatar\\\/f81f58ad909e8a213ab0a690f6ed65e5c0e0e2274bf35ac49ff31d7988d483ce?s=96&d=mm&r=g\"},\"sameAs\":[\"https:\\\/\\\/www.linkedin.com\\\/in\\\/vitormrsilva\",\"https:\\\/\\\/x.com\\\/vitorsilva\"]}]}<\/script>\n<!-- \/ Yoast SEO plugin. -->","yoast_head_json":{"title":"N\u00f3s n\u00e3o fazemos mas voc\u00eas tamb\u00e9m n\u00e3o - Os Meus Apontamentos","robots":{"index":"index","follow":"follow","max-snippet":"max-snippet:-1","max-image-preview":"max-image-preview:large","max-video-preview":"max-video-preview:-1"},"canonical":"https:\/\/osmeusapontamentos.com\/index.php\/2012\/05\/01\/nos-nao-fazemos-mas-voces-tambem-nao\/","og_locale":"pt_PT","og_type":"article","og_title":"N\u00f3s n\u00e3o fazemos mas voc\u00eas tamb\u00e9m n\u00e3o - Os Meus Apontamentos","og_description":"\u201cFuncion\u00e1rios da C\u00e2mara do Porto iniciaram hoje, \u00e0s 8h, os trabalhos para entaipar as entradas da escola, de onde foi retirado diverso material, como portas ou sanitas das casas de banho. O objectivo \u00e9 impedir a reocupa\u00e7\u00e3o das instala\u00e7\u00f5es pelos activistas do coletivo Es.Col.A, que agendaram para esta quinta-feira \u00e0 tarde, \u00e0s 18h30, uma assembleia [&hellip;]","og_url":"https:\/\/osmeusapontamentos.com\/index.php\/2012\/05\/01\/nos-nao-fazemos-mas-voces-tambem-nao\/","og_site_name":"Os Meus Apontamentos","article_published_time":"2012-05-01T17:09:39+00:00","author":"Vitor Silva","twitter_card":"summary_large_image","twitter_creator":"@vitorsilva","twitter_site":"@vitorsilva","twitter_misc":{"Escrito por":"Vitor Silva","Tempo estimado de leitura":"2 minutos"},"schema":{"@context":"https:\/\/schema.org","@graph":[{"@type":"Article","@id":"https:\/\/osmeusapontamentos.com\/index.php\/2012\/05\/01\/nos-nao-fazemos-mas-voces-tambem-nao\/#article","isPartOf":{"@id":"https:\/\/osmeusapontamentos.com\/index.php\/2012\/05\/01\/nos-nao-fazemos-mas-voces-tambem-nao\/"},"author":{"name":"Vitor Silva","@id":"https:\/\/osmeusapontamentos.com\/#\/schema\/person\/d508df9c3ffc8b4e64a18dbf0ba18dd8"},"headline":"N\u00f3s n\u00e3o fazemos mas voc\u00eas tamb\u00e9m n\u00e3o","datePublished":"2012-05-01T17:09:39+00:00","mainEntityOfPage":{"@id":"https:\/\/osmeusapontamentos.com\/index.php\/2012\/05\/01\/nos-nao-fazemos-mas-voces-tambem-nao\/"},"wordCount":509,"commentCount":0,"publisher":{"@id":"https:\/\/osmeusapontamentos.com\/#\/schema\/person\/d508df9c3ffc8b4e64a18dbf0ba18dd8"},"image":{"@id":"https:\/\/osmeusapontamentos.com\/index.php\/2012\/05\/01\/nos-nao-fazemos-mas-voces-tambem-nao\/#primaryimage"},"thumbnailUrl":"https:\/\/osmeusapontamentos.com\/wp-content\/uploads\/2012\/05\/img_5878_mini2.jpg","keywords":["aventar","escola","fontinha","porto"],"articleSection":["Opini\u00e3o"],"inLanguage":"pt-PT","potentialAction":[{"@type":"CommentAction","name":"Comment","target":["https:\/\/osmeusapontamentos.com\/index.php\/2012\/05\/01\/nos-nao-fazemos-mas-voces-tambem-nao\/#respond"]}]},{"@type":"WebPage","@id":"https:\/\/osmeusapontamentos.com\/index.php\/2012\/05\/01\/nos-nao-fazemos-mas-voces-tambem-nao\/","url":"https:\/\/osmeusapontamentos.com\/index.php\/2012\/05\/01\/nos-nao-fazemos-mas-voces-tambem-nao\/","name":"N\u00f3s n\u00e3o fazemos mas voc\u00eas tamb\u00e9m n\u00e3o - Os Meus Apontamentos","isPartOf":{"@id":"https:\/\/osmeusapontamentos.com\/#website"},"primaryImageOfPage":{"@id":"https:\/\/osmeusapontamentos.com\/index.php\/2012\/05\/01\/nos-nao-fazemos-mas-voces-tambem-nao\/#primaryimage"},"image":{"@id":"https:\/\/osmeusapontamentos.com\/index.php\/2012\/05\/01\/nos-nao-fazemos-mas-voces-tambem-nao\/#primaryimage"},"thumbnailUrl":"https:\/\/osmeusapontamentos.com\/wp-content\/uploads\/2012\/05\/img_5878_mini2.jpg","datePublished":"2012-05-01T17:09:39+00:00","breadcrumb":{"@id":"https:\/\/osmeusapontamentos.com\/index.php\/2012\/05\/01\/nos-nao-fazemos-mas-voces-tambem-nao\/#breadcrumb"},"inLanguage":"pt-PT","potentialAction":[{"@type":"ReadAction","target":["https:\/\/osmeusapontamentos.com\/index.php\/2012\/05\/01\/nos-nao-fazemos-mas-voces-tambem-nao\/"]}]},{"@type":"ImageObject","inLanguage":"pt-PT","@id":"https:\/\/osmeusapontamentos.com\/index.php\/2012\/05\/01\/nos-nao-fazemos-mas-voces-tambem-nao\/#primaryimage","url":"https:\/\/osmeusapontamentos.com\/wp-content\/uploads\/2012\/05\/img_5878_mini2.jpg","contentUrl":"https:\/\/osmeusapontamentos.com\/wp-content\/uploads\/2012\/05\/img_5878_mini2.jpg"},{"@type":"BreadcrumbList","@id":"https:\/\/osmeusapontamentos.com\/index.php\/2012\/05\/01\/nos-nao-fazemos-mas-voces-tambem-nao\/#breadcrumb","itemListElement":[{"@type":"ListItem","position":1,"name":"In\u00edcio","item":"https:\/\/osmeusapontamentos.com\/"},{"@type":"ListItem","position":2,"name":"N\u00f3s n\u00e3o fazemos mas voc\u00eas tamb\u00e9m n\u00e3o"}]},{"@type":"WebSite","@id":"https:\/\/osmeusapontamentos.com\/#website","url":"https:\/\/osmeusapontamentos.com\/","name":"Os Meus Apontamentos","description":"","publisher":{"@id":"https:\/\/osmeusapontamentos.com\/#\/schema\/person\/d508df9c3ffc8b4e64a18dbf0ba18dd8"},"potentialAction":[{"@type":"SearchAction","target":{"@type":"EntryPoint","urlTemplate":"https:\/\/osmeusapontamentos.com\/?s={search_term_string}"},"query-input":{"@type":"PropertyValueSpecification","valueRequired":true,"valueName":"search_term_string"}}],"inLanguage":"pt-PT"},{"@type":["Person","Organization"],"@id":"https:\/\/osmeusapontamentos.com\/#\/schema\/person\/d508df9c3ffc8b4e64a18dbf0ba18dd8","name":"Vitor Silva","image":{"@type":"ImageObject","inLanguage":"pt-PT","@id":"https:\/\/secure.gravatar.com\/avatar\/f81f58ad909e8a213ab0a690f6ed65e5c0e0e2274bf35ac49ff31d7988d483ce?s=96&d=mm&r=g","url":"https:\/\/secure.gravatar.com\/avatar\/f81f58ad909e8a213ab0a690f6ed65e5c0e0e2274bf35ac49ff31d7988d483ce?s=96&d=mm&r=g","contentUrl":"https:\/\/secure.gravatar.com\/avatar\/f81f58ad909e8a213ab0a690f6ed65e5c0e0e2274bf35ac49ff31d7988d483ce?s=96&d=mm&r=g","caption":"Vitor Silva"},"logo":{"@id":"https:\/\/secure.gravatar.com\/avatar\/f81f58ad909e8a213ab0a690f6ed65e5c0e0e2274bf35ac49ff31d7988d483ce?s=96&d=mm&r=g"},"sameAs":["https:\/\/www.linkedin.com\/in\/vitormrsilva","https:\/\/x.com\/vitorsilva"]}]}},"_links":{"self":[{"href":"https:\/\/osmeusapontamentos.com\/index.php\/wp-json\/wp\/v2\/posts\/3621","targetHints":{"allow":["GET"]}}],"collection":[{"href":"https:\/\/osmeusapontamentos.com\/index.php\/wp-json\/wp\/v2\/posts"}],"about":[{"href":"https:\/\/osmeusapontamentos.com\/index.php\/wp-json\/wp\/v2\/types\/post"}],"author":[{"embeddable":true,"href":"https:\/\/osmeusapontamentos.com\/index.php\/wp-json\/wp\/v2\/users\/1"}],"replies":[{"embeddable":true,"href":"https:\/\/osmeusapontamentos.com\/index.php\/wp-json\/wp\/v2\/comments?post=3621"}],"version-history":[{"count":0,"href":"https:\/\/osmeusapontamentos.com\/index.php\/wp-json\/wp\/v2\/posts\/3621\/revisions"}],"wp:attachment":[{"href":"https:\/\/osmeusapontamentos.com\/index.php\/wp-json\/wp\/v2\/media?parent=3621"}],"wp:term":[{"taxonomy":"category","embeddable":true,"href":"https:\/\/osmeusapontamentos.com\/index.php\/wp-json\/wp\/v2\/categories?post=3621"},{"taxonomy":"post_tag","embeddable":true,"href":"https:\/\/osmeusapontamentos.com\/index.php\/wp-json\/wp\/v2\/tags?post=3621"}],"curies":[{"name":"wp","href":"https:\/\/api.w.org\/{rel}","templated":true}]}}