{"id":3128,"date":"2012-06-05T15:05:22","date_gmt":"2012-06-05T15:05:22","guid":{"rendered":"http:\/\/osmeusapontamentos.com\/?p=3128"},"modified":"2012-06-05T15:05:22","modified_gmt":"2012-06-05T15:05:22","slug":"ponto-de-situacao-no-porto-em-conversa","status":"publish","type":"post","link":"https:\/\/osmeusapontamentos.com\/index.php\/2012\/06\/05\/ponto-de-situacao-no-porto-em-conversa\/","title":{"rendered":"Ponto de Situa\u00e7\u00e3o n&#8217;O Porto em Conversa"},"content":{"rendered":"<p><a href=\"http:\/\/www.oportoemconversa.com\/\"><img loading=\"lazy\" decoding=\"async\" class=\"alignleft size-full wp-image-3129\" title=\"Podcast O Porto em Conversa\" alt=\"\" src=\"https:\/\/osmeusapontamentos.com\/wp-content\/uploads\/2012\/05\/41800_386422254202_103957_n.jpg\" width=\"150\" height=\"150\" \/><\/a>O Porto em Conversa \u00e9 um projecto de recolha de conte\u00fados gerados na regi\u00e3o do Porto.<br \/>\nEstes conte\u00fados consistem essencialmente em entrevista que fiz, bem como tert\u00falias\/debates que organizei diretamente ou que tive a oportunidade de assistir.<br \/>\nNeste momento o projecto est\u00e1 em stand-by, sem nenhum tipo de periodicidade definida.<\/p>\n<p>At\u00e9 ao momento o projecto atravessou 4 fases distintas:<\/p>\n<ul>\n<li>2009 foi o ano de arranque e constou principalmente de entrevistas que realizei sobre tem\u00e1ticas diversas como cidadania, reabilita\u00e7\u00e3o urbana, cultura, entre outros;<\/li>\n<li>em meados de 2009 comecei a intercalar as minhas entrevistas com grava\u00e7\u00f5es de eventos que assisti ou dos quais consegui obter as grava\u00e7\u00f5es. nas minhas entrevistas houve um enfoque grande na pol\u00edtica local dado terem ocorrido elei\u00e7\u00f5es aut\u00e1rquicas.<\/li>\n<li>2010 foi o ano dos ciclos tem\u00e1ticos e das parcerias. Nas minhas entrevistas mais uma vez com a politica local em entrevistas aos lideres das bancadas da assembleia municipal do porto. Nas parcerias destaque para a primeira edi\u00e7\u00e3o da talks 2.0, a edi\u00e7\u00e3o do Barcamp e do evento Oresund@Portic. Tamb\u00e9m relevante as entrevistas conjuntas com o JPN. De forma mais indirecta de referir tamnb\u00e9m os Olhares Cruzados sobre o Porto da Universidade Cat\u00f3lica do Porto e o Ciclo de Semin\u00e1rios do Instituto de Estudos Eleitorais da Universidade Lus\u00f3fona<\/li>\n<li>em 2011 o ritmo de publica\u00e7\u00e3o de conte\u00fados come\u00e7ou a reduzir-se n\u00e3o tendo praticamente realizado nenhuma entrevista. Conclui a parceria com o JPN e comecei a publicar conte\u00fados gravados em eventos da Campo Aberto e da Associa\u00e7\u00e3o de Cidad\u00e3os do Porto.<\/li>\n<\/ul>\n<p>Na medida em que ainda tenho conte\u00fados por editar e publicar pode acontecer a qualquer momento que publique essa informa\u00e7\u00e3o.<br \/>\nSer\u00e1 um canal que vou continuar a usar para divulgar informa\u00e7\u00e3o que considero interessante.<\/p>\n","protected":false},"excerpt":{"rendered":"<p>O Porto em Conversa \u00e9 um projecto de recolha de conte\u00fados gerados na regi\u00e3o do Porto. Estes conte\u00fados consistem essencialmente em entrevista que fiz, bem como tert\u00falias\/debates que organizei diretamente ou que tive a oportunidade de assistir. Neste momento o projecto est\u00e1 em stand-by, sem nenhum tipo de periodicidade definida. At\u00e9 ao momento o projecto [&hellip;]<\/p>\n","protected":false},"author":1,"featured_media":3129,"comment_status":"open","ping_status":"open","sticky":false,"template":"","format":"standard","meta":{"footnotes":""},"categories":[4],"tags":[516],"class_list":["post-3128","post","type-post","status-publish","format-standard","has-post-thumbnail","hentry","category-atividades","tag-podcast"],"yoast_head":"<!-- This site is optimized with the Yoast SEO plugin v27.5 - https:\/\/yoast.com\/product\/yoast-seo-wordpress\/ -->\n<title>Ponto de Situa\u00e7\u00e3o n&#039;O Porto em Conversa - Os Meus Apontamentos<\/title>\n<meta name=\"robots\" content=\"index, follow, max-snippet:-1, max-image-preview:large, max-video-preview:-1\" \/>\n<link rel=\"canonical\" href=\"https:\/\/osmeusapontamentos.com\/index.php\/2012\/06\/05\/ponto-de-situacao-no-porto-em-conversa\/\" \/>\n<meta property=\"og:locale\" content=\"pt_PT\" \/>\n<meta property=\"og:type\" content=\"article\" \/>\n<meta property=\"og:title\" content=\"Ponto de Situa\u00e7\u00e3o n&#039;O Porto em Conversa - Os Meus Apontamentos\" \/>\n<meta property=\"og:description\" content=\"O Porto em Conversa \u00e9 um projecto de recolha de conte\u00fados gerados na regi\u00e3o do Porto. Estes conte\u00fados consistem essencialmente em entrevista que fiz, bem como tert\u00falias\/debates que organizei diretamente ou que tive a oportunidade de assistir. Neste momento o projecto est\u00e1 em stand-by, sem nenhum tipo de periodicidade definida. At\u00e9 ao momento o projecto [&hellip;]\" \/>\n<meta property=\"og:url\" content=\"https:\/\/osmeusapontamentos.com\/index.php\/2012\/06\/05\/ponto-de-situacao-no-porto-em-conversa\/\" \/>\n<meta property=\"og:site_name\" content=\"Os Meus Apontamentos\" \/>\n<meta property=\"article:published_time\" content=\"2012-06-05T15:05:22+00:00\" \/>\n<meta name=\"author\" content=\"Vitor Silva\" \/>\n<meta name=\"twitter:card\" content=\"summary_large_image\" \/>\n<meta name=\"twitter:creator\" content=\"@vitorsilva\" \/>\n<meta name=\"twitter:site\" content=\"@vitorsilva\" \/>\n<meta name=\"twitter:label1\" content=\"Escrito por\" \/>\n\t<meta name=\"twitter:data1\" content=\"Vitor Silva\" \/>\n\t<meta name=\"twitter:label2\" content=\"Tempo estimado de leitura\" \/>\n\t<meta name=\"twitter:data2\" content=\"2 minutos\" \/>\n<script type=\"application\/ld+json\" class=\"yoast-schema-graph\">{\"@context\":\"https:\\\/\\\/schema.org\",\"@graph\":[{\"@type\":\"Article\",\"@id\":\"https:\\\/\\\/osmeusapontamentos.com\\\/index.php\\\/2012\\\/06\\\/05\\\/ponto-de-situacao-no-porto-em-conversa\\\/#article\",\"isPartOf\":{\"@id\":\"https:\\\/\\\/osmeusapontamentos.com\\\/index.php\\\/2012\\\/06\\\/05\\\/ponto-de-situacao-no-porto-em-conversa\\\/\"},\"author\":{\"name\":\"Vitor Silva\",\"@id\":\"https:\\\/\\\/osmeusapontamentos.com\\\/#\\\/schema\\\/person\\\/d508df9c3ffc8b4e64a18dbf0ba18dd8\"},\"headline\":\"Ponto de Situa\u00e7\u00e3o n&#8217;O Porto em Conversa\",\"datePublished\":\"2012-06-05T15:05:22+00:00\",\"mainEntityOfPage\":{\"@id\":\"https:\\\/\\\/osmeusapontamentos.com\\\/index.php\\\/2012\\\/06\\\/05\\\/ponto-de-situacao-no-porto-em-conversa\\\/\"},\"wordCount\":315,\"commentCount\":0,\"publisher\":{\"@id\":\"https:\\\/\\\/osmeusapontamentos.com\\\/#\\\/schema\\\/person\\\/d508df9c3ffc8b4e64a18dbf0ba18dd8\"},\"image\":{\"@id\":\"https:\\\/\\\/osmeusapontamentos.com\\\/index.php\\\/2012\\\/06\\\/05\\\/ponto-de-situacao-no-porto-em-conversa\\\/#primaryimage\"},\"thumbnailUrl\":\"\",\"keywords\":[\"podcast\"],\"articleSection\":[\"Atividades\"],\"inLanguage\":\"pt-PT\",\"potentialAction\":[{\"@type\":\"CommentAction\",\"name\":\"Comment\",\"target\":[\"https:\\\/\\\/osmeusapontamentos.com\\\/index.php\\\/2012\\\/06\\\/05\\\/ponto-de-situacao-no-porto-em-conversa\\\/#respond\"]}]},{\"@type\":\"WebPage\",\"@id\":\"https:\\\/\\\/osmeusapontamentos.com\\\/index.php\\\/2012\\\/06\\\/05\\\/ponto-de-situacao-no-porto-em-conversa\\\/\",\"url\":\"https:\\\/\\\/osmeusapontamentos.com\\\/index.php\\\/2012\\\/06\\\/05\\\/ponto-de-situacao-no-porto-em-conversa\\\/\",\"name\":\"Ponto de Situa\u00e7\u00e3o n'O Porto em Conversa - Os Meus Apontamentos\",\"isPartOf\":{\"@id\":\"https:\\\/\\\/osmeusapontamentos.com\\\/#website\"},\"primaryImageOfPage\":{\"@id\":\"https:\\\/\\\/osmeusapontamentos.com\\\/index.php\\\/2012\\\/06\\\/05\\\/ponto-de-situacao-no-porto-em-conversa\\\/#primaryimage\"},\"image\":{\"@id\":\"https:\\\/\\\/osmeusapontamentos.com\\\/index.php\\\/2012\\\/06\\\/05\\\/ponto-de-situacao-no-porto-em-conversa\\\/#primaryimage\"},\"thumbnailUrl\":\"\",\"datePublished\":\"2012-06-05T15:05:22+00:00\",\"breadcrumb\":{\"@id\":\"https:\\\/\\\/osmeusapontamentos.com\\\/index.php\\\/2012\\\/06\\\/05\\\/ponto-de-situacao-no-porto-em-conversa\\\/#breadcrumb\"},\"inLanguage\":\"pt-PT\",\"potentialAction\":[{\"@type\":\"ReadAction\",\"target\":[\"https:\\\/\\\/osmeusapontamentos.com\\\/index.php\\\/2012\\\/06\\\/05\\\/ponto-de-situacao-no-porto-em-conversa\\\/\"]}]},{\"@type\":\"ImageObject\",\"inLanguage\":\"pt-PT\",\"@id\":\"https:\\\/\\\/osmeusapontamentos.com\\\/index.php\\\/2012\\\/06\\\/05\\\/ponto-de-situacao-no-porto-em-conversa\\\/#primaryimage\",\"url\":\"\",\"contentUrl\":\"\"},{\"@type\":\"BreadcrumbList\",\"@id\":\"https:\\\/\\\/osmeusapontamentos.com\\\/index.php\\\/2012\\\/06\\\/05\\\/ponto-de-situacao-no-porto-em-conversa\\\/#breadcrumb\",\"itemListElement\":[{\"@type\":\"ListItem\",\"position\":1,\"name\":\"In\u00edcio\",\"item\":\"https:\\\/\\\/osmeusapontamentos.com\\\/\"},{\"@type\":\"ListItem\",\"position\":2,\"name\":\"Ponto de Situa\u00e7\u00e3o n&#8217;O Porto em Conversa\"}]},{\"@type\":\"WebSite\",\"@id\":\"https:\\\/\\\/osmeusapontamentos.com\\\/#website\",\"url\":\"https:\\\/\\\/osmeusapontamentos.com\\\/\",\"name\":\"Os Meus Apontamentos\",\"description\":\"\",\"publisher\":{\"@id\":\"https:\\\/\\\/osmeusapontamentos.com\\\/#\\\/schema\\\/person\\\/d508df9c3ffc8b4e64a18dbf0ba18dd8\"},\"potentialAction\":[{\"@type\":\"SearchAction\",\"target\":{\"@type\":\"EntryPoint\",\"urlTemplate\":\"https:\\\/\\\/osmeusapontamentos.com\\\/?s={search_term_string}\"},\"query-input\":{\"@type\":\"PropertyValueSpecification\",\"valueRequired\":true,\"valueName\":\"search_term_string\"}}],\"inLanguage\":\"pt-PT\"},{\"@type\":[\"Person\",\"Organization\"],\"@id\":\"https:\\\/\\\/osmeusapontamentos.com\\\/#\\\/schema\\\/person\\\/d508df9c3ffc8b4e64a18dbf0ba18dd8\",\"name\":\"Vitor Silva\",\"image\":{\"@type\":\"ImageObject\",\"inLanguage\":\"pt-PT\",\"@id\":\"https:\\\/\\\/secure.gravatar.com\\\/avatar\\\/f81f58ad909e8a213ab0a690f6ed65e5c0e0e2274bf35ac49ff31d7988d483ce?s=96&d=mm&r=g\",\"url\":\"https:\\\/\\\/secure.gravatar.com\\\/avatar\\\/f81f58ad909e8a213ab0a690f6ed65e5c0e0e2274bf35ac49ff31d7988d483ce?s=96&d=mm&r=g\",\"contentUrl\":\"https:\\\/\\\/secure.gravatar.com\\\/avatar\\\/f81f58ad909e8a213ab0a690f6ed65e5c0e0e2274bf35ac49ff31d7988d483ce?s=96&d=mm&r=g\",\"caption\":\"Vitor Silva\"},\"logo\":{\"@id\":\"https:\\\/\\\/secure.gravatar.com\\\/avatar\\\/f81f58ad909e8a213ab0a690f6ed65e5c0e0e2274bf35ac49ff31d7988d483ce?s=96&d=mm&r=g\"},\"sameAs\":[\"https:\\\/\\\/www.linkedin.com\\\/in\\\/vitormrsilva\",\"https:\\\/\\\/x.com\\\/vitorsilva\"]}]}<\/script>\n<!-- \/ Yoast SEO plugin. -->","yoast_head_json":{"title":"Ponto de Situa\u00e7\u00e3o n'O Porto em Conversa - Os Meus Apontamentos","robots":{"index":"index","follow":"follow","max-snippet":"max-snippet:-1","max-image-preview":"max-image-preview:large","max-video-preview":"max-video-preview:-1"},"canonical":"https:\/\/osmeusapontamentos.com\/index.php\/2012\/06\/05\/ponto-de-situacao-no-porto-em-conversa\/","og_locale":"pt_PT","og_type":"article","og_title":"Ponto de Situa\u00e7\u00e3o n'O Porto em Conversa - Os Meus Apontamentos","og_description":"O Porto em Conversa \u00e9 um projecto de recolha de conte\u00fados gerados na regi\u00e3o do Porto. Estes conte\u00fados consistem essencialmente em entrevista que fiz, bem como tert\u00falias\/debates que organizei diretamente ou que tive a oportunidade de assistir. Neste momento o projecto est\u00e1 em stand-by, sem nenhum tipo de periodicidade definida. At\u00e9 ao momento o projecto [&hellip;]","og_url":"https:\/\/osmeusapontamentos.com\/index.php\/2012\/06\/05\/ponto-de-situacao-no-porto-em-conversa\/","og_site_name":"Os Meus Apontamentos","article_published_time":"2012-06-05T15:05:22+00:00","author":"Vitor Silva","twitter_card":"summary_large_image","twitter_creator":"@vitorsilva","twitter_site":"@vitorsilva","twitter_misc":{"Escrito por":"Vitor Silva","Tempo estimado de leitura":"2 minutos"},"schema":{"@context":"https:\/\/schema.org","@graph":[{"@type":"Article","@id":"https:\/\/osmeusapontamentos.com\/index.php\/2012\/06\/05\/ponto-de-situacao-no-porto-em-conversa\/#article","isPartOf":{"@id":"https:\/\/osmeusapontamentos.com\/index.php\/2012\/06\/05\/ponto-de-situacao-no-porto-em-conversa\/"},"author":{"name":"Vitor Silva","@id":"https:\/\/osmeusapontamentos.com\/#\/schema\/person\/d508df9c3ffc8b4e64a18dbf0ba18dd8"},"headline":"Ponto de Situa\u00e7\u00e3o n&#8217;O Porto em Conversa","datePublished":"2012-06-05T15:05:22+00:00","mainEntityOfPage":{"@id":"https:\/\/osmeusapontamentos.com\/index.php\/2012\/06\/05\/ponto-de-situacao-no-porto-em-conversa\/"},"wordCount":315,"commentCount":0,"publisher":{"@id":"https:\/\/osmeusapontamentos.com\/#\/schema\/person\/d508df9c3ffc8b4e64a18dbf0ba18dd8"},"image":{"@id":"https:\/\/osmeusapontamentos.com\/index.php\/2012\/06\/05\/ponto-de-situacao-no-porto-em-conversa\/#primaryimage"},"thumbnailUrl":"","keywords":["podcast"],"articleSection":["Atividades"],"inLanguage":"pt-PT","potentialAction":[{"@type":"CommentAction","name":"Comment","target":["https:\/\/osmeusapontamentos.com\/index.php\/2012\/06\/05\/ponto-de-situacao-no-porto-em-conversa\/#respond"]}]},{"@type":"WebPage","@id":"https:\/\/osmeusapontamentos.com\/index.php\/2012\/06\/05\/ponto-de-situacao-no-porto-em-conversa\/","url":"https:\/\/osmeusapontamentos.com\/index.php\/2012\/06\/05\/ponto-de-situacao-no-porto-em-conversa\/","name":"Ponto de Situa\u00e7\u00e3o n'O Porto em Conversa - Os Meus Apontamentos","isPartOf":{"@id":"https:\/\/osmeusapontamentos.com\/#website"},"primaryImageOfPage":{"@id":"https:\/\/osmeusapontamentos.com\/index.php\/2012\/06\/05\/ponto-de-situacao-no-porto-em-conversa\/#primaryimage"},"image":{"@id":"https:\/\/osmeusapontamentos.com\/index.php\/2012\/06\/05\/ponto-de-situacao-no-porto-em-conversa\/#primaryimage"},"thumbnailUrl":"","datePublished":"2012-06-05T15:05:22+00:00","breadcrumb":{"@id":"https:\/\/osmeusapontamentos.com\/index.php\/2012\/06\/05\/ponto-de-situacao-no-porto-em-conversa\/#breadcrumb"},"inLanguage":"pt-PT","potentialAction":[{"@type":"ReadAction","target":["https:\/\/osmeusapontamentos.com\/index.php\/2012\/06\/05\/ponto-de-situacao-no-porto-em-conversa\/"]}]},{"@type":"ImageObject","inLanguage":"pt-PT","@id":"https:\/\/osmeusapontamentos.com\/index.php\/2012\/06\/05\/ponto-de-situacao-no-porto-em-conversa\/#primaryimage","url":"","contentUrl":""},{"@type":"BreadcrumbList","@id":"https:\/\/osmeusapontamentos.com\/index.php\/2012\/06\/05\/ponto-de-situacao-no-porto-em-conversa\/#breadcrumb","itemListElement":[{"@type":"ListItem","position":1,"name":"In\u00edcio","item":"https:\/\/osmeusapontamentos.com\/"},{"@type":"ListItem","position":2,"name":"Ponto de Situa\u00e7\u00e3o n&#8217;O Porto em Conversa"}]},{"@type":"WebSite","@id":"https:\/\/osmeusapontamentos.com\/#website","url":"https:\/\/osmeusapontamentos.com\/","name":"Os Meus Apontamentos","description":"","publisher":{"@id":"https:\/\/osmeusapontamentos.com\/#\/schema\/person\/d508df9c3ffc8b4e64a18dbf0ba18dd8"},"potentialAction":[{"@type":"SearchAction","target":{"@type":"EntryPoint","urlTemplate":"https:\/\/osmeusapontamentos.com\/?s={search_term_string}"},"query-input":{"@type":"PropertyValueSpecification","valueRequired":true,"valueName":"search_term_string"}}],"inLanguage":"pt-PT"},{"@type":["Person","Organization"],"@id":"https:\/\/osmeusapontamentos.com\/#\/schema\/person\/d508df9c3ffc8b4e64a18dbf0ba18dd8","name":"Vitor Silva","image":{"@type":"ImageObject","inLanguage":"pt-PT","@id":"https:\/\/secure.gravatar.com\/avatar\/f81f58ad909e8a213ab0a690f6ed65e5c0e0e2274bf35ac49ff31d7988d483ce?s=96&d=mm&r=g","url":"https:\/\/secure.gravatar.com\/avatar\/f81f58ad909e8a213ab0a690f6ed65e5c0e0e2274bf35ac49ff31d7988d483ce?s=96&d=mm&r=g","contentUrl":"https:\/\/secure.gravatar.com\/avatar\/f81f58ad909e8a213ab0a690f6ed65e5c0e0e2274bf35ac49ff31d7988d483ce?s=96&d=mm&r=g","caption":"Vitor Silva"},"logo":{"@id":"https:\/\/secure.gravatar.com\/avatar\/f81f58ad909e8a213ab0a690f6ed65e5c0e0e2274bf35ac49ff31d7988d483ce?s=96&d=mm&r=g"},"sameAs":["https:\/\/www.linkedin.com\/in\/vitormrsilva","https:\/\/x.com\/vitorsilva"]}]}},"_links":{"self":[{"href":"https:\/\/osmeusapontamentos.com\/index.php\/wp-json\/wp\/v2\/posts\/3128","targetHints":{"allow":["GET"]}}],"collection":[{"href":"https:\/\/osmeusapontamentos.com\/index.php\/wp-json\/wp\/v2\/posts"}],"about":[{"href":"https:\/\/osmeusapontamentos.com\/index.php\/wp-json\/wp\/v2\/types\/post"}],"author":[{"embeddable":true,"href":"https:\/\/osmeusapontamentos.com\/index.php\/wp-json\/wp\/v2\/users\/1"}],"replies":[{"embeddable":true,"href":"https:\/\/osmeusapontamentos.com\/index.php\/wp-json\/wp\/v2\/comments?post=3128"}],"version-history":[{"count":0,"href":"https:\/\/osmeusapontamentos.com\/index.php\/wp-json\/wp\/v2\/posts\/3128\/revisions"}],"wp:featuredmedia":[{"embeddable":true,"href":"https:\/\/osmeusapontamentos.com\/index.php\/wp-json\/"}],"wp:attachment":[{"href":"https:\/\/osmeusapontamentos.com\/index.php\/wp-json\/wp\/v2\/media?parent=3128"}],"wp:term":[{"taxonomy":"category","embeddable":true,"href":"https:\/\/osmeusapontamentos.com\/index.php\/wp-json\/wp\/v2\/categories?post=3128"},{"taxonomy":"post_tag","embeddable":true,"href":"https:\/\/osmeusapontamentos.com\/index.php\/wp-json\/wp\/v2\/tags?post=3128"}],"curies":[{"name":"wp","href":"https:\/\/api.w.org\/{rel}","templated":true}]}}