{"id":2982,"date":"2012-04-21T00:21:02","date_gmt":"2012-04-21T00:21:02","guid":{"rendered":"http:\/\/osmeusapontamentos.com\/?p=2982"},"modified":"2012-04-21T00:21:02","modified_gmt":"2012-04-21T00:21:02","slug":"ecologista-avant-la-lettre","status":"publish","type":"post","link":"https:\/\/osmeusapontamentos.com\/index.php\/2012\/04\/21\/ecologista-avant-la-lettre\/","title":{"rendered":"Ecologista avant la lettre"},"content":{"rendered":"<p>ELENA ANDR\u00c9EVNA (para \u00c1strov) &#8211; O senhor ainda \u00e9 jovem,, parece ter&#8230; bem, trinta e seis, trinta e sete anos&#8230; e talvez n\u00e3o seja t\u00e3o interessante como est\u00e1 a dizer. Floresta, floresta. Parece mon\u00f3tono.<\/p>\n<p>S\u00d3NIA &#8211; N\u00e3o, \u00e9 muit\u00edssimo interessante. Mikhail Lv\u00f3vitch todos os anos planta florestas novas, e at\u00e9 j\u00e1 lhe mandaram uma medalha de bronze e um diploma. E luta para que n\u00e3o se destruam as velhas florestas. Se o ouvir falar, fica completamente de acordo como ele. Diz que as florestas embelezam a terra, que ensinam ao homem a compreender a beleza e que nos inspiram um estado de esp\u00edrito majestoso. As florestas suavizam o clima severo. Nos pa\u00edses onde o clima \u00e9 suave, gastam-se menos energias com a luta pela natureza e, por isso l\u00e1 o homem \u00e9 mais brando, mais meigo; l\u00e1 as pessoas s\u00e3o mais bonitas, flexiveis, sensiveis, t\u00eam gestos graciosos. Florescem as ci\u00eancias e as artes, a filosofia deles n\u00e3o \u00e9 sombria, a atitude deles para com a mulher \u00e9 nobre, elegante.<\/p>\n<p>V\u00d3INITSKI: (rindo) Bravo, bravo! Tudo isso \u00e9 muito bonito mas n\u00e3o convence ningu\u00e9m, por isso (para \u00c1strov), meu amigo, permite-me que continue a aquecer o fog\u00e3o com lenha e a construir barrac\u00f5es de madeira.<\/p>\n<p>\u00c1STROV \u2013 Podes aquecer os fog\u00f5es com turfa e construir barrac\u00f5es de pedra. Se cortas a \u00e1rvore por necessidade, pois muito bem, de acordo, mas para qu\u00ea destruir as florestas? As florestas russas rangem sob o machado, s\u00e3o derrubados milhares de milh\u00f5es de \u00e1rvores, o habitat dos animais e dos p\u00e1ssaros fica devastado, baixa o n\u00edvel dos rios, os rios secam, paisagens divinas desaparecem irremediavelmente, e tudo isso porque a falta de ju\u00edzo e a pregui\u00e7a do homem o impedem de se dobrar a apanhar o combust\u00edvel do ch\u00e3o. (Para Elena Andr\u00e9evna) N\u00e3o \u00e9 verdade, minha senhora? \u00c9 preciso ser um b\u00e1rbaro insensato para queimar nos fog\u00f5es esta beleza, para destruir o que n\u00e3o somos capazes de criar. O homem foi dotado de raz\u00e3o e de for\u00e7a criadora para multiplicar o que lhe foi dado, mas at\u00e9 hoje n\u00e3o tem criado, s\u00f3 destru\u00eddo. H\u00e1 cada vez menos florestas, os rios secam, a ca\u00e7a desaparece, o clima est\u00e1 todo estragado, a Terra torna-se mais pobre e feia a cada dia que passa. (Para V\u00f3initski) Est\u00e1s a olhar para mim com ironia, e tudo o que eu digo n\u00e3o me parece que seja uma coisa s\u00e9ria para ti, e\u2026 talvez seja realmente uma coisa esquisita, mas quando passo ao lado das florestas dos camponeses, dessas florestas que salvei do machado, ou quando oi\u00e7o o ramalhar da floresta nova que plantei com as minhas m\u00e3os, percebo que o clima est\u00e1 um pouco em meu poder, e que se o homem atingir a felicidade dentro de mil anos tamb\u00e9m haver\u00e1 nisso um pouquinho de m\u00e9rito meu. Quando planto uma b\u00e9tula e depois a vejo verde, a baloi\u00e7ar ao vento, a minha alma enche-se de orgulho, e eu&#8230; (Ao ver o mo\u00e7o de lavoura que trouxe um c\u00e1lice de vodca na bandeja). Bom (bebe), tenho que ir. Afinal, tudo isto \u00e9 exc\u00eantrico, pelos vistos. Fiquem bem, todos!<\/p>\n<p>&#8212;<br \/>\nExtracto de &#8220;O Tio V\u00e2nia&#8221;, Anton Tch\u00e9khov (Tradu\u00e7\u00e3o de Nina Guerra e Filipe Guerra, Ed. Rel\u00f3gio D\u2019\u00c1gua), p\u00e1g.92-93<\/p>\n","protected":false},"excerpt":{"rendered":"<p>ELENA ANDR\u00c9EVNA (para \u00c1strov) &#8211; O senhor ainda \u00e9 jovem,, parece ter&#8230; bem, trinta e seis, trinta e sete anos&#8230; e talvez n\u00e3o seja t\u00e3o interessante como est\u00e1 a dizer. Floresta, floresta. Parece mon\u00f3tono. S\u00d3NIA &#8211; N\u00e3o, \u00e9 muit\u00edssimo interessante. Mikhail Lv\u00f3vitch todos os anos planta florestas novas, e at\u00e9 j\u00e1 lhe mandaram uma medalha [&hellip;]<\/p>\n","protected":false},"author":1,"featured_media":0,"comment_status":"open","ping_status":"open","sticky":false,"template":"","format":"standard","meta":{"footnotes":""},"categories":[6],"tags":[361,627],"class_list":["post-2982","post","type-post","status-publish","format-standard","hentry","category-leituras-2","tag-leituras","tag-tchekov"],"yoast_head":"<!-- This site is optimized with the Yoast SEO plugin v27.5 - https:\/\/yoast.com\/product\/yoast-seo-wordpress\/ -->\n<title>Ecologista avant la lettre - Os Meus Apontamentos<\/title>\n<meta name=\"robots\" content=\"index, follow, max-snippet:-1, max-image-preview:large, max-video-preview:-1\" \/>\n<link rel=\"canonical\" href=\"https:\/\/osmeusapontamentos.com\/index.php\/2012\/04\/21\/ecologista-avant-la-lettre\/\" \/>\n<meta property=\"og:locale\" content=\"pt_PT\" \/>\n<meta property=\"og:type\" content=\"article\" \/>\n<meta property=\"og:title\" content=\"Ecologista avant la lettre - Os Meus Apontamentos\" \/>\n<meta property=\"og:description\" content=\"ELENA ANDR\u00c9EVNA (para \u00c1strov) &#8211; O senhor ainda \u00e9 jovem,, parece ter&#8230; bem, trinta e seis, trinta e sete anos&#8230; e talvez n\u00e3o seja t\u00e3o interessante como est\u00e1 a dizer. Floresta, floresta. Parece mon\u00f3tono. S\u00d3NIA &#8211; N\u00e3o, \u00e9 muit\u00edssimo interessante. Mikhail Lv\u00f3vitch todos os anos planta florestas novas, e at\u00e9 j\u00e1 lhe mandaram uma medalha [&hellip;]\" \/>\n<meta property=\"og:url\" content=\"https:\/\/osmeusapontamentos.com\/index.php\/2012\/04\/21\/ecologista-avant-la-lettre\/\" \/>\n<meta property=\"og:site_name\" content=\"Os Meus Apontamentos\" \/>\n<meta property=\"article:published_time\" content=\"2012-04-21T00:21:02+00:00\" \/>\n<meta name=\"author\" content=\"Vitor Silva\" \/>\n<meta name=\"twitter:card\" content=\"summary_large_image\" \/>\n<meta name=\"twitter:creator\" content=\"@vitorsilva\" \/>\n<meta name=\"twitter:site\" content=\"@vitorsilva\" \/>\n<meta name=\"twitter:label1\" content=\"Escrito por\" \/>\n\t<meta name=\"twitter:data1\" content=\"Vitor Silva\" \/>\n\t<meta name=\"twitter:label2\" content=\"Tempo estimado de leitura\" \/>\n\t<meta name=\"twitter:data2\" content=\"3 minutos\" \/>\n<script type=\"application\/ld+json\" class=\"yoast-schema-graph\">{\"@context\":\"https:\\\/\\\/schema.org\",\"@graph\":[{\"@type\":\"Article\",\"@id\":\"https:\\\/\\\/osmeusapontamentos.com\\\/index.php\\\/2012\\\/04\\\/21\\\/ecologista-avant-la-lettre\\\/#article\",\"isPartOf\":{\"@id\":\"https:\\\/\\\/osmeusapontamentos.com\\\/index.php\\\/2012\\\/04\\\/21\\\/ecologista-avant-la-lettre\\\/\"},\"author\":{\"name\":\"Vitor Silva\",\"@id\":\"https:\\\/\\\/osmeusapontamentos.com\\\/#\\\/schema\\\/person\\\/d508df9c3ffc8b4e64a18dbf0ba18dd8\"},\"headline\":\"Ecologista avant la lettre\",\"datePublished\":\"2012-04-21T00:21:02+00:00\",\"mainEntityOfPage\":{\"@id\":\"https:\\\/\\\/osmeusapontamentos.com\\\/index.php\\\/2012\\\/04\\\/21\\\/ecologista-avant-la-lettre\\\/\"},\"wordCount\":587,\"commentCount\":0,\"publisher\":{\"@id\":\"https:\\\/\\\/osmeusapontamentos.com\\\/#\\\/schema\\\/person\\\/d508df9c3ffc8b4e64a18dbf0ba18dd8\"},\"keywords\":[\"leituras\",\"Tchekov\"],\"articleSection\":[\"Leituras\"],\"inLanguage\":\"pt-PT\",\"potentialAction\":[{\"@type\":\"CommentAction\",\"name\":\"Comment\",\"target\":[\"https:\\\/\\\/osmeusapontamentos.com\\\/index.php\\\/2012\\\/04\\\/21\\\/ecologista-avant-la-lettre\\\/#respond\"]}]},{\"@type\":\"WebPage\",\"@id\":\"https:\\\/\\\/osmeusapontamentos.com\\\/index.php\\\/2012\\\/04\\\/21\\\/ecologista-avant-la-lettre\\\/\",\"url\":\"https:\\\/\\\/osmeusapontamentos.com\\\/index.php\\\/2012\\\/04\\\/21\\\/ecologista-avant-la-lettre\\\/\",\"name\":\"Ecologista avant la lettre - Os Meus Apontamentos\",\"isPartOf\":{\"@id\":\"https:\\\/\\\/osmeusapontamentos.com\\\/#website\"},\"datePublished\":\"2012-04-21T00:21:02+00:00\",\"breadcrumb\":{\"@id\":\"https:\\\/\\\/osmeusapontamentos.com\\\/index.php\\\/2012\\\/04\\\/21\\\/ecologista-avant-la-lettre\\\/#breadcrumb\"},\"inLanguage\":\"pt-PT\",\"potentialAction\":[{\"@type\":\"ReadAction\",\"target\":[\"https:\\\/\\\/osmeusapontamentos.com\\\/index.php\\\/2012\\\/04\\\/21\\\/ecologista-avant-la-lettre\\\/\"]}]},{\"@type\":\"BreadcrumbList\",\"@id\":\"https:\\\/\\\/osmeusapontamentos.com\\\/index.php\\\/2012\\\/04\\\/21\\\/ecologista-avant-la-lettre\\\/#breadcrumb\",\"itemListElement\":[{\"@type\":\"ListItem\",\"position\":1,\"name\":\"In\u00edcio\",\"item\":\"https:\\\/\\\/osmeusapontamentos.com\\\/\"},{\"@type\":\"ListItem\",\"position\":2,\"name\":\"Ecologista avant la lettre\"}]},{\"@type\":\"WebSite\",\"@id\":\"https:\\\/\\\/osmeusapontamentos.com\\\/#website\",\"url\":\"https:\\\/\\\/osmeusapontamentos.com\\\/\",\"name\":\"Os Meus Apontamentos\",\"description\":\"\",\"publisher\":{\"@id\":\"https:\\\/\\\/osmeusapontamentos.com\\\/#\\\/schema\\\/person\\\/d508df9c3ffc8b4e64a18dbf0ba18dd8\"},\"potentialAction\":[{\"@type\":\"SearchAction\",\"target\":{\"@type\":\"EntryPoint\",\"urlTemplate\":\"https:\\\/\\\/osmeusapontamentos.com\\\/?s={search_term_string}\"},\"query-input\":{\"@type\":\"PropertyValueSpecification\",\"valueRequired\":true,\"valueName\":\"search_term_string\"}}],\"inLanguage\":\"pt-PT\"},{\"@type\":[\"Person\",\"Organization\"],\"@id\":\"https:\\\/\\\/osmeusapontamentos.com\\\/#\\\/schema\\\/person\\\/d508df9c3ffc8b4e64a18dbf0ba18dd8\",\"name\":\"Vitor Silva\",\"image\":{\"@type\":\"ImageObject\",\"inLanguage\":\"pt-PT\",\"@id\":\"https:\\\/\\\/secure.gravatar.com\\\/avatar\\\/f81f58ad909e8a213ab0a690f6ed65e5c0e0e2274bf35ac49ff31d7988d483ce?s=96&d=mm&r=g\",\"url\":\"https:\\\/\\\/secure.gravatar.com\\\/avatar\\\/f81f58ad909e8a213ab0a690f6ed65e5c0e0e2274bf35ac49ff31d7988d483ce?s=96&d=mm&r=g\",\"contentUrl\":\"https:\\\/\\\/secure.gravatar.com\\\/avatar\\\/f81f58ad909e8a213ab0a690f6ed65e5c0e0e2274bf35ac49ff31d7988d483ce?s=96&d=mm&r=g\",\"caption\":\"Vitor Silva\"},\"logo\":{\"@id\":\"https:\\\/\\\/secure.gravatar.com\\\/avatar\\\/f81f58ad909e8a213ab0a690f6ed65e5c0e0e2274bf35ac49ff31d7988d483ce?s=96&d=mm&r=g\"},\"sameAs\":[\"https:\\\/\\\/www.linkedin.com\\\/in\\\/vitormrsilva\",\"https:\\\/\\\/x.com\\\/vitorsilva\"]}]}<\/script>\n<!-- \/ Yoast SEO plugin. -->","yoast_head_json":{"title":"Ecologista avant la lettre - Os Meus Apontamentos","robots":{"index":"index","follow":"follow","max-snippet":"max-snippet:-1","max-image-preview":"max-image-preview:large","max-video-preview":"max-video-preview:-1"},"canonical":"https:\/\/osmeusapontamentos.com\/index.php\/2012\/04\/21\/ecologista-avant-la-lettre\/","og_locale":"pt_PT","og_type":"article","og_title":"Ecologista avant la lettre - Os Meus Apontamentos","og_description":"ELENA ANDR\u00c9EVNA (para \u00c1strov) &#8211; O senhor ainda \u00e9 jovem,, parece ter&#8230; bem, trinta e seis, trinta e sete anos&#8230; e talvez n\u00e3o seja t\u00e3o interessante como est\u00e1 a dizer. Floresta, floresta. Parece mon\u00f3tono. S\u00d3NIA &#8211; N\u00e3o, \u00e9 muit\u00edssimo interessante. Mikhail Lv\u00f3vitch todos os anos planta florestas novas, e at\u00e9 j\u00e1 lhe mandaram uma medalha [&hellip;]","og_url":"https:\/\/osmeusapontamentos.com\/index.php\/2012\/04\/21\/ecologista-avant-la-lettre\/","og_site_name":"Os Meus Apontamentos","article_published_time":"2012-04-21T00:21:02+00:00","author":"Vitor Silva","twitter_card":"summary_large_image","twitter_creator":"@vitorsilva","twitter_site":"@vitorsilva","twitter_misc":{"Escrito por":"Vitor Silva","Tempo estimado de leitura":"3 minutos"},"schema":{"@context":"https:\/\/schema.org","@graph":[{"@type":"Article","@id":"https:\/\/osmeusapontamentos.com\/index.php\/2012\/04\/21\/ecologista-avant-la-lettre\/#article","isPartOf":{"@id":"https:\/\/osmeusapontamentos.com\/index.php\/2012\/04\/21\/ecologista-avant-la-lettre\/"},"author":{"name":"Vitor Silva","@id":"https:\/\/osmeusapontamentos.com\/#\/schema\/person\/d508df9c3ffc8b4e64a18dbf0ba18dd8"},"headline":"Ecologista avant la lettre","datePublished":"2012-04-21T00:21:02+00:00","mainEntityOfPage":{"@id":"https:\/\/osmeusapontamentos.com\/index.php\/2012\/04\/21\/ecologista-avant-la-lettre\/"},"wordCount":587,"commentCount":0,"publisher":{"@id":"https:\/\/osmeusapontamentos.com\/#\/schema\/person\/d508df9c3ffc8b4e64a18dbf0ba18dd8"},"keywords":["leituras","Tchekov"],"articleSection":["Leituras"],"inLanguage":"pt-PT","potentialAction":[{"@type":"CommentAction","name":"Comment","target":["https:\/\/osmeusapontamentos.com\/index.php\/2012\/04\/21\/ecologista-avant-la-lettre\/#respond"]}]},{"@type":"WebPage","@id":"https:\/\/osmeusapontamentos.com\/index.php\/2012\/04\/21\/ecologista-avant-la-lettre\/","url":"https:\/\/osmeusapontamentos.com\/index.php\/2012\/04\/21\/ecologista-avant-la-lettre\/","name":"Ecologista avant la lettre - Os Meus Apontamentos","isPartOf":{"@id":"https:\/\/osmeusapontamentos.com\/#website"},"datePublished":"2012-04-21T00:21:02+00:00","breadcrumb":{"@id":"https:\/\/osmeusapontamentos.com\/index.php\/2012\/04\/21\/ecologista-avant-la-lettre\/#breadcrumb"},"inLanguage":"pt-PT","potentialAction":[{"@type":"ReadAction","target":["https:\/\/osmeusapontamentos.com\/index.php\/2012\/04\/21\/ecologista-avant-la-lettre\/"]}]},{"@type":"BreadcrumbList","@id":"https:\/\/osmeusapontamentos.com\/index.php\/2012\/04\/21\/ecologista-avant-la-lettre\/#breadcrumb","itemListElement":[{"@type":"ListItem","position":1,"name":"In\u00edcio","item":"https:\/\/osmeusapontamentos.com\/"},{"@type":"ListItem","position":2,"name":"Ecologista avant la lettre"}]},{"@type":"WebSite","@id":"https:\/\/osmeusapontamentos.com\/#website","url":"https:\/\/osmeusapontamentos.com\/","name":"Os Meus Apontamentos","description":"","publisher":{"@id":"https:\/\/osmeusapontamentos.com\/#\/schema\/person\/d508df9c3ffc8b4e64a18dbf0ba18dd8"},"potentialAction":[{"@type":"SearchAction","target":{"@type":"EntryPoint","urlTemplate":"https:\/\/osmeusapontamentos.com\/?s={search_term_string}"},"query-input":{"@type":"PropertyValueSpecification","valueRequired":true,"valueName":"search_term_string"}}],"inLanguage":"pt-PT"},{"@type":["Person","Organization"],"@id":"https:\/\/osmeusapontamentos.com\/#\/schema\/person\/d508df9c3ffc8b4e64a18dbf0ba18dd8","name":"Vitor Silva","image":{"@type":"ImageObject","inLanguage":"pt-PT","@id":"https:\/\/secure.gravatar.com\/avatar\/f81f58ad909e8a213ab0a690f6ed65e5c0e0e2274bf35ac49ff31d7988d483ce?s=96&d=mm&r=g","url":"https:\/\/secure.gravatar.com\/avatar\/f81f58ad909e8a213ab0a690f6ed65e5c0e0e2274bf35ac49ff31d7988d483ce?s=96&d=mm&r=g","contentUrl":"https:\/\/secure.gravatar.com\/avatar\/f81f58ad909e8a213ab0a690f6ed65e5c0e0e2274bf35ac49ff31d7988d483ce?s=96&d=mm&r=g","caption":"Vitor Silva"},"logo":{"@id":"https:\/\/secure.gravatar.com\/avatar\/f81f58ad909e8a213ab0a690f6ed65e5c0e0e2274bf35ac49ff31d7988d483ce?s=96&d=mm&r=g"},"sameAs":["https:\/\/www.linkedin.com\/in\/vitormrsilva","https:\/\/x.com\/vitorsilva"]}]}},"_links":{"self":[{"href":"https:\/\/osmeusapontamentos.com\/index.php\/wp-json\/wp\/v2\/posts\/2982","targetHints":{"allow":["GET"]}}],"collection":[{"href":"https:\/\/osmeusapontamentos.com\/index.php\/wp-json\/wp\/v2\/posts"}],"about":[{"href":"https:\/\/osmeusapontamentos.com\/index.php\/wp-json\/wp\/v2\/types\/post"}],"author":[{"embeddable":true,"href":"https:\/\/osmeusapontamentos.com\/index.php\/wp-json\/wp\/v2\/users\/1"}],"replies":[{"embeddable":true,"href":"https:\/\/osmeusapontamentos.com\/index.php\/wp-json\/wp\/v2\/comments?post=2982"}],"version-history":[{"count":0,"href":"https:\/\/osmeusapontamentos.com\/index.php\/wp-json\/wp\/v2\/posts\/2982\/revisions"}],"wp:attachment":[{"href":"https:\/\/osmeusapontamentos.com\/index.php\/wp-json\/wp\/v2\/media?parent=2982"}],"wp:term":[{"taxonomy":"category","embeddable":true,"href":"https:\/\/osmeusapontamentos.com\/index.php\/wp-json\/wp\/v2\/categories?post=2982"},{"taxonomy":"post_tag","embeddable":true,"href":"https:\/\/osmeusapontamentos.com\/index.php\/wp-json\/wp\/v2\/tags?post=2982"}],"curies":[{"name":"wp","href":"https:\/\/api.w.org\/{rel}","templated":true}]}}