{"id":2968,"date":"2012-03-01T00:17:57","date_gmt":"2012-03-01T00:17:57","guid":{"rendered":"http:\/\/osmeusapontamentos.com\/?p=2968"},"modified":"2012-03-01T00:17:57","modified_gmt":"2012-03-01T00:17:57","slug":"debates-sobre-a-reorganizacao-administrativa-do-porto","status":"publish","type":"post","link":"https:\/\/osmeusapontamentos.com\/index.php\/2012\/03\/01\/debates-sobre-a-reorganizacao-administrativa-do-porto\/","title":{"rendered":"Debates sobre a Reorganiza\u00e7\u00e3o Administrativa do Porto"},"content":{"rendered":"<p>Na medida em que parece cada vez mais inevit\u00e1vel o processo de reorganiza\u00e7\u00e3o interna dos munic\u00edpios nomeadamente com fus\u00f5es de freguesias e que, pelo que lemos nas not\u00edcias, esse processo dever\u00e1 ser conclu\u00eddo at\u00e9 meados do ano a <a href=\"http:\/\/www.facebook.com\/acdporto\">Associa\u00e7\u00e3o de Cidad\u00e3os do Porto<\/a> vai iniciar um f\u00f3rum de divulga\u00e7\u00e3o e discuss\u00e3o das diferentes ideias que cada partido tem sobre este assunto.<\/p>\n<p>O objectivo da ACdP \u00e9 que qualquer decis\u00e3o sobre este assunto n\u00e3o seja apresentado aos cidad\u00e3os do Porto como um facto consumado mas sim que inclua um per\u00edodo pr\u00e9vio de discuss\u00e3o participada e informada.<\/p>\n<p>O modelo destes debates\/apresenta\u00e7\u00f5es vai ser o de sess\u00f5es p\u00fablicas individuais dedicadas a cada um dos partidos onde poder\u00e3o ser apresentadas as propostas j\u00e1 consideradas, pr\u00f3s e contras de cada abordagem, eventuais decis\u00f5es internas ou eventualmente as raz\u00f5es pelas quais consideram desnecess\u00e1rio este processo de reorganiza\u00e7\u00e3o administrativa.<\/p>\n<p>O primeiro debate ser\u00e1 na pr\u00f3xima quarta-feira, 7-mar\u00e7o, 21.30, com o Bloco de Esquerda que se far\u00e1 representar pelo deputado municipal Jos\u00e9 Machado Castro.<br \/>\nNos pr\u00f3ximos dias vamos indicar o local deste debate bem como o restante programa. Podemos confirmar desde j\u00e1 que temos confirmadas as sess\u00f5es com o PS (26-mar\u00e7o) e PSD (3-abril).<\/p>\n<p>A sess\u00f5es s\u00e3o abertas ao p\u00fablico e gratu\u00edtas mas por quest\u00f5es de log\u00edstica pediamos que se efectuassem a vossa inscri\u00e7\u00e3o pr\u00e9via em <a href=\"http:\/\/tinyurl.com\/reorganizacaoadministrativa\">http:\/\/tinyurl.com\/reorganizacaoadministrativa<\/a>.<\/p>\n<div id=\"_mcePaste\">Estes debates s\u00e3o organizados pela ACdP &#8211; Associa\u00e7\u00e3o de Cidad\u00e3os do Porto, iniciativa apartid\u00e1ria, que se assume como uma plataforma de debate, apresenta\u00e7\u00e3o de propostas e de ac\u00e7\u00e3o efectiva e est\u00e3o tamb\u00e9m integrados no projecto Cidades pela Retoma (<a href=\"http:\/\/noeconomicrecoverywithoutcities.blogs.sapo.pt\/\">http:\/\/noeconomicrecoverywithoutcities.blogs.sapo.pt\/<\/a>)<\/div>\n","protected":false},"excerpt":{"rendered":"<p>Na medida em que parece cada vez mais inevit\u00e1vel o processo de reorganiza\u00e7\u00e3o interna dos munic\u00edpios nomeadamente com fus\u00f5es de freguesias e que, pelo que lemos nas not\u00edcias, esse processo dever\u00e1 ser conclu\u00eddo at\u00e9 meados do ano a Associa\u00e7\u00e3o de Cidad\u00e3os do Porto vai iniciar um f\u00f3rum de divulga\u00e7\u00e3o e discuss\u00e3o das diferentes ideias que [&hellip;]<\/p>\n","protected":false},"author":1,"featured_media":0,"comment_status":"open","ping_status":"open","sticky":false,"template":"","format":"standard","meta":{"footnotes":""},"categories":[4],"tags":[23,563],"class_list":["post-2968","post","type-post","status-publish","format-standard","hentry","category-atividades","tag-acdp","tag-reorganizacao-administrativa"],"yoast_head":"<!-- This site is optimized with the Yoast SEO plugin v27.5 - https:\/\/yoast.com\/product\/yoast-seo-wordpress\/ -->\n<title>Debates sobre a Reorganiza\u00e7\u00e3o Administrativa do Porto - Os Meus Apontamentos<\/title>\n<meta name=\"robots\" content=\"index, follow, max-snippet:-1, max-image-preview:large, max-video-preview:-1\" \/>\n<link rel=\"canonical\" href=\"https:\/\/osmeusapontamentos.com\/index.php\/2012\/03\/01\/debates-sobre-a-reorganizacao-administrativa-do-porto\/\" \/>\n<meta property=\"og:locale\" content=\"pt_PT\" \/>\n<meta property=\"og:type\" content=\"article\" \/>\n<meta property=\"og:title\" content=\"Debates sobre a Reorganiza\u00e7\u00e3o Administrativa do Porto - Os Meus Apontamentos\" \/>\n<meta property=\"og:description\" content=\"Na medida em que parece cada vez mais inevit\u00e1vel o processo de reorganiza\u00e7\u00e3o interna dos munic\u00edpios nomeadamente com fus\u00f5es de freguesias e que, pelo que lemos nas not\u00edcias, esse processo dever\u00e1 ser conclu\u00eddo at\u00e9 meados do ano a Associa\u00e7\u00e3o de Cidad\u00e3os do Porto vai iniciar um f\u00f3rum de divulga\u00e7\u00e3o e discuss\u00e3o das diferentes ideias que [&hellip;]\" \/>\n<meta property=\"og:url\" content=\"https:\/\/osmeusapontamentos.com\/index.php\/2012\/03\/01\/debates-sobre-a-reorganizacao-administrativa-do-porto\/\" \/>\n<meta property=\"og:site_name\" content=\"Os Meus Apontamentos\" \/>\n<meta property=\"article:published_time\" content=\"2012-03-01T00:17:57+00:00\" \/>\n<meta name=\"author\" content=\"Vitor Silva\" \/>\n<meta name=\"twitter:card\" content=\"summary_large_image\" \/>\n<meta name=\"twitter:creator\" content=\"@vitorsilva\" \/>\n<meta name=\"twitter:site\" content=\"@vitorsilva\" \/>\n<meta name=\"twitter:label1\" content=\"Escrito por\" \/>\n\t<meta name=\"twitter:data1\" content=\"Vitor Silva\" \/>\n\t<meta name=\"twitter:label2\" content=\"Tempo estimado de leitura\" \/>\n\t<meta name=\"twitter:data2\" content=\"2 minutos\" \/>\n<script type=\"application\/ld+json\" class=\"yoast-schema-graph\">{\"@context\":\"https:\\\/\\\/schema.org\",\"@graph\":[{\"@type\":\"Article\",\"@id\":\"https:\\\/\\\/osmeusapontamentos.com\\\/index.php\\\/2012\\\/03\\\/01\\\/debates-sobre-a-reorganizacao-administrativa-do-porto\\\/#article\",\"isPartOf\":{\"@id\":\"https:\\\/\\\/osmeusapontamentos.com\\\/index.php\\\/2012\\\/03\\\/01\\\/debates-sobre-a-reorganizacao-administrativa-do-porto\\\/\"},\"author\":{\"name\":\"Vitor Silva\",\"@id\":\"https:\\\/\\\/osmeusapontamentos.com\\\/#\\\/schema\\\/person\\\/d508df9c3ffc8b4e64a18dbf0ba18dd8\"},\"headline\":\"Debates sobre a Reorganiza\u00e7\u00e3o Administrativa do Porto\",\"datePublished\":\"2012-03-01T00:17:57+00:00\",\"mainEntityOfPage\":{\"@id\":\"https:\\\/\\\/osmeusapontamentos.com\\\/index.php\\\/2012\\\/03\\\/01\\\/debates-sobre-a-reorganizacao-administrativa-do-porto\\\/\"},\"wordCount\":319,\"commentCount\":0,\"publisher\":{\"@id\":\"https:\\\/\\\/osmeusapontamentos.com\\\/#\\\/schema\\\/person\\\/d508df9c3ffc8b4e64a18dbf0ba18dd8\"},\"keywords\":[\"acdp\",\"reorganiza\u00e7\u00e3o administrativa\"],\"articleSection\":[\"Atividades\"],\"inLanguage\":\"pt-PT\",\"potentialAction\":[{\"@type\":\"CommentAction\",\"name\":\"Comment\",\"target\":[\"https:\\\/\\\/osmeusapontamentos.com\\\/index.php\\\/2012\\\/03\\\/01\\\/debates-sobre-a-reorganizacao-administrativa-do-porto\\\/#respond\"]}]},{\"@type\":\"WebPage\",\"@id\":\"https:\\\/\\\/osmeusapontamentos.com\\\/index.php\\\/2012\\\/03\\\/01\\\/debates-sobre-a-reorganizacao-administrativa-do-porto\\\/\",\"url\":\"https:\\\/\\\/osmeusapontamentos.com\\\/index.php\\\/2012\\\/03\\\/01\\\/debates-sobre-a-reorganizacao-administrativa-do-porto\\\/\",\"name\":\"Debates sobre a Reorganiza\u00e7\u00e3o Administrativa do Porto - Os Meus Apontamentos\",\"isPartOf\":{\"@id\":\"https:\\\/\\\/osmeusapontamentos.com\\\/#website\"},\"datePublished\":\"2012-03-01T00:17:57+00:00\",\"breadcrumb\":{\"@id\":\"https:\\\/\\\/osmeusapontamentos.com\\\/index.php\\\/2012\\\/03\\\/01\\\/debates-sobre-a-reorganizacao-administrativa-do-porto\\\/#breadcrumb\"},\"inLanguage\":\"pt-PT\",\"potentialAction\":[{\"@type\":\"ReadAction\",\"target\":[\"https:\\\/\\\/osmeusapontamentos.com\\\/index.php\\\/2012\\\/03\\\/01\\\/debates-sobre-a-reorganizacao-administrativa-do-porto\\\/\"]}]},{\"@type\":\"BreadcrumbList\",\"@id\":\"https:\\\/\\\/osmeusapontamentos.com\\\/index.php\\\/2012\\\/03\\\/01\\\/debates-sobre-a-reorganizacao-administrativa-do-porto\\\/#breadcrumb\",\"itemListElement\":[{\"@type\":\"ListItem\",\"position\":1,\"name\":\"In\u00edcio\",\"item\":\"https:\\\/\\\/osmeusapontamentos.com\\\/\"},{\"@type\":\"ListItem\",\"position\":2,\"name\":\"Debates sobre a Reorganiza\u00e7\u00e3o Administrativa do Porto\"}]},{\"@type\":\"WebSite\",\"@id\":\"https:\\\/\\\/osmeusapontamentos.com\\\/#website\",\"url\":\"https:\\\/\\\/osmeusapontamentos.com\\\/\",\"name\":\"Os Meus Apontamentos\",\"description\":\"\",\"publisher\":{\"@id\":\"https:\\\/\\\/osmeusapontamentos.com\\\/#\\\/schema\\\/person\\\/d508df9c3ffc8b4e64a18dbf0ba18dd8\"},\"potentialAction\":[{\"@type\":\"SearchAction\",\"target\":{\"@type\":\"EntryPoint\",\"urlTemplate\":\"https:\\\/\\\/osmeusapontamentos.com\\\/?s={search_term_string}\"},\"query-input\":{\"@type\":\"PropertyValueSpecification\",\"valueRequired\":true,\"valueName\":\"search_term_string\"}}],\"inLanguage\":\"pt-PT\"},{\"@type\":[\"Person\",\"Organization\"],\"@id\":\"https:\\\/\\\/osmeusapontamentos.com\\\/#\\\/schema\\\/person\\\/d508df9c3ffc8b4e64a18dbf0ba18dd8\",\"name\":\"Vitor Silva\",\"image\":{\"@type\":\"ImageObject\",\"inLanguage\":\"pt-PT\",\"@id\":\"https:\\\/\\\/secure.gravatar.com\\\/avatar\\\/f81f58ad909e8a213ab0a690f6ed65e5c0e0e2274bf35ac49ff31d7988d483ce?s=96&d=mm&r=g\",\"url\":\"https:\\\/\\\/secure.gravatar.com\\\/avatar\\\/f81f58ad909e8a213ab0a690f6ed65e5c0e0e2274bf35ac49ff31d7988d483ce?s=96&d=mm&r=g\",\"contentUrl\":\"https:\\\/\\\/secure.gravatar.com\\\/avatar\\\/f81f58ad909e8a213ab0a690f6ed65e5c0e0e2274bf35ac49ff31d7988d483ce?s=96&d=mm&r=g\",\"caption\":\"Vitor Silva\"},\"logo\":{\"@id\":\"https:\\\/\\\/secure.gravatar.com\\\/avatar\\\/f81f58ad909e8a213ab0a690f6ed65e5c0e0e2274bf35ac49ff31d7988d483ce?s=96&d=mm&r=g\"},\"sameAs\":[\"https:\\\/\\\/www.linkedin.com\\\/in\\\/vitormrsilva\",\"https:\\\/\\\/x.com\\\/vitorsilva\"]}]}<\/script>\n<!-- \/ Yoast SEO plugin. -->","yoast_head_json":{"title":"Debates sobre a Reorganiza\u00e7\u00e3o Administrativa do Porto - Os Meus Apontamentos","robots":{"index":"index","follow":"follow","max-snippet":"max-snippet:-1","max-image-preview":"max-image-preview:large","max-video-preview":"max-video-preview:-1"},"canonical":"https:\/\/osmeusapontamentos.com\/index.php\/2012\/03\/01\/debates-sobre-a-reorganizacao-administrativa-do-porto\/","og_locale":"pt_PT","og_type":"article","og_title":"Debates sobre a Reorganiza\u00e7\u00e3o Administrativa do Porto - Os Meus Apontamentos","og_description":"Na medida em que parece cada vez mais inevit\u00e1vel o processo de reorganiza\u00e7\u00e3o interna dos munic\u00edpios nomeadamente com fus\u00f5es de freguesias e que, pelo que lemos nas not\u00edcias, esse processo dever\u00e1 ser conclu\u00eddo at\u00e9 meados do ano a Associa\u00e7\u00e3o de Cidad\u00e3os do Porto vai iniciar um f\u00f3rum de divulga\u00e7\u00e3o e discuss\u00e3o das diferentes ideias que [&hellip;]","og_url":"https:\/\/osmeusapontamentos.com\/index.php\/2012\/03\/01\/debates-sobre-a-reorganizacao-administrativa-do-porto\/","og_site_name":"Os Meus Apontamentos","article_published_time":"2012-03-01T00:17:57+00:00","author":"Vitor Silva","twitter_card":"summary_large_image","twitter_creator":"@vitorsilva","twitter_site":"@vitorsilva","twitter_misc":{"Escrito por":"Vitor Silva","Tempo estimado de leitura":"2 minutos"},"schema":{"@context":"https:\/\/schema.org","@graph":[{"@type":"Article","@id":"https:\/\/osmeusapontamentos.com\/index.php\/2012\/03\/01\/debates-sobre-a-reorganizacao-administrativa-do-porto\/#article","isPartOf":{"@id":"https:\/\/osmeusapontamentos.com\/index.php\/2012\/03\/01\/debates-sobre-a-reorganizacao-administrativa-do-porto\/"},"author":{"name":"Vitor Silva","@id":"https:\/\/osmeusapontamentos.com\/#\/schema\/person\/d508df9c3ffc8b4e64a18dbf0ba18dd8"},"headline":"Debates sobre a Reorganiza\u00e7\u00e3o Administrativa do Porto","datePublished":"2012-03-01T00:17:57+00:00","mainEntityOfPage":{"@id":"https:\/\/osmeusapontamentos.com\/index.php\/2012\/03\/01\/debates-sobre-a-reorganizacao-administrativa-do-porto\/"},"wordCount":319,"commentCount":0,"publisher":{"@id":"https:\/\/osmeusapontamentos.com\/#\/schema\/person\/d508df9c3ffc8b4e64a18dbf0ba18dd8"},"keywords":["acdp","reorganiza\u00e7\u00e3o administrativa"],"articleSection":["Atividades"],"inLanguage":"pt-PT","potentialAction":[{"@type":"CommentAction","name":"Comment","target":["https:\/\/osmeusapontamentos.com\/index.php\/2012\/03\/01\/debates-sobre-a-reorganizacao-administrativa-do-porto\/#respond"]}]},{"@type":"WebPage","@id":"https:\/\/osmeusapontamentos.com\/index.php\/2012\/03\/01\/debates-sobre-a-reorganizacao-administrativa-do-porto\/","url":"https:\/\/osmeusapontamentos.com\/index.php\/2012\/03\/01\/debates-sobre-a-reorganizacao-administrativa-do-porto\/","name":"Debates sobre a Reorganiza\u00e7\u00e3o Administrativa do Porto - Os Meus Apontamentos","isPartOf":{"@id":"https:\/\/osmeusapontamentos.com\/#website"},"datePublished":"2012-03-01T00:17:57+00:00","breadcrumb":{"@id":"https:\/\/osmeusapontamentos.com\/index.php\/2012\/03\/01\/debates-sobre-a-reorganizacao-administrativa-do-porto\/#breadcrumb"},"inLanguage":"pt-PT","potentialAction":[{"@type":"ReadAction","target":["https:\/\/osmeusapontamentos.com\/index.php\/2012\/03\/01\/debates-sobre-a-reorganizacao-administrativa-do-porto\/"]}]},{"@type":"BreadcrumbList","@id":"https:\/\/osmeusapontamentos.com\/index.php\/2012\/03\/01\/debates-sobre-a-reorganizacao-administrativa-do-porto\/#breadcrumb","itemListElement":[{"@type":"ListItem","position":1,"name":"In\u00edcio","item":"https:\/\/osmeusapontamentos.com\/"},{"@type":"ListItem","position":2,"name":"Debates sobre a Reorganiza\u00e7\u00e3o Administrativa do Porto"}]},{"@type":"WebSite","@id":"https:\/\/osmeusapontamentos.com\/#website","url":"https:\/\/osmeusapontamentos.com\/","name":"Os Meus Apontamentos","description":"","publisher":{"@id":"https:\/\/osmeusapontamentos.com\/#\/schema\/person\/d508df9c3ffc8b4e64a18dbf0ba18dd8"},"potentialAction":[{"@type":"SearchAction","target":{"@type":"EntryPoint","urlTemplate":"https:\/\/osmeusapontamentos.com\/?s={search_term_string}"},"query-input":{"@type":"PropertyValueSpecification","valueRequired":true,"valueName":"search_term_string"}}],"inLanguage":"pt-PT"},{"@type":["Person","Organization"],"@id":"https:\/\/osmeusapontamentos.com\/#\/schema\/person\/d508df9c3ffc8b4e64a18dbf0ba18dd8","name":"Vitor Silva","image":{"@type":"ImageObject","inLanguage":"pt-PT","@id":"https:\/\/secure.gravatar.com\/avatar\/f81f58ad909e8a213ab0a690f6ed65e5c0e0e2274bf35ac49ff31d7988d483ce?s=96&d=mm&r=g","url":"https:\/\/secure.gravatar.com\/avatar\/f81f58ad909e8a213ab0a690f6ed65e5c0e0e2274bf35ac49ff31d7988d483ce?s=96&d=mm&r=g","contentUrl":"https:\/\/secure.gravatar.com\/avatar\/f81f58ad909e8a213ab0a690f6ed65e5c0e0e2274bf35ac49ff31d7988d483ce?s=96&d=mm&r=g","caption":"Vitor Silva"},"logo":{"@id":"https:\/\/secure.gravatar.com\/avatar\/f81f58ad909e8a213ab0a690f6ed65e5c0e0e2274bf35ac49ff31d7988d483ce?s=96&d=mm&r=g"},"sameAs":["https:\/\/www.linkedin.com\/in\/vitormrsilva","https:\/\/x.com\/vitorsilva"]}]}},"_links":{"self":[{"href":"https:\/\/osmeusapontamentos.com\/index.php\/wp-json\/wp\/v2\/posts\/2968","targetHints":{"allow":["GET"]}}],"collection":[{"href":"https:\/\/osmeusapontamentos.com\/index.php\/wp-json\/wp\/v2\/posts"}],"about":[{"href":"https:\/\/osmeusapontamentos.com\/index.php\/wp-json\/wp\/v2\/types\/post"}],"author":[{"embeddable":true,"href":"https:\/\/osmeusapontamentos.com\/index.php\/wp-json\/wp\/v2\/users\/1"}],"replies":[{"embeddable":true,"href":"https:\/\/osmeusapontamentos.com\/index.php\/wp-json\/wp\/v2\/comments?post=2968"}],"version-history":[{"count":0,"href":"https:\/\/osmeusapontamentos.com\/index.php\/wp-json\/wp\/v2\/posts\/2968\/revisions"}],"wp:attachment":[{"href":"https:\/\/osmeusapontamentos.com\/index.php\/wp-json\/wp\/v2\/media?parent=2968"}],"wp:term":[{"taxonomy":"category","embeddable":true,"href":"https:\/\/osmeusapontamentos.com\/index.php\/wp-json\/wp\/v2\/categories?post=2968"},{"taxonomy":"post_tag","embeddable":true,"href":"https:\/\/osmeusapontamentos.com\/index.php\/wp-json\/wp\/v2\/tags?post=2968"}],"curies":[{"name":"wp","href":"https:\/\/api.w.org\/{rel}","templated":true}]}}