{"id":2920,"date":"2011-07-12T13:01:15","date_gmt":"2011-07-12T13:01:15","guid":{"rendered":"http:\/\/osmeusapontamentos.com\/?p=2920"},"modified":"2011-07-12T13:01:15","modified_gmt":"2011-07-12T13:01:15","slug":"mais-reabilitacao-low-cost","status":"publish","type":"post","link":"https:\/\/osmeusapontamentos.com\/index.php\/2011\/07\/12\/mais-reabilitacao-low-cost\/","title":{"rendered":"Mais reabilita\u00e7\u00e3o low-cost"},"content":{"rendered":"<p>Parece que andamos todos a pensar no mesmo e ainda bem. Agora s\u00f3 \u00e9 preciso fazer acontecer \ud83d\ude42<\/p>\n<p><a href=\"http:\/\/www.publico.pt\/Local\/projecto-casas-low-cost-quer-recuperar-a-baixa-do-porto-a-precos-realistas_1480211\">Projecto Casas Low Cost quer recuperar a Baixa do Porto &#8220;a pre\u00e7os realistas<\/a><br \/>\nTrabalhar com marcas portuguesas e sensibilizar investidores e propriet\u00e1rios para recuperar habita\u00e7\u00f5es &#8220;a pre\u00e7os realistas&#8221; s\u00e3o algumas das marcas do projecto Casas Low Cost, lan\u00e7ado pela equipa do Plano B para dar um novo impulso \u00e0 reabilita\u00e7\u00e3o da Baixa do Porto.<\/p>\n<p><a href=\"http:\/\/www.facebook.com\/sfmag\/posts\/251706778176919?comment_id=4029918&amp;offset=0&amp;total_comments=1\">Pr\u00e9dios devolutos low cost a quem os reabilitar<\/a><br \/>\n&#8220;O projeto de Sydney Fernandes, 21 anos, programador e webdesigner, pretende matar dois coelhos de uma s\u00f3 vez &#8211; acabar com as casas devolutas ou em mau estado e impulsionar o mercado de arrendamento.&#8221;<\/p>\n<p><a href=\"http:\/\/www.publico.pt\/Cultura\/reabilitar-as-cidades-nao-custa-nada_1502279\">Reabilitar as cidades n\u00e3o custa nada<br \/>\n<\/a>&#8220;O objectivo deste projecto (&#8230;) \u00e9 criar uma organiza\u00e7\u00e3o sem fins lucrativos para reabilitar as cidades, sem custos para senhorios e propriet\u00e1rios. Isto \u00e9 poss\u00edvel gra\u00e7as a estudantes de Engenharia e de Arquitectura, n\u00e3o s\u00f3 de Portugal, mas de toda a Europa, que poder\u00e3o voluntariar-se para &#8220;conceber e realizar os projectos usando materiais de constru\u00e7\u00e3o doados&#8221; por empresas fornecedoras, a troco de isen\u00e7\u00f5es fiscais.<br \/>\n&#8220;Os projectos de requalifica\u00e7\u00e3o poderiam, assim, ser &#8220;casos de estudo em cursos espec\u00edficos de reabilita\u00e7\u00e3o de edif\u00edcios&#8221;, o que levaria a um melhor acompanhamento t\u00e9cnico por parte dos professores e alunos especialistas.&#8221;<\/p>\n<p>De notar que, tal como foi falado na ultiam edi\u00e7\u00e3o do cidades pela retoma onde falamos deste tema, para al\u00e9m dos alunos este tipo de projecto pode servir tamb\u00e9m como forma de <strong>atribuir novas compet\u00eancias a profissionais da \u00e1rea da constru\u00e7\u00e3o<\/strong> que est\u00e3o mais habituados \u00e0 constru\u00e7\u00e3o tradicional (dos ultimos 20\/30 anos) com bet\u00e3o e placas e coisas assim.<\/p>\n","protected":false},"excerpt":{"rendered":"<p>Parece que andamos todos a pensar no mesmo e ainda bem. Agora s\u00f3 \u00e9 preciso fazer acontecer \ud83d\ude42 Projecto Casas Low Cost quer recuperar a Baixa do Porto &#8220;a pre\u00e7os realistas Trabalhar com marcas portuguesas e sensibilizar investidores e propriet\u00e1rios para recuperar habita\u00e7\u00f5es &#8220;a pre\u00e7os realistas&#8221; s\u00e3o algumas das marcas do projecto Casas Low Cost, [&hellip;]<\/p>\n","protected":false},"author":1,"featured_media":0,"comment_status":"open","ping_status":"open","sticky":false,"template":"","format":"standard","meta":{"footnotes":""},"categories":[8],"tags":[524],"class_list":["post-2920","post","type-post","status-publish","format-standard","hentry","category-opiniao-2","tag-porto"],"yoast_head":"<!-- This site is optimized with the Yoast SEO plugin v27.5 - https:\/\/yoast.com\/product\/yoast-seo-wordpress\/ -->\n<title>Mais reabilita\u00e7\u00e3o low-cost - Os Meus Apontamentos<\/title>\n<meta name=\"robots\" content=\"index, follow, max-snippet:-1, max-image-preview:large, max-video-preview:-1\" \/>\n<link rel=\"canonical\" href=\"https:\/\/osmeusapontamentos.com\/index.php\/2011\/07\/12\/mais-reabilitacao-low-cost\/\" \/>\n<meta property=\"og:locale\" content=\"pt_PT\" \/>\n<meta property=\"og:type\" content=\"article\" \/>\n<meta property=\"og:title\" content=\"Mais reabilita\u00e7\u00e3o low-cost - Os Meus Apontamentos\" \/>\n<meta property=\"og:description\" content=\"Parece que andamos todos a pensar no mesmo e ainda bem. Agora s\u00f3 \u00e9 preciso fazer acontecer \ud83d\ude42 Projecto Casas Low Cost quer recuperar a Baixa do Porto &#8220;a pre\u00e7os realistas Trabalhar com marcas portuguesas e sensibilizar investidores e propriet\u00e1rios para recuperar habita\u00e7\u00f5es &#8220;a pre\u00e7os realistas&#8221; s\u00e3o algumas das marcas do projecto Casas Low Cost, [&hellip;]\" \/>\n<meta property=\"og:url\" content=\"https:\/\/osmeusapontamentos.com\/index.php\/2011\/07\/12\/mais-reabilitacao-low-cost\/\" \/>\n<meta property=\"og:site_name\" content=\"Os Meus Apontamentos\" \/>\n<meta property=\"article:published_time\" content=\"2011-07-12T13:01:15+00:00\" \/>\n<meta name=\"author\" content=\"Vitor Silva\" \/>\n<meta name=\"twitter:card\" content=\"summary_large_image\" \/>\n<meta name=\"twitter:creator\" content=\"@vitorsilva\" \/>\n<meta name=\"twitter:site\" content=\"@vitorsilva\" \/>\n<meta name=\"twitter:label1\" content=\"Escrito por\" \/>\n\t<meta name=\"twitter:data1\" content=\"Vitor Silva\" \/>\n\t<meta name=\"twitter:label2\" content=\"Tempo estimado de leitura\" \/>\n\t<meta name=\"twitter:data2\" content=\"1 minuto\" \/>\n<script type=\"application\/ld+json\" class=\"yoast-schema-graph\">{\"@context\":\"https:\\\/\\\/schema.org\",\"@graph\":[{\"@type\":\"Article\",\"@id\":\"https:\\\/\\\/osmeusapontamentos.com\\\/index.php\\\/2011\\\/07\\\/12\\\/mais-reabilitacao-low-cost\\\/#article\",\"isPartOf\":{\"@id\":\"https:\\\/\\\/osmeusapontamentos.com\\\/index.php\\\/2011\\\/07\\\/12\\\/mais-reabilitacao-low-cost\\\/\"},\"author\":{\"name\":\"Vitor Silva\",\"@id\":\"https:\\\/\\\/osmeusapontamentos.com\\\/#\\\/schema\\\/person\\\/d508df9c3ffc8b4e64a18dbf0ba18dd8\"},\"headline\":\"Mais reabilita\u00e7\u00e3o low-cost\",\"datePublished\":\"2011-07-12T13:01:15+00:00\",\"mainEntityOfPage\":{\"@id\":\"https:\\\/\\\/osmeusapontamentos.com\\\/index.php\\\/2011\\\/07\\\/12\\\/mais-reabilitacao-low-cost\\\/\"},\"wordCount\":300,\"commentCount\":0,\"publisher\":{\"@id\":\"https:\\\/\\\/osmeusapontamentos.com\\\/#\\\/schema\\\/person\\\/d508df9c3ffc8b4e64a18dbf0ba18dd8\"},\"keywords\":[\"porto\"],\"articleSection\":[\"Opini\u00e3o\"],\"inLanguage\":\"pt-PT\",\"potentialAction\":[{\"@type\":\"CommentAction\",\"name\":\"Comment\",\"target\":[\"https:\\\/\\\/osmeusapontamentos.com\\\/index.php\\\/2011\\\/07\\\/12\\\/mais-reabilitacao-low-cost\\\/#respond\"]}]},{\"@type\":\"WebPage\",\"@id\":\"https:\\\/\\\/osmeusapontamentos.com\\\/index.php\\\/2011\\\/07\\\/12\\\/mais-reabilitacao-low-cost\\\/\",\"url\":\"https:\\\/\\\/osmeusapontamentos.com\\\/index.php\\\/2011\\\/07\\\/12\\\/mais-reabilitacao-low-cost\\\/\",\"name\":\"Mais reabilita\u00e7\u00e3o low-cost - Os Meus Apontamentos\",\"isPartOf\":{\"@id\":\"https:\\\/\\\/osmeusapontamentos.com\\\/#website\"},\"datePublished\":\"2011-07-12T13:01:15+00:00\",\"breadcrumb\":{\"@id\":\"https:\\\/\\\/osmeusapontamentos.com\\\/index.php\\\/2011\\\/07\\\/12\\\/mais-reabilitacao-low-cost\\\/#breadcrumb\"},\"inLanguage\":\"pt-PT\",\"potentialAction\":[{\"@type\":\"ReadAction\",\"target\":[\"https:\\\/\\\/osmeusapontamentos.com\\\/index.php\\\/2011\\\/07\\\/12\\\/mais-reabilitacao-low-cost\\\/\"]}]},{\"@type\":\"BreadcrumbList\",\"@id\":\"https:\\\/\\\/osmeusapontamentos.com\\\/index.php\\\/2011\\\/07\\\/12\\\/mais-reabilitacao-low-cost\\\/#breadcrumb\",\"itemListElement\":[{\"@type\":\"ListItem\",\"position\":1,\"name\":\"In\u00edcio\",\"item\":\"https:\\\/\\\/osmeusapontamentos.com\\\/\"},{\"@type\":\"ListItem\",\"position\":2,\"name\":\"Mais reabilita\u00e7\u00e3o low-cost\"}]},{\"@type\":\"WebSite\",\"@id\":\"https:\\\/\\\/osmeusapontamentos.com\\\/#website\",\"url\":\"https:\\\/\\\/osmeusapontamentos.com\\\/\",\"name\":\"Os Meus Apontamentos\",\"description\":\"\",\"publisher\":{\"@id\":\"https:\\\/\\\/osmeusapontamentos.com\\\/#\\\/schema\\\/person\\\/d508df9c3ffc8b4e64a18dbf0ba18dd8\"},\"potentialAction\":[{\"@type\":\"SearchAction\",\"target\":{\"@type\":\"EntryPoint\",\"urlTemplate\":\"https:\\\/\\\/osmeusapontamentos.com\\\/?s={search_term_string}\"},\"query-input\":{\"@type\":\"PropertyValueSpecification\",\"valueRequired\":true,\"valueName\":\"search_term_string\"}}],\"inLanguage\":\"pt-PT\"},{\"@type\":[\"Person\",\"Organization\"],\"@id\":\"https:\\\/\\\/osmeusapontamentos.com\\\/#\\\/schema\\\/person\\\/d508df9c3ffc8b4e64a18dbf0ba18dd8\",\"name\":\"Vitor Silva\",\"image\":{\"@type\":\"ImageObject\",\"inLanguage\":\"pt-PT\",\"@id\":\"https:\\\/\\\/secure.gravatar.com\\\/avatar\\\/f81f58ad909e8a213ab0a690f6ed65e5c0e0e2274bf35ac49ff31d7988d483ce?s=96&d=mm&r=g\",\"url\":\"https:\\\/\\\/secure.gravatar.com\\\/avatar\\\/f81f58ad909e8a213ab0a690f6ed65e5c0e0e2274bf35ac49ff31d7988d483ce?s=96&d=mm&r=g\",\"contentUrl\":\"https:\\\/\\\/secure.gravatar.com\\\/avatar\\\/f81f58ad909e8a213ab0a690f6ed65e5c0e0e2274bf35ac49ff31d7988d483ce?s=96&d=mm&r=g\",\"caption\":\"Vitor Silva\"},\"logo\":{\"@id\":\"https:\\\/\\\/secure.gravatar.com\\\/avatar\\\/f81f58ad909e8a213ab0a690f6ed65e5c0e0e2274bf35ac49ff31d7988d483ce?s=96&d=mm&r=g\"},\"sameAs\":[\"https:\\\/\\\/www.linkedin.com\\\/in\\\/vitormrsilva\",\"https:\\\/\\\/x.com\\\/vitorsilva\"]}]}<\/script>\n<!-- \/ Yoast SEO plugin. -->","yoast_head_json":{"title":"Mais reabilita\u00e7\u00e3o low-cost - Os Meus Apontamentos","robots":{"index":"index","follow":"follow","max-snippet":"max-snippet:-1","max-image-preview":"max-image-preview:large","max-video-preview":"max-video-preview:-1"},"canonical":"https:\/\/osmeusapontamentos.com\/index.php\/2011\/07\/12\/mais-reabilitacao-low-cost\/","og_locale":"pt_PT","og_type":"article","og_title":"Mais reabilita\u00e7\u00e3o low-cost - Os Meus Apontamentos","og_description":"Parece que andamos todos a pensar no mesmo e ainda bem. Agora s\u00f3 \u00e9 preciso fazer acontecer \ud83d\ude42 Projecto Casas Low Cost quer recuperar a Baixa do Porto &#8220;a pre\u00e7os realistas Trabalhar com marcas portuguesas e sensibilizar investidores e propriet\u00e1rios para recuperar habita\u00e7\u00f5es &#8220;a pre\u00e7os realistas&#8221; s\u00e3o algumas das marcas do projecto Casas Low Cost, [&hellip;]","og_url":"https:\/\/osmeusapontamentos.com\/index.php\/2011\/07\/12\/mais-reabilitacao-low-cost\/","og_site_name":"Os Meus Apontamentos","article_published_time":"2011-07-12T13:01:15+00:00","author":"Vitor Silva","twitter_card":"summary_large_image","twitter_creator":"@vitorsilva","twitter_site":"@vitorsilva","twitter_misc":{"Escrito por":"Vitor Silva","Tempo estimado de leitura":"1 minuto"},"schema":{"@context":"https:\/\/schema.org","@graph":[{"@type":"Article","@id":"https:\/\/osmeusapontamentos.com\/index.php\/2011\/07\/12\/mais-reabilitacao-low-cost\/#article","isPartOf":{"@id":"https:\/\/osmeusapontamentos.com\/index.php\/2011\/07\/12\/mais-reabilitacao-low-cost\/"},"author":{"name":"Vitor Silva","@id":"https:\/\/osmeusapontamentos.com\/#\/schema\/person\/d508df9c3ffc8b4e64a18dbf0ba18dd8"},"headline":"Mais reabilita\u00e7\u00e3o low-cost","datePublished":"2011-07-12T13:01:15+00:00","mainEntityOfPage":{"@id":"https:\/\/osmeusapontamentos.com\/index.php\/2011\/07\/12\/mais-reabilitacao-low-cost\/"},"wordCount":300,"commentCount":0,"publisher":{"@id":"https:\/\/osmeusapontamentos.com\/#\/schema\/person\/d508df9c3ffc8b4e64a18dbf0ba18dd8"},"keywords":["porto"],"articleSection":["Opini\u00e3o"],"inLanguage":"pt-PT","potentialAction":[{"@type":"CommentAction","name":"Comment","target":["https:\/\/osmeusapontamentos.com\/index.php\/2011\/07\/12\/mais-reabilitacao-low-cost\/#respond"]}]},{"@type":"WebPage","@id":"https:\/\/osmeusapontamentos.com\/index.php\/2011\/07\/12\/mais-reabilitacao-low-cost\/","url":"https:\/\/osmeusapontamentos.com\/index.php\/2011\/07\/12\/mais-reabilitacao-low-cost\/","name":"Mais reabilita\u00e7\u00e3o low-cost - Os Meus Apontamentos","isPartOf":{"@id":"https:\/\/osmeusapontamentos.com\/#website"},"datePublished":"2011-07-12T13:01:15+00:00","breadcrumb":{"@id":"https:\/\/osmeusapontamentos.com\/index.php\/2011\/07\/12\/mais-reabilitacao-low-cost\/#breadcrumb"},"inLanguage":"pt-PT","potentialAction":[{"@type":"ReadAction","target":["https:\/\/osmeusapontamentos.com\/index.php\/2011\/07\/12\/mais-reabilitacao-low-cost\/"]}]},{"@type":"BreadcrumbList","@id":"https:\/\/osmeusapontamentos.com\/index.php\/2011\/07\/12\/mais-reabilitacao-low-cost\/#breadcrumb","itemListElement":[{"@type":"ListItem","position":1,"name":"In\u00edcio","item":"https:\/\/osmeusapontamentos.com\/"},{"@type":"ListItem","position":2,"name":"Mais reabilita\u00e7\u00e3o low-cost"}]},{"@type":"WebSite","@id":"https:\/\/osmeusapontamentos.com\/#website","url":"https:\/\/osmeusapontamentos.com\/","name":"Os Meus Apontamentos","description":"","publisher":{"@id":"https:\/\/osmeusapontamentos.com\/#\/schema\/person\/d508df9c3ffc8b4e64a18dbf0ba18dd8"},"potentialAction":[{"@type":"SearchAction","target":{"@type":"EntryPoint","urlTemplate":"https:\/\/osmeusapontamentos.com\/?s={search_term_string}"},"query-input":{"@type":"PropertyValueSpecification","valueRequired":true,"valueName":"search_term_string"}}],"inLanguage":"pt-PT"},{"@type":["Person","Organization"],"@id":"https:\/\/osmeusapontamentos.com\/#\/schema\/person\/d508df9c3ffc8b4e64a18dbf0ba18dd8","name":"Vitor Silva","image":{"@type":"ImageObject","inLanguage":"pt-PT","@id":"https:\/\/secure.gravatar.com\/avatar\/f81f58ad909e8a213ab0a690f6ed65e5c0e0e2274bf35ac49ff31d7988d483ce?s=96&d=mm&r=g","url":"https:\/\/secure.gravatar.com\/avatar\/f81f58ad909e8a213ab0a690f6ed65e5c0e0e2274bf35ac49ff31d7988d483ce?s=96&d=mm&r=g","contentUrl":"https:\/\/secure.gravatar.com\/avatar\/f81f58ad909e8a213ab0a690f6ed65e5c0e0e2274bf35ac49ff31d7988d483ce?s=96&d=mm&r=g","caption":"Vitor Silva"},"logo":{"@id":"https:\/\/secure.gravatar.com\/avatar\/f81f58ad909e8a213ab0a690f6ed65e5c0e0e2274bf35ac49ff31d7988d483ce?s=96&d=mm&r=g"},"sameAs":["https:\/\/www.linkedin.com\/in\/vitormrsilva","https:\/\/x.com\/vitorsilva"]}]}},"_links":{"self":[{"href":"https:\/\/osmeusapontamentos.com\/index.php\/wp-json\/wp\/v2\/posts\/2920","targetHints":{"allow":["GET"]}}],"collection":[{"href":"https:\/\/osmeusapontamentos.com\/index.php\/wp-json\/wp\/v2\/posts"}],"about":[{"href":"https:\/\/osmeusapontamentos.com\/index.php\/wp-json\/wp\/v2\/types\/post"}],"author":[{"embeddable":true,"href":"https:\/\/osmeusapontamentos.com\/index.php\/wp-json\/wp\/v2\/users\/1"}],"replies":[{"embeddable":true,"href":"https:\/\/osmeusapontamentos.com\/index.php\/wp-json\/wp\/v2\/comments?post=2920"}],"version-history":[{"count":0,"href":"https:\/\/osmeusapontamentos.com\/index.php\/wp-json\/wp\/v2\/posts\/2920\/revisions"}],"wp:attachment":[{"href":"https:\/\/osmeusapontamentos.com\/index.php\/wp-json\/wp\/v2\/media?parent=2920"}],"wp:term":[{"taxonomy":"category","embeddable":true,"href":"https:\/\/osmeusapontamentos.com\/index.php\/wp-json\/wp\/v2\/categories?post=2920"},{"taxonomy":"post_tag","embeddable":true,"href":"https:\/\/osmeusapontamentos.com\/index.php\/wp-json\/wp\/v2\/tags?post=2920"}],"curies":[{"name":"wp","href":"https:\/\/api.w.org\/{rel}","templated":true}]}}