{"id":2813,"date":"2011-03-30T21:39:26","date_gmt":"2011-03-30T21:39:26","guid":{"rendered":"http:\/\/osmeusapontamentos.com\/?p=2813"},"modified":"2011-03-30T21:39:26","modified_gmt":"2011-03-30T21:39:26","slug":"o-porto-em-conversa-marco-2011","status":"publish","type":"post","link":"https:\/\/osmeusapontamentos.com\/index.php\/2011\/03\/30\/o-porto-em-conversa-marco-2011\/","title":{"rendered":"O Porto em Conversa &#8211; Mar\u00e7o 2011"},"content":{"rendered":"<p>De volta com felicidade<\/p>\n<p>Nos \u00faltimos tempos as minhas entrevistas t\u00eam estado um pouco paradas por causa de alguns outros projectos em que estou envolvido&#8230;<br \/>\nUm deles est\u00e1 dispon\u00edvel desde ontem em <a href=\"http:\/\/talks20.com\">talks20.com<\/a>&#8230; mas mais sobre isso no fim da mensagem.<\/p>\n<p><a href=\"http:\/\/www.talks20.com\/\"><img loading=\"lazy\" decoding=\"async\" class=\"alignnone\" src=\"http:\/\/www.oportoemconversa.com\/wp-content\/uploads\/2011\/03\/hcwl01.png\" alt=\"\" width=\"500\" height=\"165\" \/><\/a><\/p>\n<p>Desde o \u00faltimo email, que foi no fim de novembro-2010, muitas coisas apareceram pelo blog, e se voc\u00eas acompanham o feed do blog ou subscreveram o podcast certamente acompanharam as novidades.<br \/>\nSe n\u00e3o perceberam nada do que disse na linha de cima ent\u00e3o aqui fica um resumo do que foi sendo publicado.<\/p>\n<p>As minhas \u00faltimas entrevistas publicadas foram a <strong><a href=\"http:\/\/www.oportoemconversa.com\/2010\/12\/13\/pedro-rios-porto24\/\">Pedro Rios<\/a> do projecto <a href=\"http:\/\/www.porto24.pt\/\">Porto24<\/a><\/strong>, um projeto de comunica\u00e7\u00e3o pensado de raiz para web. Segundo ele, este \u00e9 um projecto que assume uma voca\u00e7\u00e3o local, centrada no Porto, e tem publicado um conjunto interessante de reportagens sobre o que vai acontecendo por aqui. Eu j\u00e1 sou um visitante regular.<br \/>\nA outra entrevista tinha sido a <strong><a href=\"http:\/\/www.oportoemconversa.com\/2010\/12\/15\/representantes-do-porto-%E2%80%93-vera-rodrigues-cds-pp\/\">Vera Rodrigues<\/a> da Juventude Popular <\/strong>no ciclo de entrevistas que tenho feito juntamente com o <a href=\"http:\/\/jpn.icicom.up.pt\/\">JPN<\/a> aos representantes das juventudes partid\u00e1rias.<\/p>\n<p>Entretanto foram sendo publicadas as diferentes apresenta\u00e7\u00f5es dos convidados do <strong>AGI Open 2011<\/strong>. S\u00e3o umas doze apresenta\u00e7\u00f5es sobre design, processo criativo e o que nos faz levantar todos os dias para trabalhar. Eu gostei muito da apresenta\u00e7\u00e3o de <a href=\"http:\/\/www.oportoemconversa.com\/2011\/01\/04\/marian-bantjes-a-living-proces\/\">Marian Bantjes \u2013 A Living Process<\/a> e do <a href=\"http:\/\/www.oportoemconversa.com\/2011\/03\/08\/michael-bierut-lets-try-something-different\/\">Michael Bierut \u2013 Let\u2019s try something different<\/a>. A <a href=\"http:\/\/www.oportoemconversa.com\/category\/agi-open-2010\/\">listagem completa est\u00e1 aqui<\/a>.<\/p>\n<p>Na \u00e1rea do ambiente consegui finalmente publicar mais umas interven\u00e7\u00f5es do IV Encontro Convergir, uma sobre o processo que levou \u00e0 cria\u00e7\u00e3o da <a href=\"http:\/\/www.oportoemconversa.com\/2011\/03\/25\/pedro-macedo-reserva-ornitologica-de-mindelo\/\"><strong>Reserva Ornitol\u00f3gica do Mindelo<\/strong><\/a> e outra sobre a <a href=\"http:\/\/www.oportoemconversa.com\/2011\/03\/11\/plataforma-sabor-livre-paulo-santos-jose-teixeira\/\"><strong>Barragem do Sabor<\/strong><\/a>&#8230; agora que come\u00e7a a ser dif\u00edcil reverter tamb\u00e9m o processo da Barragem do Tua \u00e9 interessante perceber a postura dos grandes interessados nestas obras antes e durante a constru\u00e7\u00e3o das barragens<\/p>\n<p>Tamb\u00e9m dispon\u00edvel algumas sess\u00f5es da <strong>Campo Aberto<\/strong> nomeadamente a <a href=\"http:\/\/www.oportoemconversa.com\/2011\/03\/07\/pdm-do-porto-perspectiva-politica-i\/\">primeira sess\u00e3o do ciclo 5 Anos do PDM<\/a> em que foi feito um balan\u00e7o pol\u00edtico da aplica\u00e7\u00e3o deste instrumento.<\/p>\n<p>Finalmente continuamos com a publica\u00e7\u00e3o de sess\u00f5es do Ciclo de Confer\u00eancias Anual do Instituto de Estudos Eleitorais da FCSH-ULP.\u00a0A \u00faltima publicada foi a palestra de Carlos Abreu Amorim sobre o <a href=\"http:\/\/www.oportoemconversa.com\/2011\/02\/09\/carlos-abreu-amorim-%E2%80%93-o-poder-local-democratico\/\">Poder Local Democr\u00e1tico<\/a>.<\/p>\n<p>Voltando \u00e0 felicidade&#8230;<\/p>\n<p><a href=\"http:\/\/www.talks20.com\/\"><img loading=\"lazy\" decoding=\"async\" class=\"alignnone\" src=\"http:\/\/www.oportoemconversa.com\/wp-content\/uploads\/2011\/03\/hcwl01.png\" alt=\"\" width=\"500\" height=\"165\" \/><\/a><\/p>\n<p>A confer\u00eancia \u201cHappiness and Creativity in Your Work Life\u201d vai-se realizar no pr\u00f3ximo dia 7 de Maio no Porto.<\/p>\n<p>Muitos oradores interessantes e muitas experi\u00eancias interessantes, mas para saber tudo sobre o evento o melhor \u00e9 espreitar o nosso site espectacular em <a href=\"http:\/\/www.talks20.com\">www.talks20.com<\/a><\/p>\n<p>Espero ver-vos no dia 7 de Maio! E n\u00e3o se inibam de divulgar a confer\u00eancia pela vossa rede de contactos.<\/p>\n","protected":false},"excerpt":{"rendered":"<p>De volta com felicidade Nos \u00faltimos tempos as minhas entrevistas t\u00eam estado um pouco paradas por causa de alguns outros projectos em que estou envolvido&#8230; Um deles est\u00e1 dispon\u00edvel desde ontem em talks20.com&#8230; mas mais sobre isso no fim da mensagem. Desde o \u00faltimo email, que foi no fim de novembro-2010, muitas coisas apareceram pelo [&hellip;]<\/p>\n","protected":false},"author":1,"featured_media":0,"comment_status":"open","ping_status":"open","sticky":false,"template":"","format":"standard","meta":{"footnotes":""},"categories":[7],"tags":[516],"class_list":["post-2813","post","type-post","status-publish","format-standard","hentry","category-ler-ver-ouvir-passear","tag-podcast"],"yoast_head":"<!-- This site is optimized with the Yoast SEO plugin v27.5 - https:\/\/yoast.com\/product\/yoast-seo-wordpress\/ -->\n<title>O Porto em Conversa - Mar\u00e7o 2011 - Os Meus Apontamentos<\/title>\n<meta name=\"robots\" content=\"index, follow, max-snippet:-1, max-image-preview:large, max-video-preview:-1\" \/>\n<link rel=\"canonical\" href=\"https:\/\/osmeusapontamentos.com\/index.php\/2011\/03\/30\/o-porto-em-conversa-marco-2011\/\" \/>\n<meta property=\"og:locale\" content=\"pt_PT\" \/>\n<meta property=\"og:type\" content=\"article\" \/>\n<meta property=\"og:title\" content=\"O Porto em Conversa - Mar\u00e7o 2011 - Os Meus Apontamentos\" \/>\n<meta property=\"og:description\" content=\"De volta com felicidade Nos \u00faltimos tempos as minhas entrevistas t\u00eam estado um pouco paradas por causa de alguns outros projectos em que estou envolvido&#8230; Um deles est\u00e1 dispon\u00edvel desde ontem em talks20.com&#8230; mas mais sobre isso no fim da mensagem. Desde o \u00faltimo email, que foi no fim de novembro-2010, muitas coisas apareceram pelo [&hellip;]\" \/>\n<meta property=\"og:url\" content=\"https:\/\/osmeusapontamentos.com\/index.php\/2011\/03\/30\/o-porto-em-conversa-marco-2011\/\" \/>\n<meta property=\"og:site_name\" content=\"Os Meus Apontamentos\" \/>\n<meta property=\"article:published_time\" content=\"2011-03-30T21:39:26+00:00\" \/>\n<meta property=\"og:image\" content=\"http:\/\/www.oportoemconversa.com\/wp-content\/uploads\/2011\/03\/hcwl01.png\" \/>\n<meta name=\"author\" content=\"Vitor Silva\" \/>\n<meta name=\"twitter:card\" content=\"summary_large_image\" \/>\n<meta name=\"twitter:creator\" content=\"@vitorsilva\" \/>\n<meta name=\"twitter:site\" content=\"@vitorsilva\" \/>\n<meta name=\"twitter:label1\" content=\"Escrito por\" \/>\n\t<meta name=\"twitter:data1\" content=\"Vitor Silva\" \/>\n\t<meta name=\"twitter:label2\" content=\"Tempo estimado de leitura\" \/>\n\t<meta name=\"twitter:data2\" content=\"2 minutos\" \/>\n<script type=\"application\/ld+json\" class=\"yoast-schema-graph\">{\"@context\":\"https:\\\/\\\/schema.org\",\"@graph\":[{\"@type\":\"Article\",\"@id\":\"https:\\\/\\\/osmeusapontamentos.com\\\/index.php\\\/2011\\\/03\\\/30\\\/o-porto-em-conversa-marco-2011\\\/#article\",\"isPartOf\":{\"@id\":\"https:\\\/\\\/osmeusapontamentos.com\\\/index.php\\\/2011\\\/03\\\/30\\\/o-porto-em-conversa-marco-2011\\\/\"},\"author\":{\"name\":\"Vitor Silva\",\"@id\":\"https:\\\/\\\/osmeusapontamentos.com\\\/#\\\/schema\\\/person\\\/d508df9c3ffc8b4e64a18dbf0ba18dd8\"},\"headline\":\"O Porto em Conversa &#8211; Mar\u00e7o 2011\",\"datePublished\":\"2011-03-30T21:39:26+00:00\",\"mainEntityOfPage\":{\"@id\":\"https:\\\/\\\/osmeusapontamentos.com\\\/index.php\\\/2011\\\/03\\\/30\\\/o-porto-em-conversa-marco-2011\\\/\"},\"wordCount\":462,\"commentCount\":0,\"publisher\":{\"@id\":\"https:\\\/\\\/osmeusapontamentos.com\\\/#\\\/schema\\\/person\\\/d508df9c3ffc8b4e64a18dbf0ba18dd8\"},\"image\":{\"@id\":\"https:\\\/\\\/osmeusapontamentos.com\\\/index.php\\\/2011\\\/03\\\/30\\\/o-porto-em-conversa-marco-2011\\\/#primaryimage\"},\"thumbnailUrl\":\"http:\\\/\\\/www.oportoemconversa.com\\\/wp-content\\\/uploads\\\/2011\\\/03\\\/hcwl01.png\",\"keywords\":[\"podcast\"],\"articleSection\":[\"Ler\\\/ Ver\\\/ Ouvir\\\/ Passear\"],\"inLanguage\":\"pt-PT\",\"potentialAction\":[{\"@type\":\"CommentAction\",\"name\":\"Comment\",\"target\":[\"https:\\\/\\\/osmeusapontamentos.com\\\/index.php\\\/2011\\\/03\\\/30\\\/o-porto-em-conversa-marco-2011\\\/#respond\"]}]},{\"@type\":\"WebPage\",\"@id\":\"https:\\\/\\\/osmeusapontamentos.com\\\/index.php\\\/2011\\\/03\\\/30\\\/o-porto-em-conversa-marco-2011\\\/\",\"url\":\"https:\\\/\\\/osmeusapontamentos.com\\\/index.php\\\/2011\\\/03\\\/30\\\/o-porto-em-conversa-marco-2011\\\/\",\"name\":\"O Porto em Conversa - Mar\u00e7o 2011 - Os Meus Apontamentos\",\"isPartOf\":{\"@id\":\"https:\\\/\\\/osmeusapontamentos.com\\\/#website\"},\"primaryImageOfPage\":{\"@id\":\"https:\\\/\\\/osmeusapontamentos.com\\\/index.php\\\/2011\\\/03\\\/30\\\/o-porto-em-conversa-marco-2011\\\/#primaryimage\"},\"image\":{\"@id\":\"https:\\\/\\\/osmeusapontamentos.com\\\/index.php\\\/2011\\\/03\\\/30\\\/o-porto-em-conversa-marco-2011\\\/#primaryimage\"},\"thumbnailUrl\":\"http:\\\/\\\/www.oportoemconversa.com\\\/wp-content\\\/uploads\\\/2011\\\/03\\\/hcwl01.png\",\"datePublished\":\"2011-03-30T21:39:26+00:00\",\"breadcrumb\":{\"@id\":\"https:\\\/\\\/osmeusapontamentos.com\\\/index.php\\\/2011\\\/03\\\/30\\\/o-porto-em-conversa-marco-2011\\\/#breadcrumb\"},\"inLanguage\":\"pt-PT\",\"potentialAction\":[{\"@type\":\"ReadAction\",\"target\":[\"https:\\\/\\\/osmeusapontamentos.com\\\/index.php\\\/2011\\\/03\\\/30\\\/o-porto-em-conversa-marco-2011\\\/\"]}]},{\"@type\":\"ImageObject\",\"inLanguage\":\"pt-PT\",\"@id\":\"https:\\\/\\\/osmeusapontamentos.com\\\/index.php\\\/2011\\\/03\\\/30\\\/o-porto-em-conversa-marco-2011\\\/#primaryimage\",\"url\":\"http:\\\/\\\/www.oportoemconversa.com\\\/wp-content\\\/uploads\\\/2011\\\/03\\\/hcwl01.png\",\"contentUrl\":\"http:\\\/\\\/www.oportoemconversa.com\\\/wp-content\\\/uploads\\\/2011\\\/03\\\/hcwl01.png\"},{\"@type\":\"BreadcrumbList\",\"@id\":\"https:\\\/\\\/osmeusapontamentos.com\\\/index.php\\\/2011\\\/03\\\/30\\\/o-porto-em-conversa-marco-2011\\\/#breadcrumb\",\"itemListElement\":[{\"@type\":\"ListItem\",\"position\":1,\"name\":\"In\u00edcio\",\"item\":\"https:\\\/\\\/osmeusapontamentos.com\\\/\"},{\"@type\":\"ListItem\",\"position\":2,\"name\":\"O Porto em Conversa &#8211; Mar\u00e7o 2011\"}]},{\"@type\":\"WebSite\",\"@id\":\"https:\\\/\\\/osmeusapontamentos.com\\\/#website\",\"url\":\"https:\\\/\\\/osmeusapontamentos.com\\\/\",\"name\":\"Os Meus Apontamentos\",\"description\":\"\",\"publisher\":{\"@id\":\"https:\\\/\\\/osmeusapontamentos.com\\\/#\\\/schema\\\/person\\\/d508df9c3ffc8b4e64a18dbf0ba18dd8\"},\"potentialAction\":[{\"@type\":\"SearchAction\",\"target\":{\"@type\":\"EntryPoint\",\"urlTemplate\":\"https:\\\/\\\/osmeusapontamentos.com\\\/?s={search_term_string}\"},\"query-input\":{\"@type\":\"PropertyValueSpecification\",\"valueRequired\":true,\"valueName\":\"search_term_string\"}}],\"inLanguage\":\"pt-PT\"},{\"@type\":[\"Person\",\"Organization\"],\"@id\":\"https:\\\/\\\/osmeusapontamentos.com\\\/#\\\/schema\\\/person\\\/d508df9c3ffc8b4e64a18dbf0ba18dd8\",\"name\":\"Vitor Silva\",\"image\":{\"@type\":\"ImageObject\",\"inLanguage\":\"pt-PT\",\"@id\":\"https:\\\/\\\/secure.gravatar.com\\\/avatar\\\/f81f58ad909e8a213ab0a690f6ed65e5c0e0e2274bf35ac49ff31d7988d483ce?s=96&d=mm&r=g\",\"url\":\"https:\\\/\\\/secure.gravatar.com\\\/avatar\\\/f81f58ad909e8a213ab0a690f6ed65e5c0e0e2274bf35ac49ff31d7988d483ce?s=96&d=mm&r=g\",\"contentUrl\":\"https:\\\/\\\/secure.gravatar.com\\\/avatar\\\/f81f58ad909e8a213ab0a690f6ed65e5c0e0e2274bf35ac49ff31d7988d483ce?s=96&d=mm&r=g\",\"caption\":\"Vitor Silva\"},\"logo\":{\"@id\":\"https:\\\/\\\/secure.gravatar.com\\\/avatar\\\/f81f58ad909e8a213ab0a690f6ed65e5c0e0e2274bf35ac49ff31d7988d483ce?s=96&d=mm&r=g\"},\"sameAs\":[\"https:\\\/\\\/www.linkedin.com\\\/in\\\/vitormrsilva\",\"https:\\\/\\\/x.com\\\/vitorsilva\"]}]}<\/script>\n<!-- \/ Yoast SEO plugin. -->","yoast_head_json":{"title":"O Porto em Conversa - Mar\u00e7o 2011 - Os Meus Apontamentos","robots":{"index":"index","follow":"follow","max-snippet":"max-snippet:-1","max-image-preview":"max-image-preview:large","max-video-preview":"max-video-preview:-1"},"canonical":"https:\/\/osmeusapontamentos.com\/index.php\/2011\/03\/30\/o-porto-em-conversa-marco-2011\/","og_locale":"pt_PT","og_type":"article","og_title":"O Porto em Conversa - Mar\u00e7o 2011 - Os Meus Apontamentos","og_description":"De volta com felicidade Nos \u00faltimos tempos as minhas entrevistas t\u00eam estado um pouco paradas por causa de alguns outros projectos em que estou envolvido&#8230; Um deles est\u00e1 dispon\u00edvel desde ontem em talks20.com&#8230; mas mais sobre isso no fim da mensagem. Desde o \u00faltimo email, que foi no fim de novembro-2010, muitas coisas apareceram pelo [&hellip;]","og_url":"https:\/\/osmeusapontamentos.com\/index.php\/2011\/03\/30\/o-porto-em-conversa-marco-2011\/","og_site_name":"Os Meus Apontamentos","article_published_time":"2011-03-30T21:39:26+00:00","og_image":[{"url":"http:\/\/www.oportoemconversa.com\/wp-content\/uploads\/2011\/03\/hcwl01.png","type":"","width":"","height":""}],"author":"Vitor Silva","twitter_card":"summary_large_image","twitter_creator":"@vitorsilva","twitter_site":"@vitorsilva","twitter_misc":{"Escrito por":"Vitor Silva","Tempo estimado de leitura":"2 minutos"},"schema":{"@context":"https:\/\/schema.org","@graph":[{"@type":"Article","@id":"https:\/\/osmeusapontamentos.com\/index.php\/2011\/03\/30\/o-porto-em-conversa-marco-2011\/#article","isPartOf":{"@id":"https:\/\/osmeusapontamentos.com\/index.php\/2011\/03\/30\/o-porto-em-conversa-marco-2011\/"},"author":{"name":"Vitor Silva","@id":"https:\/\/osmeusapontamentos.com\/#\/schema\/person\/d508df9c3ffc8b4e64a18dbf0ba18dd8"},"headline":"O Porto em Conversa &#8211; Mar\u00e7o 2011","datePublished":"2011-03-30T21:39:26+00:00","mainEntityOfPage":{"@id":"https:\/\/osmeusapontamentos.com\/index.php\/2011\/03\/30\/o-porto-em-conversa-marco-2011\/"},"wordCount":462,"commentCount":0,"publisher":{"@id":"https:\/\/osmeusapontamentos.com\/#\/schema\/person\/d508df9c3ffc8b4e64a18dbf0ba18dd8"},"image":{"@id":"https:\/\/osmeusapontamentos.com\/index.php\/2011\/03\/30\/o-porto-em-conversa-marco-2011\/#primaryimage"},"thumbnailUrl":"http:\/\/www.oportoemconversa.com\/wp-content\/uploads\/2011\/03\/hcwl01.png","keywords":["podcast"],"articleSection":["Ler\/ Ver\/ Ouvir\/ Passear"],"inLanguage":"pt-PT","potentialAction":[{"@type":"CommentAction","name":"Comment","target":["https:\/\/osmeusapontamentos.com\/index.php\/2011\/03\/30\/o-porto-em-conversa-marco-2011\/#respond"]}]},{"@type":"WebPage","@id":"https:\/\/osmeusapontamentos.com\/index.php\/2011\/03\/30\/o-porto-em-conversa-marco-2011\/","url":"https:\/\/osmeusapontamentos.com\/index.php\/2011\/03\/30\/o-porto-em-conversa-marco-2011\/","name":"O Porto em Conversa - Mar\u00e7o 2011 - Os Meus Apontamentos","isPartOf":{"@id":"https:\/\/osmeusapontamentos.com\/#website"},"primaryImageOfPage":{"@id":"https:\/\/osmeusapontamentos.com\/index.php\/2011\/03\/30\/o-porto-em-conversa-marco-2011\/#primaryimage"},"image":{"@id":"https:\/\/osmeusapontamentos.com\/index.php\/2011\/03\/30\/o-porto-em-conversa-marco-2011\/#primaryimage"},"thumbnailUrl":"http:\/\/www.oportoemconversa.com\/wp-content\/uploads\/2011\/03\/hcwl01.png","datePublished":"2011-03-30T21:39:26+00:00","breadcrumb":{"@id":"https:\/\/osmeusapontamentos.com\/index.php\/2011\/03\/30\/o-porto-em-conversa-marco-2011\/#breadcrumb"},"inLanguage":"pt-PT","potentialAction":[{"@type":"ReadAction","target":["https:\/\/osmeusapontamentos.com\/index.php\/2011\/03\/30\/o-porto-em-conversa-marco-2011\/"]}]},{"@type":"ImageObject","inLanguage":"pt-PT","@id":"https:\/\/osmeusapontamentos.com\/index.php\/2011\/03\/30\/o-porto-em-conversa-marco-2011\/#primaryimage","url":"http:\/\/www.oportoemconversa.com\/wp-content\/uploads\/2011\/03\/hcwl01.png","contentUrl":"http:\/\/www.oportoemconversa.com\/wp-content\/uploads\/2011\/03\/hcwl01.png"},{"@type":"BreadcrumbList","@id":"https:\/\/osmeusapontamentos.com\/index.php\/2011\/03\/30\/o-porto-em-conversa-marco-2011\/#breadcrumb","itemListElement":[{"@type":"ListItem","position":1,"name":"In\u00edcio","item":"https:\/\/osmeusapontamentos.com\/"},{"@type":"ListItem","position":2,"name":"O Porto em Conversa &#8211; Mar\u00e7o 2011"}]},{"@type":"WebSite","@id":"https:\/\/osmeusapontamentos.com\/#website","url":"https:\/\/osmeusapontamentos.com\/","name":"Os Meus Apontamentos","description":"","publisher":{"@id":"https:\/\/osmeusapontamentos.com\/#\/schema\/person\/d508df9c3ffc8b4e64a18dbf0ba18dd8"},"potentialAction":[{"@type":"SearchAction","target":{"@type":"EntryPoint","urlTemplate":"https:\/\/osmeusapontamentos.com\/?s={search_term_string}"},"query-input":{"@type":"PropertyValueSpecification","valueRequired":true,"valueName":"search_term_string"}}],"inLanguage":"pt-PT"},{"@type":["Person","Organization"],"@id":"https:\/\/osmeusapontamentos.com\/#\/schema\/person\/d508df9c3ffc8b4e64a18dbf0ba18dd8","name":"Vitor Silva","image":{"@type":"ImageObject","inLanguage":"pt-PT","@id":"https:\/\/secure.gravatar.com\/avatar\/f81f58ad909e8a213ab0a690f6ed65e5c0e0e2274bf35ac49ff31d7988d483ce?s=96&d=mm&r=g","url":"https:\/\/secure.gravatar.com\/avatar\/f81f58ad909e8a213ab0a690f6ed65e5c0e0e2274bf35ac49ff31d7988d483ce?s=96&d=mm&r=g","contentUrl":"https:\/\/secure.gravatar.com\/avatar\/f81f58ad909e8a213ab0a690f6ed65e5c0e0e2274bf35ac49ff31d7988d483ce?s=96&d=mm&r=g","caption":"Vitor Silva"},"logo":{"@id":"https:\/\/secure.gravatar.com\/avatar\/f81f58ad909e8a213ab0a690f6ed65e5c0e0e2274bf35ac49ff31d7988d483ce?s=96&d=mm&r=g"},"sameAs":["https:\/\/www.linkedin.com\/in\/vitormrsilva","https:\/\/x.com\/vitorsilva"]}]}},"_links":{"self":[{"href":"https:\/\/osmeusapontamentos.com\/index.php\/wp-json\/wp\/v2\/posts\/2813","targetHints":{"allow":["GET"]}}],"collection":[{"href":"https:\/\/osmeusapontamentos.com\/index.php\/wp-json\/wp\/v2\/posts"}],"about":[{"href":"https:\/\/osmeusapontamentos.com\/index.php\/wp-json\/wp\/v2\/types\/post"}],"author":[{"embeddable":true,"href":"https:\/\/osmeusapontamentos.com\/index.php\/wp-json\/wp\/v2\/users\/1"}],"replies":[{"embeddable":true,"href":"https:\/\/osmeusapontamentos.com\/index.php\/wp-json\/wp\/v2\/comments?post=2813"}],"version-history":[{"count":0,"href":"https:\/\/osmeusapontamentos.com\/index.php\/wp-json\/wp\/v2\/posts\/2813\/revisions"}],"wp:attachment":[{"href":"https:\/\/osmeusapontamentos.com\/index.php\/wp-json\/wp\/v2\/media?parent=2813"}],"wp:term":[{"taxonomy":"category","embeddable":true,"href":"https:\/\/osmeusapontamentos.com\/index.php\/wp-json\/wp\/v2\/categories?post=2813"},{"taxonomy":"post_tag","embeddable":true,"href":"https:\/\/osmeusapontamentos.com\/index.php\/wp-json\/wp\/v2\/tags?post=2813"}],"curies":[{"name":"wp","href":"https:\/\/api.w.org\/{rel}","templated":true}]}}