{"id":2580,"date":"2010-10-16T13:15:07","date_gmt":"2010-10-16T13:15:07","guid":{"rendered":"http:\/\/osmeusapontamentos.com\/?p=2580"},"modified":"2010-10-16T13:15:07","modified_gmt":"2010-10-16T13:15:07","slug":"e-oficial-sou-um-pobretanas","status":"publish","type":"post","link":"https:\/\/osmeusapontamentos.com\/index.php\/2010\/10\/16\/e-oficial-sou-um-pobretanas\/","title":{"rendered":"\u00c9 oficial, sou um pobretanas"},"content":{"rendered":"<p>Hoje ao ver a reportagem da rtp sobre as novas medidas do or\u00e7amento e quanto elas v\u00e3o afectar os nossos bolsos percebi que sou um pobretanas.<br \/>\nPercebi isso ao ver os cen\u00e1rios que apresentavam para ilustrar o quanto vamos pagar mais.<\/p>\n<p>Ele era o solteiro sem filhos com rendimento anual bruto de 40.000 euros ou a familia com 2 filhos de mais de tr\u00eas anos e rendimento anual bruto de 80.000 euros ou o pensionista casado sem filhos ed 50.000 euros.<\/p>\n<p><object classid=\"clsid:d27cdb6e-ae6d-11cf-96b8-444553540000\" width=\"491\" height=\"401\" codebase=\"http:\/\/download.macromedia.com\/pub\/shockwave\/cabs\/flash\/swflash.cab#version=6,0,40,0\"><param name=\"bgcolor\" value=\"#ffffff\" \/><param name=\"flashvars\" value=\"image=http:\/\/img0.rtp.pt\/icm\/noticias\/images\/53\/53173d44c0165c54a2919250235e5967_N.jpg&amp;streamer=rtmp:\/\/video2.rtp.pt\/flv\/RTPFiles&amp;file=\/informacao\/simulacaoirs_66402.flv\" \/><param name=\"src\" value=\"http:\/\/www.rtp.pt\/noticias\/player.swf?image=http:\/\/img0.rtp.pt\/icm\/noticias\/images\/53\/53173d44c0165c54a2919250235e5967_N.jpg&amp;streamer=rtmp:\/\/video2.rtp.pt\/flv\/RTPFiles&amp;file=\/informacao\/simulacaoirs_66402.flv\" \/><param name=\"allowfullscreen\" value=\"true\" \/><embed type=\"application\/x-shockwave-flash\" width=\"491\" height=\"401\" src=\"http:\/\/www.rtp.pt\/noticias\/player.swf?image=http:\/\/img0.rtp.pt\/icm\/noticias\/images\/53\/53173d44c0165c54a2919250235e5967_N.jpg&amp;streamer=rtmp:\/\/video2.rtp.pt\/flv\/RTPFiles&amp;file=\/informacao\/simulacaoirs_66402.flv\" allowfullscreen=\"true\" flashvars=\"image=http:\/\/img0.rtp.pt\/icm\/noticias\/images\/53\/53173d44c0165c54a2919250235e5967_N.jpg&amp;streamer=rtmp:\/\/video2.rtp.pt\/flv\/RTPFiles&amp;file=\/informacao\/simulacaoirs_66402.flv\" bgcolor=\"#ffffff\"><\/embed><\/object><\/p>\n<p>Como sou eu que costumo preencher os impressos do irs fiquei com a ideia que isto dava valores mensais granditos&#8230; fui fazer as contas e realmente estamos a falar de um solteiro que ganha &gt;<strong>2850\u20ac\/m\u00eas <\/strong>(considerando 14 meses) ou o pensionista que ganha &gt;3570\/m\u00eas ou familia de pensionistas em que cada um ganha &gt;<strong>1785\u20ac<\/strong>\/m\u00eas (n\u00e3o percebi se este valor era para uma pessoa ou para um casal).<\/p>\n<p>Algum enquadramento<br \/>\nnoticia de 2007 &#8211; <a href=\"http:\/\/www.mundolusiada.com.br\/COLUNAS\/ml_artigo_365.htm\">Dizem as estat\u00edsticas que o sal\u00e1rio m\u00e9dio dos portugueses \u00e9 de 840 euros <\/a><br \/>\nnoticia de 2010 &#8211;\u00a0<a href=\"http:\/\/www.cmjornal.xl.pt\/noticia.aspx?channelid=00000181-0000-0000-0000-000000000181&amp;contentid=E712FCB3-734F-4297-A3C3-B173673935A4&amp;h=8\">O sal\u00e1rio m\u00e9dio em Portugal situa-se actualmente nos 894 euros<\/a><br \/>\nnot\u00edcia de 2009 &#8211; <a href=\"http:\/\/resistir.info\/e_rosa\/pensoes_2008_09.html\">A pens\u00e3o m\u00e9dia em Portugal \u00e9 actualmente apenas de 404,61\u20ac e em 2009<\/a><\/p>\n<p>Claro que estes valores foram publicados por uma consultora&#8230; se calhar tem a ver com a realidade deles, mas sempre pensei que o trabalho dos jornalistas fosse arranjar hist\u00f3rias e contextos que o resto dos cidad\u00e3os se conseguisse relacionar.<\/p>\n","protected":false},"excerpt":{"rendered":"<p>Hoje ao ver a reportagem da rtp sobre as novas medidas do or\u00e7amento e quanto elas v\u00e3o afectar os nossos bolsos percebi que sou um pobretanas. Percebi isso ao ver os cen\u00e1rios que apresentavam para ilustrar o quanto vamos pagar mais. Ele era o solteiro sem filhos com rendimento anual bruto de 40.000 euros ou [&hellip;]<\/p>\n","protected":false},"author":1,"featured_media":0,"comment_status":"open","ping_status":"open","sticky":false,"template":"","format":"standard","meta":{"footnotes":""},"categories":[7],"tags":[342,474],"class_list":["post-2580","post","type-post","status-publish","format-standard","hentry","category-ler-ver-ouvir-passear","tag-jornaismo","tag-orcamento"],"yoast_head":"<!-- This site is optimized with the Yoast SEO plugin v27.5 - https:\/\/yoast.com\/product\/yoast-seo-wordpress\/ -->\n<title>\u00c9 oficial, sou um pobretanas - Os Meus Apontamentos<\/title>\n<meta name=\"robots\" content=\"index, follow, max-snippet:-1, max-image-preview:large, max-video-preview:-1\" \/>\n<link rel=\"canonical\" href=\"https:\/\/osmeusapontamentos.com\/index.php\/2010\/10\/16\/e-oficial-sou-um-pobretanas\/\" \/>\n<meta property=\"og:locale\" content=\"pt_PT\" \/>\n<meta property=\"og:type\" content=\"article\" \/>\n<meta property=\"og:title\" content=\"\u00c9 oficial, sou um pobretanas - Os Meus Apontamentos\" \/>\n<meta property=\"og:description\" content=\"Hoje ao ver a reportagem da rtp sobre as novas medidas do or\u00e7amento e quanto elas v\u00e3o afectar os nossos bolsos percebi que sou um pobretanas. Percebi isso ao ver os cen\u00e1rios que apresentavam para ilustrar o quanto vamos pagar mais. Ele era o solteiro sem filhos com rendimento anual bruto de 40.000 euros ou [&hellip;]\" \/>\n<meta property=\"og:url\" content=\"https:\/\/osmeusapontamentos.com\/index.php\/2010\/10\/16\/e-oficial-sou-um-pobretanas\/\" \/>\n<meta property=\"og:site_name\" content=\"Os Meus Apontamentos\" \/>\n<meta property=\"article:published_time\" content=\"2010-10-16T13:15:07+00:00\" \/>\n<meta name=\"author\" content=\"Vitor Silva\" \/>\n<meta name=\"twitter:card\" content=\"summary_large_image\" \/>\n<meta name=\"twitter:creator\" content=\"@vitorsilva\" \/>\n<meta name=\"twitter:site\" content=\"@vitorsilva\" \/>\n<meta name=\"twitter:label1\" content=\"Escrito por\" \/>\n\t<meta name=\"twitter:data1\" content=\"Vitor Silva\" \/>\n\t<meta name=\"twitter:label2\" content=\"Tempo estimado de leitura\" \/>\n\t<meta name=\"twitter:data2\" content=\"1 minuto\" \/>\n<script type=\"application\/ld+json\" class=\"yoast-schema-graph\">{\"@context\":\"https:\\\/\\\/schema.org\",\"@graph\":[{\"@type\":\"Article\",\"@id\":\"https:\\\/\\\/osmeusapontamentos.com\\\/index.php\\\/2010\\\/10\\\/16\\\/e-oficial-sou-um-pobretanas\\\/#article\",\"isPartOf\":{\"@id\":\"https:\\\/\\\/osmeusapontamentos.com\\\/index.php\\\/2010\\\/10\\\/16\\\/e-oficial-sou-um-pobretanas\\\/\"},\"author\":{\"name\":\"Vitor Silva\",\"@id\":\"https:\\\/\\\/osmeusapontamentos.com\\\/#\\\/schema\\\/person\\\/d508df9c3ffc8b4e64a18dbf0ba18dd8\"},\"headline\":\"\u00c9 oficial, sou um pobretanas\",\"datePublished\":\"2010-10-16T13:15:07+00:00\",\"mainEntityOfPage\":{\"@id\":\"https:\\\/\\\/osmeusapontamentos.com\\\/index.php\\\/2010\\\/10\\\/16\\\/e-oficial-sou-um-pobretanas\\\/\"},\"wordCount\":248,\"commentCount\":1,\"publisher\":{\"@id\":\"https:\\\/\\\/osmeusapontamentos.com\\\/#\\\/schema\\\/person\\\/d508df9c3ffc8b4e64a18dbf0ba18dd8\"},\"keywords\":[\"jornaismo\",\"or\u00e7amento\"],\"articleSection\":[\"Ler\\\/ Ver\\\/ Ouvir\\\/ Passear\"],\"inLanguage\":\"pt-PT\",\"potentialAction\":[{\"@type\":\"CommentAction\",\"name\":\"Comment\",\"target\":[\"https:\\\/\\\/osmeusapontamentos.com\\\/index.php\\\/2010\\\/10\\\/16\\\/e-oficial-sou-um-pobretanas\\\/#respond\"]}]},{\"@type\":\"WebPage\",\"@id\":\"https:\\\/\\\/osmeusapontamentos.com\\\/index.php\\\/2010\\\/10\\\/16\\\/e-oficial-sou-um-pobretanas\\\/\",\"url\":\"https:\\\/\\\/osmeusapontamentos.com\\\/index.php\\\/2010\\\/10\\\/16\\\/e-oficial-sou-um-pobretanas\\\/\",\"name\":\"\u00c9 oficial, sou um pobretanas - Os Meus Apontamentos\",\"isPartOf\":{\"@id\":\"https:\\\/\\\/osmeusapontamentos.com\\\/#website\"},\"datePublished\":\"2010-10-16T13:15:07+00:00\",\"breadcrumb\":{\"@id\":\"https:\\\/\\\/osmeusapontamentos.com\\\/index.php\\\/2010\\\/10\\\/16\\\/e-oficial-sou-um-pobretanas\\\/#breadcrumb\"},\"inLanguage\":\"pt-PT\",\"potentialAction\":[{\"@type\":\"ReadAction\",\"target\":[\"https:\\\/\\\/osmeusapontamentos.com\\\/index.php\\\/2010\\\/10\\\/16\\\/e-oficial-sou-um-pobretanas\\\/\"]}]},{\"@type\":\"BreadcrumbList\",\"@id\":\"https:\\\/\\\/osmeusapontamentos.com\\\/index.php\\\/2010\\\/10\\\/16\\\/e-oficial-sou-um-pobretanas\\\/#breadcrumb\",\"itemListElement\":[{\"@type\":\"ListItem\",\"position\":1,\"name\":\"In\u00edcio\",\"item\":\"https:\\\/\\\/osmeusapontamentos.com\\\/\"},{\"@type\":\"ListItem\",\"position\":2,\"name\":\"\u00c9 oficial, sou um pobretanas\"}]},{\"@type\":\"WebSite\",\"@id\":\"https:\\\/\\\/osmeusapontamentos.com\\\/#website\",\"url\":\"https:\\\/\\\/osmeusapontamentos.com\\\/\",\"name\":\"Os Meus Apontamentos\",\"description\":\"\",\"publisher\":{\"@id\":\"https:\\\/\\\/osmeusapontamentos.com\\\/#\\\/schema\\\/person\\\/d508df9c3ffc8b4e64a18dbf0ba18dd8\"},\"potentialAction\":[{\"@type\":\"SearchAction\",\"target\":{\"@type\":\"EntryPoint\",\"urlTemplate\":\"https:\\\/\\\/osmeusapontamentos.com\\\/?s={search_term_string}\"},\"query-input\":{\"@type\":\"PropertyValueSpecification\",\"valueRequired\":true,\"valueName\":\"search_term_string\"}}],\"inLanguage\":\"pt-PT\"},{\"@type\":[\"Person\",\"Organization\"],\"@id\":\"https:\\\/\\\/osmeusapontamentos.com\\\/#\\\/schema\\\/person\\\/d508df9c3ffc8b4e64a18dbf0ba18dd8\",\"name\":\"Vitor Silva\",\"image\":{\"@type\":\"ImageObject\",\"inLanguage\":\"pt-PT\",\"@id\":\"https:\\\/\\\/secure.gravatar.com\\\/avatar\\\/f81f58ad909e8a213ab0a690f6ed65e5c0e0e2274bf35ac49ff31d7988d483ce?s=96&d=mm&r=g\",\"url\":\"https:\\\/\\\/secure.gravatar.com\\\/avatar\\\/f81f58ad909e8a213ab0a690f6ed65e5c0e0e2274bf35ac49ff31d7988d483ce?s=96&d=mm&r=g\",\"contentUrl\":\"https:\\\/\\\/secure.gravatar.com\\\/avatar\\\/f81f58ad909e8a213ab0a690f6ed65e5c0e0e2274bf35ac49ff31d7988d483ce?s=96&d=mm&r=g\",\"caption\":\"Vitor Silva\"},\"logo\":{\"@id\":\"https:\\\/\\\/secure.gravatar.com\\\/avatar\\\/f81f58ad909e8a213ab0a690f6ed65e5c0e0e2274bf35ac49ff31d7988d483ce?s=96&d=mm&r=g\"},\"sameAs\":[\"https:\\\/\\\/www.linkedin.com\\\/in\\\/vitormrsilva\",\"https:\\\/\\\/x.com\\\/vitorsilva\"]}]}<\/script>\n<!-- \/ Yoast SEO plugin. -->","yoast_head_json":{"title":"\u00c9 oficial, sou um pobretanas - Os Meus Apontamentos","robots":{"index":"index","follow":"follow","max-snippet":"max-snippet:-1","max-image-preview":"max-image-preview:large","max-video-preview":"max-video-preview:-1"},"canonical":"https:\/\/osmeusapontamentos.com\/index.php\/2010\/10\/16\/e-oficial-sou-um-pobretanas\/","og_locale":"pt_PT","og_type":"article","og_title":"\u00c9 oficial, sou um pobretanas - Os Meus Apontamentos","og_description":"Hoje ao ver a reportagem da rtp sobre as novas medidas do or\u00e7amento e quanto elas v\u00e3o afectar os nossos bolsos percebi que sou um pobretanas. Percebi isso ao ver os cen\u00e1rios que apresentavam para ilustrar o quanto vamos pagar mais. Ele era o solteiro sem filhos com rendimento anual bruto de 40.000 euros ou [&hellip;]","og_url":"https:\/\/osmeusapontamentos.com\/index.php\/2010\/10\/16\/e-oficial-sou-um-pobretanas\/","og_site_name":"Os Meus Apontamentos","article_published_time":"2010-10-16T13:15:07+00:00","author":"Vitor Silva","twitter_card":"summary_large_image","twitter_creator":"@vitorsilva","twitter_site":"@vitorsilva","twitter_misc":{"Escrito por":"Vitor Silva","Tempo estimado de leitura":"1 minuto"},"schema":{"@context":"https:\/\/schema.org","@graph":[{"@type":"Article","@id":"https:\/\/osmeusapontamentos.com\/index.php\/2010\/10\/16\/e-oficial-sou-um-pobretanas\/#article","isPartOf":{"@id":"https:\/\/osmeusapontamentos.com\/index.php\/2010\/10\/16\/e-oficial-sou-um-pobretanas\/"},"author":{"name":"Vitor Silva","@id":"https:\/\/osmeusapontamentos.com\/#\/schema\/person\/d508df9c3ffc8b4e64a18dbf0ba18dd8"},"headline":"\u00c9 oficial, sou um pobretanas","datePublished":"2010-10-16T13:15:07+00:00","mainEntityOfPage":{"@id":"https:\/\/osmeusapontamentos.com\/index.php\/2010\/10\/16\/e-oficial-sou-um-pobretanas\/"},"wordCount":248,"commentCount":1,"publisher":{"@id":"https:\/\/osmeusapontamentos.com\/#\/schema\/person\/d508df9c3ffc8b4e64a18dbf0ba18dd8"},"keywords":["jornaismo","or\u00e7amento"],"articleSection":["Ler\/ Ver\/ Ouvir\/ Passear"],"inLanguage":"pt-PT","potentialAction":[{"@type":"CommentAction","name":"Comment","target":["https:\/\/osmeusapontamentos.com\/index.php\/2010\/10\/16\/e-oficial-sou-um-pobretanas\/#respond"]}]},{"@type":"WebPage","@id":"https:\/\/osmeusapontamentos.com\/index.php\/2010\/10\/16\/e-oficial-sou-um-pobretanas\/","url":"https:\/\/osmeusapontamentos.com\/index.php\/2010\/10\/16\/e-oficial-sou-um-pobretanas\/","name":"\u00c9 oficial, sou um pobretanas - Os Meus Apontamentos","isPartOf":{"@id":"https:\/\/osmeusapontamentos.com\/#website"},"datePublished":"2010-10-16T13:15:07+00:00","breadcrumb":{"@id":"https:\/\/osmeusapontamentos.com\/index.php\/2010\/10\/16\/e-oficial-sou-um-pobretanas\/#breadcrumb"},"inLanguage":"pt-PT","potentialAction":[{"@type":"ReadAction","target":["https:\/\/osmeusapontamentos.com\/index.php\/2010\/10\/16\/e-oficial-sou-um-pobretanas\/"]}]},{"@type":"BreadcrumbList","@id":"https:\/\/osmeusapontamentos.com\/index.php\/2010\/10\/16\/e-oficial-sou-um-pobretanas\/#breadcrumb","itemListElement":[{"@type":"ListItem","position":1,"name":"In\u00edcio","item":"https:\/\/osmeusapontamentos.com\/"},{"@type":"ListItem","position":2,"name":"\u00c9 oficial, sou um pobretanas"}]},{"@type":"WebSite","@id":"https:\/\/osmeusapontamentos.com\/#website","url":"https:\/\/osmeusapontamentos.com\/","name":"Os Meus Apontamentos","description":"","publisher":{"@id":"https:\/\/osmeusapontamentos.com\/#\/schema\/person\/d508df9c3ffc8b4e64a18dbf0ba18dd8"},"potentialAction":[{"@type":"SearchAction","target":{"@type":"EntryPoint","urlTemplate":"https:\/\/osmeusapontamentos.com\/?s={search_term_string}"},"query-input":{"@type":"PropertyValueSpecification","valueRequired":true,"valueName":"search_term_string"}}],"inLanguage":"pt-PT"},{"@type":["Person","Organization"],"@id":"https:\/\/osmeusapontamentos.com\/#\/schema\/person\/d508df9c3ffc8b4e64a18dbf0ba18dd8","name":"Vitor Silva","image":{"@type":"ImageObject","inLanguage":"pt-PT","@id":"https:\/\/secure.gravatar.com\/avatar\/f81f58ad909e8a213ab0a690f6ed65e5c0e0e2274bf35ac49ff31d7988d483ce?s=96&d=mm&r=g","url":"https:\/\/secure.gravatar.com\/avatar\/f81f58ad909e8a213ab0a690f6ed65e5c0e0e2274bf35ac49ff31d7988d483ce?s=96&d=mm&r=g","contentUrl":"https:\/\/secure.gravatar.com\/avatar\/f81f58ad909e8a213ab0a690f6ed65e5c0e0e2274bf35ac49ff31d7988d483ce?s=96&d=mm&r=g","caption":"Vitor Silva"},"logo":{"@id":"https:\/\/secure.gravatar.com\/avatar\/f81f58ad909e8a213ab0a690f6ed65e5c0e0e2274bf35ac49ff31d7988d483ce?s=96&d=mm&r=g"},"sameAs":["https:\/\/www.linkedin.com\/in\/vitormrsilva","https:\/\/x.com\/vitorsilva"]}]}},"_links":{"self":[{"href":"https:\/\/osmeusapontamentos.com\/index.php\/wp-json\/wp\/v2\/posts\/2580","targetHints":{"allow":["GET"]}}],"collection":[{"href":"https:\/\/osmeusapontamentos.com\/index.php\/wp-json\/wp\/v2\/posts"}],"about":[{"href":"https:\/\/osmeusapontamentos.com\/index.php\/wp-json\/wp\/v2\/types\/post"}],"author":[{"embeddable":true,"href":"https:\/\/osmeusapontamentos.com\/index.php\/wp-json\/wp\/v2\/users\/1"}],"replies":[{"embeddable":true,"href":"https:\/\/osmeusapontamentos.com\/index.php\/wp-json\/wp\/v2\/comments?post=2580"}],"version-history":[{"count":0,"href":"https:\/\/osmeusapontamentos.com\/index.php\/wp-json\/wp\/v2\/posts\/2580\/revisions"}],"wp:attachment":[{"href":"https:\/\/osmeusapontamentos.com\/index.php\/wp-json\/wp\/v2\/media?parent=2580"}],"wp:term":[{"taxonomy":"category","embeddable":true,"href":"https:\/\/osmeusapontamentos.com\/index.php\/wp-json\/wp\/v2\/categories?post=2580"},{"taxonomy":"post_tag","embeddable":true,"href":"https:\/\/osmeusapontamentos.com\/index.php\/wp-json\/wp\/v2\/tags?post=2580"}],"curies":[{"name":"wp","href":"https:\/\/api.w.org\/{rel}","templated":true}]}}