{"id":2561,"date":"2009-05-06T21:45:14","date_gmt":"2009-05-06T21:45:14","guid":{"rendered":"http:\/\/osmeusapontamentos.com\/?p=2561"},"modified":"2009-05-06T21:45:14","modified_gmt":"2009-05-06T21:45:14","slug":"conversa-com-catarina-martins-guiao","status":"publish","type":"post","link":"https:\/\/osmeusapontamentos.com\/index.php\/2009\/05\/06\/conversa-com-catarina-martins-guiao\/","title":{"rendered":"Conversa com Catarina Martins &#8211; gui\u00e3o"},"content":{"rendered":"<p>Desta vez n\u00e3o consegui publicar o gui\u00e3o a tempo. Outros projectos ocuparam-me algum tempo e tive que preparar tudo muito a correr.<\/p>\n<p>apresenta\u00e7\u00e3o do <a href=\"http:\/\/www.visoesuteis.pt\/\">vis\u00f5es \u00fateis<\/a><\/p>\n<p>\u00faltimos 2 projectos:<br \/>\n:: Os ossos de que \u00e9 feita a pedra &#8211; Santiago de Compostela, primeiro trimestre de 2009 Audiowalk<br \/>\n:: O Anzol de Gemma Rodr\u00edguez. &#8211; Vila real<\/p>\n<p>&gt;&gt;jo\u00e3o fernandes dir museu serralves &#8220;cidade [porto] n\u00e3o oferece condi\u00e7\u00f5es de trabalho para os artistas&#8221;<br \/>\ncomo comparas com as 2 ultimas experiencias de trabalho a nivel de infraestruturas e apoios?<\/p>\n<p>infraestruturas de cria\u00e7\u00e3o vs infraestruturas de publica\u00e7\u00e3o\/promo\u00e7\u00e3o? ainda falta alguma coisa? h\u00e1 desadequa\u00e7\u00e3o do que \u00e9 constru\u00eddo (como \u00e9 constru\u00eddo) em rela\u00e7\u00e3o ao que \u00e9 necess\u00e1rio?<\/p>\n<p>para alem das infraestruturas \u00e9 cada vez mais importante po-las a trabalhar em rede. como criar essa rede (j\u00e1 existe?) e p\u00f4-la a funcionar?<\/p>\n<p>papel dos municipios na gest\u00e3o dessa infraestrutura e\/ou promo\u00e7\u00e3o da rede? (papel de uma freguesia?)<\/p>\n<p>como enquadrar o papel de um\u00a0 municipio que tenha tido investimento nacional? certamente que uma cidade que teve um apoio nacional especifico para criar \/ recuperar infraestruturas tem uma responsabilidade geografica diferente do municipio que criou essas infraestruturas recorrendo \u00e0s transferencias normais estado \/ municipios<\/p>\n<p>o que \u00e9 ent\u00e3o um teatro municipal?<br \/>\n-&gt; teatro como montra das novidades ou cl\u00e1ssicos?<br \/>\n-&gt; teatro como espa\u00e7o para companhias \/ pe\u00e7as conceituadas vs primeiras apresenta\u00e7\u00f5es?<br \/>\n-&gt; entretenimento vs aprendizagem<\/p>\n<p>================<\/p>\n<p>uma discuss\u00e3o sempre presente \u00e9 a do dinheiro, n\u00e3o necessariamente\u00a0 subsidios mas saber como sustentar economicamente uma produ\u00e7\u00e3o cultural.<br \/>\npegando por exemplo nos vossos ultimos 2 projectos. como os conseguiram? &#8220;tem mesmo que haver uma ideia economicamente vend\u00e1vel&#8221; (Nuno Azevedo um dos administradores da funda\u00e7\u00e3o casa da musica)<\/p>\n<p>qual o papel dos criadores ou estruturas que os englobam na estrutura\u00e7\u00e3o desse tipo de proposta? h\u00e1 novas compet\u00eancias que essas estruturas precisam de ter de forma a conseguir manter uma actividade regular?<\/p>\n<p>ministro da Cultura, Jos\u00e9 Ant\u00f3nio Pinto Ribeiro,<br \/>\n&#8220;Os investidores s\u00e3o pessoas muito \u00e1geis e pr\u00e1ticas s\u00f3 investem naquilo que conhecem&#8221;. &#8220;o sector financeiro investe naquilo que conhece e tem resultados e n\u00e3o est\u00e1 disposto a investir no que n\u00e3o conhece e n\u00e3o compreende&#8221;. &#8220;a tarefa dos agentes culturais passa por qualificar os investidores, fazendo-os compreender que o neg\u00f3cio \u00e9 cred\u00edvel e pode ser rent\u00e1vel&#8221;.<\/p>\n<p>que indicadores h\u00e1 para medir o impacto da cultura? objectivos \/ subjectivos; directo \/ indirecto<\/p>\n<p>estrat\u00e9gias de apoio do municipio? apoio a grandes institui\u00e7\u00f5es ou a pequenas? ideia parecida com o microcr\u00e9dito?<br \/>\nmas como avaliamos o resultado econ\u00f3mico desse investimento?<\/p>\n<p>=&gt; grandes institui\u00e7\u00f5es como facilitadores de contactos e redes<\/p>\n","protected":false},"excerpt":{"rendered":"<p>Desta vez n\u00e3o consegui publicar o gui\u00e3o a tempo. Outros projectos ocuparam-me algum tempo e tive que preparar tudo muito a correr. apresenta\u00e7\u00e3o do vis\u00f5es \u00fateis \u00faltimos 2 projectos: :: Os ossos de que \u00e9 feita a pedra &#8211; Santiago de Compostela, primeiro trimestre de 2009 Audiowalk :: O Anzol de Gemma Rodr\u00edguez. &#8211; Vila [&hellip;]<\/p>\n","protected":false},"author":1,"featured_media":0,"comment_status":"open","ping_status":"open","sticky":false,"template":"","format":"standard","meta":{"footnotes":""},"categories":[7],"tags":[124,178,512],"class_list":["post-2561","post","type-post","status-publish","format-standard","hentry","category-ler-ver-ouvir-passear","tag-catarina-martins","tag-cultura","tag-plano-entrevista"],"yoast_head":"<!-- This site is optimized with the Yoast SEO plugin v27.5 - https:\/\/yoast.com\/product\/yoast-seo-wordpress\/ -->\n<title>Conversa com Catarina Martins - gui\u00e3o - Os Meus Apontamentos<\/title>\n<meta name=\"robots\" content=\"index, follow, max-snippet:-1, max-image-preview:large, max-video-preview:-1\" \/>\n<link rel=\"canonical\" href=\"https:\/\/osmeusapontamentos.com\/index.php\/2009\/05\/06\/conversa-com-catarina-martins-guiao\/\" \/>\n<meta property=\"og:locale\" content=\"pt_PT\" \/>\n<meta property=\"og:type\" content=\"article\" \/>\n<meta property=\"og:title\" content=\"Conversa com Catarina Martins - gui\u00e3o - Os Meus Apontamentos\" \/>\n<meta property=\"og:description\" content=\"Desta vez n\u00e3o consegui publicar o gui\u00e3o a tempo. Outros projectos ocuparam-me algum tempo e tive que preparar tudo muito a correr. apresenta\u00e7\u00e3o do vis\u00f5es \u00fateis \u00faltimos 2 projectos: :: Os ossos de que \u00e9 feita a pedra &#8211; Santiago de Compostela, primeiro trimestre de 2009 Audiowalk :: O Anzol de Gemma Rodr\u00edguez. &#8211; Vila [&hellip;]\" \/>\n<meta property=\"og:url\" content=\"https:\/\/osmeusapontamentos.com\/index.php\/2009\/05\/06\/conversa-com-catarina-martins-guiao\/\" \/>\n<meta property=\"og:site_name\" content=\"Os Meus Apontamentos\" \/>\n<meta property=\"article:published_time\" content=\"2009-05-06T21:45:14+00:00\" \/>\n<meta name=\"author\" content=\"Vitor Silva\" \/>\n<meta name=\"twitter:card\" content=\"summary_large_image\" \/>\n<meta name=\"twitter:creator\" content=\"@vitorsilva\" \/>\n<meta name=\"twitter:site\" content=\"@vitorsilva\" \/>\n<meta name=\"twitter:label1\" content=\"Escrito por\" \/>\n\t<meta name=\"twitter:data1\" content=\"Vitor Silva\" \/>\n\t<meta name=\"twitter:label2\" content=\"Tempo estimado de leitura\" \/>\n\t<meta name=\"twitter:data2\" content=\"2 minutos\" \/>\n<script type=\"application\/ld+json\" class=\"yoast-schema-graph\">{\"@context\":\"https:\\\/\\\/schema.org\",\"@graph\":[{\"@type\":\"Article\",\"@id\":\"https:\\\/\\\/osmeusapontamentos.com\\\/index.php\\\/2009\\\/05\\\/06\\\/conversa-com-catarina-martins-guiao\\\/#article\",\"isPartOf\":{\"@id\":\"https:\\\/\\\/osmeusapontamentos.com\\\/index.php\\\/2009\\\/05\\\/06\\\/conversa-com-catarina-martins-guiao\\\/\"},\"author\":{\"name\":\"Vitor Silva\",\"@id\":\"https:\\\/\\\/osmeusapontamentos.com\\\/#\\\/schema\\\/person\\\/d508df9c3ffc8b4e64a18dbf0ba18dd8\"},\"headline\":\"Conversa com Catarina Martins &#8211; gui\u00e3o\",\"datePublished\":\"2009-05-06T21:45:14+00:00\",\"mainEntityOfPage\":{\"@id\":\"https:\\\/\\\/osmeusapontamentos.com\\\/index.php\\\/2009\\\/05\\\/06\\\/conversa-com-catarina-martins-guiao\\\/\"},\"wordCount\":461,\"commentCount\":0,\"publisher\":{\"@id\":\"https:\\\/\\\/osmeusapontamentos.com\\\/#\\\/schema\\\/person\\\/d508df9c3ffc8b4e64a18dbf0ba18dd8\"},\"keywords\":[\"catarina martins\",\"cultura\",\"plano entrevista\"],\"articleSection\":[\"Ler\\\/ Ver\\\/ Ouvir\\\/ Passear\"],\"inLanguage\":\"pt-PT\",\"potentialAction\":[{\"@type\":\"CommentAction\",\"name\":\"Comment\",\"target\":[\"https:\\\/\\\/osmeusapontamentos.com\\\/index.php\\\/2009\\\/05\\\/06\\\/conversa-com-catarina-martins-guiao\\\/#respond\"]}]},{\"@type\":\"WebPage\",\"@id\":\"https:\\\/\\\/osmeusapontamentos.com\\\/index.php\\\/2009\\\/05\\\/06\\\/conversa-com-catarina-martins-guiao\\\/\",\"url\":\"https:\\\/\\\/osmeusapontamentos.com\\\/index.php\\\/2009\\\/05\\\/06\\\/conversa-com-catarina-martins-guiao\\\/\",\"name\":\"Conversa com Catarina Martins - gui\u00e3o - Os Meus Apontamentos\",\"isPartOf\":{\"@id\":\"https:\\\/\\\/osmeusapontamentos.com\\\/#website\"},\"datePublished\":\"2009-05-06T21:45:14+00:00\",\"breadcrumb\":{\"@id\":\"https:\\\/\\\/osmeusapontamentos.com\\\/index.php\\\/2009\\\/05\\\/06\\\/conversa-com-catarina-martins-guiao\\\/#breadcrumb\"},\"inLanguage\":\"pt-PT\",\"potentialAction\":[{\"@type\":\"ReadAction\",\"target\":[\"https:\\\/\\\/osmeusapontamentos.com\\\/index.php\\\/2009\\\/05\\\/06\\\/conversa-com-catarina-martins-guiao\\\/\"]}]},{\"@type\":\"BreadcrumbList\",\"@id\":\"https:\\\/\\\/osmeusapontamentos.com\\\/index.php\\\/2009\\\/05\\\/06\\\/conversa-com-catarina-martins-guiao\\\/#breadcrumb\",\"itemListElement\":[{\"@type\":\"ListItem\",\"position\":1,\"name\":\"In\u00edcio\",\"item\":\"https:\\\/\\\/osmeusapontamentos.com\\\/\"},{\"@type\":\"ListItem\",\"position\":2,\"name\":\"Conversa com Catarina Martins &#8211; gui\u00e3o\"}]},{\"@type\":\"WebSite\",\"@id\":\"https:\\\/\\\/osmeusapontamentos.com\\\/#website\",\"url\":\"https:\\\/\\\/osmeusapontamentos.com\\\/\",\"name\":\"Os Meus Apontamentos\",\"description\":\"\",\"publisher\":{\"@id\":\"https:\\\/\\\/osmeusapontamentos.com\\\/#\\\/schema\\\/person\\\/d508df9c3ffc8b4e64a18dbf0ba18dd8\"},\"potentialAction\":[{\"@type\":\"SearchAction\",\"target\":{\"@type\":\"EntryPoint\",\"urlTemplate\":\"https:\\\/\\\/osmeusapontamentos.com\\\/?s={search_term_string}\"},\"query-input\":{\"@type\":\"PropertyValueSpecification\",\"valueRequired\":true,\"valueName\":\"search_term_string\"}}],\"inLanguage\":\"pt-PT\"},{\"@type\":[\"Person\",\"Organization\"],\"@id\":\"https:\\\/\\\/osmeusapontamentos.com\\\/#\\\/schema\\\/person\\\/d508df9c3ffc8b4e64a18dbf0ba18dd8\",\"name\":\"Vitor Silva\",\"image\":{\"@type\":\"ImageObject\",\"inLanguage\":\"pt-PT\",\"@id\":\"https:\\\/\\\/secure.gravatar.com\\\/avatar\\\/f81f58ad909e8a213ab0a690f6ed65e5c0e0e2274bf35ac49ff31d7988d483ce?s=96&d=mm&r=g\",\"url\":\"https:\\\/\\\/secure.gravatar.com\\\/avatar\\\/f81f58ad909e8a213ab0a690f6ed65e5c0e0e2274bf35ac49ff31d7988d483ce?s=96&d=mm&r=g\",\"contentUrl\":\"https:\\\/\\\/secure.gravatar.com\\\/avatar\\\/f81f58ad909e8a213ab0a690f6ed65e5c0e0e2274bf35ac49ff31d7988d483ce?s=96&d=mm&r=g\",\"caption\":\"Vitor Silva\"},\"logo\":{\"@id\":\"https:\\\/\\\/secure.gravatar.com\\\/avatar\\\/f81f58ad909e8a213ab0a690f6ed65e5c0e0e2274bf35ac49ff31d7988d483ce?s=96&d=mm&r=g\"},\"sameAs\":[\"https:\\\/\\\/www.linkedin.com\\\/in\\\/vitormrsilva\",\"https:\\\/\\\/x.com\\\/vitorsilva\"]}]}<\/script>\n<!-- \/ Yoast SEO plugin. -->","yoast_head_json":{"title":"Conversa com Catarina Martins - gui\u00e3o - Os Meus Apontamentos","robots":{"index":"index","follow":"follow","max-snippet":"max-snippet:-1","max-image-preview":"max-image-preview:large","max-video-preview":"max-video-preview:-1"},"canonical":"https:\/\/osmeusapontamentos.com\/index.php\/2009\/05\/06\/conversa-com-catarina-martins-guiao\/","og_locale":"pt_PT","og_type":"article","og_title":"Conversa com Catarina Martins - gui\u00e3o - Os Meus Apontamentos","og_description":"Desta vez n\u00e3o consegui publicar o gui\u00e3o a tempo. Outros projectos ocuparam-me algum tempo e tive que preparar tudo muito a correr. apresenta\u00e7\u00e3o do vis\u00f5es \u00fateis \u00faltimos 2 projectos: :: Os ossos de que \u00e9 feita a pedra &#8211; Santiago de Compostela, primeiro trimestre de 2009 Audiowalk :: O Anzol de Gemma Rodr\u00edguez. &#8211; Vila [&hellip;]","og_url":"https:\/\/osmeusapontamentos.com\/index.php\/2009\/05\/06\/conversa-com-catarina-martins-guiao\/","og_site_name":"Os Meus Apontamentos","article_published_time":"2009-05-06T21:45:14+00:00","author":"Vitor Silva","twitter_card":"summary_large_image","twitter_creator":"@vitorsilva","twitter_site":"@vitorsilva","twitter_misc":{"Escrito por":"Vitor Silva","Tempo estimado de leitura":"2 minutos"},"schema":{"@context":"https:\/\/schema.org","@graph":[{"@type":"Article","@id":"https:\/\/osmeusapontamentos.com\/index.php\/2009\/05\/06\/conversa-com-catarina-martins-guiao\/#article","isPartOf":{"@id":"https:\/\/osmeusapontamentos.com\/index.php\/2009\/05\/06\/conversa-com-catarina-martins-guiao\/"},"author":{"name":"Vitor Silva","@id":"https:\/\/osmeusapontamentos.com\/#\/schema\/person\/d508df9c3ffc8b4e64a18dbf0ba18dd8"},"headline":"Conversa com Catarina Martins &#8211; gui\u00e3o","datePublished":"2009-05-06T21:45:14+00:00","mainEntityOfPage":{"@id":"https:\/\/osmeusapontamentos.com\/index.php\/2009\/05\/06\/conversa-com-catarina-martins-guiao\/"},"wordCount":461,"commentCount":0,"publisher":{"@id":"https:\/\/osmeusapontamentos.com\/#\/schema\/person\/d508df9c3ffc8b4e64a18dbf0ba18dd8"},"keywords":["catarina martins","cultura","plano entrevista"],"articleSection":["Ler\/ Ver\/ Ouvir\/ Passear"],"inLanguage":"pt-PT","potentialAction":[{"@type":"CommentAction","name":"Comment","target":["https:\/\/osmeusapontamentos.com\/index.php\/2009\/05\/06\/conversa-com-catarina-martins-guiao\/#respond"]}]},{"@type":"WebPage","@id":"https:\/\/osmeusapontamentos.com\/index.php\/2009\/05\/06\/conversa-com-catarina-martins-guiao\/","url":"https:\/\/osmeusapontamentos.com\/index.php\/2009\/05\/06\/conversa-com-catarina-martins-guiao\/","name":"Conversa com Catarina Martins - gui\u00e3o - Os Meus Apontamentos","isPartOf":{"@id":"https:\/\/osmeusapontamentos.com\/#website"},"datePublished":"2009-05-06T21:45:14+00:00","breadcrumb":{"@id":"https:\/\/osmeusapontamentos.com\/index.php\/2009\/05\/06\/conversa-com-catarina-martins-guiao\/#breadcrumb"},"inLanguage":"pt-PT","potentialAction":[{"@type":"ReadAction","target":["https:\/\/osmeusapontamentos.com\/index.php\/2009\/05\/06\/conversa-com-catarina-martins-guiao\/"]}]},{"@type":"BreadcrumbList","@id":"https:\/\/osmeusapontamentos.com\/index.php\/2009\/05\/06\/conversa-com-catarina-martins-guiao\/#breadcrumb","itemListElement":[{"@type":"ListItem","position":1,"name":"In\u00edcio","item":"https:\/\/osmeusapontamentos.com\/"},{"@type":"ListItem","position":2,"name":"Conversa com Catarina Martins &#8211; gui\u00e3o"}]},{"@type":"WebSite","@id":"https:\/\/osmeusapontamentos.com\/#website","url":"https:\/\/osmeusapontamentos.com\/","name":"Os Meus Apontamentos","description":"","publisher":{"@id":"https:\/\/osmeusapontamentos.com\/#\/schema\/person\/d508df9c3ffc8b4e64a18dbf0ba18dd8"},"potentialAction":[{"@type":"SearchAction","target":{"@type":"EntryPoint","urlTemplate":"https:\/\/osmeusapontamentos.com\/?s={search_term_string}"},"query-input":{"@type":"PropertyValueSpecification","valueRequired":true,"valueName":"search_term_string"}}],"inLanguage":"pt-PT"},{"@type":["Person","Organization"],"@id":"https:\/\/osmeusapontamentos.com\/#\/schema\/person\/d508df9c3ffc8b4e64a18dbf0ba18dd8","name":"Vitor Silva","image":{"@type":"ImageObject","inLanguage":"pt-PT","@id":"https:\/\/secure.gravatar.com\/avatar\/f81f58ad909e8a213ab0a690f6ed65e5c0e0e2274bf35ac49ff31d7988d483ce?s=96&d=mm&r=g","url":"https:\/\/secure.gravatar.com\/avatar\/f81f58ad909e8a213ab0a690f6ed65e5c0e0e2274bf35ac49ff31d7988d483ce?s=96&d=mm&r=g","contentUrl":"https:\/\/secure.gravatar.com\/avatar\/f81f58ad909e8a213ab0a690f6ed65e5c0e0e2274bf35ac49ff31d7988d483ce?s=96&d=mm&r=g","caption":"Vitor Silva"},"logo":{"@id":"https:\/\/secure.gravatar.com\/avatar\/f81f58ad909e8a213ab0a690f6ed65e5c0e0e2274bf35ac49ff31d7988d483ce?s=96&d=mm&r=g"},"sameAs":["https:\/\/www.linkedin.com\/in\/vitormrsilva","https:\/\/x.com\/vitorsilva"]}]}},"_links":{"self":[{"href":"https:\/\/osmeusapontamentos.com\/index.php\/wp-json\/wp\/v2\/posts\/2561","targetHints":{"allow":["GET"]}}],"collection":[{"href":"https:\/\/osmeusapontamentos.com\/index.php\/wp-json\/wp\/v2\/posts"}],"about":[{"href":"https:\/\/osmeusapontamentos.com\/index.php\/wp-json\/wp\/v2\/types\/post"}],"author":[{"embeddable":true,"href":"https:\/\/osmeusapontamentos.com\/index.php\/wp-json\/wp\/v2\/users\/1"}],"replies":[{"embeddable":true,"href":"https:\/\/osmeusapontamentos.com\/index.php\/wp-json\/wp\/v2\/comments?post=2561"}],"version-history":[{"count":0,"href":"https:\/\/osmeusapontamentos.com\/index.php\/wp-json\/wp\/v2\/posts\/2561\/revisions"}],"wp:attachment":[{"href":"https:\/\/osmeusapontamentos.com\/index.php\/wp-json\/wp\/v2\/media?parent=2561"}],"wp:term":[{"taxonomy":"category","embeddable":true,"href":"https:\/\/osmeusapontamentos.com\/index.php\/wp-json\/wp\/v2\/categories?post=2561"},{"taxonomy":"post_tag","embeddable":true,"href":"https:\/\/osmeusapontamentos.com\/index.php\/wp-json\/wp\/v2\/tags?post=2561"}],"curies":[{"name":"wp","href":"https:\/\/api.w.org\/{rel}","templated":true}]}}