{"id":2555,"date":"2008-12-31T11:00:15","date_gmt":"2008-12-31T11:00:15","guid":{"rendered":"http:\/\/osmeusapontamentos.com\/?p=2555"},"modified":"2008-12-31T11:00:15","modified_gmt":"2008-12-31T11:00:15","slug":"conversa-com-tiago-azevedo-fernandes-guiao-versao-1","status":"publish","type":"post","link":"https:\/\/osmeusapontamentos.com\/index.php\/2008\/12\/31\/conversa-com-tiago-azevedo-fernandes-guiao-versao-1\/","title":{"rendered":"Conversa com Tiago Azevedo Fernandes &#8211; gui\u00e3o vers\u00e3o 1"},"content":{"rendered":"<p>O primeiro podcast de &#8220;O Porto em Conversa&#8221; ser\u00e1 com <a href=\"http:\/\/www.taf.net\/\">Tiago Azevedo Fernandes<\/a> do site &#8220;<a href=\"http:\/\/www.porto.taf.net\/dp\/\">A Baixa do Porto<\/a>&#8220;. Certamente que quem acompanha o seu blog j\u00e1 conhecer\u00e1 um pouco as suas ideias mas espero neste podcast conseguir explorar melhor algumas ideias que foi partilhando.<\/p>\n<p>A primeira vers\u00e3o do gui\u00e3o que preparei para esta conversa est\u00e1 em baixo. Ser\u00e1 por aqui que irei tentar guiar o meu convidado.<br \/>\nSe algu\u00e9m quiser sugerir outros temas use a caixa de coment\u00e1rios em baixo.<br \/>\nA data prevista para a grava\u00e7\u00e3o deste primeiro podcast \u00e9 8 de Janeiro. Antes disso publico o gui\u00e3o definitivo com as contribui\u00e7\u00f5es que me fizerem chegar.<\/p>\n<ul>\n<li>v\u00ea-se pela blogosfera que h\u00e1 muito quem pense as cidades e as regi\u00f5es, mas depois quando chega a altura de escolhermos quem faz parte dos org\u00e3os publicos aut\u00e1rquicos o que vemos \u00e9 normalmente sempre os mesmos.<br \/>\ncomo se consegue fazer uma efectiva transi\u00e7\u00e3o da sociedade civil para estes cargos que fazem a gest\u00e3o da coisa p\u00fablica&#8230; ou se calhar antes, achas que \u00e9 importante essa transi\u00e7\u00e3o?<\/li>\n<li>em que moldes a participa\u00e7\u00e3o c\u00edvica &#8211; antes de chegar \u00e0 politica<\/li>\n<li>como tem sido a participa\u00e7\u00e3o dentro do psd?<\/li>\n<li>quais as caracter\u00edsticas necess\u00e1rias para que grupos de cidad\u00e3os tenham voz efectiva? quantidade? ru\u00eddo? boa imprensa?<\/li>\n<li>como conjugar participa\u00e7\u00e3o civica e trabalho<\/li>\n<li>circuito fechado dos blogs?<\/li>\n<li>como conseguir comunicar em rede<\/li>\n<li>dificuldade em obter massa critica para participa\u00e7\u00f5es com resultado<\/li>\n<li>ideias para aproximar mais o cidad\u00e3o dos org\u00e3os de decis\u00e3o? =&gt; or\u00e7amento participativo<\/li>\n<li>mas ser\u00e1 que o cidad\u00e3o quer estar mais perto?<\/li>\n<li>regionaliza\u00e7\u00e3o =&gt; crescimento org\u00e2nico vs imposto administrativamente de cima para baixo<\/li>\n<li>regionaliza\u00e7\u00e3o com contexto para o aparecimento de outras pessoas<\/li>\n<li>o &#8220;teu candidato&#8221; santos silva + elisa ferreira + vagas de fundo<\/li>\n<li>rui rio disse que se calhar se a porto2001 tivesse sido um sucesso como muitos dizem ele n\u00e3o teria sido eleito. agora que estamos no fim do segundo mandato qual a opini\u00e3o geral sobre os mandatos?<\/li>\n<li>a quest\u00e3o do aeroporto<\/li>\n<\/ul>\n<p>trivia<\/p>\n<ul>\n<li>indicar um ponto que gostava de ver num pr\u00f3ximo programa eleitoral aut\u00e1rquico<\/li>\n<li>o que \u00e9 que absolutamente n\u00e3o quer que aconte\u00e7a no pr\u00f3ximo mandato aut\u00e1rquico<\/li>\n<li>um ponto positivo na cidade<\/li>\n<li>um ponto negativo na cidade<\/li>\n<\/ul>\n<p>outros temas poss\u00edveos<\/p>\n<ul>\n<li> ind\u00fastrias criativas<\/li>\n<li> criar polos de excel\u00eancia e a qualifica\u00e7\u00e3o actual das pessoas<\/li>\n<li> planos para o futuro do blog<\/li>\n<\/ul>\n","protected":false},"excerpt":{"rendered":"<p>O primeiro podcast de &#8220;O Porto em Conversa&#8221; ser\u00e1 com Tiago Azevedo Fernandes do site &#8220;A Baixa do Porto&#8220;. Certamente que quem acompanha o seu blog j\u00e1 conhecer\u00e1 um pouco as suas ideias mas espero neste podcast conseguir explorar melhor algumas ideias que foi partilhando. A primeira vers\u00e3o do gui\u00e3o que preparei para esta conversa [&hellip;]<\/p>\n","protected":false},"author":1,"featured_media":0,"comment_status":"open","ping_status":"open","sticky":false,"template":"","format":"standard","meta":{"footnotes":""},"categories":[7],"tags":[83,512,516,621,637],"class_list":["post-2555","post","type-post","status-publish","format-standard","hentry","category-ler-ver-ouvir-passear","tag-baixa-do-porto","tag-plano-entrevista","tag-podcast","tag-taf","tag-tiago-azevedo-fernandes"],"yoast_head":"<!-- This site is optimized with the Yoast SEO plugin v27.5 - https:\/\/yoast.com\/product\/yoast-seo-wordpress\/ -->\n<title>Conversa com Tiago Azevedo Fernandes - gui\u00e3o vers\u00e3o 1 - Os Meus Apontamentos<\/title>\n<meta name=\"robots\" content=\"index, follow, max-snippet:-1, max-image-preview:large, max-video-preview:-1\" \/>\n<link rel=\"canonical\" href=\"https:\/\/osmeusapontamentos.com\/index.php\/2008\/12\/31\/conversa-com-tiago-azevedo-fernandes-guiao-versao-1\/\" \/>\n<meta property=\"og:locale\" content=\"pt_PT\" \/>\n<meta property=\"og:type\" content=\"article\" \/>\n<meta property=\"og:title\" content=\"Conversa com Tiago Azevedo Fernandes - gui\u00e3o vers\u00e3o 1 - Os Meus Apontamentos\" \/>\n<meta property=\"og:description\" content=\"O primeiro podcast de &#8220;O Porto em Conversa&#8221; ser\u00e1 com Tiago Azevedo Fernandes do site &#8220;A Baixa do Porto&#8220;. Certamente que quem acompanha o seu blog j\u00e1 conhecer\u00e1 um pouco as suas ideias mas espero neste podcast conseguir explorar melhor algumas ideias que foi partilhando. A primeira vers\u00e3o do gui\u00e3o que preparei para esta conversa [&hellip;]\" \/>\n<meta property=\"og:url\" content=\"https:\/\/osmeusapontamentos.com\/index.php\/2008\/12\/31\/conversa-com-tiago-azevedo-fernandes-guiao-versao-1\/\" \/>\n<meta property=\"og:site_name\" content=\"Os Meus Apontamentos\" \/>\n<meta property=\"article:published_time\" content=\"2008-12-31T11:00:15+00:00\" \/>\n<meta name=\"author\" content=\"Vitor Silva\" \/>\n<meta name=\"twitter:card\" content=\"summary_large_image\" \/>\n<meta name=\"twitter:creator\" content=\"@vitorsilva\" \/>\n<meta name=\"twitter:site\" content=\"@vitorsilva\" \/>\n<meta name=\"twitter:label1\" content=\"Escrito por\" \/>\n\t<meta name=\"twitter:data1\" content=\"Vitor Silva\" \/>\n\t<meta name=\"twitter:label2\" content=\"Tempo estimado de leitura\" \/>\n\t<meta name=\"twitter:data2\" content=\"2 minutos\" \/>\n<script type=\"application\/ld+json\" class=\"yoast-schema-graph\">{\"@context\":\"https:\\\/\\\/schema.org\",\"@graph\":[{\"@type\":\"Article\",\"@id\":\"https:\\\/\\\/osmeusapontamentos.com\\\/index.php\\\/2008\\\/12\\\/31\\\/conversa-com-tiago-azevedo-fernandes-guiao-versao-1\\\/#article\",\"isPartOf\":{\"@id\":\"https:\\\/\\\/osmeusapontamentos.com\\\/index.php\\\/2008\\\/12\\\/31\\\/conversa-com-tiago-azevedo-fernandes-guiao-versao-1\\\/\"},\"author\":{\"name\":\"Vitor Silva\",\"@id\":\"https:\\\/\\\/osmeusapontamentos.com\\\/#\\\/schema\\\/person\\\/d508df9c3ffc8b4e64a18dbf0ba18dd8\"},\"headline\":\"Conversa com Tiago Azevedo Fernandes &#8211; gui\u00e3o vers\u00e3o 1\",\"datePublished\":\"2008-12-31T11:00:15+00:00\",\"mainEntityOfPage\":{\"@id\":\"https:\\\/\\\/osmeusapontamentos.com\\\/index.php\\\/2008\\\/12\\\/31\\\/conversa-com-tiago-azevedo-fernandes-guiao-versao-1\\\/\"},\"wordCount\":431,\"commentCount\":0,\"publisher\":{\"@id\":\"https:\\\/\\\/osmeusapontamentos.com\\\/#\\\/schema\\\/person\\\/d508df9c3ffc8b4e64a18dbf0ba18dd8\"},\"keywords\":[\"baixa do porto\",\"plano entrevista\",\"podcast\",\"taf\",\"tiago azevedo fernandes\"],\"articleSection\":[\"Ler\\\/ Ver\\\/ Ouvir\\\/ Passear\"],\"inLanguage\":\"pt-PT\",\"potentialAction\":[{\"@type\":\"CommentAction\",\"name\":\"Comment\",\"target\":[\"https:\\\/\\\/osmeusapontamentos.com\\\/index.php\\\/2008\\\/12\\\/31\\\/conversa-com-tiago-azevedo-fernandes-guiao-versao-1\\\/#respond\"]}]},{\"@type\":\"WebPage\",\"@id\":\"https:\\\/\\\/osmeusapontamentos.com\\\/index.php\\\/2008\\\/12\\\/31\\\/conversa-com-tiago-azevedo-fernandes-guiao-versao-1\\\/\",\"url\":\"https:\\\/\\\/osmeusapontamentos.com\\\/index.php\\\/2008\\\/12\\\/31\\\/conversa-com-tiago-azevedo-fernandes-guiao-versao-1\\\/\",\"name\":\"Conversa com Tiago Azevedo Fernandes - gui\u00e3o vers\u00e3o 1 - Os Meus Apontamentos\",\"isPartOf\":{\"@id\":\"https:\\\/\\\/osmeusapontamentos.com\\\/#website\"},\"datePublished\":\"2008-12-31T11:00:15+00:00\",\"breadcrumb\":{\"@id\":\"https:\\\/\\\/osmeusapontamentos.com\\\/index.php\\\/2008\\\/12\\\/31\\\/conversa-com-tiago-azevedo-fernandes-guiao-versao-1\\\/#breadcrumb\"},\"inLanguage\":\"pt-PT\",\"potentialAction\":[{\"@type\":\"ReadAction\",\"target\":[\"https:\\\/\\\/osmeusapontamentos.com\\\/index.php\\\/2008\\\/12\\\/31\\\/conversa-com-tiago-azevedo-fernandes-guiao-versao-1\\\/\"]}]},{\"@type\":\"BreadcrumbList\",\"@id\":\"https:\\\/\\\/osmeusapontamentos.com\\\/index.php\\\/2008\\\/12\\\/31\\\/conversa-com-tiago-azevedo-fernandes-guiao-versao-1\\\/#breadcrumb\",\"itemListElement\":[{\"@type\":\"ListItem\",\"position\":1,\"name\":\"In\u00edcio\",\"item\":\"https:\\\/\\\/osmeusapontamentos.com\\\/\"},{\"@type\":\"ListItem\",\"position\":2,\"name\":\"Conversa com Tiago Azevedo Fernandes &#8211; gui\u00e3o vers\u00e3o 1\"}]},{\"@type\":\"WebSite\",\"@id\":\"https:\\\/\\\/osmeusapontamentos.com\\\/#website\",\"url\":\"https:\\\/\\\/osmeusapontamentos.com\\\/\",\"name\":\"Os Meus Apontamentos\",\"description\":\"\",\"publisher\":{\"@id\":\"https:\\\/\\\/osmeusapontamentos.com\\\/#\\\/schema\\\/person\\\/d508df9c3ffc8b4e64a18dbf0ba18dd8\"},\"potentialAction\":[{\"@type\":\"SearchAction\",\"target\":{\"@type\":\"EntryPoint\",\"urlTemplate\":\"https:\\\/\\\/osmeusapontamentos.com\\\/?s={search_term_string}\"},\"query-input\":{\"@type\":\"PropertyValueSpecification\",\"valueRequired\":true,\"valueName\":\"search_term_string\"}}],\"inLanguage\":\"pt-PT\"},{\"@type\":[\"Person\",\"Organization\"],\"@id\":\"https:\\\/\\\/osmeusapontamentos.com\\\/#\\\/schema\\\/person\\\/d508df9c3ffc8b4e64a18dbf0ba18dd8\",\"name\":\"Vitor Silva\",\"image\":{\"@type\":\"ImageObject\",\"inLanguage\":\"pt-PT\",\"@id\":\"https:\\\/\\\/secure.gravatar.com\\\/avatar\\\/f81f58ad909e8a213ab0a690f6ed65e5c0e0e2274bf35ac49ff31d7988d483ce?s=96&d=mm&r=g\",\"url\":\"https:\\\/\\\/secure.gravatar.com\\\/avatar\\\/f81f58ad909e8a213ab0a690f6ed65e5c0e0e2274bf35ac49ff31d7988d483ce?s=96&d=mm&r=g\",\"contentUrl\":\"https:\\\/\\\/secure.gravatar.com\\\/avatar\\\/f81f58ad909e8a213ab0a690f6ed65e5c0e0e2274bf35ac49ff31d7988d483ce?s=96&d=mm&r=g\",\"caption\":\"Vitor Silva\"},\"logo\":{\"@id\":\"https:\\\/\\\/secure.gravatar.com\\\/avatar\\\/f81f58ad909e8a213ab0a690f6ed65e5c0e0e2274bf35ac49ff31d7988d483ce?s=96&d=mm&r=g\"},\"sameAs\":[\"https:\\\/\\\/www.linkedin.com\\\/in\\\/vitormrsilva\",\"https:\\\/\\\/x.com\\\/vitorsilva\"]}]}<\/script>\n<!-- \/ Yoast SEO plugin. -->","yoast_head_json":{"title":"Conversa com Tiago Azevedo Fernandes - gui\u00e3o vers\u00e3o 1 - Os Meus Apontamentos","robots":{"index":"index","follow":"follow","max-snippet":"max-snippet:-1","max-image-preview":"max-image-preview:large","max-video-preview":"max-video-preview:-1"},"canonical":"https:\/\/osmeusapontamentos.com\/index.php\/2008\/12\/31\/conversa-com-tiago-azevedo-fernandes-guiao-versao-1\/","og_locale":"pt_PT","og_type":"article","og_title":"Conversa com Tiago Azevedo Fernandes - gui\u00e3o vers\u00e3o 1 - Os Meus Apontamentos","og_description":"O primeiro podcast de &#8220;O Porto em Conversa&#8221; ser\u00e1 com Tiago Azevedo Fernandes do site &#8220;A Baixa do Porto&#8220;. Certamente que quem acompanha o seu blog j\u00e1 conhecer\u00e1 um pouco as suas ideias mas espero neste podcast conseguir explorar melhor algumas ideias que foi partilhando. A primeira vers\u00e3o do gui\u00e3o que preparei para esta conversa [&hellip;]","og_url":"https:\/\/osmeusapontamentos.com\/index.php\/2008\/12\/31\/conversa-com-tiago-azevedo-fernandes-guiao-versao-1\/","og_site_name":"Os Meus Apontamentos","article_published_time":"2008-12-31T11:00:15+00:00","author":"Vitor Silva","twitter_card":"summary_large_image","twitter_creator":"@vitorsilva","twitter_site":"@vitorsilva","twitter_misc":{"Escrito por":"Vitor Silva","Tempo estimado de leitura":"2 minutos"},"schema":{"@context":"https:\/\/schema.org","@graph":[{"@type":"Article","@id":"https:\/\/osmeusapontamentos.com\/index.php\/2008\/12\/31\/conversa-com-tiago-azevedo-fernandes-guiao-versao-1\/#article","isPartOf":{"@id":"https:\/\/osmeusapontamentos.com\/index.php\/2008\/12\/31\/conversa-com-tiago-azevedo-fernandes-guiao-versao-1\/"},"author":{"name":"Vitor Silva","@id":"https:\/\/osmeusapontamentos.com\/#\/schema\/person\/d508df9c3ffc8b4e64a18dbf0ba18dd8"},"headline":"Conversa com Tiago Azevedo Fernandes &#8211; gui\u00e3o vers\u00e3o 1","datePublished":"2008-12-31T11:00:15+00:00","mainEntityOfPage":{"@id":"https:\/\/osmeusapontamentos.com\/index.php\/2008\/12\/31\/conversa-com-tiago-azevedo-fernandes-guiao-versao-1\/"},"wordCount":431,"commentCount":0,"publisher":{"@id":"https:\/\/osmeusapontamentos.com\/#\/schema\/person\/d508df9c3ffc8b4e64a18dbf0ba18dd8"},"keywords":["baixa do porto","plano entrevista","podcast","taf","tiago azevedo fernandes"],"articleSection":["Ler\/ Ver\/ Ouvir\/ Passear"],"inLanguage":"pt-PT","potentialAction":[{"@type":"CommentAction","name":"Comment","target":["https:\/\/osmeusapontamentos.com\/index.php\/2008\/12\/31\/conversa-com-tiago-azevedo-fernandes-guiao-versao-1\/#respond"]}]},{"@type":"WebPage","@id":"https:\/\/osmeusapontamentos.com\/index.php\/2008\/12\/31\/conversa-com-tiago-azevedo-fernandes-guiao-versao-1\/","url":"https:\/\/osmeusapontamentos.com\/index.php\/2008\/12\/31\/conversa-com-tiago-azevedo-fernandes-guiao-versao-1\/","name":"Conversa com Tiago Azevedo Fernandes - gui\u00e3o vers\u00e3o 1 - Os Meus Apontamentos","isPartOf":{"@id":"https:\/\/osmeusapontamentos.com\/#website"},"datePublished":"2008-12-31T11:00:15+00:00","breadcrumb":{"@id":"https:\/\/osmeusapontamentos.com\/index.php\/2008\/12\/31\/conversa-com-tiago-azevedo-fernandes-guiao-versao-1\/#breadcrumb"},"inLanguage":"pt-PT","potentialAction":[{"@type":"ReadAction","target":["https:\/\/osmeusapontamentos.com\/index.php\/2008\/12\/31\/conversa-com-tiago-azevedo-fernandes-guiao-versao-1\/"]}]},{"@type":"BreadcrumbList","@id":"https:\/\/osmeusapontamentos.com\/index.php\/2008\/12\/31\/conversa-com-tiago-azevedo-fernandes-guiao-versao-1\/#breadcrumb","itemListElement":[{"@type":"ListItem","position":1,"name":"In\u00edcio","item":"https:\/\/osmeusapontamentos.com\/"},{"@type":"ListItem","position":2,"name":"Conversa com Tiago Azevedo Fernandes &#8211; gui\u00e3o vers\u00e3o 1"}]},{"@type":"WebSite","@id":"https:\/\/osmeusapontamentos.com\/#website","url":"https:\/\/osmeusapontamentos.com\/","name":"Os Meus Apontamentos","description":"","publisher":{"@id":"https:\/\/osmeusapontamentos.com\/#\/schema\/person\/d508df9c3ffc8b4e64a18dbf0ba18dd8"},"potentialAction":[{"@type":"SearchAction","target":{"@type":"EntryPoint","urlTemplate":"https:\/\/osmeusapontamentos.com\/?s={search_term_string}"},"query-input":{"@type":"PropertyValueSpecification","valueRequired":true,"valueName":"search_term_string"}}],"inLanguage":"pt-PT"},{"@type":["Person","Organization"],"@id":"https:\/\/osmeusapontamentos.com\/#\/schema\/person\/d508df9c3ffc8b4e64a18dbf0ba18dd8","name":"Vitor Silva","image":{"@type":"ImageObject","inLanguage":"pt-PT","@id":"https:\/\/secure.gravatar.com\/avatar\/f81f58ad909e8a213ab0a690f6ed65e5c0e0e2274bf35ac49ff31d7988d483ce?s=96&d=mm&r=g","url":"https:\/\/secure.gravatar.com\/avatar\/f81f58ad909e8a213ab0a690f6ed65e5c0e0e2274bf35ac49ff31d7988d483ce?s=96&d=mm&r=g","contentUrl":"https:\/\/secure.gravatar.com\/avatar\/f81f58ad909e8a213ab0a690f6ed65e5c0e0e2274bf35ac49ff31d7988d483ce?s=96&d=mm&r=g","caption":"Vitor Silva"},"logo":{"@id":"https:\/\/secure.gravatar.com\/avatar\/f81f58ad909e8a213ab0a690f6ed65e5c0e0e2274bf35ac49ff31d7988d483ce?s=96&d=mm&r=g"},"sameAs":["https:\/\/www.linkedin.com\/in\/vitormrsilva","https:\/\/x.com\/vitorsilva"]}]}},"_links":{"self":[{"href":"https:\/\/osmeusapontamentos.com\/index.php\/wp-json\/wp\/v2\/posts\/2555","targetHints":{"allow":["GET"]}}],"collection":[{"href":"https:\/\/osmeusapontamentos.com\/index.php\/wp-json\/wp\/v2\/posts"}],"about":[{"href":"https:\/\/osmeusapontamentos.com\/index.php\/wp-json\/wp\/v2\/types\/post"}],"author":[{"embeddable":true,"href":"https:\/\/osmeusapontamentos.com\/index.php\/wp-json\/wp\/v2\/users\/1"}],"replies":[{"embeddable":true,"href":"https:\/\/osmeusapontamentos.com\/index.php\/wp-json\/wp\/v2\/comments?post=2555"}],"version-history":[{"count":0,"href":"https:\/\/osmeusapontamentos.com\/index.php\/wp-json\/wp\/v2\/posts\/2555\/revisions"}],"wp:attachment":[{"href":"https:\/\/osmeusapontamentos.com\/index.php\/wp-json\/wp\/v2\/media?parent=2555"}],"wp:term":[{"taxonomy":"category","embeddable":true,"href":"https:\/\/osmeusapontamentos.com\/index.php\/wp-json\/wp\/v2\/categories?post=2555"},{"taxonomy":"post_tag","embeddable":true,"href":"https:\/\/osmeusapontamentos.com\/index.php\/wp-json\/wp\/v2\/tags?post=2555"}],"curies":[{"name":"wp","href":"https:\/\/api.w.org\/{rel}","templated":true}]}}