{"id":2547,"date":"2010-10-05T12:00:23","date_gmt":"2010-10-05T12:00:23","guid":{"rendered":"http:\/\/osmeusapontamentos.com\/?p=2547"},"modified":"2010-10-05T12:00:23","modified_gmt":"2010-10-05T12:00:23","slug":"agenda-digital-2015","status":"publish","type":"post","link":"https:\/\/osmeusapontamentos.com\/index.php\/2010\/10\/05\/agenda-digital-2015\/","title":{"rendered":"Agenda Digital 2015"},"content":{"rendered":"<p>Foi divulgada recentemente a <a href=\"http:\/\/www.min-economia.pt\/listPage.aspx?idCat=27&amp;idMasterCat=15&amp;idLang=1&amp;idContent=940&amp;idLayout=1\">Agenda Digital 2015<\/a>.<br \/>\n\u00c9 um conjunto de 26 medidas e 70 metas que:<\/p>\n<blockquote><p>&#8220;traduz uma aposta determinada na melhoria dos servi\u00e7os prestados \u00e0s pessoas e aos agentes econ\u00f3micos com recurso ao potencial das Redes de Nova Gera\u00e7\u00e3o e no apoio \u00e0s empresas e aos cons\u00f3rcios empresariais para internacionalizarem e exportarem os bens e servi\u00e7os desenvolvidos&#8221;<\/p><\/blockquote>\n<p>Para al\u00e9m de mais investimentos em infraestruturas com as redes de nova gera\u00e7\u00e3o e nas \u00e1reas da educa\u00e7\u00e3o, sa\u00fade e mobilidade, o que me interessou neste programa foi uma refer\u00eancia na sec\u00e7\u00e3o da &#8220;Melhor Governa\u00e7\u00e3o&#8221; que tem o subtitulo &#8220;Novas Tecnologias. Melhor Servi\u00e7o P\u00fablico&#8221;e que diz:<\/p>\n<blockquote><p>&#8220;Disponibiliza\u00e7\u00e3o de dados da administra\u00e7\u00e3o \u00fateis para os cidad\u00e3os e as empresas desenvolverem solu\u00e7\u00f5es de valor acrescentado.&#8221;<\/p><\/blockquote>\n<p>Este \u00e9 s\u00f3 um enunciado ainda um pouco vago relativamente aos projectos que depois v\u00e3o ser implementados mas que me parece um passo no bom sentido e que pode ser a nossa vers\u00e3o do <a href=\"http:\/\/techcrunch.com\/2009\/09\/04\/gov-20-its-all-about-the-platform\/\">government as a platform<\/a>.<br \/>\nGostaria s\u00f3 de deixar 2 ideias:<br \/>\n&#8211; tendo sido muitos desses dados p\u00fablicos obtidos directa ou indirectamente por organismos p\u00fablicos financiados pelos contribuintes o seu acesso n\u00e3o deveria obrigar a nenhum pagamento extra para al\u00e9m daquele que j\u00e1 fizemos com os nossos impostos;<br \/>\n&#8211; \u00e9 importante os organismos p\u00fablicos terem em conta que os objectivos dos cidad\u00e3os e empresas s\u00e3o muitas vezes diferentes dos seus, da\u00ed que a decis\u00e3o de saber se e quais os &#8220;dados da administra\u00e7\u00e3o [que s\u00e3o] \u00fateis para os cidad\u00e3os e as empresas&#8221; n\u00e3o deva ser feito exclusivamente pelos organismos p\u00fablicos.<\/p>\n<p>Como <a href=\"http:\/\/transparencia.hacklaviva.net\">participante num projecto<\/a> que tem como objectivo utilizar dados p\u00fablicos de forma a gerar informa\u00e7\u00e3o de valor para o cidad\u00e3o fico ansiosamente \u00e0 espera da concretiza\u00e7\u00e3o deste ponto particular da Agenda Digital 2015 e com curiosidade para saber como poderemos participar nele.<\/p>\n","protected":false},"excerpt":{"rendered":"<p>Foi divulgada recentemente a Agenda Digital 2015. \u00c9 um conjunto de 26 medidas e 70 metas que: &#8220;traduz uma aposta determinada na melhoria dos servi\u00e7os prestados \u00e0s pessoas e aos agentes econ\u00f3micos com recurso ao potencial das Redes de Nova Gera\u00e7\u00e3o e no apoio \u00e0s empresas e aos cons\u00f3rcios empresariais para internacionalizarem e exportarem os [&hellip;]<\/p>\n","protected":false},"author":1,"featured_media":0,"comment_status":"open","ping_status":"open","sticky":false,"template":"","format":"standard","meta":{"footnotes":""},"categories":[7],"tags":[181,467,469,644],"class_list":["post-2547","post","type-post","status-publish","format-standard","hentry","category-ler-ver-ouvir-passear","tag-dados-publicos","tag-open-data","tag-opengov","tag-transparencia"],"yoast_head":"<!-- This site is optimized with the Yoast SEO plugin v27.5 - https:\/\/yoast.com\/product\/yoast-seo-wordpress\/ -->\n<title>Agenda Digital 2015 - Os Meus Apontamentos<\/title>\n<meta name=\"robots\" content=\"index, follow, max-snippet:-1, max-image-preview:large, max-video-preview:-1\" \/>\n<link rel=\"canonical\" href=\"https:\/\/osmeusapontamentos.com\/index.php\/2010\/10\/05\/agenda-digital-2015\/\" \/>\n<meta property=\"og:locale\" content=\"pt_PT\" \/>\n<meta property=\"og:type\" content=\"article\" \/>\n<meta property=\"og:title\" content=\"Agenda Digital 2015 - Os Meus Apontamentos\" \/>\n<meta property=\"og:description\" content=\"Foi divulgada recentemente a Agenda Digital 2015. \u00c9 um conjunto de 26 medidas e 70 metas que: &#8220;traduz uma aposta determinada na melhoria dos servi\u00e7os prestados \u00e0s pessoas e aos agentes econ\u00f3micos com recurso ao potencial das Redes de Nova Gera\u00e7\u00e3o e no apoio \u00e0s empresas e aos cons\u00f3rcios empresariais para internacionalizarem e exportarem os [&hellip;]\" \/>\n<meta property=\"og:url\" content=\"https:\/\/osmeusapontamentos.com\/index.php\/2010\/10\/05\/agenda-digital-2015\/\" \/>\n<meta property=\"og:site_name\" content=\"Os Meus Apontamentos\" \/>\n<meta property=\"article:published_time\" content=\"2010-10-05T12:00:23+00:00\" \/>\n<meta name=\"author\" content=\"Vitor Silva\" \/>\n<meta name=\"twitter:card\" content=\"summary_large_image\" \/>\n<meta name=\"twitter:creator\" content=\"@vitorsilva\" \/>\n<meta name=\"twitter:site\" content=\"@vitorsilva\" \/>\n<meta name=\"twitter:label1\" content=\"Escrito por\" \/>\n\t<meta name=\"twitter:data1\" content=\"Vitor Silva\" \/>\n\t<meta name=\"twitter:label2\" content=\"Tempo estimado de leitura\" \/>\n\t<meta name=\"twitter:data2\" content=\"2 minutos\" \/>\n<script type=\"application\/ld+json\" class=\"yoast-schema-graph\">{\"@context\":\"https:\\\/\\\/schema.org\",\"@graph\":[{\"@type\":\"Article\",\"@id\":\"https:\\\/\\\/osmeusapontamentos.com\\\/index.php\\\/2010\\\/10\\\/05\\\/agenda-digital-2015\\\/#article\",\"isPartOf\":{\"@id\":\"https:\\\/\\\/osmeusapontamentos.com\\\/index.php\\\/2010\\\/10\\\/05\\\/agenda-digital-2015\\\/\"},\"author\":{\"name\":\"Vitor Silva\",\"@id\":\"https:\\\/\\\/osmeusapontamentos.com\\\/#\\\/schema\\\/person\\\/d508df9c3ffc8b4e64a18dbf0ba18dd8\"},\"headline\":\"Agenda Digital 2015\",\"datePublished\":\"2010-10-05T12:00:23+00:00\",\"mainEntityOfPage\":{\"@id\":\"https:\\\/\\\/osmeusapontamentos.com\\\/index.php\\\/2010\\\/10\\\/05\\\/agenda-digital-2015\\\/\"},\"wordCount\":329,\"commentCount\":0,\"publisher\":{\"@id\":\"https:\\\/\\\/osmeusapontamentos.com\\\/#\\\/schema\\\/person\\\/d508df9c3ffc8b4e64a18dbf0ba18dd8\"},\"keywords\":[\"dados publicos\",\"open data\",\"opengov\",\"transpar\u00eancia\"],\"articleSection\":[\"Ler\\\/ Ver\\\/ Ouvir\\\/ Passear\"],\"inLanguage\":\"pt-PT\",\"potentialAction\":[{\"@type\":\"CommentAction\",\"name\":\"Comment\",\"target\":[\"https:\\\/\\\/osmeusapontamentos.com\\\/index.php\\\/2010\\\/10\\\/05\\\/agenda-digital-2015\\\/#respond\"]}]},{\"@type\":\"WebPage\",\"@id\":\"https:\\\/\\\/osmeusapontamentos.com\\\/index.php\\\/2010\\\/10\\\/05\\\/agenda-digital-2015\\\/\",\"url\":\"https:\\\/\\\/osmeusapontamentos.com\\\/index.php\\\/2010\\\/10\\\/05\\\/agenda-digital-2015\\\/\",\"name\":\"Agenda Digital 2015 - Os Meus Apontamentos\",\"isPartOf\":{\"@id\":\"https:\\\/\\\/osmeusapontamentos.com\\\/#website\"},\"datePublished\":\"2010-10-05T12:00:23+00:00\",\"breadcrumb\":{\"@id\":\"https:\\\/\\\/osmeusapontamentos.com\\\/index.php\\\/2010\\\/10\\\/05\\\/agenda-digital-2015\\\/#breadcrumb\"},\"inLanguage\":\"pt-PT\",\"potentialAction\":[{\"@type\":\"ReadAction\",\"target\":[\"https:\\\/\\\/osmeusapontamentos.com\\\/index.php\\\/2010\\\/10\\\/05\\\/agenda-digital-2015\\\/\"]}]},{\"@type\":\"BreadcrumbList\",\"@id\":\"https:\\\/\\\/osmeusapontamentos.com\\\/index.php\\\/2010\\\/10\\\/05\\\/agenda-digital-2015\\\/#breadcrumb\",\"itemListElement\":[{\"@type\":\"ListItem\",\"position\":1,\"name\":\"In\u00edcio\",\"item\":\"https:\\\/\\\/osmeusapontamentos.com\\\/\"},{\"@type\":\"ListItem\",\"position\":2,\"name\":\"Agenda Digital 2015\"}]},{\"@type\":\"WebSite\",\"@id\":\"https:\\\/\\\/osmeusapontamentos.com\\\/#website\",\"url\":\"https:\\\/\\\/osmeusapontamentos.com\\\/\",\"name\":\"Os Meus Apontamentos\",\"description\":\"\",\"publisher\":{\"@id\":\"https:\\\/\\\/osmeusapontamentos.com\\\/#\\\/schema\\\/person\\\/d508df9c3ffc8b4e64a18dbf0ba18dd8\"},\"potentialAction\":[{\"@type\":\"SearchAction\",\"target\":{\"@type\":\"EntryPoint\",\"urlTemplate\":\"https:\\\/\\\/osmeusapontamentos.com\\\/?s={search_term_string}\"},\"query-input\":{\"@type\":\"PropertyValueSpecification\",\"valueRequired\":true,\"valueName\":\"search_term_string\"}}],\"inLanguage\":\"pt-PT\"},{\"@type\":[\"Person\",\"Organization\"],\"@id\":\"https:\\\/\\\/osmeusapontamentos.com\\\/#\\\/schema\\\/person\\\/d508df9c3ffc8b4e64a18dbf0ba18dd8\",\"name\":\"Vitor Silva\",\"image\":{\"@type\":\"ImageObject\",\"inLanguage\":\"pt-PT\",\"@id\":\"https:\\\/\\\/secure.gravatar.com\\\/avatar\\\/f81f58ad909e8a213ab0a690f6ed65e5c0e0e2274bf35ac49ff31d7988d483ce?s=96&d=mm&r=g\",\"url\":\"https:\\\/\\\/secure.gravatar.com\\\/avatar\\\/f81f58ad909e8a213ab0a690f6ed65e5c0e0e2274bf35ac49ff31d7988d483ce?s=96&d=mm&r=g\",\"contentUrl\":\"https:\\\/\\\/secure.gravatar.com\\\/avatar\\\/f81f58ad909e8a213ab0a690f6ed65e5c0e0e2274bf35ac49ff31d7988d483ce?s=96&d=mm&r=g\",\"caption\":\"Vitor Silva\"},\"logo\":{\"@id\":\"https:\\\/\\\/secure.gravatar.com\\\/avatar\\\/f81f58ad909e8a213ab0a690f6ed65e5c0e0e2274bf35ac49ff31d7988d483ce?s=96&d=mm&r=g\"},\"sameAs\":[\"https:\\\/\\\/www.linkedin.com\\\/in\\\/vitormrsilva\",\"https:\\\/\\\/x.com\\\/vitorsilva\"]}]}<\/script>\n<!-- \/ Yoast SEO plugin. -->","yoast_head_json":{"title":"Agenda Digital 2015 - Os Meus Apontamentos","robots":{"index":"index","follow":"follow","max-snippet":"max-snippet:-1","max-image-preview":"max-image-preview:large","max-video-preview":"max-video-preview:-1"},"canonical":"https:\/\/osmeusapontamentos.com\/index.php\/2010\/10\/05\/agenda-digital-2015\/","og_locale":"pt_PT","og_type":"article","og_title":"Agenda Digital 2015 - Os Meus Apontamentos","og_description":"Foi divulgada recentemente a Agenda Digital 2015. \u00c9 um conjunto de 26 medidas e 70 metas que: &#8220;traduz uma aposta determinada na melhoria dos servi\u00e7os prestados \u00e0s pessoas e aos agentes econ\u00f3micos com recurso ao potencial das Redes de Nova Gera\u00e7\u00e3o e no apoio \u00e0s empresas e aos cons\u00f3rcios empresariais para internacionalizarem e exportarem os [&hellip;]","og_url":"https:\/\/osmeusapontamentos.com\/index.php\/2010\/10\/05\/agenda-digital-2015\/","og_site_name":"Os Meus Apontamentos","article_published_time":"2010-10-05T12:00:23+00:00","author":"Vitor Silva","twitter_card":"summary_large_image","twitter_creator":"@vitorsilva","twitter_site":"@vitorsilva","twitter_misc":{"Escrito por":"Vitor Silva","Tempo estimado de leitura":"2 minutos"},"schema":{"@context":"https:\/\/schema.org","@graph":[{"@type":"Article","@id":"https:\/\/osmeusapontamentos.com\/index.php\/2010\/10\/05\/agenda-digital-2015\/#article","isPartOf":{"@id":"https:\/\/osmeusapontamentos.com\/index.php\/2010\/10\/05\/agenda-digital-2015\/"},"author":{"name":"Vitor Silva","@id":"https:\/\/osmeusapontamentos.com\/#\/schema\/person\/d508df9c3ffc8b4e64a18dbf0ba18dd8"},"headline":"Agenda Digital 2015","datePublished":"2010-10-05T12:00:23+00:00","mainEntityOfPage":{"@id":"https:\/\/osmeusapontamentos.com\/index.php\/2010\/10\/05\/agenda-digital-2015\/"},"wordCount":329,"commentCount":0,"publisher":{"@id":"https:\/\/osmeusapontamentos.com\/#\/schema\/person\/d508df9c3ffc8b4e64a18dbf0ba18dd8"},"keywords":["dados publicos","open data","opengov","transpar\u00eancia"],"articleSection":["Ler\/ Ver\/ Ouvir\/ Passear"],"inLanguage":"pt-PT","potentialAction":[{"@type":"CommentAction","name":"Comment","target":["https:\/\/osmeusapontamentos.com\/index.php\/2010\/10\/05\/agenda-digital-2015\/#respond"]}]},{"@type":"WebPage","@id":"https:\/\/osmeusapontamentos.com\/index.php\/2010\/10\/05\/agenda-digital-2015\/","url":"https:\/\/osmeusapontamentos.com\/index.php\/2010\/10\/05\/agenda-digital-2015\/","name":"Agenda Digital 2015 - Os Meus Apontamentos","isPartOf":{"@id":"https:\/\/osmeusapontamentos.com\/#website"},"datePublished":"2010-10-05T12:00:23+00:00","breadcrumb":{"@id":"https:\/\/osmeusapontamentos.com\/index.php\/2010\/10\/05\/agenda-digital-2015\/#breadcrumb"},"inLanguage":"pt-PT","potentialAction":[{"@type":"ReadAction","target":["https:\/\/osmeusapontamentos.com\/index.php\/2010\/10\/05\/agenda-digital-2015\/"]}]},{"@type":"BreadcrumbList","@id":"https:\/\/osmeusapontamentos.com\/index.php\/2010\/10\/05\/agenda-digital-2015\/#breadcrumb","itemListElement":[{"@type":"ListItem","position":1,"name":"In\u00edcio","item":"https:\/\/osmeusapontamentos.com\/"},{"@type":"ListItem","position":2,"name":"Agenda Digital 2015"}]},{"@type":"WebSite","@id":"https:\/\/osmeusapontamentos.com\/#website","url":"https:\/\/osmeusapontamentos.com\/","name":"Os Meus Apontamentos","description":"","publisher":{"@id":"https:\/\/osmeusapontamentos.com\/#\/schema\/person\/d508df9c3ffc8b4e64a18dbf0ba18dd8"},"potentialAction":[{"@type":"SearchAction","target":{"@type":"EntryPoint","urlTemplate":"https:\/\/osmeusapontamentos.com\/?s={search_term_string}"},"query-input":{"@type":"PropertyValueSpecification","valueRequired":true,"valueName":"search_term_string"}}],"inLanguage":"pt-PT"},{"@type":["Person","Organization"],"@id":"https:\/\/osmeusapontamentos.com\/#\/schema\/person\/d508df9c3ffc8b4e64a18dbf0ba18dd8","name":"Vitor Silva","image":{"@type":"ImageObject","inLanguage":"pt-PT","@id":"https:\/\/secure.gravatar.com\/avatar\/f81f58ad909e8a213ab0a690f6ed65e5c0e0e2274bf35ac49ff31d7988d483ce?s=96&d=mm&r=g","url":"https:\/\/secure.gravatar.com\/avatar\/f81f58ad909e8a213ab0a690f6ed65e5c0e0e2274bf35ac49ff31d7988d483ce?s=96&d=mm&r=g","contentUrl":"https:\/\/secure.gravatar.com\/avatar\/f81f58ad909e8a213ab0a690f6ed65e5c0e0e2274bf35ac49ff31d7988d483ce?s=96&d=mm&r=g","caption":"Vitor Silva"},"logo":{"@id":"https:\/\/secure.gravatar.com\/avatar\/f81f58ad909e8a213ab0a690f6ed65e5c0e0e2274bf35ac49ff31d7988d483ce?s=96&d=mm&r=g"},"sameAs":["https:\/\/www.linkedin.com\/in\/vitormrsilva","https:\/\/x.com\/vitorsilva"]}]}},"_links":{"self":[{"href":"https:\/\/osmeusapontamentos.com\/index.php\/wp-json\/wp\/v2\/posts\/2547","targetHints":{"allow":["GET"]}}],"collection":[{"href":"https:\/\/osmeusapontamentos.com\/index.php\/wp-json\/wp\/v2\/posts"}],"about":[{"href":"https:\/\/osmeusapontamentos.com\/index.php\/wp-json\/wp\/v2\/types\/post"}],"author":[{"embeddable":true,"href":"https:\/\/osmeusapontamentos.com\/index.php\/wp-json\/wp\/v2\/users\/1"}],"replies":[{"embeddable":true,"href":"https:\/\/osmeusapontamentos.com\/index.php\/wp-json\/wp\/v2\/comments?post=2547"}],"version-history":[{"count":0,"href":"https:\/\/osmeusapontamentos.com\/index.php\/wp-json\/wp\/v2\/posts\/2547\/revisions"}],"wp:attachment":[{"href":"https:\/\/osmeusapontamentos.com\/index.php\/wp-json\/wp\/v2\/media?parent=2547"}],"wp:term":[{"taxonomy":"category","embeddable":true,"href":"https:\/\/osmeusapontamentos.com\/index.php\/wp-json\/wp\/v2\/categories?post=2547"},{"taxonomy":"post_tag","embeddable":true,"href":"https:\/\/osmeusapontamentos.com\/index.php\/wp-json\/wp\/v2\/tags?post=2547"}],"curies":[{"name":"wp","href":"https:\/\/api.w.org\/{rel}","templated":true}]}}