{"id":25260,"date":"2014-04-27T09:14:04","date_gmt":"2014-04-27T08:14:04","guid":{"rendered":"http:\/\/osmeusapontamentos.com\/?p=25260"},"modified":"2014-04-27T09:14:04","modified_gmt":"2014-04-27T08:14:04","slug":"o-porto-na-14a-semana-de-2014","status":"publish","type":"post","link":"https:\/\/osmeusapontamentos.com\/index.php\/2014\/04\/27\/o-porto-na-14a-semana-de-2014\/","title":{"rendered":"O Porto na 14\u00aa semana de 2014"},"content":{"rendered":"<p><a href=\"https:\/\/osmeusapontamentos.com\/wp-content\/uploads\/2014\/04\/DSCF8021.jpg\"><img loading=\"lazy\" decoding=\"async\" class=\"alignnone size-full wp-image-25262\" src=\"https:\/\/osmeusapontamentos.com\/wp-content\/uploads\/2014\/04\/DSCF8021.jpg\" alt=\"DSCF8021\" width=\"640\" height=\"480\" \/><\/a><\/p>\n<p>A semana em que finalmente sabemos quem manda na Ponte do Infante e dizem-nos que a RTP2 vem para o Porto. Continuam as novelas do Rivoli e das esplanadas.<\/p>\n<p>31 mar\u00e7o<\/p>\n<ul>\n<li><a href=\"http:\/\/publico.pt\/1630483\">PSD\/Porto defende Aeroporto do Porto com mais voos de m\u00e9dio e longo curso\u00a0<\/a><\/li>\n<li><a href=\"http:\/\/publico.pt\/1630370\">\u201cCal\u00f3\u201d at\u00e9 pode jantar tr\u00eas vezes<\/a><\/li>\n<li><a href=\"http:\/\/sol.sapo.pt\/inicio\/Sociedade\/Interior.aspx?content_id=102516\">Procura do ensino integrado \u00e9 superior \u00e0 oferta no Conservat\u00f3rio do Porto<\/a><\/li>\n<\/ul>\n<p>1 abril<\/p>\n<ul>\n<li><a href=\"http:\/\/publico.pt\/1630650\">Porto Vivo tem projecto para ilha habitada em ru\u00edna mas falta investimento<\/a><\/li>\n<li><a href=\"http:\/\/www.jn.pt\/PaginaInicial\/Nacional\/Interior.aspx?content_id=3790659&amp;page=-1\">Governo quer captar talento para o Porto<\/a><\/li>\n<li><a href=\"http:\/\/publico.pt\/1630585\">Centro Nacional de Apoio ao Imigrante no Porto vai mudar de instala\u00e7\u00f5es<\/a><\/li>\n<li><a href=\"http:\/\/www.dn.pt\/inicio\/portugal\/interior.aspx?content_id=3789650&amp;page=-1\">C\u00e2mara vai leiloar im\u00f3veis no Centro Hist\u00f3rico<\/a><\/li>\n<\/ul>\n<p>2 abril<\/p>\n<ul>\n<li><a href=\"http:\/\/publico.pt\/1630780\">Responsabilidade sobre a ponte do Infante pode ser decidida em tribunal<\/a><\/li>\n<li><a href=\"http:\/\/expresso.sapo.pt\/gaia-e-porto-contra-responsabilizacao-descabida-pela-ponte-do-infante=f863814\">Gaia e Porto contra responsabiliza\u00e7\u00e3o &#8220;descabida&#8221; pela ponte do Infante<\/a><\/li>\n<li><a href=\"http:\/\/publico.pt\/1630729\">Obras regressam \u00e0 Avenida da Boavista na pr\u00f3xima segunda-feira<\/a><\/li>\n<li><a href=\"http:\/\/www.jn.pt\/PaginaInicial\/Nacional\/Interior.aspx?content_id=3792018&amp;page=-1\">Minist\u00e9rio P\u00fablico d\u00e1 raz\u00e3o a propriet\u00e1rios de esplanadas no centro do Porto<\/a><\/li>\n<li><a href=\"http:\/\/www.dinheirovivo.pt\/Economia\/Artigo\/cieco333813.html?page=0\">Novas empresas tecnol\u00f3gicas na Universidade Portucalense<\/a><\/li>\n<li><a href=\"http:\/\/www.jn.pt\/PaginaInicial\/Nacional\/Interior.aspx?content_id=3791619&amp;page=-1\">PGR atribui \u00e0s c\u00e2maras do Porto e Gaia responsabilidades pela ponte do Infante<\/a><\/li>\n<li><a href=\"http:\/\/publico.pt\/1630629\">C\u00e2mara do Porto acusada de promover concurso \u201carmadilhado\u201d para o director do Teatro Municipal<\/a><\/li>\n<\/ul>\n<p>3 abril<\/p>\n<ul>\n<li><a href=\"http:\/\/publico.pt\/1630918\">Empres\u00e1rio angolano disp\u00f5e-se a comprar colec\u00e7\u00e3o Mir\u00f3 em leil\u00e3o<\/a><\/li>\n<li><a href=\"http:\/\/publico.pt\/1630923\">Bairro Amarelo n\u00e3o est\u00e1 \u201cem perigo iminente\u201d mas moradores v\u00e3o ser realojados<\/a><\/li>\n<li><a href=\"http:\/\/www.jornaldenegocios.pt\/empresas\/media\/detalhe\/rtp2_vai_passar_para_o_porto_sob_a_direccao_de_eliseo_oliveira.html\">RTP2 vai passar para o Porto sob a direc\u00e7\u00e3o de El\u00edseo Oliveira<\/a><\/li>\n<li><a href=\"http:\/\/www.ionline.pt\/artigos\/dinheiro\/camara-porto-quer-angariar-mais-25-milhoes-venda-imoveis\/pag\/-1\">C\u00e2mara do Porto quer angariar mais de 2,5 milh\u00f5es com venda de im\u00f3veis<\/a><\/li>\n<\/ul>\n<p>4 abril<\/p>\n<ul>\n<li><a href=\"http:\/\/expresso.sapo.pt\/festival-no-porto-quer-ser-radar-do-que-ha-de-novo-na-musica-portuguesa=f864210\">Festival no Porto quer ser &#8220;radar&#8221; do que h\u00e1 de novo na m\u00fasica portuguesa<\/a><\/li>\n<li><a href=\"http:\/\/publico.pt\/1631041\">\u201cNova\u201d RTP2 quer captar as for\u00e7as vivas do Norte e do Centro<\/a><\/li>\n<li><a href=\"http:\/\/www.sabado.pt\/Noticias\/Dinheiro\/Orcamento-da-nova-RTP2-produzida-no-Norte-duplica.aspx\">Or\u00e7amento da nova RTP2 produzida no Norte duplica para 8 milh\u00f5es de euros<\/a><\/li>\n<\/ul>\n<p>5 abril<\/p>\n<ul>\n<li><a href=\"http:\/\/www.dinheirovivo.pt\/Economia\/Artigo\/cieco334791.html?page=0\">Seis centenas de visitantes provaram vinhos no Porto WineMarket<\/a><\/li>\n<li><a href=\"http:\/\/www.jn.pt\/PaginaInicial\/Nacional\/Interior.aspx?content_id=3797293&amp;page=-1\">Bispo do Porto enfrenta d\u00edvida de 800 mil euros<\/a><\/li>\n<\/ul>\n<p>Cr\u00e9ditos: imagem <a href=\"http:\/\/mototurismoadois.wordpress.com\/2011\/07\/04\/fui-pagar-uma-conta-22-04-2010\/\">http:\/\/mototurismoadois.wordpress.com\/2011\/07\/04\/fui-pagar-uma-conta-22-04-2010\/<\/a><\/p>\n","protected":false},"excerpt":{"rendered":"<p>A semana em que finalmente sabemos quem manda na Ponte do Infante e dizem-nos que a RTP2 vem para o Porto. Continuam as novelas do Rivoli e das esplanadas.<\/p>\n","protected":false},"author":1,"featured_media":25262,"comment_status":"open","ping_status":"open","sticky":false,"template":"","format":"standard","meta":{"footnotes":""},"categories":[7],"tags":[130,161,233,426,519,527,573,576],"class_list":["post-25260","post","type-post","status-publish","format-standard","has-post-thumbnail","hentry","category-ler-ver-ouvir-passear","tag-centro-historico","tag-conservatorio","tag-esplanadas","tag-miro","tag-ponte-do-infante","tag-porto-vivo","tag-rivoli","tag-rtp2"],"yoast_head":"<!-- This site is optimized with the Yoast SEO plugin v27.5 - https:\/\/yoast.com\/product\/yoast-seo-wordpress\/ -->\n<title>O Porto na 14\u00aa semana de 2014 - Os Meus Apontamentos<\/title>\n<meta name=\"robots\" content=\"index, follow, max-snippet:-1, max-image-preview:large, max-video-preview:-1\" \/>\n<link rel=\"canonical\" href=\"https:\/\/osmeusapontamentos.com\/index.php\/2014\/04\/27\/o-porto-na-14a-semana-de-2014\/\" \/>\n<meta property=\"og:locale\" content=\"pt_PT\" \/>\n<meta property=\"og:type\" content=\"article\" \/>\n<meta property=\"og:title\" content=\"O Porto na 14\u00aa semana de 2014 - Os Meus Apontamentos\" \/>\n<meta property=\"og:description\" content=\"A semana em que finalmente sabemos quem manda na Ponte do Infante e dizem-nos que a RTP2 vem para o Porto. Continuam as novelas do Rivoli e das esplanadas.\" \/>\n<meta property=\"og:url\" content=\"https:\/\/osmeusapontamentos.com\/index.php\/2014\/04\/27\/o-porto-na-14a-semana-de-2014\/\" \/>\n<meta property=\"og:site_name\" content=\"Os Meus Apontamentos\" \/>\n<meta property=\"article:published_time\" content=\"2014-04-27T08:14:04+00:00\" \/>\n<meta name=\"author\" content=\"Vitor Silva\" \/>\n<meta name=\"twitter:card\" content=\"summary_large_image\" \/>\n<meta name=\"twitter:creator\" content=\"@vitorsilva\" \/>\n<meta name=\"twitter:site\" content=\"@vitorsilva\" \/>\n<meta name=\"twitter:label1\" content=\"Escrito por\" \/>\n\t<meta name=\"twitter:data1\" content=\"Vitor Silva\" \/>\n\t<meta name=\"twitter:label2\" content=\"Tempo estimado de leitura\" \/>\n\t<meta name=\"twitter:data2\" content=\"2 minutos\" \/>\n<script type=\"application\/ld+json\" class=\"yoast-schema-graph\">{\"@context\":\"https:\\\/\\\/schema.org\",\"@graph\":[{\"@type\":\"Article\",\"@id\":\"https:\\\/\\\/osmeusapontamentos.com\\\/index.php\\\/2014\\\/04\\\/27\\\/o-porto-na-14a-semana-de-2014\\\/#article\",\"isPartOf\":{\"@id\":\"https:\\\/\\\/osmeusapontamentos.com\\\/index.php\\\/2014\\\/04\\\/27\\\/o-porto-na-14a-semana-de-2014\\\/\"},\"author\":{\"name\":\"Vitor Silva\",\"@id\":\"https:\\\/\\\/osmeusapontamentos.com\\\/#\\\/schema\\\/person\\\/d508df9c3ffc8b4e64a18dbf0ba18dd8\"},\"headline\":\"O Porto na 14\u00aa semana de 2014\",\"datePublished\":\"2014-04-27T08:14:04+00:00\",\"mainEntityOfPage\":{\"@id\":\"https:\\\/\\\/osmeusapontamentos.com\\\/index.php\\\/2014\\\/04\\\/27\\\/o-porto-na-14a-semana-de-2014\\\/\"},\"wordCount\":326,\"commentCount\":0,\"publisher\":{\"@id\":\"https:\\\/\\\/osmeusapontamentos.com\\\/#\\\/schema\\\/person\\\/d508df9c3ffc8b4e64a18dbf0ba18dd8\"},\"image\":{\"@id\":\"https:\\\/\\\/osmeusapontamentos.com\\\/index.php\\\/2014\\\/04\\\/27\\\/o-porto-na-14a-semana-de-2014\\\/#primaryimage\"},\"thumbnailUrl\":\"\",\"keywords\":[\"Centro Hist\u00f3rico\",\"Conservat\u00f3rio\",\"Esplanadas\",\"Mir\u00f3\",\"Ponte do Infante\",\"Porto Vivo\",\"Rivoli\",\"RTP2\"],\"articleSection\":[\"Ler\\\/ Ver\\\/ Ouvir\\\/ Passear\"],\"inLanguage\":\"pt-PT\",\"potentialAction\":[{\"@type\":\"CommentAction\",\"name\":\"Comment\",\"target\":[\"https:\\\/\\\/osmeusapontamentos.com\\\/index.php\\\/2014\\\/04\\\/27\\\/o-porto-na-14a-semana-de-2014\\\/#respond\"]}]},{\"@type\":\"WebPage\",\"@id\":\"https:\\\/\\\/osmeusapontamentos.com\\\/index.php\\\/2014\\\/04\\\/27\\\/o-porto-na-14a-semana-de-2014\\\/\",\"url\":\"https:\\\/\\\/osmeusapontamentos.com\\\/index.php\\\/2014\\\/04\\\/27\\\/o-porto-na-14a-semana-de-2014\\\/\",\"name\":\"O Porto na 14\u00aa semana de 2014 - Os Meus Apontamentos\",\"isPartOf\":{\"@id\":\"https:\\\/\\\/osmeusapontamentos.com\\\/#website\"},\"primaryImageOfPage\":{\"@id\":\"https:\\\/\\\/osmeusapontamentos.com\\\/index.php\\\/2014\\\/04\\\/27\\\/o-porto-na-14a-semana-de-2014\\\/#primaryimage\"},\"image\":{\"@id\":\"https:\\\/\\\/osmeusapontamentos.com\\\/index.php\\\/2014\\\/04\\\/27\\\/o-porto-na-14a-semana-de-2014\\\/#primaryimage\"},\"thumbnailUrl\":\"\",\"datePublished\":\"2014-04-27T08:14:04+00:00\",\"breadcrumb\":{\"@id\":\"https:\\\/\\\/osmeusapontamentos.com\\\/index.php\\\/2014\\\/04\\\/27\\\/o-porto-na-14a-semana-de-2014\\\/#breadcrumb\"},\"inLanguage\":\"pt-PT\",\"potentialAction\":[{\"@type\":\"ReadAction\",\"target\":[\"https:\\\/\\\/osmeusapontamentos.com\\\/index.php\\\/2014\\\/04\\\/27\\\/o-porto-na-14a-semana-de-2014\\\/\"]}]},{\"@type\":\"ImageObject\",\"inLanguage\":\"pt-PT\",\"@id\":\"https:\\\/\\\/osmeusapontamentos.com\\\/index.php\\\/2014\\\/04\\\/27\\\/o-porto-na-14a-semana-de-2014\\\/#primaryimage\",\"url\":\"\",\"contentUrl\":\"\"},{\"@type\":\"BreadcrumbList\",\"@id\":\"https:\\\/\\\/osmeusapontamentos.com\\\/index.php\\\/2014\\\/04\\\/27\\\/o-porto-na-14a-semana-de-2014\\\/#breadcrumb\",\"itemListElement\":[{\"@type\":\"ListItem\",\"position\":1,\"name\":\"In\u00edcio\",\"item\":\"https:\\\/\\\/osmeusapontamentos.com\\\/\"},{\"@type\":\"ListItem\",\"position\":2,\"name\":\"O Porto na 14\u00aa semana de 2014\"}]},{\"@type\":\"WebSite\",\"@id\":\"https:\\\/\\\/osmeusapontamentos.com\\\/#website\",\"url\":\"https:\\\/\\\/osmeusapontamentos.com\\\/\",\"name\":\"Os Meus Apontamentos\",\"description\":\"\",\"publisher\":{\"@id\":\"https:\\\/\\\/osmeusapontamentos.com\\\/#\\\/schema\\\/person\\\/d508df9c3ffc8b4e64a18dbf0ba18dd8\"},\"potentialAction\":[{\"@type\":\"SearchAction\",\"target\":{\"@type\":\"EntryPoint\",\"urlTemplate\":\"https:\\\/\\\/osmeusapontamentos.com\\\/?s={search_term_string}\"},\"query-input\":{\"@type\":\"PropertyValueSpecification\",\"valueRequired\":true,\"valueName\":\"search_term_string\"}}],\"inLanguage\":\"pt-PT\"},{\"@type\":[\"Person\",\"Organization\"],\"@id\":\"https:\\\/\\\/osmeusapontamentos.com\\\/#\\\/schema\\\/person\\\/d508df9c3ffc8b4e64a18dbf0ba18dd8\",\"name\":\"Vitor Silva\",\"image\":{\"@type\":\"ImageObject\",\"inLanguage\":\"pt-PT\",\"@id\":\"https:\\\/\\\/secure.gravatar.com\\\/avatar\\\/f81f58ad909e8a213ab0a690f6ed65e5c0e0e2274bf35ac49ff31d7988d483ce?s=96&d=mm&r=g\",\"url\":\"https:\\\/\\\/secure.gravatar.com\\\/avatar\\\/f81f58ad909e8a213ab0a690f6ed65e5c0e0e2274bf35ac49ff31d7988d483ce?s=96&d=mm&r=g\",\"contentUrl\":\"https:\\\/\\\/secure.gravatar.com\\\/avatar\\\/f81f58ad909e8a213ab0a690f6ed65e5c0e0e2274bf35ac49ff31d7988d483ce?s=96&d=mm&r=g\",\"caption\":\"Vitor Silva\"},\"logo\":{\"@id\":\"https:\\\/\\\/secure.gravatar.com\\\/avatar\\\/f81f58ad909e8a213ab0a690f6ed65e5c0e0e2274bf35ac49ff31d7988d483ce?s=96&d=mm&r=g\"},\"sameAs\":[\"https:\\\/\\\/www.linkedin.com\\\/in\\\/vitormrsilva\",\"https:\\\/\\\/x.com\\\/vitorsilva\"]}]}<\/script>\n<!-- \/ Yoast SEO plugin. -->","yoast_head_json":{"title":"O Porto na 14\u00aa semana de 2014 - Os Meus Apontamentos","robots":{"index":"index","follow":"follow","max-snippet":"max-snippet:-1","max-image-preview":"max-image-preview:large","max-video-preview":"max-video-preview:-1"},"canonical":"https:\/\/osmeusapontamentos.com\/index.php\/2014\/04\/27\/o-porto-na-14a-semana-de-2014\/","og_locale":"pt_PT","og_type":"article","og_title":"O Porto na 14\u00aa semana de 2014 - Os Meus Apontamentos","og_description":"A semana em que finalmente sabemos quem manda na Ponte do Infante e dizem-nos que a RTP2 vem para o Porto. Continuam as novelas do Rivoli e das esplanadas.","og_url":"https:\/\/osmeusapontamentos.com\/index.php\/2014\/04\/27\/o-porto-na-14a-semana-de-2014\/","og_site_name":"Os Meus Apontamentos","article_published_time":"2014-04-27T08:14:04+00:00","author":"Vitor Silva","twitter_card":"summary_large_image","twitter_creator":"@vitorsilva","twitter_site":"@vitorsilva","twitter_misc":{"Escrito por":"Vitor Silva","Tempo estimado de leitura":"2 minutos"},"schema":{"@context":"https:\/\/schema.org","@graph":[{"@type":"Article","@id":"https:\/\/osmeusapontamentos.com\/index.php\/2014\/04\/27\/o-porto-na-14a-semana-de-2014\/#article","isPartOf":{"@id":"https:\/\/osmeusapontamentos.com\/index.php\/2014\/04\/27\/o-porto-na-14a-semana-de-2014\/"},"author":{"name":"Vitor Silva","@id":"https:\/\/osmeusapontamentos.com\/#\/schema\/person\/d508df9c3ffc8b4e64a18dbf0ba18dd8"},"headline":"O Porto na 14\u00aa semana de 2014","datePublished":"2014-04-27T08:14:04+00:00","mainEntityOfPage":{"@id":"https:\/\/osmeusapontamentos.com\/index.php\/2014\/04\/27\/o-porto-na-14a-semana-de-2014\/"},"wordCount":326,"commentCount":0,"publisher":{"@id":"https:\/\/osmeusapontamentos.com\/#\/schema\/person\/d508df9c3ffc8b4e64a18dbf0ba18dd8"},"image":{"@id":"https:\/\/osmeusapontamentos.com\/index.php\/2014\/04\/27\/o-porto-na-14a-semana-de-2014\/#primaryimage"},"thumbnailUrl":"","keywords":["Centro Hist\u00f3rico","Conservat\u00f3rio","Esplanadas","Mir\u00f3","Ponte do Infante","Porto Vivo","Rivoli","RTP2"],"articleSection":["Ler\/ Ver\/ Ouvir\/ Passear"],"inLanguage":"pt-PT","potentialAction":[{"@type":"CommentAction","name":"Comment","target":["https:\/\/osmeusapontamentos.com\/index.php\/2014\/04\/27\/o-porto-na-14a-semana-de-2014\/#respond"]}]},{"@type":"WebPage","@id":"https:\/\/osmeusapontamentos.com\/index.php\/2014\/04\/27\/o-porto-na-14a-semana-de-2014\/","url":"https:\/\/osmeusapontamentos.com\/index.php\/2014\/04\/27\/o-porto-na-14a-semana-de-2014\/","name":"O Porto na 14\u00aa semana de 2014 - Os Meus Apontamentos","isPartOf":{"@id":"https:\/\/osmeusapontamentos.com\/#website"},"primaryImageOfPage":{"@id":"https:\/\/osmeusapontamentos.com\/index.php\/2014\/04\/27\/o-porto-na-14a-semana-de-2014\/#primaryimage"},"image":{"@id":"https:\/\/osmeusapontamentos.com\/index.php\/2014\/04\/27\/o-porto-na-14a-semana-de-2014\/#primaryimage"},"thumbnailUrl":"","datePublished":"2014-04-27T08:14:04+00:00","breadcrumb":{"@id":"https:\/\/osmeusapontamentos.com\/index.php\/2014\/04\/27\/o-porto-na-14a-semana-de-2014\/#breadcrumb"},"inLanguage":"pt-PT","potentialAction":[{"@type":"ReadAction","target":["https:\/\/osmeusapontamentos.com\/index.php\/2014\/04\/27\/o-porto-na-14a-semana-de-2014\/"]}]},{"@type":"ImageObject","inLanguage":"pt-PT","@id":"https:\/\/osmeusapontamentos.com\/index.php\/2014\/04\/27\/o-porto-na-14a-semana-de-2014\/#primaryimage","url":"","contentUrl":""},{"@type":"BreadcrumbList","@id":"https:\/\/osmeusapontamentos.com\/index.php\/2014\/04\/27\/o-porto-na-14a-semana-de-2014\/#breadcrumb","itemListElement":[{"@type":"ListItem","position":1,"name":"In\u00edcio","item":"https:\/\/osmeusapontamentos.com\/"},{"@type":"ListItem","position":2,"name":"O Porto na 14\u00aa semana de 2014"}]},{"@type":"WebSite","@id":"https:\/\/osmeusapontamentos.com\/#website","url":"https:\/\/osmeusapontamentos.com\/","name":"Os Meus Apontamentos","description":"","publisher":{"@id":"https:\/\/osmeusapontamentos.com\/#\/schema\/person\/d508df9c3ffc8b4e64a18dbf0ba18dd8"},"potentialAction":[{"@type":"SearchAction","target":{"@type":"EntryPoint","urlTemplate":"https:\/\/osmeusapontamentos.com\/?s={search_term_string}"},"query-input":{"@type":"PropertyValueSpecification","valueRequired":true,"valueName":"search_term_string"}}],"inLanguage":"pt-PT"},{"@type":["Person","Organization"],"@id":"https:\/\/osmeusapontamentos.com\/#\/schema\/person\/d508df9c3ffc8b4e64a18dbf0ba18dd8","name":"Vitor Silva","image":{"@type":"ImageObject","inLanguage":"pt-PT","@id":"https:\/\/secure.gravatar.com\/avatar\/f81f58ad909e8a213ab0a690f6ed65e5c0e0e2274bf35ac49ff31d7988d483ce?s=96&d=mm&r=g","url":"https:\/\/secure.gravatar.com\/avatar\/f81f58ad909e8a213ab0a690f6ed65e5c0e0e2274bf35ac49ff31d7988d483ce?s=96&d=mm&r=g","contentUrl":"https:\/\/secure.gravatar.com\/avatar\/f81f58ad909e8a213ab0a690f6ed65e5c0e0e2274bf35ac49ff31d7988d483ce?s=96&d=mm&r=g","caption":"Vitor Silva"},"logo":{"@id":"https:\/\/secure.gravatar.com\/avatar\/f81f58ad909e8a213ab0a690f6ed65e5c0e0e2274bf35ac49ff31d7988d483ce?s=96&d=mm&r=g"},"sameAs":["https:\/\/www.linkedin.com\/in\/vitormrsilva","https:\/\/x.com\/vitorsilva"]}]}},"_links":{"self":[{"href":"https:\/\/osmeusapontamentos.com\/index.php\/wp-json\/wp\/v2\/posts\/25260","targetHints":{"allow":["GET"]}}],"collection":[{"href":"https:\/\/osmeusapontamentos.com\/index.php\/wp-json\/wp\/v2\/posts"}],"about":[{"href":"https:\/\/osmeusapontamentos.com\/index.php\/wp-json\/wp\/v2\/types\/post"}],"author":[{"embeddable":true,"href":"https:\/\/osmeusapontamentos.com\/index.php\/wp-json\/wp\/v2\/users\/1"}],"replies":[{"embeddable":true,"href":"https:\/\/osmeusapontamentos.com\/index.php\/wp-json\/wp\/v2\/comments?post=25260"}],"version-history":[{"count":0,"href":"https:\/\/osmeusapontamentos.com\/index.php\/wp-json\/wp\/v2\/posts\/25260\/revisions"}],"wp:featuredmedia":[{"embeddable":true,"href":"https:\/\/osmeusapontamentos.com\/index.php\/wp-json\/"}],"wp:attachment":[{"href":"https:\/\/osmeusapontamentos.com\/index.php\/wp-json\/wp\/v2\/media?parent=25260"}],"wp:term":[{"taxonomy":"category","embeddable":true,"href":"https:\/\/osmeusapontamentos.com\/index.php\/wp-json\/wp\/v2\/categories?post=25260"},{"taxonomy":"post_tag","embeddable":true,"href":"https:\/\/osmeusapontamentos.com\/index.php\/wp-json\/wp\/v2\/tags?post=25260"}],"curies":[{"name":"wp","href":"https:\/\/api.w.org\/{rel}","templated":true}]}}