{"id":25256,"date":"2014-04-26T16:07:44","date_gmt":"2014-04-26T16:07:44","guid":{"rendered":"http:\/\/osmeusapontamentos.com\/?p=25256"},"modified":"2014-04-26T16:07:44","modified_gmt":"2014-04-26T16:07:44","slug":"o-porto-na-13a-semana-de-2014","status":"publish","type":"post","link":"https:\/\/osmeusapontamentos.com\/index.php\/2014\/04\/26\/o-porto-na-13a-semana-de-2014\/","title":{"rendered":"O Porto na 13\u00aa semana de 2014"},"content":{"rendered":"<p><a href=\"https:\/\/osmeusapontamentos.com\/wp-content\/uploads\/2014\/04\/arrumador_portofeliz.jpg\"><img loading=\"lazy\" decoding=\"async\" class=\"size-full wp-image-25258 aligncenter\" src=\"https:\/\/osmeusapontamentos.com\/wp-content\/uploads\/2014\/04\/arrumador_portofeliz.jpg\" alt=\"arrumador_portofeliz\" width=\"305\" height=\"229\" \/><\/a><\/p>\n<p>Antiga f\u00e1brica de sab\u00e3o veio abaixo na semana da\u00a0festa no Centro Hist\u00f3rico. Entretanto Porto e Faro unem-se\u00a0no Turismo,\u00a0finalmente\u00a0vai haver a rua Saramago no Porto e arrumadores passam a precisar de tirar licen\u00e7a<\/p>\n<p>23 mar\u00e7o<\/p>\n<ul>\n<li><a href=\"http:\/\/sol.sapo.pt\/inicio\/Sociedade\/Interior.aspx?content_id=101966\">C\u00e2mara do Porto prepara demoli\u00e7\u00e3o de antiga f\u00e1brica de sab\u00e3o<\/a><\/li>\n<\/ul>\n<p>24 mar\u00e7o<\/p>\n<ul>\n<li><a href=\"http:\/\/www.ionline.pt\/artigos\/portugal\/cdu-quer-camara-porto-pedir-governo-mais-justica-social-na-renda-apoiada\/pag\/-1\">CDU quer C\u00e2mara do Porto a pedir a Governo mais &#8220;justi\u00e7a social&#8221; na renda apoiada<\/a><\/li>\n<li><a href=\"http:\/\/www.jornaldenegocios.pt\/empresas\/start_ups\/detalhe\/maternidade_do_porto_da_colo_a_165_empresas.html\">&#8220;Maternidade&#8221; do Porto d\u00e1 colo a 165 empresas<\/a><\/li>\n<li><a href=\"http:\/\/www.ionline.pt\/artigos\/portugal\/camara-porto-quer-criar-rota-arte-publica-apoio-mecenas\/pag\/-1\">C\u00e2mara do Porto quer criar rota de arte p\u00fablica com apoio de mecenas<\/a><\/li>\n<li><a href=\"http:\/\/publico.pt\/1629587\">Quando agir \u00e9 o mal menor<\/a><\/li>\n<li><a href=\"http:\/\/publico.pt\/1629561\">A f\u00e1brica foi abaixo e Fernando foi para um quarto<\/a><\/li>\n<li><a href=\"http:\/\/www.jn.pt\/PaginaInicial\/Nacional\/Interior.aspx?content_id=3776181&amp;page=-1\">Rui Moreira n\u00e3o teme que f\u00e1brica de Lordelo do Ouro se &#8220;replique&#8221; noutros locais<\/a><\/li>\n<li><a href=\"http:\/\/publico.pt\/1629499\">Demoli\u00e7\u00f5es levantam discuss\u00e3o sobre sala de consumo ass\u00e9ptico no Porto<\/a><\/li>\n<\/ul>\n<p>25 mar\u00e7o<\/p>\n<ul>\n<li><a href=\"http:\/\/publico.pt\/1629701\">C\u00e2mara do Porto admite selar e demolir casas insalubres para evitar que sejam arrendadas<\/a><\/li>\n<li><a href=\"http:\/\/www.sabado.pt\/Noticias\/Sociedade\/Camara-do-Porto-aprova-Rua-Jose-Saramago.aspx\">C\u00e2mara do Porto aprova Rua Jos\u00e9 Saramago<\/a><\/li>\n<li><a href=\"http:\/\/publico.pt\/1629692\">S\u00e3o Jo\u00e3o do Porto com mais de 200 eventos como fogo-de-artif\u00edcio em parceria com Gaia<\/a><\/li>\n<li><a href=\"http:\/\/publico.pt\/1629686\">Casa do Infante vai ter Centro Interpretativo dedicado ao Navegador<\/a><\/li>\n<li><a href=\"http:\/\/www.ionline.pt\/artigos\/dinheiro\/camara-porto-vai-intensificar-fiscalizacao-arrendamento-sem-recibos\/pag\/-1\">C\u00e2mara do Porto vai intensificar fiscaliza\u00e7\u00e3o de arrendamento sem recibos<\/a><\/li>\n<li><a href=\"http:\/\/www.sabado.pt\/Noticias\/Sociedade\/Dez-candidatos-querem-dirigir-Rivoli-e-Campo-Alegr.aspx\">Dez candidatos querem dirigir Rivoli e Campo Alegre<\/a><\/li>\n<li><a href=\"http:\/\/www.jn.pt\/PaginaInicial\/Nacional\/Interior.aspx?content_id=3776573&amp;page=-1\">Demoli\u00e7\u00e3o de supermercado da droga preparada em segredo<\/a><\/li>\n<\/ul>\n<p>26 mar\u00e7o<\/p>\n<ul>\n<li><a href=\"http:\/\/www.ionline.pt\/artigos\/dinheiro\/cidades-porto-faro-unem-se-promover-turismo\/pag\/-1\">Cidades do Porto e de Faro unem-se para promover turismo<\/a><\/li>\n<li><a href=\"http:\/\/www.ionline.pt\/artigos\/dinheiro\/grupo-trabalho-centro-norte-aprova-documento-opcoes-infra-estruturas\/pag\/-1\">Grupo de Trabalho Centro-Norte aprova documento de op\u00e7\u00f5es para infra-estruturas<\/a><\/li>\n<li><a href=\"http:\/\/www.jornaldenegocios.pt\/empresas\/transportes\/aviacao\/detalhe\/vueling_aposta_em_novas_rotas_para_o_porto.html\">Vueling aposta em novas rotas para o Porto<\/a><\/li>\n<li><a href=\"http:\/\/www.dinheirovivo.pt\/Economia\/Artigo\/cieco332594.html?page=0\">Quer aprender a servir (e vender) vinho do Porto? Aqui h\u00e1 15 vagas<\/a><\/li>\n<li><a href=\"http:\/\/www.oje.pt\/suplementos\/exportar-e-internacionalizar\/hospital-veterinario-do-porto-entra-em-luanda-com-formacao\">Hospital veterin\u00e1rio do Porto entra em Luanda com forma\u00e7\u00e3o<\/a><\/li>\n<li><a href=\"http:\/\/www.jornaldenegocios.pt\/empresas\/imobiliario\/detalhe\/sothebys_chega_ao_porto_e_abre_segunda_loja_no_algarve.html\">Sotheby&#8217;s chega ao Porto e abre segunda loja no Algarve<\/a><\/li>\n<li><a href=\"http:\/\/expresso.sapo.pt\/jose-saramago-esta-a-chegar-ao-porto=f862564\">Jos\u00e9 Saramago est\u00e1 a chegar ao Porto<\/a><\/li>\n<li><a href=\"http:\/\/publico.pt\/1629671\">N\u00e3o sejamos assim<\/a><\/li>\n<\/ul>\n<p>27 mar\u00e7o<\/p>\n<ul>\n<li><a href=\"http:\/\/publico.pt\/1629988\">Muita m\u00fasica, anima\u00e7\u00e3o e petiscos a um euro, para celebrar s\u00e1bado o Porto Hist\u00f3rico<\/a><\/li>\n<li><a href=\"http:\/\/expresso.sapo.pt\/debate-sobre-futuro-da-porto-vivo-pouco-provavel-na-reuniao-de-sexta-feira-camara=f862784\">Debate sobre futuro da Porto Vivo &#8220;pouco prov\u00e1vel&#8221; na reuni\u00e3o de sexta-feira &#8211; C\u00e2mara<\/a><\/li>\n<li><a href=\"http:\/\/www.jn.pt\/PaginaInicial\/Nacional\/Interior.aspx?content_id=3781470&amp;page=-1\">C\u00e2mara do Porto quer centro hist\u00f3rico pedonal de forma &#8220;gradual&#8221;<\/a><\/li>\n<li><a href=\"http:\/\/publico.pt\/1629942\">Falta de habitantes \u00e9 o maior entrave \u00e0 reabilita\u00e7\u00e3o dos centros hist\u00f3ricos<\/a><\/li>\n<li><a href=\"http:\/\/publico.pt\/1629863\">C\u00e2mara do Porto oferece v\u00e1rias ruas aos pe\u00f5es no Dia dos Centros Hist\u00f3ricos<\/a><\/li>\n<\/ul>\n<p>28 mar\u00e7o<\/p>\n<ul>\n<li><a href=\"http:\/\/www.jn.pt\/PaginaInicial\/Nacional\/Interior.aspx?content_id=3784591&amp;page=-1\">Granizo cobre Porto de branco<\/a><\/li>\n<li><a href=\"http:\/\/publico.pt\/1630104\">Junta de Campanh\u00e3 vai atribuir licen\u00e7as a arrumadores de autom\u00f3veis<\/a><\/li>\n<\/ul>\n<p>29 mar\u00e7o<\/p>\n<ul>\n<li><a href=\"http:\/\/publico.pt\/1630170\">Universidade do Porto: Seis candidatos na corrida ao cargo de reitor<\/a><\/li>\n<li><a href=\"http:\/\/www.ionline.pt\/artigos\/portugal\/camara-porto-promete-mais-animacao-rua-estimular-comercio-local\/pag\/-1\">C\u00e2mara do Porto promete mais anima\u00e7\u00e3o de rua para estimular com\u00e9rcio local<\/a><\/li>\n<li><a href=\"http:\/\/www.ionline.pt\/artigos\/portugal\/sindicato-da-construcao-quer-aliar-se-camara-porto-exigir-reabilitacao-urbana\/pag\/-1\">Sindicato da Constru\u00e7\u00e3o quer aliar-se \u00e0 C\u00e2mara do Porto para exigir reabilita\u00e7\u00e3o urbana<\/a><\/li>\n<\/ul>\n<p>Cr\u00e9ditos: Imagem\u00a0http:\/\/jpn.c2com.up.pt\/2008\/07\/08\/nao_ha_combate_a_toxicodependencia_no_porto.html<\/p>\n","protected":false},"excerpt":{"rendered":"<p>Antiga f\u00e1brica de sab\u00e3o veio abaixo na semana da festa no Centro Hist\u00f3rico. Entretanto Porto e Faro unem-se no Turismo, finalmente vai haver a rua Saramago no Porto e arrumadores passam a precisar de tirar licen\u00e7a<\/p>\n","protected":false},"author":1,"featured_media":25258,"comment_status":"open","ping_status":"open","sticky":false,"template":"","format":"standard","meta":{"footnotes":""},"categories":[7],"tags":[63,123,130,244,374,573,591,612,629,662],"class_list":["post-25256","post","type-post","status-publish","format-standard","has-post-thumbnail","hentry","category-ler-ver-ouvir-passear","tag-arrumadores","tag-casa-do-infante","tag-centro-historico","tag-fabrica-de-sabao","tag-lordelo-do-ouro","tag-rivoli","tag-saramago","tag-sru","tag-teatro-do-campo-alegre","tag-uptec"],"yoast_head":"<!-- This site is optimized with the Yoast SEO plugin v27.5 - https:\/\/yoast.com\/product\/yoast-seo-wordpress\/ -->\n<title>O Porto na 13\u00aa semana de 2014 - Os Meus Apontamentos<\/title>\n<meta name=\"robots\" content=\"index, follow, max-snippet:-1, max-image-preview:large, max-video-preview:-1\" \/>\n<link rel=\"canonical\" href=\"https:\/\/osmeusapontamentos.com\/index.php\/2014\/04\/26\/o-porto-na-13a-semana-de-2014\/\" \/>\n<meta property=\"og:locale\" content=\"pt_PT\" \/>\n<meta property=\"og:type\" content=\"article\" \/>\n<meta property=\"og:title\" content=\"O Porto na 13\u00aa semana de 2014 - Os Meus Apontamentos\" \/>\n<meta property=\"og:description\" content=\"Antiga f\u00e1brica de sab\u00e3o veio abaixo na semana da festa no Centro Hist\u00f3rico. Entretanto Porto e Faro unem-se no Turismo, finalmente vai haver a rua Saramago no Porto e arrumadores passam a precisar de tirar licen\u00e7a\" \/>\n<meta property=\"og:url\" content=\"https:\/\/osmeusapontamentos.com\/index.php\/2014\/04\/26\/o-porto-na-13a-semana-de-2014\/\" \/>\n<meta property=\"og:site_name\" content=\"Os Meus Apontamentos\" \/>\n<meta property=\"article:published_time\" content=\"2014-04-26T16:07:44+00:00\" \/>\n<meta name=\"author\" content=\"Vitor Silva\" \/>\n<meta name=\"twitter:card\" content=\"summary_large_image\" \/>\n<meta name=\"twitter:creator\" content=\"@vitorsilva\" \/>\n<meta name=\"twitter:site\" content=\"@vitorsilva\" \/>\n<meta name=\"twitter:label1\" content=\"Escrito por\" \/>\n\t<meta name=\"twitter:data1\" content=\"Vitor Silva\" \/>\n\t<meta name=\"twitter:label2\" content=\"Tempo estimado de leitura\" \/>\n\t<meta name=\"twitter:data2\" content=\"2 minutos\" \/>\n<script type=\"application\/ld+json\" class=\"yoast-schema-graph\">{\"@context\":\"https:\\\/\\\/schema.org\",\"@graph\":[{\"@type\":\"Article\",\"@id\":\"https:\\\/\\\/osmeusapontamentos.com\\\/index.php\\\/2014\\\/04\\\/26\\\/o-porto-na-13a-semana-de-2014\\\/#article\",\"isPartOf\":{\"@id\":\"https:\\\/\\\/osmeusapontamentos.com\\\/index.php\\\/2014\\\/04\\\/26\\\/o-porto-na-13a-semana-de-2014\\\/\"},\"author\":{\"name\":\"Vitor Silva\",\"@id\":\"https:\\\/\\\/osmeusapontamentos.com\\\/#\\\/schema\\\/person\\\/d508df9c3ffc8b4e64a18dbf0ba18dd8\"},\"headline\":\"O Porto na 13\u00aa semana de 2014\",\"datePublished\":\"2014-04-26T16:07:44+00:00\",\"mainEntityOfPage\":{\"@id\":\"https:\\\/\\\/osmeusapontamentos.com\\\/index.php\\\/2014\\\/04\\\/26\\\/o-porto-na-13a-semana-de-2014\\\/\"},\"wordCount\":460,\"commentCount\":0,\"publisher\":{\"@id\":\"https:\\\/\\\/osmeusapontamentos.com\\\/#\\\/schema\\\/person\\\/d508df9c3ffc8b4e64a18dbf0ba18dd8\"},\"image\":{\"@id\":\"https:\\\/\\\/osmeusapontamentos.com\\\/index.php\\\/2014\\\/04\\\/26\\\/o-porto-na-13a-semana-de-2014\\\/#primaryimage\"},\"thumbnailUrl\":\"\",\"keywords\":[\"Arrumadores\",\"Casa do Infante\",\"Centro Hist\u00f3rico\",\"F\u00e1brica de Sab\u00e3o\",\"Lordelo do Ouro\",\"Rivoli\",\"Saramago\",\"SRU\",\"Teatro do Campo Alegre\",\"UPTEC\"],\"articleSection\":[\"Ler\\\/ Ver\\\/ Ouvir\\\/ Passear\"],\"inLanguage\":\"pt-PT\",\"potentialAction\":[{\"@type\":\"CommentAction\",\"name\":\"Comment\",\"target\":[\"https:\\\/\\\/osmeusapontamentos.com\\\/index.php\\\/2014\\\/04\\\/26\\\/o-porto-na-13a-semana-de-2014\\\/#respond\"]}]},{\"@type\":\"WebPage\",\"@id\":\"https:\\\/\\\/osmeusapontamentos.com\\\/index.php\\\/2014\\\/04\\\/26\\\/o-porto-na-13a-semana-de-2014\\\/\",\"url\":\"https:\\\/\\\/osmeusapontamentos.com\\\/index.php\\\/2014\\\/04\\\/26\\\/o-porto-na-13a-semana-de-2014\\\/\",\"name\":\"O Porto na 13\u00aa semana de 2014 - Os Meus Apontamentos\",\"isPartOf\":{\"@id\":\"https:\\\/\\\/osmeusapontamentos.com\\\/#website\"},\"primaryImageOfPage\":{\"@id\":\"https:\\\/\\\/osmeusapontamentos.com\\\/index.php\\\/2014\\\/04\\\/26\\\/o-porto-na-13a-semana-de-2014\\\/#primaryimage\"},\"image\":{\"@id\":\"https:\\\/\\\/osmeusapontamentos.com\\\/index.php\\\/2014\\\/04\\\/26\\\/o-porto-na-13a-semana-de-2014\\\/#primaryimage\"},\"thumbnailUrl\":\"\",\"datePublished\":\"2014-04-26T16:07:44+00:00\",\"breadcrumb\":{\"@id\":\"https:\\\/\\\/osmeusapontamentos.com\\\/index.php\\\/2014\\\/04\\\/26\\\/o-porto-na-13a-semana-de-2014\\\/#breadcrumb\"},\"inLanguage\":\"pt-PT\",\"potentialAction\":[{\"@type\":\"ReadAction\",\"target\":[\"https:\\\/\\\/osmeusapontamentos.com\\\/index.php\\\/2014\\\/04\\\/26\\\/o-porto-na-13a-semana-de-2014\\\/\"]}]},{\"@type\":\"ImageObject\",\"inLanguage\":\"pt-PT\",\"@id\":\"https:\\\/\\\/osmeusapontamentos.com\\\/index.php\\\/2014\\\/04\\\/26\\\/o-porto-na-13a-semana-de-2014\\\/#primaryimage\",\"url\":\"\",\"contentUrl\":\"\"},{\"@type\":\"BreadcrumbList\",\"@id\":\"https:\\\/\\\/osmeusapontamentos.com\\\/index.php\\\/2014\\\/04\\\/26\\\/o-porto-na-13a-semana-de-2014\\\/#breadcrumb\",\"itemListElement\":[{\"@type\":\"ListItem\",\"position\":1,\"name\":\"In\u00edcio\",\"item\":\"https:\\\/\\\/osmeusapontamentos.com\\\/\"},{\"@type\":\"ListItem\",\"position\":2,\"name\":\"O Porto na 13\u00aa semana de 2014\"}]},{\"@type\":\"WebSite\",\"@id\":\"https:\\\/\\\/osmeusapontamentos.com\\\/#website\",\"url\":\"https:\\\/\\\/osmeusapontamentos.com\\\/\",\"name\":\"Os Meus Apontamentos\",\"description\":\"\",\"publisher\":{\"@id\":\"https:\\\/\\\/osmeusapontamentos.com\\\/#\\\/schema\\\/person\\\/d508df9c3ffc8b4e64a18dbf0ba18dd8\"},\"potentialAction\":[{\"@type\":\"SearchAction\",\"target\":{\"@type\":\"EntryPoint\",\"urlTemplate\":\"https:\\\/\\\/osmeusapontamentos.com\\\/?s={search_term_string}\"},\"query-input\":{\"@type\":\"PropertyValueSpecification\",\"valueRequired\":true,\"valueName\":\"search_term_string\"}}],\"inLanguage\":\"pt-PT\"},{\"@type\":[\"Person\",\"Organization\"],\"@id\":\"https:\\\/\\\/osmeusapontamentos.com\\\/#\\\/schema\\\/person\\\/d508df9c3ffc8b4e64a18dbf0ba18dd8\",\"name\":\"Vitor Silva\",\"image\":{\"@type\":\"ImageObject\",\"inLanguage\":\"pt-PT\",\"@id\":\"https:\\\/\\\/secure.gravatar.com\\\/avatar\\\/f81f58ad909e8a213ab0a690f6ed65e5c0e0e2274bf35ac49ff31d7988d483ce?s=96&d=mm&r=g\",\"url\":\"https:\\\/\\\/secure.gravatar.com\\\/avatar\\\/f81f58ad909e8a213ab0a690f6ed65e5c0e0e2274bf35ac49ff31d7988d483ce?s=96&d=mm&r=g\",\"contentUrl\":\"https:\\\/\\\/secure.gravatar.com\\\/avatar\\\/f81f58ad909e8a213ab0a690f6ed65e5c0e0e2274bf35ac49ff31d7988d483ce?s=96&d=mm&r=g\",\"caption\":\"Vitor Silva\"},\"logo\":{\"@id\":\"https:\\\/\\\/secure.gravatar.com\\\/avatar\\\/f81f58ad909e8a213ab0a690f6ed65e5c0e0e2274bf35ac49ff31d7988d483ce?s=96&d=mm&r=g\"},\"sameAs\":[\"https:\\\/\\\/www.linkedin.com\\\/in\\\/vitormrsilva\",\"https:\\\/\\\/x.com\\\/vitorsilva\"]}]}<\/script>\n<!-- \/ Yoast SEO plugin. -->","yoast_head_json":{"title":"O Porto na 13\u00aa semana de 2014 - Os Meus Apontamentos","robots":{"index":"index","follow":"follow","max-snippet":"max-snippet:-1","max-image-preview":"max-image-preview:large","max-video-preview":"max-video-preview:-1"},"canonical":"https:\/\/osmeusapontamentos.com\/index.php\/2014\/04\/26\/o-porto-na-13a-semana-de-2014\/","og_locale":"pt_PT","og_type":"article","og_title":"O Porto na 13\u00aa semana de 2014 - Os Meus Apontamentos","og_description":"Antiga f\u00e1brica de sab\u00e3o veio abaixo na semana da festa no Centro Hist\u00f3rico. Entretanto Porto e Faro unem-se no Turismo, finalmente vai haver a rua Saramago no Porto e arrumadores passam a precisar de tirar licen\u00e7a","og_url":"https:\/\/osmeusapontamentos.com\/index.php\/2014\/04\/26\/o-porto-na-13a-semana-de-2014\/","og_site_name":"Os Meus Apontamentos","article_published_time":"2014-04-26T16:07:44+00:00","author":"Vitor Silva","twitter_card":"summary_large_image","twitter_creator":"@vitorsilva","twitter_site":"@vitorsilva","twitter_misc":{"Escrito por":"Vitor Silva","Tempo estimado de leitura":"2 minutos"},"schema":{"@context":"https:\/\/schema.org","@graph":[{"@type":"Article","@id":"https:\/\/osmeusapontamentos.com\/index.php\/2014\/04\/26\/o-porto-na-13a-semana-de-2014\/#article","isPartOf":{"@id":"https:\/\/osmeusapontamentos.com\/index.php\/2014\/04\/26\/o-porto-na-13a-semana-de-2014\/"},"author":{"name":"Vitor Silva","@id":"https:\/\/osmeusapontamentos.com\/#\/schema\/person\/d508df9c3ffc8b4e64a18dbf0ba18dd8"},"headline":"O Porto na 13\u00aa semana de 2014","datePublished":"2014-04-26T16:07:44+00:00","mainEntityOfPage":{"@id":"https:\/\/osmeusapontamentos.com\/index.php\/2014\/04\/26\/o-porto-na-13a-semana-de-2014\/"},"wordCount":460,"commentCount":0,"publisher":{"@id":"https:\/\/osmeusapontamentos.com\/#\/schema\/person\/d508df9c3ffc8b4e64a18dbf0ba18dd8"},"image":{"@id":"https:\/\/osmeusapontamentos.com\/index.php\/2014\/04\/26\/o-porto-na-13a-semana-de-2014\/#primaryimage"},"thumbnailUrl":"","keywords":["Arrumadores","Casa do Infante","Centro Hist\u00f3rico","F\u00e1brica de Sab\u00e3o","Lordelo do Ouro","Rivoli","Saramago","SRU","Teatro do Campo Alegre","UPTEC"],"articleSection":["Ler\/ Ver\/ Ouvir\/ Passear"],"inLanguage":"pt-PT","potentialAction":[{"@type":"CommentAction","name":"Comment","target":["https:\/\/osmeusapontamentos.com\/index.php\/2014\/04\/26\/o-porto-na-13a-semana-de-2014\/#respond"]}]},{"@type":"WebPage","@id":"https:\/\/osmeusapontamentos.com\/index.php\/2014\/04\/26\/o-porto-na-13a-semana-de-2014\/","url":"https:\/\/osmeusapontamentos.com\/index.php\/2014\/04\/26\/o-porto-na-13a-semana-de-2014\/","name":"O Porto na 13\u00aa semana de 2014 - Os Meus Apontamentos","isPartOf":{"@id":"https:\/\/osmeusapontamentos.com\/#website"},"primaryImageOfPage":{"@id":"https:\/\/osmeusapontamentos.com\/index.php\/2014\/04\/26\/o-porto-na-13a-semana-de-2014\/#primaryimage"},"image":{"@id":"https:\/\/osmeusapontamentos.com\/index.php\/2014\/04\/26\/o-porto-na-13a-semana-de-2014\/#primaryimage"},"thumbnailUrl":"","datePublished":"2014-04-26T16:07:44+00:00","breadcrumb":{"@id":"https:\/\/osmeusapontamentos.com\/index.php\/2014\/04\/26\/o-porto-na-13a-semana-de-2014\/#breadcrumb"},"inLanguage":"pt-PT","potentialAction":[{"@type":"ReadAction","target":["https:\/\/osmeusapontamentos.com\/index.php\/2014\/04\/26\/o-porto-na-13a-semana-de-2014\/"]}]},{"@type":"ImageObject","inLanguage":"pt-PT","@id":"https:\/\/osmeusapontamentos.com\/index.php\/2014\/04\/26\/o-porto-na-13a-semana-de-2014\/#primaryimage","url":"","contentUrl":""},{"@type":"BreadcrumbList","@id":"https:\/\/osmeusapontamentos.com\/index.php\/2014\/04\/26\/o-porto-na-13a-semana-de-2014\/#breadcrumb","itemListElement":[{"@type":"ListItem","position":1,"name":"In\u00edcio","item":"https:\/\/osmeusapontamentos.com\/"},{"@type":"ListItem","position":2,"name":"O Porto na 13\u00aa semana de 2014"}]},{"@type":"WebSite","@id":"https:\/\/osmeusapontamentos.com\/#website","url":"https:\/\/osmeusapontamentos.com\/","name":"Os Meus Apontamentos","description":"","publisher":{"@id":"https:\/\/osmeusapontamentos.com\/#\/schema\/person\/d508df9c3ffc8b4e64a18dbf0ba18dd8"},"potentialAction":[{"@type":"SearchAction","target":{"@type":"EntryPoint","urlTemplate":"https:\/\/osmeusapontamentos.com\/?s={search_term_string}"},"query-input":{"@type":"PropertyValueSpecification","valueRequired":true,"valueName":"search_term_string"}}],"inLanguage":"pt-PT"},{"@type":["Person","Organization"],"@id":"https:\/\/osmeusapontamentos.com\/#\/schema\/person\/d508df9c3ffc8b4e64a18dbf0ba18dd8","name":"Vitor Silva","image":{"@type":"ImageObject","inLanguage":"pt-PT","@id":"https:\/\/secure.gravatar.com\/avatar\/f81f58ad909e8a213ab0a690f6ed65e5c0e0e2274bf35ac49ff31d7988d483ce?s=96&d=mm&r=g","url":"https:\/\/secure.gravatar.com\/avatar\/f81f58ad909e8a213ab0a690f6ed65e5c0e0e2274bf35ac49ff31d7988d483ce?s=96&d=mm&r=g","contentUrl":"https:\/\/secure.gravatar.com\/avatar\/f81f58ad909e8a213ab0a690f6ed65e5c0e0e2274bf35ac49ff31d7988d483ce?s=96&d=mm&r=g","caption":"Vitor Silva"},"logo":{"@id":"https:\/\/secure.gravatar.com\/avatar\/f81f58ad909e8a213ab0a690f6ed65e5c0e0e2274bf35ac49ff31d7988d483ce?s=96&d=mm&r=g"},"sameAs":["https:\/\/www.linkedin.com\/in\/vitormrsilva","https:\/\/x.com\/vitorsilva"]}]}},"_links":{"self":[{"href":"https:\/\/osmeusapontamentos.com\/index.php\/wp-json\/wp\/v2\/posts\/25256","targetHints":{"allow":["GET"]}}],"collection":[{"href":"https:\/\/osmeusapontamentos.com\/index.php\/wp-json\/wp\/v2\/posts"}],"about":[{"href":"https:\/\/osmeusapontamentos.com\/index.php\/wp-json\/wp\/v2\/types\/post"}],"author":[{"embeddable":true,"href":"https:\/\/osmeusapontamentos.com\/index.php\/wp-json\/wp\/v2\/users\/1"}],"replies":[{"embeddable":true,"href":"https:\/\/osmeusapontamentos.com\/index.php\/wp-json\/wp\/v2\/comments?post=25256"}],"version-history":[{"count":0,"href":"https:\/\/osmeusapontamentos.com\/index.php\/wp-json\/wp\/v2\/posts\/25256\/revisions"}],"wp:featuredmedia":[{"embeddable":true,"href":"https:\/\/osmeusapontamentos.com\/index.php\/wp-json\/"}],"wp:attachment":[{"href":"https:\/\/osmeusapontamentos.com\/index.php\/wp-json\/wp\/v2\/media?parent=25256"}],"wp:term":[{"taxonomy":"category","embeddable":true,"href":"https:\/\/osmeusapontamentos.com\/index.php\/wp-json\/wp\/v2\/categories?post=25256"},{"taxonomy":"post_tag","embeddable":true,"href":"https:\/\/osmeusapontamentos.com\/index.php\/wp-json\/wp\/v2\/tags?post=25256"}],"curies":[{"name":"wp","href":"https:\/\/api.w.org\/{rel}","templated":true}]}}