{"id":25198,"date":"2014-03-16T08:56:32","date_gmt":"2014-03-16T08:56:32","guid":{"rendered":"http:\/\/osmeusapontamentos.com\/?p=25198"},"modified":"2014-03-16T08:56:32","modified_gmt":"2014-03-16T08:56:32","slug":"o-porto-na-11o-semana-de-2014","status":"publish","type":"post","link":"https:\/\/osmeusapontamentos.com\/index.php\/2014\/03\/16\/o-porto-na-11o-semana-de-2014\/","title":{"rendered":"O Porto na 11\u00ba semana de 2014"},"content":{"rendered":"<p>Uma esp\u00e9cie de semana dos temas culturais (Feira do Livro, Rivoli, Seiva Trupe, Solar do Vinho do Porto) e os mini-casos da Ag\u00eancia de Energia do Porto e Navios-Hoteis na Ribeira<\/p>\n<p><img loading=\"lazy\" decoding=\"async\" class=\"alignnone size-full wp-image-25201\" alt=\"Solar_do_Vinho_do_Porto_007\" src=\"https:\/\/osmeusapontamentos.com\/wp-content\/uploads\/2014\/03\/Solar_do_Vinho_do_Porto_007.jpg\" width=\"311\" height=\"228\" \/><\/p>\n<p>10mar<\/p>\n<ul>\n<li><a href=\"http:\/\/publico.pt\/1627741\">Para ser director do Rivoli \u00e9 preciso ter tr\u00eas anos de experi\u00eancia e ter conseguido fundos comunit\u00e1rios<\/a><\/li>\n<li><a style=\"line-height: 1.5em;\" href=\"http:\/\/publico.pt\/1627745\">Seiva Trupe tenta reaver Teatro do Campo Alegre em tribunal<\/a><\/li>\n<li><a style=\"line-height: 1.5em;\" href=\"http:\/\/publico.pt\/1627712\">C\u00e2mara do Porto leva a leil\u00e3o antigo Solar do Vinho do Porto<\/a><\/li>\n<li><a style=\"line-height: 1.5em;\" href=\"http:\/\/www.jn.pt\/PaginaInicial\/Nacional\/Interior.aspx?content_id=3728619&amp;page=-1\">Seiva Trupe move a\u00e7\u00e3o judicial contra C\u00e2mara do Porto<\/a><\/li>\n<li><a style=\"line-height: 1.5em;\" href=\"http:\/\/feeds.tsf.pt\/~r\/TSF-Ultimas\/~3\/PaWxokWja1g\/story01.htm\">Lisboa e Porto aliados em campanha de turismo<\/a><\/li>\n<li><a style=\"line-height: 1.5em;\" href=\"http:\/\/www.jn.pt\/PaginaInicial\/Nacional\/Interior.aspx?content_id=3727934&amp;page=-1\">Obras com erros em desn\u00edveis provocam quedas nas Rua das Flores<\/a><\/li>\n<\/ul>\n<p><span style=\"line-height: 1.5em;\">11mar<\/span><\/p>\n<ul>\n<li><a href=\"http:\/\/publico.pt\/1627935\">Rua das Oliveiras reabriu ao fim de meio ano de obras e muitas queixas dos comerciantes<\/a><\/li>\n<li><a href=\"http:\/\/www.dn.pt\/inicio\/portugal\/interior.aspx?content_id=3731354&amp;page=-1\">APEL diz ter-se oferecido para organizar &#8220;por sua conta e risco&#8221;<\/a><\/li>\n<li><a href=\"http:\/\/www.jn.pt\/PaginaInicial\/Nacional\/Interior.aspx?content_id=3731327&amp;page=-1\">Pedida em tribunal perda de mandato de autarca do Centro Hist\u00f3rico do Porto<\/a><\/li>\n<li><a href=\"http:\/\/www.dn.pt\/inicio\/portugal\/interior.aspx?content_id=3731302&amp;page=-1\">Custos da iniciativa inferiores ao apoio pedido pela APEL<\/a><\/li>\n<li><a href=\"http:\/\/publico.pt\/1627899\">C\u00e2maras do Porto e Matosinhos est\u00e3o a discutir futuro da Circunvala\u00e7\u00e3o<\/a><\/li>\n<li><a href=\"http:\/\/publico.pt\/1627889\">Rui Moreira diz que Lisboa, se quiser, pode importar modelo da nova Feira do Livro do Porto<\/a><\/li>\n<li><a href=\"http:\/\/publico.pt\/1627871\">Rivoli: \u201cN\u00e3o podemos em seis meses resolver o que n\u00e3o foi feito em 12 anos\u201d, diz Paulo Cunha e Silva<\/a><\/li>\n<li><a href=\"http:\/\/publico.pt\/1627837\">Plateia manifesta \u201cpreocupa\u00e7\u00e3o\u201d pelo futuro do Teatro Municipal do Porto<\/a><\/li>\n<\/ul>\n<p>12mar<\/p>\n<ul>\n<li><a href=\"http:\/\/publico.pt\/1628048\">Centro de Congressos da Alf\u00e2ndega do Porto eleito melhor do pa\u00eds<\/a><\/li>\n<\/ul>\n<p>13mar<\/p>\n<ul>\n<li><a href=\"http:\/\/publico.pt\/1628228\">Da street art \u00e0 arte de Cartier-Bresson, o Axa abre portas \u00e0 cultura mesmo sem fundos europeus<\/a><\/li>\n<li><a href=\"http:\/\/aeiou.visao.pt\/as-razoes-para-o-porto-ser-o-melhor-destino-europeu-em-2014=f772928\">As raz\u00f5es para o Porto ser o Melhor Destino Europeu em 2014<\/a><\/li>\n<li><a href=\"http:\/\/publico.pt\/1628065\">Visita \u00e0s obras dos Cl\u00e9rigos revela uma igreja coberta de andaimes<\/a><\/li>\n<li><a href=\"http:\/\/www.jn.pt\/PaginaInicial\/Nacional\/Interior.aspx?content_id=3741002&amp;page=-1\">Navios-hotel causam indigna\u00e7\u00e3o na Ribeira do Porto<\/a><\/li>\n<\/ul>\n<p><span style=\"line-height: 1.5em;\">14mar<\/span><\/p>\n<ul>\n<li><a href=\"http:\/\/publico.pt\/1628339\">Presidente da Ag\u00eancia de Energia do Porto demitiu-se, c\u00e2mara recusa cr\u00edticas de \u201cdeslealdade\u201d<\/a><\/li>\n<li><a href=\"http:\/\/publico.pt\/1628319\">Portuenses com novo acesso a aconselhamento jur\u00eddico gratuito<\/a><\/li>\n<li><a href=\"http:\/\/publico.pt\/1628282\">J\u00e1 abriu o concurso para o director de programa\u00e7\u00e3o do Teatro Municipal do Porto<\/a><\/li>\n<li><a href=\"http:\/\/economico.sapo.pt\/noticias\/autarcas-do-porto-exigem-revisoes-ao-plano-da-ana_189054.html\">Autarcas do Porto exigem revis\u00f5es ao plano da ANA<\/a><\/li>\n<\/ul>\n<p>15mar<\/p>\n<ul>\n<li><a href=\"http:\/\/publico.pt\/1628284\">Sem-abrigo guiam turistas pelo Porto que s\u00f3 eles conhecem<\/a><\/li>\n<\/ul>\n<p>Cr\u00e9ditos:<\/p>\n<p>Foto:\u00a0<a href=\"http:\/\/pt.wikipedia.org\/wiki\/Ficheiro:Solar_do_Vinho_do_Porto_007.jpg\">http:\/\/pt.wikipedia.org\/wiki\/Ficheiro:Solar_do_Vinho_do_Porto_007.jpg<\/a><\/p>\n","protected":false},"excerpt":{"rendered":"<p>Uma esp\u00e9cie de semana dos temas culturais (Feira do Livro, Rivoli, Seiva Trupe, Solar do Vinho do Porto) e os mini-casos da Ag\u00eancia de Energia do Porto e Navios-Hoteis na Ribeira<\/p>\n","protected":false},"author":1,"featured_media":25201,"comment_status":"open","ping_status":"open","sticky":false,"template":"","format":"standard","meta":{"footnotes":""},"categories":[7],"tags":[26,139,140,249,573,577,578,594,606,629],"class_list":["post-25198","post","type-post","status-publish","format-standard","has-post-thumbnail","hentry","category-ler-ver-ouvir-passear","tag-agencia-de-energia-do-porto","tag-circunvalacao","tag-clerigos","tag-feira-do-livro","tag-rivoli","tag-rua-das-flores","tag-rua-das-oliveiras","tag-seiva-trupe","tag-solar-do-vinho-do-porto","tag-teatro-do-campo-alegre"],"yoast_head":"<!-- This site is optimized with the Yoast SEO plugin v27.5 - https:\/\/yoast.com\/product\/yoast-seo-wordpress\/ -->\n<title>O Porto na 11\u00ba semana de 2014 - Os Meus Apontamentos<\/title>\n<meta name=\"robots\" content=\"index, follow, max-snippet:-1, max-image-preview:large, max-video-preview:-1\" \/>\n<link rel=\"canonical\" href=\"https:\/\/osmeusapontamentos.com\/index.php\/2014\/03\/16\/o-porto-na-11o-semana-de-2014\/\" \/>\n<meta property=\"og:locale\" content=\"pt_PT\" \/>\n<meta property=\"og:type\" content=\"article\" \/>\n<meta property=\"og:title\" content=\"O Porto na 11\u00ba semana de 2014 - Os Meus Apontamentos\" \/>\n<meta property=\"og:description\" content=\"Uma esp\u00e9cie de semana dos temas culturais (Feira do Livro, Rivoli, Seiva Trupe, Solar do Vinho do Porto) e os mini-casos da Ag\u00eancia de Energia do Porto e Navios-Hoteis na Ribeira\" \/>\n<meta property=\"og:url\" content=\"https:\/\/osmeusapontamentos.com\/index.php\/2014\/03\/16\/o-porto-na-11o-semana-de-2014\/\" \/>\n<meta property=\"og:site_name\" content=\"Os Meus Apontamentos\" \/>\n<meta property=\"article:published_time\" content=\"2014-03-16T08:56:32+00:00\" \/>\n<meta name=\"author\" content=\"Vitor Silva\" \/>\n<meta name=\"twitter:card\" content=\"summary_large_image\" \/>\n<meta name=\"twitter:creator\" content=\"@vitorsilva\" \/>\n<meta name=\"twitter:site\" content=\"@vitorsilva\" \/>\n<meta name=\"twitter:label1\" content=\"Escrito por\" \/>\n\t<meta name=\"twitter:data1\" content=\"Vitor Silva\" \/>\n\t<meta name=\"twitter:label2\" content=\"Tempo estimado de leitura\" \/>\n\t<meta name=\"twitter:data2\" content=\"2 minutos\" \/>\n<script type=\"application\/ld+json\" class=\"yoast-schema-graph\">{\"@context\":\"https:\\\/\\\/schema.org\",\"@graph\":[{\"@type\":\"Article\",\"@id\":\"https:\\\/\\\/osmeusapontamentos.com\\\/index.php\\\/2014\\\/03\\\/16\\\/o-porto-na-11o-semana-de-2014\\\/#article\",\"isPartOf\":{\"@id\":\"https:\\\/\\\/osmeusapontamentos.com\\\/index.php\\\/2014\\\/03\\\/16\\\/o-porto-na-11o-semana-de-2014\\\/\"},\"author\":{\"name\":\"Vitor Silva\",\"@id\":\"https:\\\/\\\/osmeusapontamentos.com\\\/#\\\/schema\\\/person\\\/d508df9c3ffc8b4e64a18dbf0ba18dd8\"},\"headline\":\"O Porto na 11\u00ba semana de 2014\",\"datePublished\":\"2014-03-16T08:56:32+00:00\",\"mainEntityOfPage\":{\"@id\":\"https:\\\/\\\/osmeusapontamentos.com\\\/index.php\\\/2014\\\/03\\\/16\\\/o-porto-na-11o-semana-de-2014\\\/\"},\"wordCount\":365,\"commentCount\":0,\"publisher\":{\"@id\":\"https:\\\/\\\/osmeusapontamentos.com\\\/#\\\/schema\\\/person\\\/d508df9c3ffc8b4e64a18dbf0ba18dd8\"},\"image\":{\"@id\":\"https:\\\/\\\/osmeusapontamentos.com\\\/index.php\\\/2014\\\/03\\\/16\\\/o-porto-na-11o-semana-de-2014\\\/#primaryimage\"},\"thumbnailUrl\":\"\",\"keywords\":[\"Ag\u00eancia de Energia do Porto\",\"Circunvala\u00e7\u00e3o\",\"Cl\u00e9rigos\",\"Feira do Livro\",\"Rivoli\",\"Rua das Flores\",\"Rua das Oliveiras\",\"Seiva Trupe\",\"Solar do Vinho do Porto\",\"Teatro do Campo Alegre\"],\"articleSection\":[\"Ler\\\/ Ver\\\/ Ouvir\\\/ Passear\"],\"inLanguage\":\"pt-PT\",\"potentialAction\":[{\"@type\":\"CommentAction\",\"name\":\"Comment\",\"target\":[\"https:\\\/\\\/osmeusapontamentos.com\\\/index.php\\\/2014\\\/03\\\/16\\\/o-porto-na-11o-semana-de-2014\\\/#respond\"]}]},{\"@type\":\"WebPage\",\"@id\":\"https:\\\/\\\/osmeusapontamentos.com\\\/index.php\\\/2014\\\/03\\\/16\\\/o-porto-na-11o-semana-de-2014\\\/\",\"url\":\"https:\\\/\\\/osmeusapontamentos.com\\\/index.php\\\/2014\\\/03\\\/16\\\/o-porto-na-11o-semana-de-2014\\\/\",\"name\":\"O Porto na 11\u00ba semana de 2014 - Os Meus Apontamentos\",\"isPartOf\":{\"@id\":\"https:\\\/\\\/osmeusapontamentos.com\\\/#website\"},\"primaryImageOfPage\":{\"@id\":\"https:\\\/\\\/osmeusapontamentos.com\\\/index.php\\\/2014\\\/03\\\/16\\\/o-porto-na-11o-semana-de-2014\\\/#primaryimage\"},\"image\":{\"@id\":\"https:\\\/\\\/osmeusapontamentos.com\\\/index.php\\\/2014\\\/03\\\/16\\\/o-porto-na-11o-semana-de-2014\\\/#primaryimage\"},\"thumbnailUrl\":\"\",\"datePublished\":\"2014-03-16T08:56:32+00:00\",\"breadcrumb\":{\"@id\":\"https:\\\/\\\/osmeusapontamentos.com\\\/index.php\\\/2014\\\/03\\\/16\\\/o-porto-na-11o-semana-de-2014\\\/#breadcrumb\"},\"inLanguage\":\"pt-PT\",\"potentialAction\":[{\"@type\":\"ReadAction\",\"target\":[\"https:\\\/\\\/osmeusapontamentos.com\\\/index.php\\\/2014\\\/03\\\/16\\\/o-porto-na-11o-semana-de-2014\\\/\"]}]},{\"@type\":\"ImageObject\",\"inLanguage\":\"pt-PT\",\"@id\":\"https:\\\/\\\/osmeusapontamentos.com\\\/index.php\\\/2014\\\/03\\\/16\\\/o-porto-na-11o-semana-de-2014\\\/#primaryimage\",\"url\":\"\",\"contentUrl\":\"\"},{\"@type\":\"BreadcrumbList\",\"@id\":\"https:\\\/\\\/osmeusapontamentos.com\\\/index.php\\\/2014\\\/03\\\/16\\\/o-porto-na-11o-semana-de-2014\\\/#breadcrumb\",\"itemListElement\":[{\"@type\":\"ListItem\",\"position\":1,\"name\":\"In\u00edcio\",\"item\":\"https:\\\/\\\/osmeusapontamentos.com\\\/\"},{\"@type\":\"ListItem\",\"position\":2,\"name\":\"O Porto na 11\u00ba semana de 2014\"}]},{\"@type\":\"WebSite\",\"@id\":\"https:\\\/\\\/osmeusapontamentos.com\\\/#website\",\"url\":\"https:\\\/\\\/osmeusapontamentos.com\\\/\",\"name\":\"Os Meus Apontamentos\",\"description\":\"\",\"publisher\":{\"@id\":\"https:\\\/\\\/osmeusapontamentos.com\\\/#\\\/schema\\\/person\\\/d508df9c3ffc8b4e64a18dbf0ba18dd8\"},\"potentialAction\":[{\"@type\":\"SearchAction\",\"target\":{\"@type\":\"EntryPoint\",\"urlTemplate\":\"https:\\\/\\\/osmeusapontamentos.com\\\/?s={search_term_string}\"},\"query-input\":{\"@type\":\"PropertyValueSpecification\",\"valueRequired\":true,\"valueName\":\"search_term_string\"}}],\"inLanguage\":\"pt-PT\"},{\"@type\":[\"Person\",\"Organization\"],\"@id\":\"https:\\\/\\\/osmeusapontamentos.com\\\/#\\\/schema\\\/person\\\/d508df9c3ffc8b4e64a18dbf0ba18dd8\",\"name\":\"Vitor Silva\",\"image\":{\"@type\":\"ImageObject\",\"inLanguage\":\"pt-PT\",\"@id\":\"https:\\\/\\\/secure.gravatar.com\\\/avatar\\\/f81f58ad909e8a213ab0a690f6ed65e5c0e0e2274bf35ac49ff31d7988d483ce?s=96&d=mm&r=g\",\"url\":\"https:\\\/\\\/secure.gravatar.com\\\/avatar\\\/f81f58ad909e8a213ab0a690f6ed65e5c0e0e2274bf35ac49ff31d7988d483ce?s=96&d=mm&r=g\",\"contentUrl\":\"https:\\\/\\\/secure.gravatar.com\\\/avatar\\\/f81f58ad909e8a213ab0a690f6ed65e5c0e0e2274bf35ac49ff31d7988d483ce?s=96&d=mm&r=g\",\"caption\":\"Vitor Silva\"},\"logo\":{\"@id\":\"https:\\\/\\\/secure.gravatar.com\\\/avatar\\\/f81f58ad909e8a213ab0a690f6ed65e5c0e0e2274bf35ac49ff31d7988d483ce?s=96&d=mm&r=g\"},\"sameAs\":[\"https:\\\/\\\/www.linkedin.com\\\/in\\\/vitormrsilva\",\"https:\\\/\\\/x.com\\\/vitorsilva\"]}]}<\/script>\n<!-- \/ Yoast SEO plugin. -->","yoast_head_json":{"title":"O Porto na 11\u00ba semana de 2014 - Os Meus Apontamentos","robots":{"index":"index","follow":"follow","max-snippet":"max-snippet:-1","max-image-preview":"max-image-preview:large","max-video-preview":"max-video-preview:-1"},"canonical":"https:\/\/osmeusapontamentos.com\/index.php\/2014\/03\/16\/o-porto-na-11o-semana-de-2014\/","og_locale":"pt_PT","og_type":"article","og_title":"O Porto na 11\u00ba semana de 2014 - Os Meus Apontamentos","og_description":"Uma esp\u00e9cie de semana dos temas culturais (Feira do Livro, Rivoli, Seiva Trupe, Solar do Vinho do Porto) e os mini-casos da Ag\u00eancia de Energia do Porto e Navios-Hoteis na Ribeira","og_url":"https:\/\/osmeusapontamentos.com\/index.php\/2014\/03\/16\/o-porto-na-11o-semana-de-2014\/","og_site_name":"Os Meus Apontamentos","article_published_time":"2014-03-16T08:56:32+00:00","author":"Vitor Silva","twitter_card":"summary_large_image","twitter_creator":"@vitorsilva","twitter_site":"@vitorsilva","twitter_misc":{"Escrito por":"Vitor Silva","Tempo estimado de leitura":"2 minutos"},"schema":{"@context":"https:\/\/schema.org","@graph":[{"@type":"Article","@id":"https:\/\/osmeusapontamentos.com\/index.php\/2014\/03\/16\/o-porto-na-11o-semana-de-2014\/#article","isPartOf":{"@id":"https:\/\/osmeusapontamentos.com\/index.php\/2014\/03\/16\/o-porto-na-11o-semana-de-2014\/"},"author":{"name":"Vitor Silva","@id":"https:\/\/osmeusapontamentos.com\/#\/schema\/person\/d508df9c3ffc8b4e64a18dbf0ba18dd8"},"headline":"O Porto na 11\u00ba semana de 2014","datePublished":"2014-03-16T08:56:32+00:00","mainEntityOfPage":{"@id":"https:\/\/osmeusapontamentos.com\/index.php\/2014\/03\/16\/o-porto-na-11o-semana-de-2014\/"},"wordCount":365,"commentCount":0,"publisher":{"@id":"https:\/\/osmeusapontamentos.com\/#\/schema\/person\/d508df9c3ffc8b4e64a18dbf0ba18dd8"},"image":{"@id":"https:\/\/osmeusapontamentos.com\/index.php\/2014\/03\/16\/o-porto-na-11o-semana-de-2014\/#primaryimage"},"thumbnailUrl":"","keywords":["Ag\u00eancia de Energia do Porto","Circunvala\u00e7\u00e3o","Cl\u00e9rigos","Feira do Livro","Rivoli","Rua das Flores","Rua das Oliveiras","Seiva Trupe","Solar do Vinho do Porto","Teatro do Campo Alegre"],"articleSection":["Ler\/ Ver\/ Ouvir\/ Passear"],"inLanguage":"pt-PT","potentialAction":[{"@type":"CommentAction","name":"Comment","target":["https:\/\/osmeusapontamentos.com\/index.php\/2014\/03\/16\/o-porto-na-11o-semana-de-2014\/#respond"]}]},{"@type":"WebPage","@id":"https:\/\/osmeusapontamentos.com\/index.php\/2014\/03\/16\/o-porto-na-11o-semana-de-2014\/","url":"https:\/\/osmeusapontamentos.com\/index.php\/2014\/03\/16\/o-porto-na-11o-semana-de-2014\/","name":"O Porto na 11\u00ba semana de 2014 - Os Meus Apontamentos","isPartOf":{"@id":"https:\/\/osmeusapontamentos.com\/#website"},"primaryImageOfPage":{"@id":"https:\/\/osmeusapontamentos.com\/index.php\/2014\/03\/16\/o-porto-na-11o-semana-de-2014\/#primaryimage"},"image":{"@id":"https:\/\/osmeusapontamentos.com\/index.php\/2014\/03\/16\/o-porto-na-11o-semana-de-2014\/#primaryimage"},"thumbnailUrl":"","datePublished":"2014-03-16T08:56:32+00:00","breadcrumb":{"@id":"https:\/\/osmeusapontamentos.com\/index.php\/2014\/03\/16\/o-porto-na-11o-semana-de-2014\/#breadcrumb"},"inLanguage":"pt-PT","potentialAction":[{"@type":"ReadAction","target":["https:\/\/osmeusapontamentos.com\/index.php\/2014\/03\/16\/o-porto-na-11o-semana-de-2014\/"]}]},{"@type":"ImageObject","inLanguage":"pt-PT","@id":"https:\/\/osmeusapontamentos.com\/index.php\/2014\/03\/16\/o-porto-na-11o-semana-de-2014\/#primaryimage","url":"","contentUrl":""},{"@type":"BreadcrumbList","@id":"https:\/\/osmeusapontamentos.com\/index.php\/2014\/03\/16\/o-porto-na-11o-semana-de-2014\/#breadcrumb","itemListElement":[{"@type":"ListItem","position":1,"name":"In\u00edcio","item":"https:\/\/osmeusapontamentos.com\/"},{"@type":"ListItem","position":2,"name":"O Porto na 11\u00ba semana de 2014"}]},{"@type":"WebSite","@id":"https:\/\/osmeusapontamentos.com\/#website","url":"https:\/\/osmeusapontamentos.com\/","name":"Os Meus Apontamentos","description":"","publisher":{"@id":"https:\/\/osmeusapontamentos.com\/#\/schema\/person\/d508df9c3ffc8b4e64a18dbf0ba18dd8"},"potentialAction":[{"@type":"SearchAction","target":{"@type":"EntryPoint","urlTemplate":"https:\/\/osmeusapontamentos.com\/?s={search_term_string}"},"query-input":{"@type":"PropertyValueSpecification","valueRequired":true,"valueName":"search_term_string"}}],"inLanguage":"pt-PT"},{"@type":["Person","Organization"],"@id":"https:\/\/osmeusapontamentos.com\/#\/schema\/person\/d508df9c3ffc8b4e64a18dbf0ba18dd8","name":"Vitor Silva","image":{"@type":"ImageObject","inLanguage":"pt-PT","@id":"https:\/\/secure.gravatar.com\/avatar\/f81f58ad909e8a213ab0a690f6ed65e5c0e0e2274bf35ac49ff31d7988d483ce?s=96&d=mm&r=g","url":"https:\/\/secure.gravatar.com\/avatar\/f81f58ad909e8a213ab0a690f6ed65e5c0e0e2274bf35ac49ff31d7988d483ce?s=96&d=mm&r=g","contentUrl":"https:\/\/secure.gravatar.com\/avatar\/f81f58ad909e8a213ab0a690f6ed65e5c0e0e2274bf35ac49ff31d7988d483ce?s=96&d=mm&r=g","caption":"Vitor Silva"},"logo":{"@id":"https:\/\/secure.gravatar.com\/avatar\/f81f58ad909e8a213ab0a690f6ed65e5c0e0e2274bf35ac49ff31d7988d483ce?s=96&d=mm&r=g"},"sameAs":["https:\/\/www.linkedin.com\/in\/vitormrsilva","https:\/\/x.com\/vitorsilva"]}]}},"_links":{"self":[{"href":"https:\/\/osmeusapontamentos.com\/index.php\/wp-json\/wp\/v2\/posts\/25198","targetHints":{"allow":["GET"]}}],"collection":[{"href":"https:\/\/osmeusapontamentos.com\/index.php\/wp-json\/wp\/v2\/posts"}],"about":[{"href":"https:\/\/osmeusapontamentos.com\/index.php\/wp-json\/wp\/v2\/types\/post"}],"author":[{"embeddable":true,"href":"https:\/\/osmeusapontamentos.com\/index.php\/wp-json\/wp\/v2\/users\/1"}],"replies":[{"embeddable":true,"href":"https:\/\/osmeusapontamentos.com\/index.php\/wp-json\/wp\/v2\/comments?post=25198"}],"version-history":[{"count":0,"href":"https:\/\/osmeusapontamentos.com\/index.php\/wp-json\/wp\/v2\/posts\/25198\/revisions"}],"wp:featuredmedia":[{"embeddable":true,"href":"https:\/\/osmeusapontamentos.com\/index.php\/wp-json\/"}],"wp:attachment":[{"href":"https:\/\/osmeusapontamentos.com\/index.php\/wp-json\/wp\/v2\/media?parent=25198"}],"wp:term":[{"taxonomy":"category","embeddable":true,"href":"https:\/\/osmeusapontamentos.com\/index.php\/wp-json\/wp\/v2\/categories?post=25198"},{"taxonomy":"post_tag","embeddable":true,"href":"https:\/\/osmeusapontamentos.com\/index.php\/wp-json\/wp\/v2\/tags?post=25198"}],"curies":[{"name":"wp","href":"https:\/\/api.w.org\/{rel}","templated":true}]}}