{"id":25189,"date":"2014-04-27T18:07:09","date_gmt":"2014-04-27T17:07:09","guid":{"rendered":"http:\/\/osmeusapontamentos.com\/?p=25189"},"modified":"2014-04-27T18:07:09","modified_gmt":"2014-04-27T17:07:09","slug":"as-esplanadas-da-praca-parada-leitao-no-porto-cronologia","status":"publish","type":"post","link":"https:\/\/osmeusapontamentos.com\/index.php\/2014\/04\/27\/as-esplanadas-da-praca-parada-leitao-no-porto-cronologia\/","title":{"rendered":"As esplanadas da Pra\u00e7a Parada Leit\u00e3o no Porto (cronologia)"},"content":{"rendered":"<p>&nbsp;<\/p>\n<p>Est\u00f3ria, em quatro anos, de uma esplanada, que podia ser uma boa ideia, mas transformou-se numa abomina\u00e7\u00e3o, que desde o inicio toda a gente\u00a0percebeu que era ilegal mas que, qual processo kafkiano, vai acabar por ser aprovado\u00a0por causa de uma &#8220;tecnicalidade&#8221; jur\u00eddica.<\/p>\n<p><a href=\"https:\/\/osmeusapontamentos.com\/wp-content\/uploads\/2014\/04\/PraParLei.jpg\"><img decoding=\"async\" class=\"alignnone size-full wp-image-25266\" src=\"https:\/\/osmeusapontamentos.com\/wp-content\/uploads\/2014\/04\/PraParLei.jpg\" alt=\"PraParLei\" width=\"800\" \/><\/a><\/p>\n<p>(imagem:\u00a0http:\/\/ruasdoporto.blogspot.pt\/2006\/11\/praa-parada-leito.html)<\/p>\n<p>2014<\/p>\n<ul>\n<li>2014.04.02 &#8211;\u00a0<a href=\"http:\/\/www.jn.pt\/PaginaInicial\/Nacional\/Interior.aspx?content_id=3792018&amp;page=-1\">Minist\u00e9rio P\u00fablico d\u00e1 raz\u00e3o a propriet\u00e1rios de esplanadas no centro do Porto<\/a> (JN)<\/li>\n<li>2014.02.27 &#8211;\u00a0<a href=\"http:\/\/publico.pt\/1626329\">Esplanadas da Pra\u00e7a de Parada Leit\u00e3o podem continuar<\/a> (P\u00fablico)<\/li>\n<\/ul>\n<p>2013<\/p>\n<ul>\n<li>2013.07.16 &#8211; <a href=\"http:\/\/www.jn.pt\/PaginaInicial\/Nacional\/Interior.aspx?content_id=3324609&amp;page=-1\">Esplanadas v\u00eam abaixo em setembro<\/a> (JN)<\/li>\n<li>2013.05.28 &#8211; <a href=\"http:\/\/porto24.pt\/?p=45109\"><span style=\"line-height: 1.5em;\">Minist\u00e9rio P\u00fablico notifica C\u00e2mara do Porto por causa das esplanadas de Parada Leit\u00e3o<\/span><\/a> (Porto24)<\/li>\n<\/ul>\n<p>2011<\/p>\n<ul>\n<li>2011.12.29 &#8211; <a href=\"http:\/\/www.ionline.pt\/node\/169600\">Porto: Comerciantes de Parada Leit\u00e3o v\u00e3o poder manter esplanadas para l\u00e1 de 01 de janeiro<\/a>(I-Online)<\/li>\n<li>2011.12.27 &#8211; <a href=\"http:\/\/www.oje.pt\/noticias\/nacional\/comerciantes-de-esplanadas-no-porto-reunem-quinta-feira-com-a-camara\">Comerciantes de esplanadas no Porto re\u00fanem quinta-feira com a C\u00e2mara<\/a> (Oje)<\/li>\n<li>2011.09.12 &#8211; <a href=\"http:\/\/aeiou.expresso.pt\/=f673397\">Porto: C\u00e2mara notificada para demolir esplanadas da Pra\u00e7a Parada Leit\u00e3o<\/a> (Expresso)<\/li>\n<li>2011.09.02 &#8211; <a href=\"http:\/\/aeiou.expresso.pt\/=f671500\">Porto: Associa\u00e7\u00e3o de Bares quer manter por &#8220;mais um ou dois anos&#8221; esplanadas que Igespar mandou demolir<\/a> (Expresso)<\/li>\n<li>2011.11.07 &#8211; <a href=\"http:\/\/jn.sapo.pt\/PaginaInicial\/Nacional\/Interior.aspx?content_id=2106563&amp;page=-1\">Dire\u00e7\u00e3o de Cultura e C\u00e2mara estudam &#8220;v\u00e1rias possibilidades&#8221; para esplanadas de Parada Leit\u00e3o<\/a> (JN)<\/li>\n<li>2011.05.03 &#8211; <a href=\"http:\/\/aeiou.visao.pt\/porto-solucoes-para-esplanadas-de-parada-leitao-obrigam-a-desmontagem-da-estruturas-arquiteto=f600986\">Porto: Solu\u00e7\u00f5es para esplanadas de &#8220;Parada Leit\u00e3o&#8221; obrigam \u00e0 desmontagem da estruturas &#8211; arquiteto<\/a> (Vis\u00e3o)<\/li>\n<li>2011.05.03 &#8211; <a href=\"#\">Solu\u00e7\u00f5es para esplanadas de &#8220;Parada Leit\u00e3o&#8221; obrigam \u00e0 desmontagem<\/a> (JN)<\/li>\n<li>2011.05.03 &#8211; <a href=\"http:\/\/jpn.c2com.up.pt\/2011\/05\/03\/parada_leitao_desmontagem_total_ou_parcial_das_esplanadas_decidida_esta_quartafeira.html\">Parada Leit\u00e3o: Desmontagem total ou parcial das esplanadas decidida esta quarta-feira<\/a><\/li>\n<li>(JPN)<\/li>\n<li>2011.04.30 &#8211; <a href=\"http:\/\/ssru.wordpress.com\/2011\/04\/30\/a-solucao-explanada-por-ssru\/\">Opini\u00e3o:\u00a0a solu\u00e7\u00e3o explanada, por ssru<\/a> (SSRU)<\/li>\n<li>2011.04.07 &#8211; <a href=\"http:\/\/jn.sapo.pt\/PaginaInicial\/Nacional\/Interior.aspx?content_id=1825003&amp;page=-1\">Novo prazo para esplanadas pol\u00e9micas<\/a> (JN)<\/li>\n<li>2011.04.07 &#8211; <a href=\"http:\/\/aeiou.expresso.pt\/=f642441\">Porto: Adiada decis\u00e3o sobre esplanadas de &#8220;Parada Leit\u00e3o&#8221;, que Igespar mandou demolir<\/a> (Expresso)<\/li>\n<li>2011.04.07 &#8211; <a href=\"http:\/\/porto24.pt\/?p=7385\">Destino das esplanadas de \u201cParada Leit\u00e3o\u201d decide-se dia 26<\/a> (Porto24)<\/li>\n<li>2011.03.24 &#8211; <a href=\"http:\/\/www.porto24.pt\/opiniao\/esplanadas-parada-leitao\/\">Opini\u00e3o: Esplanadas toldadas<\/a> (Porto24)<\/li>\n<\/ul>\n<p>2010<\/p>\n<ul>\n<li>2010.10.12 &#8211; <a href=\"http:\/\/aeiou.expresso.pt\/=f608739\">Porto: Oposi\u00e7\u00e3o diz que esplanadas da Pra\u00e7a Parada Leit\u00e3o t\u00eam de ser demolidas<\/a> (Expresso)<\/li>\n<li>2010.11.10 &#8211; <a href=\"http:\/\/jn.sapo.pt\/PaginaInicial\/Nacional\/Interior.aspx?content_id=1706656\">Manter esplanadas em Parada Leit\u00e3o por dois anos<\/a> (JN)<\/li>\n<li>2010.10.23 &#8211; <a href=\"http:\/\/jn.sapo.pt\/PaginaInicial\/Nacional\/Interior.aspx?content_id=1692886\">Sem garantias de indemniza\u00e7\u00e3o pela demoli\u00e7\u00e3o das esplanadas<\/a> (JN)<\/li>\n<li>2010.07.20 &#8211; <a href=\"http:\/\/jn.sapo.pt\/PaginaInicial\/Nacional\/Interior.aspx?content_id=1622140\">Estruturas de ferro e vidro a funcionar geram pol\u00e9mica e t\u00eam parecer negativo<\/a> (JN)<\/li>\n<li>2010.07.14 &#8211; <a href=\"http:\/\/jpn.c2com.up.pt\/2010\/07\/14\/praca_parada_leitao_projecto_da_esplanada_chumbado_pelo_igespar.html\">Pra\u00e7a Parada Leit\u00e3o: Projecto da esplanada chumbado pelo IGESPAR<\/a> (JPN)<\/li>\n<li>2010.07.14 &#8211; <a href=\"http:\/\/jn.sapo.pt\/PaginaInicial\/Nacional\/Interior.aspx?content_id=1617910\">Espa\u00e7o p\u00fablico com paredesde vidro<\/a> (JN)<\/li>\n<li>2010.07.13 &#8211; <a href=\"http:\/\/aeiou.expresso.pt\/=f593623\">Porto: Igespar deu parecer negativo \u00e0s esplanadas j\u00e1 constru\u00eddas na pra\u00e7a Parada Leit\u00e3o<\/a> (Expresso)<\/li>\n<li>2010.07.16 &#8211; <a href=\"http:\/\/publico.pt\/1447371\">Igespar considera que esplanadas se apropriaram do espa\u00e7o p\u00fablico<\/a> (P\u00fablico)<\/li>\n<li>2010.04.05 &#8211; <a href=\"http:\/\/www.porto.taf.net\/dp\/node\/6797\">De: Tiago Grande &#8211; &#8220;Onde est\u00e1 a Pra\u00e7a Parada Leit\u00e3o&#8221;<\/a> (Baixa do Porto)<\/li>\n<li>2010.04.08 &#8211; <a href=\"http:\/\/jpn.c2com.up.pt\/2010\/04\/08\/praca_parada_leitao_esplanada_foi_inaugurada.html\">Pra\u00e7a Parada Leit\u00e3o: Esplanada foi inaugurada (V\u00eddeo)<\/a> (JPN)<\/li>\n<li>2010.03.19 &#8211; <a href=\"http:\/\/jpn.c2com.up.pt\/2010\/03\/19\/praca_parada_leitao_obras_nao_preocupam_comerciantes.html\">Pra\u00e7a Parada Leit\u00e3o: Obras n\u00e3o preocupam comerciantes<\/a> (JPN)<\/li>\n<li>2010.01.13 &#8211; <a href=\"http:\/\/publico.pt\/1417592\">PS rejeita nova esplanada em Parada Leit\u00e3o<\/a> (P\u00fablico)<\/li>\n<li>2010.01.13 &#8211; <a href=\"http:\/\/jn.sapo.pt\/PaginaInicial\/Nacional\/Interior.aspx?content_id=1468288\">Esplanada com impacto negativo<\/a> (JN)<\/li>\n<li>2010.01.12 &#8211; <a href=\"http:\/\/www.expresso.pt\/porto-ps-defende-retirada-de-esplanadas-na-praca-parada-leitao-junto-ao-centenario-cafe-piolho=f557424\">Porto: PS defende retirada de esplanadas na Pra\u00e7a Parada Leit\u00e3o, junto ao centen\u00e1rio caf\u00e9 Piolho<\/a> (Expresso)<\/li>\n<li>2010.01.02 &#8211; <a href=\"http:\/\/www.porto.taf.net\/dp\/node\/6469\">De: Paulo V. Ara\u00fajo &#8211; &#8220;Pra\u00e7a de Parada Leit\u00e3o&#8221;<\/a> (Baixa do Porto)<\/li>\n<li>2010-01-02 &#8211; <a href=\"http:\/\/dias-com-arvores.blogspot.pt\/2010\/01\/o-ceu-que-nos-aflige.html\">O c\u00e9u que nos aflige<\/a> (Dias com \u00c1rvores)<\/li>\n<\/ul>\n<p><a href=\"https:\/\/osmeusapontamentos.com\/wp-content\/uploads\/2014\/04\/paradaleita_arquivoporto.png\"><img loading=\"lazy\" decoding=\"async\" class=\"alignnone size-full wp-image-25267\" src=\"https:\/\/osmeusapontamentos.com\/wp-content\/uploads\/2014\/04\/paradaleita_arquivoporto.png\" alt=\"paradaleita_arquivoporto\" width=\"537\" height=\"359\" \/><\/a><\/p>\n<p>(imagem <a href=\"http:\/\/gisaweb.cm-porto.pt\/units-of-description\/documents\/46650\/\">http:\/\/gisaweb.cm-porto.pt\/units-of-description\/documents\/46650\/<\/a>)<\/p>\n","protected":false},"excerpt":{"rendered":"<p>Est\u00f3ria, em quatro anos, de uma esplanada, que podia ser uma boa ideia, mas transformou-se numa abomina\u00e7\u00e3o, que desde o inicio toda a gente\u00a0percebeu que era ilegal mas que, qual processo kafkiano, vai acabar por ser aprovado\u00a0por causa de uma &#8220;tecnicalidade&#8221; jur\u00eddica.<\/p>\n","protected":false},"author":1,"featured_media":25266,"comment_status":"open","ping_status":"open","sticky":false,"template":"","format":"standard","meta":{"footnotes":""},"categories":[7],"tags":[73,112,303,424,530,542],"class_list":["post-25189","post","type-post","status-publish","format-standard","has-post-thumbnail","hentry","category-ler-ver-ouvir-passear","tag-associacao-de-bares","tag-camara-do-porto","tag-igespar","tag-ministerio-publico","tag-praca-parada-leitao","tag-ps"],"yoast_head":"<!-- This site is optimized with the Yoast SEO plugin v27.5 - https:\/\/yoast.com\/product\/yoast-seo-wordpress\/ -->\n<title>As esplanadas da Pra\u00e7a Parada Leit\u00e3o no Porto (cronologia) - Os Meus Apontamentos<\/title>\n<meta name=\"robots\" content=\"index, follow, max-snippet:-1, max-image-preview:large, max-video-preview:-1\" \/>\n<link rel=\"canonical\" href=\"https:\/\/osmeusapontamentos.com\/index.php\/2014\/04\/27\/as-esplanadas-da-praca-parada-leitao-no-porto-cronologia\/\" \/>\n<meta property=\"og:locale\" content=\"pt_PT\" \/>\n<meta property=\"og:type\" content=\"article\" \/>\n<meta property=\"og:title\" content=\"As esplanadas da Pra\u00e7a Parada Leit\u00e3o no Porto (cronologia) - Os Meus Apontamentos\" \/>\n<meta property=\"og:description\" content=\"Est\u00f3ria, em quatro anos, de uma esplanada, que podia ser uma boa ideia, mas transformou-se numa abomina\u00e7\u00e3o, que desde o inicio toda a gente\u00a0percebeu que era ilegal mas que, qual processo kafkiano, vai acabar por ser aprovado\u00a0por causa de uma &quot;tecnicalidade&quot; jur\u00eddica.\" \/>\n<meta property=\"og:url\" content=\"https:\/\/osmeusapontamentos.com\/index.php\/2014\/04\/27\/as-esplanadas-da-praca-parada-leitao-no-porto-cronologia\/\" \/>\n<meta property=\"og:site_name\" content=\"Os Meus Apontamentos\" \/>\n<meta property=\"article:published_time\" content=\"2014-04-27T17:07:09+00:00\" \/>\n<meta name=\"author\" content=\"Vitor Silva\" \/>\n<meta name=\"twitter:card\" content=\"summary_large_image\" \/>\n<meta name=\"twitter:creator\" content=\"@vitorsilva\" \/>\n<meta name=\"twitter:site\" content=\"@vitorsilva\" \/>\n<meta name=\"twitter:label1\" content=\"Escrito por\" \/>\n\t<meta name=\"twitter:data1\" content=\"Vitor Silva\" \/>\n\t<meta name=\"twitter:label2\" content=\"Tempo estimado de leitura\" \/>\n\t<meta name=\"twitter:data2\" content=\"3 minutos\" \/>\n<script type=\"application\/ld+json\" class=\"yoast-schema-graph\">{\"@context\":\"https:\\\/\\\/schema.org\",\"@graph\":[{\"@type\":\"Article\",\"@id\":\"https:\\\/\\\/osmeusapontamentos.com\\\/index.php\\\/2014\\\/04\\\/27\\\/as-esplanadas-da-praca-parada-leitao-no-porto-cronologia\\\/#article\",\"isPartOf\":{\"@id\":\"https:\\\/\\\/osmeusapontamentos.com\\\/index.php\\\/2014\\\/04\\\/27\\\/as-esplanadas-da-praca-parada-leitao-no-porto-cronologia\\\/\"},\"author\":{\"name\":\"Vitor Silva\",\"@id\":\"https:\\\/\\\/osmeusapontamentos.com\\\/#\\\/schema\\\/person\\\/d508df9c3ffc8b4e64a18dbf0ba18dd8\"},\"headline\":\"As esplanadas da Pra\u00e7a Parada Leit\u00e3o no Porto (cronologia)\",\"datePublished\":\"2014-04-27T17:07:09+00:00\",\"mainEntityOfPage\":{\"@id\":\"https:\\\/\\\/osmeusapontamentos.com\\\/index.php\\\/2014\\\/04\\\/27\\\/as-esplanadas-da-praca-parada-leitao-no-porto-cronologia\\\/\"},\"wordCount\":530,\"commentCount\":0,\"publisher\":{\"@id\":\"https:\\\/\\\/osmeusapontamentos.com\\\/#\\\/schema\\\/person\\\/d508df9c3ffc8b4e64a18dbf0ba18dd8\"},\"image\":{\"@id\":\"https:\\\/\\\/osmeusapontamentos.com\\\/index.php\\\/2014\\\/04\\\/27\\\/as-esplanadas-da-praca-parada-leitao-no-porto-cronologia\\\/#primaryimage\"},\"thumbnailUrl\":\"\",\"keywords\":[\"Associa\u00e7\u00e3o de Bares\",\"C\u00e2mara do Porto\",\"Igespar\",\"Minist\u00e9rio P\u00fablico\",\"Pra\u00e7a Parada Leit\u00e3o\",\"PS\"],\"articleSection\":[\"Ler\\\/ Ver\\\/ Ouvir\\\/ Passear\"],\"inLanguage\":\"pt-PT\",\"potentialAction\":[{\"@type\":\"CommentAction\",\"name\":\"Comment\",\"target\":[\"https:\\\/\\\/osmeusapontamentos.com\\\/index.php\\\/2014\\\/04\\\/27\\\/as-esplanadas-da-praca-parada-leitao-no-porto-cronologia\\\/#respond\"]}]},{\"@type\":\"WebPage\",\"@id\":\"https:\\\/\\\/osmeusapontamentos.com\\\/index.php\\\/2014\\\/04\\\/27\\\/as-esplanadas-da-praca-parada-leitao-no-porto-cronologia\\\/\",\"url\":\"https:\\\/\\\/osmeusapontamentos.com\\\/index.php\\\/2014\\\/04\\\/27\\\/as-esplanadas-da-praca-parada-leitao-no-porto-cronologia\\\/\",\"name\":\"As esplanadas da Pra\u00e7a Parada Leit\u00e3o no Porto (cronologia) - Os Meus Apontamentos\",\"isPartOf\":{\"@id\":\"https:\\\/\\\/osmeusapontamentos.com\\\/#website\"},\"primaryImageOfPage\":{\"@id\":\"https:\\\/\\\/osmeusapontamentos.com\\\/index.php\\\/2014\\\/04\\\/27\\\/as-esplanadas-da-praca-parada-leitao-no-porto-cronologia\\\/#primaryimage\"},\"image\":{\"@id\":\"https:\\\/\\\/osmeusapontamentos.com\\\/index.php\\\/2014\\\/04\\\/27\\\/as-esplanadas-da-praca-parada-leitao-no-porto-cronologia\\\/#primaryimage\"},\"thumbnailUrl\":\"\",\"datePublished\":\"2014-04-27T17:07:09+00:00\",\"breadcrumb\":{\"@id\":\"https:\\\/\\\/osmeusapontamentos.com\\\/index.php\\\/2014\\\/04\\\/27\\\/as-esplanadas-da-praca-parada-leitao-no-porto-cronologia\\\/#breadcrumb\"},\"inLanguage\":\"pt-PT\",\"potentialAction\":[{\"@type\":\"ReadAction\",\"target\":[\"https:\\\/\\\/osmeusapontamentos.com\\\/index.php\\\/2014\\\/04\\\/27\\\/as-esplanadas-da-praca-parada-leitao-no-porto-cronologia\\\/\"]}]},{\"@type\":\"ImageObject\",\"inLanguage\":\"pt-PT\",\"@id\":\"https:\\\/\\\/osmeusapontamentos.com\\\/index.php\\\/2014\\\/04\\\/27\\\/as-esplanadas-da-praca-parada-leitao-no-porto-cronologia\\\/#primaryimage\",\"url\":\"\",\"contentUrl\":\"\"},{\"@type\":\"BreadcrumbList\",\"@id\":\"https:\\\/\\\/osmeusapontamentos.com\\\/index.php\\\/2014\\\/04\\\/27\\\/as-esplanadas-da-praca-parada-leitao-no-porto-cronologia\\\/#breadcrumb\",\"itemListElement\":[{\"@type\":\"ListItem\",\"position\":1,\"name\":\"In\u00edcio\",\"item\":\"https:\\\/\\\/osmeusapontamentos.com\\\/\"},{\"@type\":\"ListItem\",\"position\":2,\"name\":\"As esplanadas da Pra\u00e7a Parada Leit\u00e3o no Porto (cronologia)\"}]},{\"@type\":\"WebSite\",\"@id\":\"https:\\\/\\\/osmeusapontamentos.com\\\/#website\",\"url\":\"https:\\\/\\\/osmeusapontamentos.com\\\/\",\"name\":\"Os Meus Apontamentos\",\"description\":\"\",\"publisher\":{\"@id\":\"https:\\\/\\\/osmeusapontamentos.com\\\/#\\\/schema\\\/person\\\/d508df9c3ffc8b4e64a18dbf0ba18dd8\"},\"potentialAction\":[{\"@type\":\"SearchAction\",\"target\":{\"@type\":\"EntryPoint\",\"urlTemplate\":\"https:\\\/\\\/osmeusapontamentos.com\\\/?s={search_term_string}\"},\"query-input\":{\"@type\":\"PropertyValueSpecification\",\"valueRequired\":true,\"valueName\":\"search_term_string\"}}],\"inLanguage\":\"pt-PT\"},{\"@type\":[\"Person\",\"Organization\"],\"@id\":\"https:\\\/\\\/osmeusapontamentos.com\\\/#\\\/schema\\\/person\\\/d508df9c3ffc8b4e64a18dbf0ba18dd8\",\"name\":\"Vitor Silva\",\"image\":{\"@type\":\"ImageObject\",\"inLanguage\":\"pt-PT\",\"@id\":\"https:\\\/\\\/secure.gravatar.com\\\/avatar\\\/f81f58ad909e8a213ab0a690f6ed65e5c0e0e2274bf35ac49ff31d7988d483ce?s=96&d=mm&r=g\",\"url\":\"https:\\\/\\\/secure.gravatar.com\\\/avatar\\\/f81f58ad909e8a213ab0a690f6ed65e5c0e0e2274bf35ac49ff31d7988d483ce?s=96&d=mm&r=g\",\"contentUrl\":\"https:\\\/\\\/secure.gravatar.com\\\/avatar\\\/f81f58ad909e8a213ab0a690f6ed65e5c0e0e2274bf35ac49ff31d7988d483ce?s=96&d=mm&r=g\",\"caption\":\"Vitor Silva\"},\"logo\":{\"@id\":\"https:\\\/\\\/secure.gravatar.com\\\/avatar\\\/f81f58ad909e8a213ab0a690f6ed65e5c0e0e2274bf35ac49ff31d7988d483ce?s=96&d=mm&r=g\"},\"sameAs\":[\"https:\\\/\\\/www.linkedin.com\\\/in\\\/vitormrsilva\",\"https:\\\/\\\/x.com\\\/vitorsilva\"]}]}<\/script>\n<!-- \/ Yoast SEO plugin. -->","yoast_head_json":{"title":"As esplanadas da Pra\u00e7a Parada Leit\u00e3o no Porto (cronologia) - Os Meus Apontamentos","robots":{"index":"index","follow":"follow","max-snippet":"max-snippet:-1","max-image-preview":"max-image-preview:large","max-video-preview":"max-video-preview:-1"},"canonical":"https:\/\/osmeusapontamentos.com\/index.php\/2014\/04\/27\/as-esplanadas-da-praca-parada-leitao-no-porto-cronologia\/","og_locale":"pt_PT","og_type":"article","og_title":"As esplanadas da Pra\u00e7a Parada Leit\u00e3o no Porto (cronologia) - Os Meus Apontamentos","og_description":"Est\u00f3ria, em quatro anos, de uma esplanada, que podia ser uma boa ideia, mas transformou-se numa abomina\u00e7\u00e3o, que desde o inicio toda a gente\u00a0percebeu que era ilegal mas que, qual processo kafkiano, vai acabar por ser aprovado\u00a0por causa de uma \"tecnicalidade\" jur\u00eddica.","og_url":"https:\/\/osmeusapontamentos.com\/index.php\/2014\/04\/27\/as-esplanadas-da-praca-parada-leitao-no-porto-cronologia\/","og_site_name":"Os Meus Apontamentos","article_published_time":"2014-04-27T17:07:09+00:00","author":"Vitor Silva","twitter_card":"summary_large_image","twitter_creator":"@vitorsilva","twitter_site":"@vitorsilva","twitter_misc":{"Escrito por":"Vitor Silva","Tempo estimado de leitura":"3 minutos"},"schema":{"@context":"https:\/\/schema.org","@graph":[{"@type":"Article","@id":"https:\/\/osmeusapontamentos.com\/index.php\/2014\/04\/27\/as-esplanadas-da-praca-parada-leitao-no-porto-cronologia\/#article","isPartOf":{"@id":"https:\/\/osmeusapontamentos.com\/index.php\/2014\/04\/27\/as-esplanadas-da-praca-parada-leitao-no-porto-cronologia\/"},"author":{"name":"Vitor Silva","@id":"https:\/\/osmeusapontamentos.com\/#\/schema\/person\/d508df9c3ffc8b4e64a18dbf0ba18dd8"},"headline":"As esplanadas da Pra\u00e7a Parada Leit\u00e3o no Porto (cronologia)","datePublished":"2014-04-27T17:07:09+00:00","mainEntityOfPage":{"@id":"https:\/\/osmeusapontamentos.com\/index.php\/2014\/04\/27\/as-esplanadas-da-praca-parada-leitao-no-porto-cronologia\/"},"wordCount":530,"commentCount":0,"publisher":{"@id":"https:\/\/osmeusapontamentos.com\/#\/schema\/person\/d508df9c3ffc8b4e64a18dbf0ba18dd8"},"image":{"@id":"https:\/\/osmeusapontamentos.com\/index.php\/2014\/04\/27\/as-esplanadas-da-praca-parada-leitao-no-porto-cronologia\/#primaryimage"},"thumbnailUrl":"","keywords":["Associa\u00e7\u00e3o de Bares","C\u00e2mara do Porto","Igespar","Minist\u00e9rio P\u00fablico","Pra\u00e7a Parada Leit\u00e3o","PS"],"articleSection":["Ler\/ Ver\/ Ouvir\/ Passear"],"inLanguage":"pt-PT","potentialAction":[{"@type":"CommentAction","name":"Comment","target":["https:\/\/osmeusapontamentos.com\/index.php\/2014\/04\/27\/as-esplanadas-da-praca-parada-leitao-no-porto-cronologia\/#respond"]}]},{"@type":"WebPage","@id":"https:\/\/osmeusapontamentos.com\/index.php\/2014\/04\/27\/as-esplanadas-da-praca-parada-leitao-no-porto-cronologia\/","url":"https:\/\/osmeusapontamentos.com\/index.php\/2014\/04\/27\/as-esplanadas-da-praca-parada-leitao-no-porto-cronologia\/","name":"As esplanadas da Pra\u00e7a Parada Leit\u00e3o no Porto (cronologia) - Os Meus Apontamentos","isPartOf":{"@id":"https:\/\/osmeusapontamentos.com\/#website"},"primaryImageOfPage":{"@id":"https:\/\/osmeusapontamentos.com\/index.php\/2014\/04\/27\/as-esplanadas-da-praca-parada-leitao-no-porto-cronologia\/#primaryimage"},"image":{"@id":"https:\/\/osmeusapontamentos.com\/index.php\/2014\/04\/27\/as-esplanadas-da-praca-parada-leitao-no-porto-cronologia\/#primaryimage"},"thumbnailUrl":"","datePublished":"2014-04-27T17:07:09+00:00","breadcrumb":{"@id":"https:\/\/osmeusapontamentos.com\/index.php\/2014\/04\/27\/as-esplanadas-da-praca-parada-leitao-no-porto-cronologia\/#breadcrumb"},"inLanguage":"pt-PT","potentialAction":[{"@type":"ReadAction","target":["https:\/\/osmeusapontamentos.com\/index.php\/2014\/04\/27\/as-esplanadas-da-praca-parada-leitao-no-porto-cronologia\/"]}]},{"@type":"ImageObject","inLanguage":"pt-PT","@id":"https:\/\/osmeusapontamentos.com\/index.php\/2014\/04\/27\/as-esplanadas-da-praca-parada-leitao-no-porto-cronologia\/#primaryimage","url":"","contentUrl":""},{"@type":"BreadcrumbList","@id":"https:\/\/osmeusapontamentos.com\/index.php\/2014\/04\/27\/as-esplanadas-da-praca-parada-leitao-no-porto-cronologia\/#breadcrumb","itemListElement":[{"@type":"ListItem","position":1,"name":"In\u00edcio","item":"https:\/\/osmeusapontamentos.com\/"},{"@type":"ListItem","position":2,"name":"As esplanadas da Pra\u00e7a Parada Leit\u00e3o no Porto (cronologia)"}]},{"@type":"WebSite","@id":"https:\/\/osmeusapontamentos.com\/#website","url":"https:\/\/osmeusapontamentos.com\/","name":"Os Meus Apontamentos","description":"","publisher":{"@id":"https:\/\/osmeusapontamentos.com\/#\/schema\/person\/d508df9c3ffc8b4e64a18dbf0ba18dd8"},"potentialAction":[{"@type":"SearchAction","target":{"@type":"EntryPoint","urlTemplate":"https:\/\/osmeusapontamentos.com\/?s={search_term_string}"},"query-input":{"@type":"PropertyValueSpecification","valueRequired":true,"valueName":"search_term_string"}}],"inLanguage":"pt-PT"},{"@type":["Person","Organization"],"@id":"https:\/\/osmeusapontamentos.com\/#\/schema\/person\/d508df9c3ffc8b4e64a18dbf0ba18dd8","name":"Vitor Silva","image":{"@type":"ImageObject","inLanguage":"pt-PT","@id":"https:\/\/secure.gravatar.com\/avatar\/f81f58ad909e8a213ab0a690f6ed65e5c0e0e2274bf35ac49ff31d7988d483ce?s=96&d=mm&r=g","url":"https:\/\/secure.gravatar.com\/avatar\/f81f58ad909e8a213ab0a690f6ed65e5c0e0e2274bf35ac49ff31d7988d483ce?s=96&d=mm&r=g","contentUrl":"https:\/\/secure.gravatar.com\/avatar\/f81f58ad909e8a213ab0a690f6ed65e5c0e0e2274bf35ac49ff31d7988d483ce?s=96&d=mm&r=g","caption":"Vitor Silva"},"logo":{"@id":"https:\/\/secure.gravatar.com\/avatar\/f81f58ad909e8a213ab0a690f6ed65e5c0e0e2274bf35ac49ff31d7988d483ce?s=96&d=mm&r=g"},"sameAs":["https:\/\/www.linkedin.com\/in\/vitormrsilva","https:\/\/x.com\/vitorsilva"]}]}},"_links":{"self":[{"href":"https:\/\/osmeusapontamentos.com\/index.php\/wp-json\/wp\/v2\/posts\/25189","targetHints":{"allow":["GET"]}}],"collection":[{"href":"https:\/\/osmeusapontamentos.com\/index.php\/wp-json\/wp\/v2\/posts"}],"about":[{"href":"https:\/\/osmeusapontamentos.com\/index.php\/wp-json\/wp\/v2\/types\/post"}],"author":[{"embeddable":true,"href":"https:\/\/osmeusapontamentos.com\/index.php\/wp-json\/wp\/v2\/users\/1"}],"replies":[{"embeddable":true,"href":"https:\/\/osmeusapontamentos.com\/index.php\/wp-json\/wp\/v2\/comments?post=25189"}],"version-history":[{"count":0,"href":"https:\/\/osmeusapontamentos.com\/index.php\/wp-json\/wp\/v2\/posts\/25189\/revisions"}],"wp:featuredmedia":[{"embeddable":true,"href":"https:\/\/osmeusapontamentos.com\/index.php\/wp-json\/"}],"wp:attachment":[{"href":"https:\/\/osmeusapontamentos.com\/index.php\/wp-json\/wp\/v2\/media?parent=25189"}],"wp:term":[{"taxonomy":"category","embeddable":true,"href":"https:\/\/osmeusapontamentos.com\/index.php\/wp-json\/wp\/v2\/categories?post=25189"},{"taxonomy":"post_tag","embeddable":true,"href":"https:\/\/osmeusapontamentos.com\/index.php\/wp-json\/wp\/v2\/tags?post=25189"}],"curies":[{"name":"wp","href":"https:\/\/api.w.org\/{rel}","templated":true}]}}