{"id":25186,"date":"2014-03-02T21:56:34","date_gmt":"2014-03-02T21:56:34","guid":{"rendered":"http:\/\/osmeusapontamentos.com\/?p=25186"},"modified":"2014-03-02T21:56:34","modified_gmt":"2014-03-02T21:56:34","slug":"o-porto-na-9o-semana-de-2014","status":"publish","type":"post","link":"https:\/\/osmeusapontamentos.com\/index.php\/2014\/03\/02\/o-porto-na-9o-semana-de-2014\/","title":{"rendered":"O Porto na 9\u00ba semana de 2014"},"content":{"rendered":"<p>Arranca o Fantas, afinal n\u00e3o h\u00e1 feira do livro e afinal as esplanadas de Parada Leit\u00e3o que eram legais e depois ilegais s\u00e3o agora legais outra vez<\/p>\n<p><a href=\"https:\/\/osmeusapontamentos.com\/wp-content\/uploads\/2014\/03\/PAL\u00c1CIO-DE-CRISTAL-FEIRA-POPULAR.png\"><img decoding=\"async\" class=\"alignnone  wp-image-25187\" alt=\"PAL\u00c1CIO DE  CRISTAL - FEIRA POPULAR\" src=\"https:\/\/osmeusapontamentos.com\/wp-content\/uploads\/2014\/03\/PAL\u00c1CIO-DE-CRISTAL-FEIRA-POPULAR.png\" width=\"600\" \/><\/a><\/p>\n<p>24fev<\/p>\n<ul>\n<li><a href=\"http:\/\/www.cidadedoporto.pcp.pt\/?p=3538\">CDU exige que avancem as obras suspensas no Bairro de Aldoar<\/a>\u00a0(CDU)<\/li>\n<\/ul>\n<p>25fev<\/p>\n<ul>\n<li><a href=\"http:\/\/www.sabado.pt\/Noticias\/Sociedade\/Feira-do-Livro--Sem-dinheiro-nao-e-possivel.aspx\">Feira do Livro: Sem dinheiro n\u00e3o \u00e9 poss\u00edvel<\/a><\/li>\n<li><a href=\"http:\/\/expresso.sapo.pt\/rui-moreira-zanga-se-com-a-apel-e-porto-fica-sem-feira-do-livro=f858020\">Rui Moreira zanga-se com a APEL e Porto fica sem Feira do Livro<\/a><\/li>\n<li><a href=\"http:\/\/www.dn.pt\/inicio\/portugal\/interior.aspx?content_id=3706945&amp;page=-1\">C\u00e2mara do Porto suspende negocia\u00e7\u00f5es com APEL<\/a><\/li>\n<li><a href=\"http:\/\/publico.pt\/1626161\">Feira do Livro do Porto suspensa<\/a><\/li>\n<li><a href=\"http:\/\/publico.pt\/1626149\">C\u00e2mara do Porto recebeu quatro contributos na discuss\u00e3o p\u00fablica do Dallas<\/a><\/li>\n<li><a href=\"http:\/\/publico.pt\/1626150\">C\u00e2mara do Porto prev\u00ea nova obra superior a um milh\u00e3o de euros para consolidar escarpa das Fontainhas<\/a><\/li>\n<\/ul>\n<p>26fev<\/p>\n<ul>\n<li><a href=\"http:\/\/www.jn.pt\/PaginaInicial\/Nacional\/Interior.aspx?content_id=3709207&amp;page=-1\">Letras na Avenida dispon\u00edvel para ser alternativa \u00e0 Feira do Livro do Porto<\/a><\/li>\n<li><a href=\"http:\/\/expresso.sapo.pt\/cduporto-apela-a-entendimento-que-viabilize-feira-do-livro=f858178\">CDU\/Porto apela a entendimento que viabilize Feira do Livro<\/a><\/li>\n<li><a href=\"http:\/\/www.jn.pt\/PaginaInicial\/Nacional\/Interior.aspx?content_id=3708206&amp;page=-1\">Universidade do Porto entre as 200 melhores escolas do mundo<\/a><\/li>\n<\/ul>\n<p><span style=\"line-height: 1.5em;\">27fev<\/span><\/p>\n<ul>\n<li><a href=\"http:\/\/publico.pt\/1626498\">Concelhias do PSD-Porto zangadas com a fraca representatividade nos \u00f3rg\u00e3os nacionais<\/a><\/li>\n<li><a href=\"http:\/\/expresso.sapo.pt\/essencia-do-vinho-e-o-tipo-de-evento-de-que-o-porto-precisa-rui-moreira=f858434\">Ess\u00eancia do Vinho &#8220;\u00e9 o tipo de evento de que o Porto precisa&#8221; &#8212; Rui Moreira<\/a><\/li>\n<li><a href=\"http:\/\/expresso.sapo.pt\/camara-do-porto-garante-programacao-da-casa-da-animacao-em-espacos-municipais=f858372\">C\u00e2mara do Porto garante programa\u00e7\u00e3o da Casa da Anima\u00e7\u00e3o em espa\u00e7os municipais<\/a><\/li>\n<li><a href=\"http:\/\/publico.pt\/1626320\">Repetem-se apelos ao entendimento e pedem-se explica\u00e7\u00f5es sobre a Feira do Livro do Porto<\/a><\/li>\n<li><a href=\"http:\/\/publico.pt\/1626329\">Esplanadas da Pra\u00e7a de Parada Leit\u00e3o podem continuar<\/a><\/li>\n<li><a href=\"http:\/\/www.dinheirovivo.pt\/Economia\/Artigo\/cieco326592.html?page=0\">Ess\u00eancia do Vinho fechou 2013 com 3,8 milh\u00f5es de euros de fatura\u00e7\u00e3o<\/a><\/li>\n<\/ul>\n<p>28fev<\/p>\n<ul>\n<li><a href=\"http:\/\/expresso.sapo.pt\/area-metropolitana-do-porto-pretende-ainda-executar-fundos-do-atual-qren=f858618\">\u00c1rea Metropolitana do Porto pretende ainda executar fundos do atual QREN<\/a><\/li>\n<li><a href=\"http:\/\/publico.pt\/1626598\">Obras no T\u00fanel da Ribeira, no Porto, arrancam na quarta-feira<\/a><\/li>\n<li><a style=\"line-height: 1.5em;\" href=\"http:\/\/www.ionline.pt\/artigos\/portugal\/conselho-metropolitano-porto-muito-preocupado-futuro-da-mobilidade\/pag\/-1\">Conselho Metropolitano do Porto &#8220;muito preocupado&#8221; com futuro da mobilidade<\/a><span style=\"line-height: 1.5em;\">\u00a0<\/span><\/li>\n<li><a href=\"http:\/\/expresso.sapo.pt\/programa-de-emergencia-social-da-amp-atendeu-80-dos-pedidos-apresentados=f858577\">Programa de Emerg\u00eancia Social da AMP atendeu 80% dos pedidos apresentados<\/a><\/li>\n<li><a href=\"http:\/\/expresso.sapo.pt\/camara-do-porto-vai-remodelar-rede-de-agua-dos-aliados-a-partir-de-junho=f858553\">C\u00e2mara do Porto vai remodelar rede de \u00e1gua dos Aliados a partir de junho<\/a><\/li>\n<li><a href=\"http:\/\/publico.pt\/1626451\">Interven\u00e7\u00e3o do metro na Avenida dos Aliados n\u00e3o a tornou mais atractiva<\/a><\/li>\n<\/ul>\n<p>Cr\u00e9ditos:<\/p>\n<ul>\n<li>Imagem:\u00a0<a href=\"http:\/\/portoarc.blogspot.pt\/2013_09_01_archive.html\">http:\/\/portoarc.blogspot.pt\/2013_09_01_archive.html<\/a><\/li>\n<\/ul>\n<p>&nbsp;<\/p>\n","protected":false},"excerpt":{"rendered":"<p>Arranca o Fantas, afinal n\u00e3o h\u00e1 feira do livro e afinal as esplanadas de Parada Leit\u00e3o que eram legais e depois ilegais s\u00e3o agora legais outra vez<\/p>\n","protected":false},"author":1,"featured_media":25187,"comment_status":"open","ping_status":"open","sticky":false,"template":"","format":"standard","meta":{"footnotes":""},"categories":[7],"tags":[42,120,182,234,249,530,652,660],"class_list":["post-25186","post","type-post","status-publish","format-standard","has-post-thumbnail","hentry","category-ler-ver-ouvir-passear","tag-aliados","tag-casa-da-animacao","tag-dallas","tag-essencia-do-vinho","tag-feira-do-livro","tag-praca-parada-leitao","tag-tunel-da-ribeira","tag-universidade-do-porto"],"yoast_head":"<!-- This site is optimized with the Yoast SEO plugin v27.5 - https:\/\/yoast.com\/product\/yoast-seo-wordpress\/ -->\n<title>O Porto na 9\u00ba semana de 2014 - Os Meus Apontamentos<\/title>\n<meta name=\"robots\" content=\"index, follow, max-snippet:-1, max-image-preview:large, max-video-preview:-1\" \/>\n<link rel=\"canonical\" href=\"https:\/\/osmeusapontamentos.com\/index.php\/2014\/03\/02\/o-porto-na-9o-semana-de-2014\/\" \/>\n<meta property=\"og:locale\" content=\"pt_PT\" \/>\n<meta property=\"og:type\" content=\"article\" \/>\n<meta property=\"og:title\" content=\"O Porto na 9\u00ba semana de 2014 - Os Meus Apontamentos\" \/>\n<meta property=\"og:description\" content=\"Arranca o Fantas, afinal n\u00e3o h\u00e1 feira do livro e afinal as esplanadas de Parada Leit\u00e3o que eram legais e depois ilegais s\u00e3o agora legais outra vez\" \/>\n<meta property=\"og:url\" content=\"https:\/\/osmeusapontamentos.com\/index.php\/2014\/03\/02\/o-porto-na-9o-semana-de-2014\/\" \/>\n<meta property=\"og:site_name\" content=\"Os Meus Apontamentos\" \/>\n<meta property=\"article:published_time\" content=\"2014-03-02T21:56:34+00:00\" \/>\n<meta name=\"author\" content=\"Vitor Silva\" \/>\n<meta name=\"twitter:card\" content=\"summary_large_image\" \/>\n<meta name=\"twitter:creator\" content=\"@vitorsilva\" \/>\n<meta name=\"twitter:site\" content=\"@vitorsilva\" \/>\n<meta name=\"twitter:label1\" content=\"Escrito por\" \/>\n\t<meta name=\"twitter:data1\" content=\"Vitor Silva\" \/>\n\t<meta name=\"twitter:label2\" content=\"Tempo estimado de leitura\" \/>\n\t<meta name=\"twitter:data2\" content=\"2 minutos\" \/>\n<script type=\"application\/ld+json\" class=\"yoast-schema-graph\">{\"@context\":\"https:\\\/\\\/schema.org\",\"@graph\":[{\"@type\":\"Article\",\"@id\":\"https:\\\/\\\/osmeusapontamentos.com\\\/index.php\\\/2014\\\/03\\\/02\\\/o-porto-na-9o-semana-de-2014\\\/#article\",\"isPartOf\":{\"@id\":\"https:\\\/\\\/osmeusapontamentos.com\\\/index.php\\\/2014\\\/03\\\/02\\\/o-porto-na-9o-semana-de-2014\\\/\"},\"author\":{\"name\":\"Vitor Silva\",\"@id\":\"https:\\\/\\\/osmeusapontamentos.com\\\/#\\\/schema\\\/person\\\/d508df9c3ffc8b4e64a18dbf0ba18dd8\"},\"headline\":\"O Porto na 9\u00ba semana de 2014\",\"datePublished\":\"2014-03-02T21:56:34+00:00\",\"mainEntityOfPage\":{\"@id\":\"https:\\\/\\\/osmeusapontamentos.com\\\/index.php\\\/2014\\\/03\\\/02\\\/o-porto-na-9o-semana-de-2014\\\/\"},\"wordCount\":318,\"commentCount\":0,\"publisher\":{\"@id\":\"https:\\\/\\\/osmeusapontamentos.com\\\/#\\\/schema\\\/person\\\/d508df9c3ffc8b4e64a18dbf0ba18dd8\"},\"image\":{\"@id\":\"https:\\\/\\\/osmeusapontamentos.com\\\/index.php\\\/2014\\\/03\\\/02\\\/o-porto-na-9o-semana-de-2014\\\/#primaryimage\"},\"thumbnailUrl\":\"\",\"keywords\":[\"Aliados\",\"Casa da Anima\u00e7\u00e3o\",\"Dallas\",\"Ess\u00eancia do Vinho\",\"Feira do Livro\",\"Pra\u00e7a Parada Leit\u00e3o\",\"T\u00fanel da Ribeira\",\"universidade do porto\"],\"articleSection\":[\"Ler\\\/ Ver\\\/ Ouvir\\\/ Passear\"],\"inLanguage\":\"pt-PT\",\"potentialAction\":[{\"@type\":\"CommentAction\",\"name\":\"Comment\",\"target\":[\"https:\\\/\\\/osmeusapontamentos.com\\\/index.php\\\/2014\\\/03\\\/02\\\/o-porto-na-9o-semana-de-2014\\\/#respond\"]}]},{\"@type\":\"WebPage\",\"@id\":\"https:\\\/\\\/osmeusapontamentos.com\\\/index.php\\\/2014\\\/03\\\/02\\\/o-porto-na-9o-semana-de-2014\\\/\",\"url\":\"https:\\\/\\\/osmeusapontamentos.com\\\/index.php\\\/2014\\\/03\\\/02\\\/o-porto-na-9o-semana-de-2014\\\/\",\"name\":\"O Porto na 9\u00ba semana de 2014 - Os Meus Apontamentos\",\"isPartOf\":{\"@id\":\"https:\\\/\\\/osmeusapontamentos.com\\\/#website\"},\"primaryImageOfPage\":{\"@id\":\"https:\\\/\\\/osmeusapontamentos.com\\\/index.php\\\/2014\\\/03\\\/02\\\/o-porto-na-9o-semana-de-2014\\\/#primaryimage\"},\"image\":{\"@id\":\"https:\\\/\\\/osmeusapontamentos.com\\\/index.php\\\/2014\\\/03\\\/02\\\/o-porto-na-9o-semana-de-2014\\\/#primaryimage\"},\"thumbnailUrl\":\"\",\"datePublished\":\"2014-03-02T21:56:34+00:00\",\"breadcrumb\":{\"@id\":\"https:\\\/\\\/osmeusapontamentos.com\\\/index.php\\\/2014\\\/03\\\/02\\\/o-porto-na-9o-semana-de-2014\\\/#breadcrumb\"},\"inLanguage\":\"pt-PT\",\"potentialAction\":[{\"@type\":\"ReadAction\",\"target\":[\"https:\\\/\\\/osmeusapontamentos.com\\\/index.php\\\/2014\\\/03\\\/02\\\/o-porto-na-9o-semana-de-2014\\\/\"]}]},{\"@type\":\"ImageObject\",\"inLanguage\":\"pt-PT\",\"@id\":\"https:\\\/\\\/osmeusapontamentos.com\\\/index.php\\\/2014\\\/03\\\/02\\\/o-porto-na-9o-semana-de-2014\\\/#primaryimage\",\"url\":\"\",\"contentUrl\":\"\"},{\"@type\":\"BreadcrumbList\",\"@id\":\"https:\\\/\\\/osmeusapontamentos.com\\\/index.php\\\/2014\\\/03\\\/02\\\/o-porto-na-9o-semana-de-2014\\\/#breadcrumb\",\"itemListElement\":[{\"@type\":\"ListItem\",\"position\":1,\"name\":\"In\u00edcio\",\"item\":\"https:\\\/\\\/osmeusapontamentos.com\\\/\"},{\"@type\":\"ListItem\",\"position\":2,\"name\":\"O Porto na 9\u00ba semana de 2014\"}]},{\"@type\":\"WebSite\",\"@id\":\"https:\\\/\\\/osmeusapontamentos.com\\\/#website\",\"url\":\"https:\\\/\\\/osmeusapontamentos.com\\\/\",\"name\":\"Os Meus Apontamentos\",\"description\":\"\",\"publisher\":{\"@id\":\"https:\\\/\\\/osmeusapontamentos.com\\\/#\\\/schema\\\/person\\\/d508df9c3ffc8b4e64a18dbf0ba18dd8\"},\"potentialAction\":[{\"@type\":\"SearchAction\",\"target\":{\"@type\":\"EntryPoint\",\"urlTemplate\":\"https:\\\/\\\/osmeusapontamentos.com\\\/?s={search_term_string}\"},\"query-input\":{\"@type\":\"PropertyValueSpecification\",\"valueRequired\":true,\"valueName\":\"search_term_string\"}}],\"inLanguage\":\"pt-PT\"},{\"@type\":[\"Person\",\"Organization\"],\"@id\":\"https:\\\/\\\/osmeusapontamentos.com\\\/#\\\/schema\\\/person\\\/d508df9c3ffc8b4e64a18dbf0ba18dd8\",\"name\":\"Vitor Silva\",\"image\":{\"@type\":\"ImageObject\",\"inLanguage\":\"pt-PT\",\"@id\":\"https:\\\/\\\/secure.gravatar.com\\\/avatar\\\/f81f58ad909e8a213ab0a690f6ed65e5c0e0e2274bf35ac49ff31d7988d483ce?s=96&d=mm&r=g\",\"url\":\"https:\\\/\\\/secure.gravatar.com\\\/avatar\\\/f81f58ad909e8a213ab0a690f6ed65e5c0e0e2274bf35ac49ff31d7988d483ce?s=96&d=mm&r=g\",\"contentUrl\":\"https:\\\/\\\/secure.gravatar.com\\\/avatar\\\/f81f58ad909e8a213ab0a690f6ed65e5c0e0e2274bf35ac49ff31d7988d483ce?s=96&d=mm&r=g\",\"caption\":\"Vitor Silva\"},\"logo\":{\"@id\":\"https:\\\/\\\/secure.gravatar.com\\\/avatar\\\/f81f58ad909e8a213ab0a690f6ed65e5c0e0e2274bf35ac49ff31d7988d483ce?s=96&d=mm&r=g\"},\"sameAs\":[\"https:\\\/\\\/www.linkedin.com\\\/in\\\/vitormrsilva\",\"https:\\\/\\\/x.com\\\/vitorsilva\"]}]}<\/script>\n<!-- \/ Yoast SEO plugin. -->","yoast_head_json":{"title":"O Porto na 9\u00ba semana de 2014 - Os Meus Apontamentos","robots":{"index":"index","follow":"follow","max-snippet":"max-snippet:-1","max-image-preview":"max-image-preview:large","max-video-preview":"max-video-preview:-1"},"canonical":"https:\/\/osmeusapontamentos.com\/index.php\/2014\/03\/02\/o-porto-na-9o-semana-de-2014\/","og_locale":"pt_PT","og_type":"article","og_title":"O Porto na 9\u00ba semana de 2014 - Os Meus Apontamentos","og_description":"Arranca o Fantas, afinal n\u00e3o h\u00e1 feira do livro e afinal as esplanadas de Parada Leit\u00e3o que eram legais e depois ilegais s\u00e3o agora legais outra vez","og_url":"https:\/\/osmeusapontamentos.com\/index.php\/2014\/03\/02\/o-porto-na-9o-semana-de-2014\/","og_site_name":"Os Meus Apontamentos","article_published_time":"2014-03-02T21:56:34+00:00","author":"Vitor Silva","twitter_card":"summary_large_image","twitter_creator":"@vitorsilva","twitter_site":"@vitorsilva","twitter_misc":{"Escrito por":"Vitor Silva","Tempo estimado de leitura":"2 minutos"},"schema":{"@context":"https:\/\/schema.org","@graph":[{"@type":"Article","@id":"https:\/\/osmeusapontamentos.com\/index.php\/2014\/03\/02\/o-porto-na-9o-semana-de-2014\/#article","isPartOf":{"@id":"https:\/\/osmeusapontamentos.com\/index.php\/2014\/03\/02\/o-porto-na-9o-semana-de-2014\/"},"author":{"name":"Vitor Silva","@id":"https:\/\/osmeusapontamentos.com\/#\/schema\/person\/d508df9c3ffc8b4e64a18dbf0ba18dd8"},"headline":"O Porto na 9\u00ba semana de 2014","datePublished":"2014-03-02T21:56:34+00:00","mainEntityOfPage":{"@id":"https:\/\/osmeusapontamentos.com\/index.php\/2014\/03\/02\/o-porto-na-9o-semana-de-2014\/"},"wordCount":318,"commentCount":0,"publisher":{"@id":"https:\/\/osmeusapontamentos.com\/#\/schema\/person\/d508df9c3ffc8b4e64a18dbf0ba18dd8"},"image":{"@id":"https:\/\/osmeusapontamentos.com\/index.php\/2014\/03\/02\/o-porto-na-9o-semana-de-2014\/#primaryimage"},"thumbnailUrl":"","keywords":["Aliados","Casa da Anima\u00e7\u00e3o","Dallas","Ess\u00eancia do Vinho","Feira do Livro","Pra\u00e7a Parada Leit\u00e3o","T\u00fanel da Ribeira","universidade do porto"],"articleSection":["Ler\/ Ver\/ Ouvir\/ Passear"],"inLanguage":"pt-PT","potentialAction":[{"@type":"CommentAction","name":"Comment","target":["https:\/\/osmeusapontamentos.com\/index.php\/2014\/03\/02\/o-porto-na-9o-semana-de-2014\/#respond"]}]},{"@type":"WebPage","@id":"https:\/\/osmeusapontamentos.com\/index.php\/2014\/03\/02\/o-porto-na-9o-semana-de-2014\/","url":"https:\/\/osmeusapontamentos.com\/index.php\/2014\/03\/02\/o-porto-na-9o-semana-de-2014\/","name":"O Porto na 9\u00ba semana de 2014 - Os Meus Apontamentos","isPartOf":{"@id":"https:\/\/osmeusapontamentos.com\/#website"},"primaryImageOfPage":{"@id":"https:\/\/osmeusapontamentos.com\/index.php\/2014\/03\/02\/o-porto-na-9o-semana-de-2014\/#primaryimage"},"image":{"@id":"https:\/\/osmeusapontamentos.com\/index.php\/2014\/03\/02\/o-porto-na-9o-semana-de-2014\/#primaryimage"},"thumbnailUrl":"","datePublished":"2014-03-02T21:56:34+00:00","breadcrumb":{"@id":"https:\/\/osmeusapontamentos.com\/index.php\/2014\/03\/02\/o-porto-na-9o-semana-de-2014\/#breadcrumb"},"inLanguage":"pt-PT","potentialAction":[{"@type":"ReadAction","target":["https:\/\/osmeusapontamentos.com\/index.php\/2014\/03\/02\/o-porto-na-9o-semana-de-2014\/"]}]},{"@type":"ImageObject","inLanguage":"pt-PT","@id":"https:\/\/osmeusapontamentos.com\/index.php\/2014\/03\/02\/o-porto-na-9o-semana-de-2014\/#primaryimage","url":"","contentUrl":""},{"@type":"BreadcrumbList","@id":"https:\/\/osmeusapontamentos.com\/index.php\/2014\/03\/02\/o-porto-na-9o-semana-de-2014\/#breadcrumb","itemListElement":[{"@type":"ListItem","position":1,"name":"In\u00edcio","item":"https:\/\/osmeusapontamentos.com\/"},{"@type":"ListItem","position":2,"name":"O Porto na 9\u00ba semana de 2014"}]},{"@type":"WebSite","@id":"https:\/\/osmeusapontamentos.com\/#website","url":"https:\/\/osmeusapontamentos.com\/","name":"Os Meus Apontamentos","description":"","publisher":{"@id":"https:\/\/osmeusapontamentos.com\/#\/schema\/person\/d508df9c3ffc8b4e64a18dbf0ba18dd8"},"potentialAction":[{"@type":"SearchAction","target":{"@type":"EntryPoint","urlTemplate":"https:\/\/osmeusapontamentos.com\/?s={search_term_string}"},"query-input":{"@type":"PropertyValueSpecification","valueRequired":true,"valueName":"search_term_string"}}],"inLanguage":"pt-PT"},{"@type":["Person","Organization"],"@id":"https:\/\/osmeusapontamentos.com\/#\/schema\/person\/d508df9c3ffc8b4e64a18dbf0ba18dd8","name":"Vitor Silva","image":{"@type":"ImageObject","inLanguage":"pt-PT","@id":"https:\/\/secure.gravatar.com\/avatar\/f81f58ad909e8a213ab0a690f6ed65e5c0e0e2274bf35ac49ff31d7988d483ce?s=96&d=mm&r=g","url":"https:\/\/secure.gravatar.com\/avatar\/f81f58ad909e8a213ab0a690f6ed65e5c0e0e2274bf35ac49ff31d7988d483ce?s=96&d=mm&r=g","contentUrl":"https:\/\/secure.gravatar.com\/avatar\/f81f58ad909e8a213ab0a690f6ed65e5c0e0e2274bf35ac49ff31d7988d483ce?s=96&d=mm&r=g","caption":"Vitor Silva"},"logo":{"@id":"https:\/\/secure.gravatar.com\/avatar\/f81f58ad909e8a213ab0a690f6ed65e5c0e0e2274bf35ac49ff31d7988d483ce?s=96&d=mm&r=g"},"sameAs":["https:\/\/www.linkedin.com\/in\/vitormrsilva","https:\/\/x.com\/vitorsilva"]}]}},"_links":{"self":[{"href":"https:\/\/osmeusapontamentos.com\/index.php\/wp-json\/wp\/v2\/posts\/25186","targetHints":{"allow":["GET"]}}],"collection":[{"href":"https:\/\/osmeusapontamentos.com\/index.php\/wp-json\/wp\/v2\/posts"}],"about":[{"href":"https:\/\/osmeusapontamentos.com\/index.php\/wp-json\/wp\/v2\/types\/post"}],"author":[{"embeddable":true,"href":"https:\/\/osmeusapontamentos.com\/index.php\/wp-json\/wp\/v2\/users\/1"}],"replies":[{"embeddable":true,"href":"https:\/\/osmeusapontamentos.com\/index.php\/wp-json\/wp\/v2\/comments?post=25186"}],"version-history":[{"count":0,"href":"https:\/\/osmeusapontamentos.com\/index.php\/wp-json\/wp\/v2\/posts\/25186\/revisions"}],"wp:featuredmedia":[{"embeddable":true,"href":"https:\/\/osmeusapontamentos.com\/index.php\/wp-json\/"}],"wp:attachment":[{"href":"https:\/\/osmeusapontamentos.com\/index.php\/wp-json\/wp\/v2\/media?parent=25186"}],"wp:term":[{"taxonomy":"category","embeddable":true,"href":"https:\/\/osmeusapontamentos.com\/index.php\/wp-json\/wp\/v2\/categories?post=25186"},{"taxonomy":"post_tag","embeddable":true,"href":"https:\/\/osmeusapontamentos.com\/index.php\/wp-json\/wp\/v2\/tags?post=25186"}],"curies":[{"name":"wp","href":"https:\/\/api.w.org\/{rel}","templated":true}]}}