{"id":25179,"date":"2014-02-23T21:55:44","date_gmt":"2014-02-23T21:55:44","guid":{"rendered":"http:\/\/osmeusapontamentos.com\/?p=25179"},"modified":"2014-02-23T21:55:44","modified_gmt":"2014-02-23T21:55:44","slug":"o-porto-na-8a-semana-de-2014","status":"publish","type":"post","link":"https:\/\/osmeusapontamentos.com\/index.php\/2014\/02\/23\/o-porto-na-8a-semana-de-2014\/","title":{"rendered":"O Porto na 8\u00aa semana de 2014"},"content":{"rendered":"<p><a href=\"https:\/\/osmeusapontamentos.com\/wp-content\/uploads\/2014\/02\/foto1.jpg\"><img loading=\"lazy\" decoding=\"async\" class=\"alignnone size-full wp-image-25182\" alt=\"Teatro do Bollh\u00e3o\" src=\"https:\/\/osmeusapontamentos.com\/wp-content\/uploads\/2014\/02\/foto1.jpg\" width=\"460\" height=\"469\" \/><\/a><\/p>\n<p>13 anos depois a Porto 2001 ainda d\u00e1 que falar&#8230; e o Rivoli tamb\u00e9m, entretanto continuam as d\u00favidas na aplica\u00e7\u00e3o dos fundos comunit\u00e1rios e continua-se a preferir a zona ocidental da cidade para investir.<\/p>\n<p>16fev<\/p>\n<ul>\n<li><a href=\"http:\/\/www.ionline.pt\/artigos\/portugal\/rui-moreira-faz-barulho-nao-se-justifica-sobre-os-fundos-comunitarios\/pag\/-1\">Rui Moreira \u201cfaz um barulho que n\u00e3o se justifica\u201d sobre os fundos comunit\u00e1rios<\/a><\/li>\n<li><a href=\"http:\/\/www.ionline.pt\/artigos\/dinheiro\/ihru-destina-225-milhoes-reabilitacao-tres-bairros-porto-2016\/pag\/-1\">IHRU destina 2,25 milh\u00f5es para reabilita\u00e7\u00e3o de tr\u00eas bairros do Porto at\u00e9 2016<\/a><\/li>\n<li><a href=\"http:\/\/www.tvi24.iol.pt\/sociedade\/porto-ourivesaria-assalto-governo-policia-crime\/1537849-4071.html\">Porto: comerciantes querem mais pol\u00edcia na rua<\/a><\/li>\n<li><a style=\"line-height: 1.5em;\" href=\"http:\/\/publico.pt\/1623928\">Comerciantes do Porto querem reunir com Governo ap\u00f3s assalto em pleno dia<\/a><\/li>\n<li><a href=\"http:\/\/www.tvi24.iol.pt\/sociedade\/galeria-p55-porto-leiloes-internet-empresario\/1537836-4071.html\">Arte, decora\u00e7\u00e3o e leil\u00f5es&#8230; Tr\u00eas em um<\/a><\/li>\n<li><a href=\"http:\/\/www.jn.pt\/PaginaInicial\/Nacional\/Interior.aspx?content_id=3689247&amp;page=-1\">PSD contra candidatura de Miguel Pereira Leite \u00e0 Assembleia Municipal do Porto<\/a><\/li>\n<li><a href=\"http:\/\/publico.pt\/1623851\">Cinco pe\u00e7as maiores na Colec\u00e7\u00e3o do Museu Nacional Soares dos Reis<\/a><\/li>\n<\/ul>\n<p><span style=\"line-height: 1.5em;\">17fev<\/span><\/p>\n<ul>\n<li><a href=\"http:\/\/publico.pt\/1624120\">Miguel Pereira Leite substitui Daniel Bessa na Assembleia Municipal do Porto<\/a><\/li>\n<li><a style=\"line-height: 1.5em;\" href=\"http:\/\/publico.pt\/1624103\">Estado condenado a pagar 2,7 milh\u00f5es a comerciantes por atraso nas obras da Porto 2001<\/a><\/li>\n<li><a style=\"line-height: 1.5em;\" href=\"http:\/\/feeds.tsf.pt\/~r\/TSF-Ultimas\/~3\/KFqs8eKc4EY\/story01.htm\">Atualiza\u00e7\u00e3o das rendas no Porto \u00e9 faseada e alguns valores podem descer<\/a><\/li>\n<li><a style=\"line-height: 1.5em;\" href=\"http:\/\/www.jornaldenegocios.pt\/empresas\/transportes\/detalhe\/emidio_gomes__nao_nos_voltem_a_enganar.html\">Em\u00eddio Gomes: &#8221; N\u00e3o nos voltem a enganar&#8221;<\/a><\/li>\n<li><a style=\"line-height: 1.5em;\" href=\"http:\/\/expresso.sapo.pt\/cdu-pede-intervencao-da-camara-para-administracao-portuaria-limpar-costa-do-porto=f856463\">CDU pede interven\u00e7\u00e3o da C\u00e2mara para Administra\u00e7\u00e3o Portu\u00e1ria limpar costa do Porto<\/a><\/li>\n<li><a style=\"line-height: 1.5em;\" href=\"http:\/\/publico.pt\/1623966\">Secret\u00e1rio de Estado defende Rui Moreira nas cr\u00edticas ao Governo sobre o QREN<\/a><\/li>\n<\/ul>\n<p>18fev<\/p>\n<ul>\n<li><a href=\"http:\/\/www.ionline.pt\/artigos\/portugal\/rui-moreira-espera-infraestruturas-importantes-competitividade-sejam-feitas\/pag\/-1\">Rui Moreira espera que infraestruturas importantes \u00e0 competitividade sejam feitas<\/a><\/li>\n<li><a href=\"http:\/\/www.jornaldenegocios.pt\/empresas\/turismo___lazer\/detalhe\/operadores_turisticos_do_porto_criam_bilhete_unico_para_nao_perder_o_cliente.html\">Operadores tur\u00edsticos do Porto criam bilhete \u00fanico para \u201cn\u00e3o perder o cliente\u201d<\/a><\/li>\n<li><a href=\"http:\/\/www.ionline.pt\/artigos\/portugal\/vereadora-ps-diz-acordo-coligacao-da-camara-porto-nao-esta-ser-cumprido\/pag\/-1\">Vereadora do PS diz que acordo de coliga\u00e7\u00e3o da C\u00e2mara do Porto n\u00e3o est\u00e1 a ser cumprido<\/a><\/li>\n<li><a href=\"http:\/\/publico.pt\/1624196\">Oposi\u00e7\u00e3o junta-se a Moreira na defesa dos Fundos Comunit\u00e1rios e reprova mo\u00e7\u00e3o do PSD para elogiar Governo<\/a><\/li>\n<li><a href=\"http:\/\/publico.pt\/1624180\">Futuro do Teatro Rivoli abre brechas no PS na C\u00e2mara do Porto<\/a><\/li>\n<li><a href=\"http:\/\/publico.pt\/1624173\">C\u00e2mara do Porto prepara requalifica\u00e7\u00e3o da marginal entre Cantareira e Matosinhos<\/a><\/li>\n<li><a href=\"http:\/\/www.ionline.pt\/artigos\/dinheiro\/camara-porto-aprova-pedir-ao-governo-descida-iva-da-restauracao-13\/pag\/-1\">C\u00e2mara do Porto aprova pedir ao Governo descida do IVA da restaura\u00e7\u00e3o para 13%\u00a0<\/a><\/li>\n<li><a href=\"http:\/\/www.tvi24.iol.pt\/politica\/miguel-pereira-leite-porto-rui-moreira-assembleia-municipal-cds-tvi24\/1538299-4072.html\">Porto: Miguel Pereira Leite eleito para Assembleia Municipal<\/a><\/li>\n<li><a href=\"http:\/\/www.ionline.pt\/artigos\/portugal\/porto-comecou-combater-insectos-ha-ano\/pag\/-1\">Porto come\u00e7ou a combater insectos h\u00e1 um ano<\/a><\/li>\n<\/ul>\n<p><span style=\"line-height: 1.5em;\">19fev<\/span><\/p>\n<ul>\n<li><a href=\"http:\/\/www.dn.pt\/inicio\/portugal\/interior.aspx?content_id=3695264&amp;page=-1\">CDU acusa c\u00e2mara de &#8220;secretismo&#8221;<\/a><\/li>\n<li><a href=\"http:\/\/www.ionline.pt\/artigos\/portugal\/novo-portal-reune-promove-oferta-turistica-porto-foi-hoje-apresentado\/pag\/-1\">Novo portal que re\u00fane e promove oferta tur\u00edstica do Porto foi hoje apresentado<\/a><\/li>\n<li><a href=\"http:\/\/publico.pt\/1624234\">C\u00e2mara do Porto vai investir um milh\u00e3o de euros na requalifica\u00e7\u00e3o da marginal, se houver fundos comunit\u00e1rios<\/a><\/li>\n<li><a href=\"http:\/\/www.jornaldenegocios.pt\/economia\/educacao\/detalhe\/13_da_comunidade_academica_da_universidade_do_porto_e_estrangeira.html\">13% da comunidade acad\u00e9mica da Universidade do Porto \u00e9 estrangeira<\/a><\/li>\n<li><a href=\"http:\/\/economico.sapo.pt\/noticias\/lisboa-e-porto-tem-projecto-comum-de-reabilitacao-urbana_187453.html\">Lisboa e Porto t\u00eam projecto comum de reabilita\u00e7\u00e3o urbana<\/a><\/li>\n<li><a href=\"http:\/\/www.jn.pt\/PaginaInicial\/Nacional\/Interior.aspx?content_id=3698103&amp;page=-1\">Projeto Re-Food chega ao Porto no outono<\/a><\/li>\n<\/ul>\n<p>20fev<\/p>\n<ul>\n<li><a href=\"http:\/\/expresso.sapo.pt\/governo-abriu-uma-porta-de-cooperacao-institucional-conselho-metropolitano-do-porto=f857117\">Governo &#8220;abriu uma porta de coopera\u00e7\u00e3o institucional&#8221; &#8211; Conselho Metropolitano do Porto<\/a><\/li>\n<li><a href=\"http:\/\/expresso.sapo.pt\/camara-do-porto-prepara-plano-de-ordenamento-da-costa-e-quer-requalificar-jardins=f857060\">C\u00e2mara do Porto prepara plano de ordenamento da costa e quer requalificar jardins<\/a><\/li>\n<li><a href=\"http:\/\/publico.pt\/1624412\">Mercator, novo projecto de promo\u00e7\u00e3o do com\u00e9rcio no Porto, vai ser testado na Rua das Flores<\/a><\/li>\n<li><a href=\"http:\/\/publico.pt\/1624416\">Rua das Flores, no Porto, precisa de obra de correc\u00e7\u00e3o do piso&#8230; novo<\/a><\/li>\n<li><a href=\"http:\/\/www.dinheirovivo.pt\/Economia\/Artigo\/cieco325411.html?page=0\">STCP poupa quatro milh\u00f5es de euros por ano com a frota a g\u00e1s natural<\/a><\/li>\n<\/ul>\n<p>21fev<\/p>\n<ul>\n<li><a href=\"http:\/\/expresso.sapo.pt\/deputados-do-ps-criticam-falta-de-estrategia-sobre-infraestruturas-para-o-porto=f857379\">Deputados do PS criticam falta de estrat\u00e9gia sobre infraestruturas para o Porto<\/a><\/li>\n<li><a href=\"http:\/\/www.ionline.pt\/artigos\/dinheiro\/lisboa-porto-entre-3-melhores-cidades-sul-da-europa-investir\/pag\/-1\">Lisboa e Porto entre as 3 melhores cidades do sul da Europa para investir<\/a><\/li>\n<li><a href=\"http:\/\/www.dinheirovivo.pt\/Economia\/Artigo\/cieco325496.html?page=0\">Rede da Carris e dos autocarros do Porto pode vir a ser dividida e entregue a empresas diferentes<\/a><\/li>\n<li><a href=\"http:\/\/publico.pt\/1624551\">Um euro, dez ou 100 ajudam a recuperar o Pal\u00e1cio do Conde do Bolh\u00e3o<\/a><\/li>\n<li><a href=\"http:\/\/www.cidadedoporto.pcp.pt\/?p=3536\">O processo de delega\u00e7\u00e3o de compet\u00eancias municipais nas juntas de freguesia tem que ser participado, transparente e defender os servi\u00e7os p\u00fablicos (CDU)<\/a><\/li>\n<\/ul>\n<p>22fev<\/p>\n<ul>\n<li><a href=\"http:\/\/publico.pt\/1625691\">Ilha da Bela Vista vai ter casas adaptadas a pessoas com problemas de mobilidade<\/a><\/li>\n<\/ul>\n<p>&nbsp;<\/p>\n","protected":false},"excerpt":{"rendered":"<p>13 anos depois a Porto 2001 ainda d\u00e1 que falar&#8230; e o Rivoli tamb\u00e9m, entretanto continuam as d\u00favidas na aplica\u00e7\u00e3o dos fundos comunit\u00e1rios e continua-se a preferir a zona ocidental da cidade para investir.<\/p>\n","protected":false},"author":1,"featured_media":25182,"comment_status":"open","ping_status":"open","sticky":false,"template":"","format":"standard","meta":{"footnotes":""},"categories":[7],"tags":[55,71,306,525,573,579,653],"class_list":["post-25179","post","type-post","status-publish","format-standard","has-post-thumbnail","hentry","category-ler-ver-ouvir-passear","tag-apoios-comunitarios","tag-assembleia-municipal","tag-ihru","tag-porto-2001","tag-rivoli","tag-rui-moreira","tag-turismo"],"yoast_head":"<!-- This site is optimized with the Yoast SEO plugin v27.5 - https:\/\/yoast.com\/product\/yoast-seo-wordpress\/ -->\n<title>O Porto na 8\u00aa semana de 2014 - Os Meus Apontamentos<\/title>\n<meta name=\"robots\" content=\"index, follow, max-snippet:-1, max-image-preview:large, max-video-preview:-1\" \/>\n<link rel=\"canonical\" href=\"https:\/\/osmeusapontamentos.com\/index.php\/2014\/02\/23\/o-porto-na-8a-semana-de-2014\/\" \/>\n<meta property=\"og:locale\" content=\"pt_PT\" \/>\n<meta property=\"og:type\" content=\"article\" \/>\n<meta property=\"og:title\" content=\"O Porto na 8\u00aa semana de 2014 - Os Meus Apontamentos\" \/>\n<meta property=\"og:description\" content=\"13 anos depois a Porto 2001 ainda d\u00e1 que falar... e o Rivoli tamb\u00e9m, entretanto continuam as d\u00favidas na aplica\u00e7\u00e3o dos fundos comunit\u00e1rios e continua-se a preferir a zona ocidental da cidade para investir.\" \/>\n<meta property=\"og:url\" content=\"https:\/\/osmeusapontamentos.com\/index.php\/2014\/02\/23\/o-porto-na-8a-semana-de-2014\/\" \/>\n<meta property=\"og:site_name\" content=\"Os Meus Apontamentos\" \/>\n<meta property=\"article:published_time\" content=\"2014-02-23T21:55:44+00:00\" \/>\n<meta name=\"author\" content=\"Vitor Silva\" \/>\n<meta name=\"twitter:card\" content=\"summary_large_image\" \/>\n<meta name=\"twitter:creator\" content=\"@vitorsilva\" \/>\n<meta name=\"twitter:site\" content=\"@vitorsilva\" \/>\n<meta name=\"twitter:label1\" content=\"Escrito por\" \/>\n\t<meta name=\"twitter:data1\" content=\"Vitor Silva\" \/>\n\t<meta name=\"twitter:label2\" content=\"Tempo estimado de leitura\" \/>\n\t<meta name=\"twitter:data2\" content=\"3 minutos\" \/>\n<script type=\"application\/ld+json\" class=\"yoast-schema-graph\">{\"@context\":\"https:\\\/\\\/schema.org\",\"@graph\":[{\"@type\":\"Article\",\"@id\":\"https:\\\/\\\/osmeusapontamentos.com\\\/index.php\\\/2014\\\/02\\\/23\\\/o-porto-na-8a-semana-de-2014\\\/#article\",\"isPartOf\":{\"@id\":\"https:\\\/\\\/osmeusapontamentos.com\\\/index.php\\\/2014\\\/02\\\/23\\\/o-porto-na-8a-semana-de-2014\\\/\"},\"author\":{\"name\":\"Vitor Silva\",\"@id\":\"https:\\\/\\\/osmeusapontamentos.com\\\/#\\\/schema\\\/person\\\/d508df9c3ffc8b4e64a18dbf0ba18dd8\"},\"headline\":\"O Porto na 8\u00aa semana de 2014\",\"datePublished\":\"2014-02-23T21:55:44+00:00\",\"mainEntityOfPage\":{\"@id\":\"https:\\\/\\\/osmeusapontamentos.com\\\/index.php\\\/2014\\\/02\\\/23\\\/o-porto-na-8a-semana-de-2014\\\/\"},\"wordCount\":574,\"commentCount\":0,\"publisher\":{\"@id\":\"https:\\\/\\\/osmeusapontamentos.com\\\/#\\\/schema\\\/person\\\/d508df9c3ffc8b4e64a18dbf0ba18dd8\"},\"image\":{\"@id\":\"https:\\\/\\\/osmeusapontamentos.com\\\/index.php\\\/2014\\\/02\\\/23\\\/o-porto-na-8a-semana-de-2014\\\/#primaryimage\"},\"thumbnailUrl\":\"\",\"keywords\":[\"Apoios Comunit\u00e1rios\",\"assembleia municipal\",\"IHRU\",\"Porto 2001\",\"Rivoli\",\"rui moreira\",\"Turismo\"],\"articleSection\":[\"Ler\\\/ Ver\\\/ Ouvir\\\/ Passear\"],\"inLanguage\":\"pt-PT\",\"potentialAction\":[{\"@type\":\"CommentAction\",\"name\":\"Comment\",\"target\":[\"https:\\\/\\\/osmeusapontamentos.com\\\/index.php\\\/2014\\\/02\\\/23\\\/o-porto-na-8a-semana-de-2014\\\/#respond\"]}]},{\"@type\":\"WebPage\",\"@id\":\"https:\\\/\\\/osmeusapontamentos.com\\\/index.php\\\/2014\\\/02\\\/23\\\/o-porto-na-8a-semana-de-2014\\\/\",\"url\":\"https:\\\/\\\/osmeusapontamentos.com\\\/index.php\\\/2014\\\/02\\\/23\\\/o-porto-na-8a-semana-de-2014\\\/\",\"name\":\"O Porto na 8\u00aa semana de 2014 - Os Meus Apontamentos\",\"isPartOf\":{\"@id\":\"https:\\\/\\\/osmeusapontamentos.com\\\/#website\"},\"primaryImageOfPage\":{\"@id\":\"https:\\\/\\\/osmeusapontamentos.com\\\/index.php\\\/2014\\\/02\\\/23\\\/o-porto-na-8a-semana-de-2014\\\/#primaryimage\"},\"image\":{\"@id\":\"https:\\\/\\\/osmeusapontamentos.com\\\/index.php\\\/2014\\\/02\\\/23\\\/o-porto-na-8a-semana-de-2014\\\/#primaryimage\"},\"thumbnailUrl\":\"\",\"datePublished\":\"2014-02-23T21:55:44+00:00\",\"breadcrumb\":{\"@id\":\"https:\\\/\\\/osmeusapontamentos.com\\\/index.php\\\/2014\\\/02\\\/23\\\/o-porto-na-8a-semana-de-2014\\\/#breadcrumb\"},\"inLanguage\":\"pt-PT\",\"potentialAction\":[{\"@type\":\"ReadAction\",\"target\":[\"https:\\\/\\\/osmeusapontamentos.com\\\/index.php\\\/2014\\\/02\\\/23\\\/o-porto-na-8a-semana-de-2014\\\/\"]}]},{\"@type\":\"ImageObject\",\"inLanguage\":\"pt-PT\",\"@id\":\"https:\\\/\\\/osmeusapontamentos.com\\\/index.php\\\/2014\\\/02\\\/23\\\/o-porto-na-8a-semana-de-2014\\\/#primaryimage\",\"url\":\"\",\"contentUrl\":\"\"},{\"@type\":\"BreadcrumbList\",\"@id\":\"https:\\\/\\\/osmeusapontamentos.com\\\/index.php\\\/2014\\\/02\\\/23\\\/o-porto-na-8a-semana-de-2014\\\/#breadcrumb\",\"itemListElement\":[{\"@type\":\"ListItem\",\"position\":1,\"name\":\"In\u00edcio\",\"item\":\"https:\\\/\\\/osmeusapontamentos.com\\\/\"},{\"@type\":\"ListItem\",\"position\":2,\"name\":\"O Porto na 8\u00aa semana de 2014\"}]},{\"@type\":\"WebSite\",\"@id\":\"https:\\\/\\\/osmeusapontamentos.com\\\/#website\",\"url\":\"https:\\\/\\\/osmeusapontamentos.com\\\/\",\"name\":\"Os Meus Apontamentos\",\"description\":\"\",\"publisher\":{\"@id\":\"https:\\\/\\\/osmeusapontamentos.com\\\/#\\\/schema\\\/person\\\/d508df9c3ffc8b4e64a18dbf0ba18dd8\"},\"potentialAction\":[{\"@type\":\"SearchAction\",\"target\":{\"@type\":\"EntryPoint\",\"urlTemplate\":\"https:\\\/\\\/osmeusapontamentos.com\\\/?s={search_term_string}\"},\"query-input\":{\"@type\":\"PropertyValueSpecification\",\"valueRequired\":true,\"valueName\":\"search_term_string\"}}],\"inLanguage\":\"pt-PT\"},{\"@type\":[\"Person\",\"Organization\"],\"@id\":\"https:\\\/\\\/osmeusapontamentos.com\\\/#\\\/schema\\\/person\\\/d508df9c3ffc8b4e64a18dbf0ba18dd8\",\"name\":\"Vitor Silva\",\"image\":{\"@type\":\"ImageObject\",\"inLanguage\":\"pt-PT\",\"@id\":\"https:\\\/\\\/secure.gravatar.com\\\/avatar\\\/f81f58ad909e8a213ab0a690f6ed65e5c0e0e2274bf35ac49ff31d7988d483ce?s=96&d=mm&r=g\",\"url\":\"https:\\\/\\\/secure.gravatar.com\\\/avatar\\\/f81f58ad909e8a213ab0a690f6ed65e5c0e0e2274bf35ac49ff31d7988d483ce?s=96&d=mm&r=g\",\"contentUrl\":\"https:\\\/\\\/secure.gravatar.com\\\/avatar\\\/f81f58ad909e8a213ab0a690f6ed65e5c0e0e2274bf35ac49ff31d7988d483ce?s=96&d=mm&r=g\",\"caption\":\"Vitor Silva\"},\"logo\":{\"@id\":\"https:\\\/\\\/secure.gravatar.com\\\/avatar\\\/f81f58ad909e8a213ab0a690f6ed65e5c0e0e2274bf35ac49ff31d7988d483ce?s=96&d=mm&r=g\"},\"sameAs\":[\"https:\\\/\\\/www.linkedin.com\\\/in\\\/vitormrsilva\",\"https:\\\/\\\/x.com\\\/vitorsilva\"]}]}<\/script>\n<!-- \/ Yoast SEO plugin. -->","yoast_head_json":{"title":"O Porto na 8\u00aa semana de 2014 - Os Meus Apontamentos","robots":{"index":"index","follow":"follow","max-snippet":"max-snippet:-1","max-image-preview":"max-image-preview:large","max-video-preview":"max-video-preview:-1"},"canonical":"https:\/\/osmeusapontamentos.com\/index.php\/2014\/02\/23\/o-porto-na-8a-semana-de-2014\/","og_locale":"pt_PT","og_type":"article","og_title":"O Porto na 8\u00aa semana de 2014 - Os Meus Apontamentos","og_description":"13 anos depois a Porto 2001 ainda d\u00e1 que falar... e o Rivoli tamb\u00e9m, entretanto continuam as d\u00favidas na aplica\u00e7\u00e3o dos fundos comunit\u00e1rios e continua-se a preferir a zona ocidental da cidade para investir.","og_url":"https:\/\/osmeusapontamentos.com\/index.php\/2014\/02\/23\/o-porto-na-8a-semana-de-2014\/","og_site_name":"Os Meus Apontamentos","article_published_time":"2014-02-23T21:55:44+00:00","author":"Vitor Silva","twitter_card":"summary_large_image","twitter_creator":"@vitorsilva","twitter_site":"@vitorsilva","twitter_misc":{"Escrito por":"Vitor Silva","Tempo estimado de leitura":"3 minutos"},"schema":{"@context":"https:\/\/schema.org","@graph":[{"@type":"Article","@id":"https:\/\/osmeusapontamentos.com\/index.php\/2014\/02\/23\/o-porto-na-8a-semana-de-2014\/#article","isPartOf":{"@id":"https:\/\/osmeusapontamentos.com\/index.php\/2014\/02\/23\/o-porto-na-8a-semana-de-2014\/"},"author":{"name":"Vitor Silva","@id":"https:\/\/osmeusapontamentos.com\/#\/schema\/person\/d508df9c3ffc8b4e64a18dbf0ba18dd8"},"headline":"O Porto na 8\u00aa semana de 2014","datePublished":"2014-02-23T21:55:44+00:00","mainEntityOfPage":{"@id":"https:\/\/osmeusapontamentos.com\/index.php\/2014\/02\/23\/o-porto-na-8a-semana-de-2014\/"},"wordCount":574,"commentCount":0,"publisher":{"@id":"https:\/\/osmeusapontamentos.com\/#\/schema\/person\/d508df9c3ffc8b4e64a18dbf0ba18dd8"},"image":{"@id":"https:\/\/osmeusapontamentos.com\/index.php\/2014\/02\/23\/o-porto-na-8a-semana-de-2014\/#primaryimage"},"thumbnailUrl":"","keywords":["Apoios Comunit\u00e1rios","assembleia municipal","IHRU","Porto 2001","Rivoli","rui moreira","Turismo"],"articleSection":["Ler\/ Ver\/ Ouvir\/ Passear"],"inLanguage":"pt-PT","potentialAction":[{"@type":"CommentAction","name":"Comment","target":["https:\/\/osmeusapontamentos.com\/index.php\/2014\/02\/23\/o-porto-na-8a-semana-de-2014\/#respond"]}]},{"@type":"WebPage","@id":"https:\/\/osmeusapontamentos.com\/index.php\/2014\/02\/23\/o-porto-na-8a-semana-de-2014\/","url":"https:\/\/osmeusapontamentos.com\/index.php\/2014\/02\/23\/o-porto-na-8a-semana-de-2014\/","name":"O Porto na 8\u00aa semana de 2014 - Os Meus Apontamentos","isPartOf":{"@id":"https:\/\/osmeusapontamentos.com\/#website"},"primaryImageOfPage":{"@id":"https:\/\/osmeusapontamentos.com\/index.php\/2014\/02\/23\/o-porto-na-8a-semana-de-2014\/#primaryimage"},"image":{"@id":"https:\/\/osmeusapontamentos.com\/index.php\/2014\/02\/23\/o-porto-na-8a-semana-de-2014\/#primaryimage"},"thumbnailUrl":"","datePublished":"2014-02-23T21:55:44+00:00","breadcrumb":{"@id":"https:\/\/osmeusapontamentos.com\/index.php\/2014\/02\/23\/o-porto-na-8a-semana-de-2014\/#breadcrumb"},"inLanguage":"pt-PT","potentialAction":[{"@type":"ReadAction","target":["https:\/\/osmeusapontamentos.com\/index.php\/2014\/02\/23\/o-porto-na-8a-semana-de-2014\/"]}]},{"@type":"ImageObject","inLanguage":"pt-PT","@id":"https:\/\/osmeusapontamentos.com\/index.php\/2014\/02\/23\/o-porto-na-8a-semana-de-2014\/#primaryimage","url":"","contentUrl":""},{"@type":"BreadcrumbList","@id":"https:\/\/osmeusapontamentos.com\/index.php\/2014\/02\/23\/o-porto-na-8a-semana-de-2014\/#breadcrumb","itemListElement":[{"@type":"ListItem","position":1,"name":"In\u00edcio","item":"https:\/\/osmeusapontamentos.com\/"},{"@type":"ListItem","position":2,"name":"O Porto na 8\u00aa semana de 2014"}]},{"@type":"WebSite","@id":"https:\/\/osmeusapontamentos.com\/#website","url":"https:\/\/osmeusapontamentos.com\/","name":"Os Meus Apontamentos","description":"","publisher":{"@id":"https:\/\/osmeusapontamentos.com\/#\/schema\/person\/d508df9c3ffc8b4e64a18dbf0ba18dd8"},"potentialAction":[{"@type":"SearchAction","target":{"@type":"EntryPoint","urlTemplate":"https:\/\/osmeusapontamentos.com\/?s={search_term_string}"},"query-input":{"@type":"PropertyValueSpecification","valueRequired":true,"valueName":"search_term_string"}}],"inLanguage":"pt-PT"},{"@type":["Person","Organization"],"@id":"https:\/\/osmeusapontamentos.com\/#\/schema\/person\/d508df9c3ffc8b4e64a18dbf0ba18dd8","name":"Vitor Silva","image":{"@type":"ImageObject","inLanguage":"pt-PT","@id":"https:\/\/secure.gravatar.com\/avatar\/f81f58ad909e8a213ab0a690f6ed65e5c0e0e2274bf35ac49ff31d7988d483ce?s=96&d=mm&r=g","url":"https:\/\/secure.gravatar.com\/avatar\/f81f58ad909e8a213ab0a690f6ed65e5c0e0e2274bf35ac49ff31d7988d483ce?s=96&d=mm&r=g","contentUrl":"https:\/\/secure.gravatar.com\/avatar\/f81f58ad909e8a213ab0a690f6ed65e5c0e0e2274bf35ac49ff31d7988d483ce?s=96&d=mm&r=g","caption":"Vitor Silva"},"logo":{"@id":"https:\/\/secure.gravatar.com\/avatar\/f81f58ad909e8a213ab0a690f6ed65e5c0e0e2274bf35ac49ff31d7988d483ce?s=96&d=mm&r=g"},"sameAs":["https:\/\/www.linkedin.com\/in\/vitormrsilva","https:\/\/x.com\/vitorsilva"]}]}},"_links":{"self":[{"href":"https:\/\/osmeusapontamentos.com\/index.php\/wp-json\/wp\/v2\/posts\/25179","targetHints":{"allow":["GET"]}}],"collection":[{"href":"https:\/\/osmeusapontamentos.com\/index.php\/wp-json\/wp\/v2\/posts"}],"about":[{"href":"https:\/\/osmeusapontamentos.com\/index.php\/wp-json\/wp\/v2\/types\/post"}],"author":[{"embeddable":true,"href":"https:\/\/osmeusapontamentos.com\/index.php\/wp-json\/wp\/v2\/users\/1"}],"replies":[{"embeddable":true,"href":"https:\/\/osmeusapontamentos.com\/index.php\/wp-json\/wp\/v2\/comments?post=25179"}],"version-history":[{"count":0,"href":"https:\/\/osmeusapontamentos.com\/index.php\/wp-json\/wp\/v2\/posts\/25179\/revisions"}],"wp:featuredmedia":[{"embeddable":true,"href":"https:\/\/osmeusapontamentos.com\/index.php\/wp-json\/"}],"wp:attachment":[{"href":"https:\/\/osmeusapontamentos.com\/index.php\/wp-json\/wp\/v2\/media?parent=25179"}],"wp:term":[{"taxonomy":"category","embeddable":true,"href":"https:\/\/osmeusapontamentos.com\/index.php\/wp-json\/wp\/v2\/categories?post=25179"},{"taxonomy":"post_tag","embeddable":true,"href":"https:\/\/osmeusapontamentos.com\/index.php\/wp-json\/wp\/v2\/tags?post=25179"}],"curies":[{"name":"wp","href":"https:\/\/api.w.org\/{rel}","templated":true}]}}