{"id":25114,"date":"2014-02-16T19:39:09","date_gmt":"2014-02-16T19:39:09","guid":{"rendered":"http:\/\/osmeusapontamentos.com\/?p=25114"},"modified":"2014-02-16T19:39:09","modified_gmt":"2014-02-16T19:39:09","slug":"o-porto-na-7a-semana-de-2014","status":"publish","type":"post","link":"https:\/\/osmeusapontamentos.com\/index.php\/2014\/02\/16\/o-porto-na-7a-semana-de-2014\/","title":{"rendered":"O Porto na 7\u00aa semana de 2014"},"content":{"rendered":"<p>Comboios, centralismo, Bolh\u00e3o e Bairros<\/p>\n<p><a href=\"https:\/\/osmeusapontamentos.com\/wp-content\/uploads\/2014\/02\/ulmeiro.jpg\"><img loading=\"lazy\" decoding=\"async\" class=\"alignnone size-full wp-image-25117\" alt=\"ulmeiro\" src=\"https:\/\/osmeusapontamentos.com\/wp-content\/uploads\/2014\/02\/ulmeiro.jpg\" width=\"700\" height=\"459\" \/><\/a><\/p>\n<p>10fev<\/p>\n<ul>\n<li><a href=\"http:\/\/www.ionline.pt\/artigos\/portugal\/porto-volta-35-horas-semanais\/pag\/-1\">Porto volta \u00e0s 35 horas semanais<\/a><\/li>\n<\/ul>\n<p>11fev<\/p>\n<ul>\n<li><a href=\"http:\/\/www.jn.pt\/PaginaInicial\/Nacional\/Interior.aspx?content_id=3681376&amp;page=-1\">Liga\u00e7\u00e3o ferrovi\u00e1ria Aveiro-Vilar Formoso p\u00f5e de acordo autarcas e empres\u00e1rios do Norte e Centro<\/a><\/li>\n<li><a href=\"http:\/\/www.jn.pt\/PaginaInicial\/Nacional\/Interior.aspx?content_id=3680667&amp;page=-1\">C\u00e2mara do Porto abate 22 \u00e1rvores em risco de queda devido ao mau tempo<\/a><\/li>\n<\/ul>\n<p>12fev<\/p>\n<ul>\n<li><a href=\"http:\/\/publico.pt\/1623503\">Dois autarcas aliados contra o \u201cembarrilamento\u201d do centralismo<\/a><\/li>\n<li><a href=\"http:\/\/www.tvi24.iol.pt\/503\/politica\/lisboa-competencias-de-estado-rui-moreira-porto-antonio-costa-tvi24\/1537000-4072.html\">Moreira e Costa \u00abpreparados\u00bb para assumir compet\u00eancias do Estado<\/a><\/li>\n<li><a href=\"http:\/\/www.oje.pt\/suplementos\/residencial-e-lazer\/habitacao\/rendas-habitacionais-no-porto-voltam-a-descer\">Rendas habitacionais no Porto voltam a descer<\/a><\/li>\n<\/ul>\n<p>13fev<\/p>\n<ul>\n<li><a href=\"http:\/\/www.jn.pt\/PaginaInicial\/Nacional\/Interior.aspx?content_id=3682547&amp;page=-1\">Ministro garante moderniza\u00e7\u00e3o da linha Porto-Vigo<\/a><\/li>\n<li><a href=\"http:\/\/publico.pt\/1623299\">Painel de azulejos de Fernando Lanhas vai dar as boas-vindas a quem entra no T\u00fanel da Ribeira<\/a><\/li>\n<li><a href=\"http:\/\/publico.pt\/1623289\">Nova esquadra da PSP do Porto a caminho do edif\u00edcio da antiga Junta de Freguesia de Cedofeita<\/a><\/li>\n<\/ul>\n<p>14fev<\/p>\n<ul>\n<li><a href=\"http:\/\/expresso.sapo.pt\/porto-recupera-titulo-de-melhor-destino-europeu=f855832\">Porto recupera t\u00edtulo de melhor destino europeu<\/a><\/li>\n<li><a href=\"http:\/\/publico.pt\/1623577\">Fectrans escreve ao Governo a criticar \u201cesvaziamento da STCP\u201d<\/a><\/li>\n<li><a href=\"http:\/\/expresso.sapo.pt\/psdporto-acusa-rui-moreira-de-intervencao-populista-sobre-fundos-comunitarios=f855819\">PSD\/Porto acusa Rui Moreira de &#8220;interven\u00e7\u00e3o populista&#8221; sobre fundos comunit\u00e1rios<\/a><\/li>\n<li><a href=\"http:\/\/publico.pt\/1623559\">Rui Moreira agradece \u00e0 cidade a forma como esta se mobilizou<\/a><\/li>\n<li><a href=\"http:\/\/publico.pt\/1623788\">Aprovados no Norte financiamentos no total de 13 milh\u00f5es na \u00e1rea do patrim\u00f3nio<\/a><\/li>\n<li><a href=\"http:\/\/expresso.sapo.pt\/camara-do-porto-quer-criar-plano-de-regularizacao-de-dividas-de-rendas-e-agua=f856045\">C\u00e2mara do Porto quer criar plano de regulariza\u00e7\u00e3o de d\u00edvidas de rendas e \u00e1gua<\/a><\/li>\n<li><a href=\"http:\/\/www.jn.pt\/PaginaInicial\/Nacional\/Interior.aspx?content_id=3686879&amp;page=-1\">Rui Moreira diz que o Porto est\u00e1 num &#8220;ponto de viragem&#8221; e quer captar novos turistas<\/a><\/li>\n<li><a href=\"http:\/\/www.ionline.pt\/artigos\/portugal\/mercado-bolhao-tem-conceito-reabilitacao-definido-nao-avanca-abril\/pag\/-1\">Mercado do Bolh\u00e3o tem &#8220;conceito&#8221; de reabilita\u00e7\u00e3o definido mas n\u00e3o avan\u00e7a at\u00e9 Abril<\/a><\/li>\n<li><a href=\"http:\/\/publico.pt\/1623702\">Moreira quer mais liga\u00e7\u00f5es a\u00e9reas do Porto a mercados com maior poder de compra<\/a><\/li>\n<li><a href=\"http:\/\/publico.pt\/1623686\">C\u00e2mara do Porto abre per\u00edodo excepcional de regulariza\u00e7\u00e3o de d\u00edvidas para os seus inquilinos<\/a><\/li>\n<li><a href=\"http:\/\/publico.pt\/1623617\">\u201cNo Porto ainda temos muito para dar ao Mundo\u201d<\/a><\/li>\n<\/ul>\n<p>15fev<\/p>\n<ul>\n<li><a href=\"http:\/\/publico.pt\/1623774\">O rinoceronte, o Adamastor e o Infante D. Henrique recebem visitantes no Porto a partir de Abril<\/a><\/li>\n<\/ul>\n<p>Cr\u00e9ditos:<\/p>\n<p>&#8211; foto:\u00a0<a href=\"http:\/\/monumentosdesaparecidos.blogspot.pt\/2009\/10\/arvore-da-forca-cidade-do-porto.html\">http:\/\/monumentosdesaparecidos.blogspot.pt\/2009\/10\/arvore-da-forca-cidade-do-porto.html<\/a><\/p>\n","protected":false},"excerpt":{"rendered":"<p>Comboios, centralismo, Bolh\u00e3o e Bairros<\/p>\n","protected":false},"author":1,"featured_media":25117,"comment_status":"open","ping_status":"open","sticky":false,"template":"","format":"standard","meta":{"footnotes":""},"categories":[7],"tags":[103,127,128,147,255,528],"class_list":["post-25114","post","type-post","status-publish","format-standard","has-post-thumbnail","hentry","category-ler-ver-ouvir-passear","tag-bolhao","tag-cedofeita","tag-centralismo","tag-comboios","tag-financiamento","tag-porto-vigo"],"yoast_head":"<!-- This site is optimized with the Yoast SEO plugin v27.5 - https:\/\/yoast.com\/product\/yoast-seo-wordpress\/ -->\n<title>O Porto na 7\u00aa semana de 2014 - Os Meus Apontamentos<\/title>\n<meta name=\"robots\" content=\"index, follow, max-snippet:-1, max-image-preview:large, max-video-preview:-1\" \/>\n<link rel=\"canonical\" href=\"https:\/\/osmeusapontamentos.com\/index.php\/2014\/02\/16\/o-porto-na-7a-semana-de-2014\/\" \/>\n<meta property=\"og:locale\" content=\"pt_PT\" \/>\n<meta property=\"og:type\" content=\"article\" \/>\n<meta property=\"og:title\" content=\"O Porto na 7\u00aa semana de 2014 - Os Meus Apontamentos\" \/>\n<meta property=\"og:description\" content=\"Comboios, centralismo, Bolh\u00e3o e Bairros\" \/>\n<meta property=\"og:url\" content=\"https:\/\/osmeusapontamentos.com\/index.php\/2014\/02\/16\/o-porto-na-7a-semana-de-2014\/\" \/>\n<meta property=\"og:site_name\" content=\"Os Meus Apontamentos\" \/>\n<meta property=\"article:published_time\" content=\"2014-02-16T19:39:09+00:00\" \/>\n<meta name=\"author\" content=\"Vitor Silva\" \/>\n<meta name=\"twitter:card\" content=\"summary_large_image\" \/>\n<meta name=\"twitter:creator\" content=\"@vitorsilva\" \/>\n<meta name=\"twitter:site\" content=\"@vitorsilva\" \/>\n<meta name=\"twitter:label1\" content=\"Escrito por\" \/>\n\t<meta name=\"twitter:data1\" content=\"Vitor Silva\" \/>\n\t<meta name=\"twitter:label2\" content=\"Tempo estimado de leitura\" \/>\n\t<meta name=\"twitter:data2\" content=\"1 minuto\" \/>\n<script type=\"application\/ld+json\" class=\"yoast-schema-graph\">{\"@context\":\"https:\\\/\\\/schema.org\",\"@graph\":[{\"@type\":\"Article\",\"@id\":\"https:\\\/\\\/osmeusapontamentos.com\\\/index.php\\\/2014\\\/02\\\/16\\\/o-porto-na-7a-semana-de-2014\\\/#article\",\"isPartOf\":{\"@id\":\"https:\\\/\\\/osmeusapontamentos.com\\\/index.php\\\/2014\\\/02\\\/16\\\/o-porto-na-7a-semana-de-2014\\\/\"},\"author\":{\"name\":\"Vitor Silva\",\"@id\":\"https:\\\/\\\/osmeusapontamentos.com\\\/#\\\/schema\\\/person\\\/d508df9c3ffc8b4e64a18dbf0ba18dd8\"},\"headline\":\"O Porto na 7\u00aa semana de 2014\",\"datePublished\":\"2014-02-16T19:39:09+00:00\",\"mainEntityOfPage\":{\"@id\":\"https:\\\/\\\/osmeusapontamentos.com\\\/index.php\\\/2014\\\/02\\\/16\\\/o-porto-na-7a-semana-de-2014\\\/\"},\"wordCount\":296,\"commentCount\":0,\"publisher\":{\"@id\":\"https:\\\/\\\/osmeusapontamentos.com\\\/#\\\/schema\\\/person\\\/d508df9c3ffc8b4e64a18dbf0ba18dd8\"},\"image\":{\"@id\":\"https:\\\/\\\/osmeusapontamentos.com\\\/index.php\\\/2014\\\/02\\\/16\\\/o-porto-na-7a-semana-de-2014\\\/#primaryimage\"},\"thumbnailUrl\":\"\",\"keywords\":[\"bolh\u00e3o\",\"Cedofeita\",\"Centralismo\",\"comboios\",\"Financiamento\",\"Porto-Vigo\"],\"articleSection\":[\"Ler\\\/ Ver\\\/ Ouvir\\\/ Passear\"],\"inLanguage\":\"pt-PT\",\"potentialAction\":[{\"@type\":\"CommentAction\",\"name\":\"Comment\",\"target\":[\"https:\\\/\\\/osmeusapontamentos.com\\\/index.php\\\/2014\\\/02\\\/16\\\/o-porto-na-7a-semana-de-2014\\\/#respond\"]}]},{\"@type\":\"WebPage\",\"@id\":\"https:\\\/\\\/osmeusapontamentos.com\\\/index.php\\\/2014\\\/02\\\/16\\\/o-porto-na-7a-semana-de-2014\\\/\",\"url\":\"https:\\\/\\\/osmeusapontamentos.com\\\/index.php\\\/2014\\\/02\\\/16\\\/o-porto-na-7a-semana-de-2014\\\/\",\"name\":\"O Porto na 7\u00aa semana de 2014 - Os Meus Apontamentos\",\"isPartOf\":{\"@id\":\"https:\\\/\\\/osmeusapontamentos.com\\\/#website\"},\"primaryImageOfPage\":{\"@id\":\"https:\\\/\\\/osmeusapontamentos.com\\\/index.php\\\/2014\\\/02\\\/16\\\/o-porto-na-7a-semana-de-2014\\\/#primaryimage\"},\"image\":{\"@id\":\"https:\\\/\\\/osmeusapontamentos.com\\\/index.php\\\/2014\\\/02\\\/16\\\/o-porto-na-7a-semana-de-2014\\\/#primaryimage\"},\"thumbnailUrl\":\"\",\"datePublished\":\"2014-02-16T19:39:09+00:00\",\"breadcrumb\":{\"@id\":\"https:\\\/\\\/osmeusapontamentos.com\\\/index.php\\\/2014\\\/02\\\/16\\\/o-porto-na-7a-semana-de-2014\\\/#breadcrumb\"},\"inLanguage\":\"pt-PT\",\"potentialAction\":[{\"@type\":\"ReadAction\",\"target\":[\"https:\\\/\\\/osmeusapontamentos.com\\\/index.php\\\/2014\\\/02\\\/16\\\/o-porto-na-7a-semana-de-2014\\\/\"]}]},{\"@type\":\"ImageObject\",\"inLanguage\":\"pt-PT\",\"@id\":\"https:\\\/\\\/osmeusapontamentos.com\\\/index.php\\\/2014\\\/02\\\/16\\\/o-porto-na-7a-semana-de-2014\\\/#primaryimage\",\"url\":\"\",\"contentUrl\":\"\"},{\"@type\":\"BreadcrumbList\",\"@id\":\"https:\\\/\\\/osmeusapontamentos.com\\\/index.php\\\/2014\\\/02\\\/16\\\/o-porto-na-7a-semana-de-2014\\\/#breadcrumb\",\"itemListElement\":[{\"@type\":\"ListItem\",\"position\":1,\"name\":\"In\u00edcio\",\"item\":\"https:\\\/\\\/osmeusapontamentos.com\\\/\"},{\"@type\":\"ListItem\",\"position\":2,\"name\":\"O Porto na 7\u00aa semana de 2014\"}]},{\"@type\":\"WebSite\",\"@id\":\"https:\\\/\\\/osmeusapontamentos.com\\\/#website\",\"url\":\"https:\\\/\\\/osmeusapontamentos.com\\\/\",\"name\":\"Os Meus Apontamentos\",\"description\":\"\",\"publisher\":{\"@id\":\"https:\\\/\\\/osmeusapontamentos.com\\\/#\\\/schema\\\/person\\\/d508df9c3ffc8b4e64a18dbf0ba18dd8\"},\"potentialAction\":[{\"@type\":\"SearchAction\",\"target\":{\"@type\":\"EntryPoint\",\"urlTemplate\":\"https:\\\/\\\/osmeusapontamentos.com\\\/?s={search_term_string}\"},\"query-input\":{\"@type\":\"PropertyValueSpecification\",\"valueRequired\":true,\"valueName\":\"search_term_string\"}}],\"inLanguage\":\"pt-PT\"},{\"@type\":[\"Person\",\"Organization\"],\"@id\":\"https:\\\/\\\/osmeusapontamentos.com\\\/#\\\/schema\\\/person\\\/d508df9c3ffc8b4e64a18dbf0ba18dd8\",\"name\":\"Vitor Silva\",\"image\":{\"@type\":\"ImageObject\",\"inLanguage\":\"pt-PT\",\"@id\":\"https:\\\/\\\/secure.gravatar.com\\\/avatar\\\/f81f58ad909e8a213ab0a690f6ed65e5c0e0e2274bf35ac49ff31d7988d483ce?s=96&d=mm&r=g\",\"url\":\"https:\\\/\\\/secure.gravatar.com\\\/avatar\\\/f81f58ad909e8a213ab0a690f6ed65e5c0e0e2274bf35ac49ff31d7988d483ce?s=96&d=mm&r=g\",\"contentUrl\":\"https:\\\/\\\/secure.gravatar.com\\\/avatar\\\/f81f58ad909e8a213ab0a690f6ed65e5c0e0e2274bf35ac49ff31d7988d483ce?s=96&d=mm&r=g\",\"caption\":\"Vitor Silva\"},\"logo\":{\"@id\":\"https:\\\/\\\/secure.gravatar.com\\\/avatar\\\/f81f58ad909e8a213ab0a690f6ed65e5c0e0e2274bf35ac49ff31d7988d483ce?s=96&d=mm&r=g\"},\"sameAs\":[\"https:\\\/\\\/www.linkedin.com\\\/in\\\/vitormrsilva\",\"https:\\\/\\\/x.com\\\/vitorsilva\"]}]}<\/script>\n<!-- \/ Yoast SEO plugin. -->","yoast_head_json":{"title":"O Porto na 7\u00aa semana de 2014 - Os Meus Apontamentos","robots":{"index":"index","follow":"follow","max-snippet":"max-snippet:-1","max-image-preview":"max-image-preview:large","max-video-preview":"max-video-preview:-1"},"canonical":"https:\/\/osmeusapontamentos.com\/index.php\/2014\/02\/16\/o-porto-na-7a-semana-de-2014\/","og_locale":"pt_PT","og_type":"article","og_title":"O Porto na 7\u00aa semana de 2014 - Os Meus Apontamentos","og_description":"Comboios, centralismo, Bolh\u00e3o e Bairros","og_url":"https:\/\/osmeusapontamentos.com\/index.php\/2014\/02\/16\/o-porto-na-7a-semana-de-2014\/","og_site_name":"Os Meus Apontamentos","article_published_time":"2014-02-16T19:39:09+00:00","author":"Vitor Silva","twitter_card":"summary_large_image","twitter_creator":"@vitorsilva","twitter_site":"@vitorsilva","twitter_misc":{"Escrito por":"Vitor Silva","Tempo estimado de leitura":"1 minuto"},"schema":{"@context":"https:\/\/schema.org","@graph":[{"@type":"Article","@id":"https:\/\/osmeusapontamentos.com\/index.php\/2014\/02\/16\/o-porto-na-7a-semana-de-2014\/#article","isPartOf":{"@id":"https:\/\/osmeusapontamentos.com\/index.php\/2014\/02\/16\/o-porto-na-7a-semana-de-2014\/"},"author":{"name":"Vitor Silva","@id":"https:\/\/osmeusapontamentos.com\/#\/schema\/person\/d508df9c3ffc8b4e64a18dbf0ba18dd8"},"headline":"O Porto na 7\u00aa semana de 2014","datePublished":"2014-02-16T19:39:09+00:00","mainEntityOfPage":{"@id":"https:\/\/osmeusapontamentos.com\/index.php\/2014\/02\/16\/o-porto-na-7a-semana-de-2014\/"},"wordCount":296,"commentCount":0,"publisher":{"@id":"https:\/\/osmeusapontamentos.com\/#\/schema\/person\/d508df9c3ffc8b4e64a18dbf0ba18dd8"},"image":{"@id":"https:\/\/osmeusapontamentos.com\/index.php\/2014\/02\/16\/o-porto-na-7a-semana-de-2014\/#primaryimage"},"thumbnailUrl":"","keywords":["bolh\u00e3o","Cedofeita","Centralismo","comboios","Financiamento","Porto-Vigo"],"articleSection":["Ler\/ Ver\/ Ouvir\/ Passear"],"inLanguage":"pt-PT","potentialAction":[{"@type":"CommentAction","name":"Comment","target":["https:\/\/osmeusapontamentos.com\/index.php\/2014\/02\/16\/o-porto-na-7a-semana-de-2014\/#respond"]}]},{"@type":"WebPage","@id":"https:\/\/osmeusapontamentos.com\/index.php\/2014\/02\/16\/o-porto-na-7a-semana-de-2014\/","url":"https:\/\/osmeusapontamentos.com\/index.php\/2014\/02\/16\/o-porto-na-7a-semana-de-2014\/","name":"O Porto na 7\u00aa semana de 2014 - Os Meus Apontamentos","isPartOf":{"@id":"https:\/\/osmeusapontamentos.com\/#website"},"primaryImageOfPage":{"@id":"https:\/\/osmeusapontamentos.com\/index.php\/2014\/02\/16\/o-porto-na-7a-semana-de-2014\/#primaryimage"},"image":{"@id":"https:\/\/osmeusapontamentos.com\/index.php\/2014\/02\/16\/o-porto-na-7a-semana-de-2014\/#primaryimage"},"thumbnailUrl":"","datePublished":"2014-02-16T19:39:09+00:00","breadcrumb":{"@id":"https:\/\/osmeusapontamentos.com\/index.php\/2014\/02\/16\/o-porto-na-7a-semana-de-2014\/#breadcrumb"},"inLanguage":"pt-PT","potentialAction":[{"@type":"ReadAction","target":["https:\/\/osmeusapontamentos.com\/index.php\/2014\/02\/16\/o-porto-na-7a-semana-de-2014\/"]}]},{"@type":"ImageObject","inLanguage":"pt-PT","@id":"https:\/\/osmeusapontamentos.com\/index.php\/2014\/02\/16\/o-porto-na-7a-semana-de-2014\/#primaryimage","url":"","contentUrl":""},{"@type":"BreadcrumbList","@id":"https:\/\/osmeusapontamentos.com\/index.php\/2014\/02\/16\/o-porto-na-7a-semana-de-2014\/#breadcrumb","itemListElement":[{"@type":"ListItem","position":1,"name":"In\u00edcio","item":"https:\/\/osmeusapontamentos.com\/"},{"@type":"ListItem","position":2,"name":"O Porto na 7\u00aa semana de 2014"}]},{"@type":"WebSite","@id":"https:\/\/osmeusapontamentos.com\/#website","url":"https:\/\/osmeusapontamentos.com\/","name":"Os Meus Apontamentos","description":"","publisher":{"@id":"https:\/\/osmeusapontamentos.com\/#\/schema\/person\/d508df9c3ffc8b4e64a18dbf0ba18dd8"},"potentialAction":[{"@type":"SearchAction","target":{"@type":"EntryPoint","urlTemplate":"https:\/\/osmeusapontamentos.com\/?s={search_term_string}"},"query-input":{"@type":"PropertyValueSpecification","valueRequired":true,"valueName":"search_term_string"}}],"inLanguage":"pt-PT"},{"@type":["Person","Organization"],"@id":"https:\/\/osmeusapontamentos.com\/#\/schema\/person\/d508df9c3ffc8b4e64a18dbf0ba18dd8","name":"Vitor Silva","image":{"@type":"ImageObject","inLanguage":"pt-PT","@id":"https:\/\/secure.gravatar.com\/avatar\/f81f58ad909e8a213ab0a690f6ed65e5c0e0e2274bf35ac49ff31d7988d483ce?s=96&d=mm&r=g","url":"https:\/\/secure.gravatar.com\/avatar\/f81f58ad909e8a213ab0a690f6ed65e5c0e0e2274bf35ac49ff31d7988d483ce?s=96&d=mm&r=g","contentUrl":"https:\/\/secure.gravatar.com\/avatar\/f81f58ad909e8a213ab0a690f6ed65e5c0e0e2274bf35ac49ff31d7988d483ce?s=96&d=mm&r=g","caption":"Vitor Silva"},"logo":{"@id":"https:\/\/secure.gravatar.com\/avatar\/f81f58ad909e8a213ab0a690f6ed65e5c0e0e2274bf35ac49ff31d7988d483ce?s=96&d=mm&r=g"},"sameAs":["https:\/\/www.linkedin.com\/in\/vitormrsilva","https:\/\/x.com\/vitorsilva"]}]}},"_links":{"self":[{"href":"https:\/\/osmeusapontamentos.com\/index.php\/wp-json\/wp\/v2\/posts\/25114","targetHints":{"allow":["GET"]}}],"collection":[{"href":"https:\/\/osmeusapontamentos.com\/index.php\/wp-json\/wp\/v2\/posts"}],"about":[{"href":"https:\/\/osmeusapontamentos.com\/index.php\/wp-json\/wp\/v2\/types\/post"}],"author":[{"embeddable":true,"href":"https:\/\/osmeusapontamentos.com\/index.php\/wp-json\/wp\/v2\/users\/1"}],"replies":[{"embeddable":true,"href":"https:\/\/osmeusapontamentos.com\/index.php\/wp-json\/wp\/v2\/comments?post=25114"}],"version-history":[{"count":0,"href":"https:\/\/osmeusapontamentos.com\/index.php\/wp-json\/wp\/v2\/posts\/25114\/revisions"}],"wp:featuredmedia":[{"embeddable":true,"href":"https:\/\/osmeusapontamentos.com\/index.php\/wp-json\/"}],"wp:attachment":[{"href":"https:\/\/osmeusapontamentos.com\/index.php\/wp-json\/wp\/v2\/media?parent=25114"}],"wp:term":[{"taxonomy":"category","embeddable":true,"href":"https:\/\/osmeusapontamentos.com\/index.php\/wp-json\/wp\/v2\/categories?post=25114"},{"taxonomy":"post_tag","embeddable":true,"href":"https:\/\/osmeusapontamentos.com\/index.php\/wp-json\/wp\/v2\/tags?post=25114"}],"curies":[{"name":"wp","href":"https:\/\/api.w.org\/{rel}","templated":true}]}}