{"id":25099,"date":"2014-02-03T14:19:32","date_gmt":"2014-02-03T14:19:32","guid":{"rendered":"http:\/\/osmeusapontamentos.com\/?p=25099"},"modified":"2014-02-03T14:19:32","modified_gmt":"2014-02-03T14:19:32","slug":"o-porto-na-5a-semana-de-2014","status":"publish","type":"post","link":"https:\/\/osmeusapontamentos.com\/index.php\/2014\/02\/03\/o-porto-na-5a-semana-de-2014\/","title":{"rendered":"O Porto na 5\u00aa semana de 2014"},"content":{"rendered":"<p><a href=\"https:\/\/osmeusapontamentos.com\/wp-content\/uploads\/2014\/02\/ng3006263.jpg\"><img loading=\"lazy\" decoding=\"async\" class=\"size-full wp-image-25100 aligncenter\" alt=\"ng3006263\" src=\"https:\/\/osmeusapontamentos.com\/wp-content\/uploads\/2014\/02\/ng3006263.jpg\" width=\"484\" height=\"323\" \/><\/a><\/p>\n<p>Sai Daniel Bessa e entra Miguel Pereira Leite, Rui Moreira \u00e9 surpreendido e ao mesmo tempo reivindica outra abordagem na atribui\u00e7\u00e3o de fundos comunit\u00e1rios com apoio do PS\/Porto. Entretanto como no tempo de Rui Rio,\u00a0C\u00e2mara do Porto prop\u00f5e adjudica\u00e7\u00e3o de servi\u00e7os de limpeza.<\/p>\n<p>26jan<\/p>\n<ul>\n<li><a href=\"http:\/\/sol.sapo.pt\/inicio\/Sociedade\/Interior.aspx?content_id=97773\">Moradores do Porto contra supermercado na avenida Marechal Gomes da Costa<\/a><\/li>\n<\/ul>\n<p><span style=\"line-height: 1.5em;\">27jan<\/span><\/p>\n<ul>\n<li><a href=\"http:\/\/economico.sapo.pt\/noticias\/as-lavadeiras-do-porto-e-os-mercados_185864.html\">As lavadeiras do Porto e os mercados<\/a><\/li>\n<li><a style=\"line-height: 1.5em;\" href=\"http:\/\/www.jn.pt\/PaginaInicial\/Nacional\/Interior.aspx?content_id=3652845&amp;page=-1\">Lagos e fontes t\u00eam bact\u00e9rias perigosas<\/a><\/li>\n<li><a style=\"line-height: 1.5em;\" href=\"http:\/\/expresso.sapo.pt\/centro-de-danca-do-porto-da-bolsas-a-rapazes-para-incentivar-bailarinos=f852759\">Centro de Dan\u00e7a do Porto d\u00e1 bolsas a rapazes para incentivar bailarinos<\/a><\/li>\n<li><a style=\"line-height: 1.5em;\" href=\"http:\/\/publico.pt\/1621028\">Pr\u00f3xima demoli\u00e7\u00e3o no Aleixo continua sem data prevista<\/a><\/li>\n<li><a style=\"line-height: 1.5em;\" href=\"http:\/\/publico.pt\/1621025\">Moradores do Aleixo aguardam realojamentos \u201ccom a chuva dentro de casa\u201d<\/a><\/li>\n<li><a style=\"line-height: 1.5em;\" href=\"http:\/\/expresso.sapo.pt\/lider-da-ccdr-n-nega-atraso-na-candidatura-a-fundos-europeus=f852851\">L\u00edder da CCDR-N nega atraso na candidatura a fundos europeus<\/a><\/li>\n<li><a style=\"line-height: 1.5em;\" href=\"http:\/\/publico.pt\/1621338\">Daniel Bessa renuncia ao cargo de presidente da Assembleia Municipal do Porto\u00a0<\/a><\/li>\n<li><a style=\"line-height: 1.5em;\" href=\"http:\/\/www.jn.pt\/PaginaInicial\/Nacional\/Interior.aspx?content_id=3654527&amp;page=-1\">Daniel Bessa renunciou \u00e0 presid\u00eancia da Assembleia Municipal do Porto<\/a><\/li>\n<\/ul>\n<p>28jan<\/p>\n<ul>\n<li><a href=\"http:\/\/aeiou.visao.pt\/rui-moreira-apanhado-de-surpresa-com-renuncia-de-daniel-bessa=f766912\">Rui Moreira &#8220;apanhado de surpresa&#8221; com ren\u00fancia de Daniel Bessa<\/a><\/li>\n<li><a href=\"http:\/\/sol.sapo.pt\/inicio\/Politica\/Interior.aspx?content_id=97862\">Daniel Bessa saiu da Assembleia Municipal Porto por &#8216;problemas graves&#8217;, diz PSD\u00a0<\/a><\/li>\n<li><a href=\"http:\/\/www.jn.pt\/PaginaInicial\/Nacional\/Interior.aspx?content_id=3654676&amp;page=-1\">Moreira &#8220;surpreso&#8221; com ren\u00fancia de Daniel Bessa<\/a><\/li>\n<li><a href=\"http:\/\/aeiou.visao.pt\/camara-do-porto-cede-predio-a-associacao-com-duvidas-do-ps-cdu-e-be=f766917\">C\u00e2mara do Porto cede pr\u00e9dio a associa\u00e7\u00e3o, com d\u00favidas do PS, CDU e BE<\/a><\/li>\n<li><a href=\"http:\/\/www.jornaldenegocios.pt\/economia\/autarquias\/detalhe\/rui_moreira_porto_nao_se_vai_calar_em_materia_de_fundos_comunitarios.html\">Rui Moreira: Porto &#8220;n\u00e3o se vai calar&#8221; em mat\u00e9ria de fundos comunit\u00e1rios<\/a><\/li>\n<li><a href=\"http:\/\/expresso.sapo.pt\/renuncia-de-daniel-bessa-obriga-a-eleger-nova-mesa-da-assembleia-municipal-do-porto=f852922\">Ren\u00fancia de Daniel Bessa obriga a eleger nova mesa da Assembleia Municipal do Porto\u00a0<\/a><\/li>\n<li><a href=\"http:\/\/aeiou.visao.pt\/amorim-pereira-psd-ainda-nao-percebeu-nada-do-que-aconteceu-no-porto-rui-moreira=f766974\">Amorim Pereira (PSD) &#8220;ainda n\u00e3o percebeu nada do que aconteceu no Porto&#8221; &#8211; Rui Moreira<\/a><\/li>\n<li><a href=\"http:\/\/aeiou.visao.pt\/cduporto-diz-que-ja-se-notavam-divergencias-entre-daniel-bessa-moreira-e-o-cds=f766976\">CDU\/Porto diz que j\u00e1 se notavam &#8220;diverg\u00eancias&#8221; entre Daniel Bessa, Moreira e o CDS<\/a><\/li>\n<li><a href=\"http:\/\/www.tvi24.iol.pt\/politica\/rui-moreira-daniel-bessa-psd-porto-amorim-pereira-tvi24\/1532420-4072.html\">Rui Moreira n\u00e3o comenta suposi\u00e7\u00f5es para a ren\u00fancia de Daniel Bessa<\/a><\/li>\n<li><a href=\"http:\/\/publico.pt\/1621405\">Rui Moreira mostra \u201cinforma\u00e7\u00e3o informal\u201d que aponta muitas fragilidades ao rascunho portugu\u00eas da proposta para o QCA 2014-2020<\/a><\/li>\n<li><a href=\"http:\/\/www.jn.pt\/PaginaInicial\/Nacional\/Interior.aspx?content_id=3655641&amp;page=-1\">Rui Moreira diz que o Porto &#8220;n\u00e3o se vai calar&#8221; em mat\u00e9ria de fundos comunit\u00e1rios\u00a0<\/a><\/li>\n<li><a href=\"http:\/\/www.tvi24.iol.pt\/politica\/porto-assembleia-municipal-cds-daniel-bessa-rui-moreira-tvi24\/1532474-4072.html\">CDS tem \u00abv\u00e1rias pessoas\u00bb capazes de presidir \u00e0 Assembleia Municipal do Porto\u00a0<\/a><\/li>\n<li><a href=\"http:\/\/expresso.sapo.pt\/renuncia-de-daniel-bessa-marca-inicio-das-divergencias-no-porto=f853002\">Ren\u00fancia de Daniel Bessa marca in\u00edcio das diverg\u00eancias no Porto\u00a0<\/a><\/li>\n<li><a href=\"http:\/\/expresso.sapo.pt\/cdu-acusa-rui-moreira-de-ser-a-continuidade-de-rui-rio=f852989\">CDU acusa Rui Moreira de ser a continuidade de Rui Rio\u00a0<\/a><\/li>\n<li><a href=\"http:\/\/www.jn.pt\/PaginaInicial\/Nacional\/Interior.aspx?content_id=3655910&amp;page=-1\">Discuss\u00e3o sobre fundos comunit\u00e1rios deve incluir natureza dos investimentos\u00a0<\/a><\/li>\n<li><a href=\"http:\/\/expresso.sapo.pt\/rui-moreira-quer-evitar-novo-rapto-de-fundos=f852983\">Rui Moreira quer evitar &#8220;novo rapto&#8221; de fundos<\/a><\/li>\n<li><a href=\"http:\/\/www.jn.pt\/PaginaInicial\/Nacional\/Interior.aspx?content_id=3656277&amp;page=-1\">Distrital PS Porto considera que fundos comunit\u00e1rios &#8220;n\u00e3o devem ser tratados em pra\u00e7a p\u00fablica&#8221;\u00a0<\/a><\/li>\n<li><a href=\"http:\/\/www.sabado.pt\/Noticias\/Politica\/Rui-Moreira-diz-que-Porto--quot;nao-se-vai-calar-q.aspx\">Rui Moreira diz que Porto &#8220;n\u00e3o se vai calar&#8221; sobre fundos comunit\u00e1rios<\/a><\/li>\n<\/ul>\n<p><span style=\"line-height: 1.5em;\">29jan<\/span><\/p>\n<ul>\n<li><a href=\"http:\/\/publico.pt\/1621459\">Oposi\u00e7\u00e3o v\u00ea motivos pol\u00edticos na sa\u00edda de Daniel Bessa da Assembleia Municipal do Porto\u00a0<\/a><\/li>\n<li><a href=\"http:\/\/www.dinheirovivo.pt\/Economia\/Artigo\/cieco321025.html?page=0\">In-Libris junta-se ao Fora D&#8217;Espa\u00e7o no Passeio dos Cl\u00e9rigos\u00a0<\/a><\/li>\n<li><a href=\"http:\/\/aeiou.visao.pt\/pizarro-manifesta-total-solidariedade-a-camara-do-porto-sobre-fundos-comunitarios=f767194\">Pizarro manifesta &#8220;total solidariedade&#8221; \u00e0 C\u00e2mara do Porto sobre fundos comunit\u00e1rios\u00a0<\/a><\/li>\n<li><a href=\"http:\/\/publico.pt\/1621601\">Pr\u00f3ximo Quadro Comunit\u00e1rio de Apoio abre guerra no PS-Porto\u00a0<\/a><\/li>\n<li><a href=\"http:\/\/publico.pt\/1621617\">Daniel Bessa n\u00e3o revelou a raz\u00e3o por que deixa a presid\u00eancia da Assembleia Municipal do Porto\u00a0<\/a><\/li>\n<\/ul>\n<p>30jan<\/p>\n<ul>\n<li><a href=\"http:\/\/sol.sapo.pt\/inicio\/Politica\/Interior.aspx?content_id=98073\">Fundos comunit\u00e1rios e ren\u00fancia de Daniel Bessa marcam 100 dias de Rui Moreira\u00a0<\/a><\/li>\n<li><a href=\"http:\/\/sol.sapo.pt\/inicio\/Politica\/Interior.aspx?content_id=98103\">Daniel Bessa &#8216;para j\u00e1&#8217; em sil\u00eancio sobre sa\u00edda da Assembleia Municipal do Porto\u00a0<\/a><\/li>\n<li><a href=\"http:\/\/aeiou.visao.pt\/oposicao-critica-coligacao-com-ps-no-balanco-de-100-dias-da-camara-do-porto=f767226\">Oposi\u00e7\u00e3o critica coliga\u00e7\u00e3o com PS no balan\u00e7o de 100 dias da C\u00e2mara do Porto\u00a0<\/a><\/li>\n<li><a href=\"http:\/\/sol.sapo.pt\/inicio\/Sociedade\/Interior.aspx?content_id=98112\">C\u00e2mara do Porto defende isen\u00e7\u00e3o de IMI para pr\u00e9dios em zona classificada\u00a0<\/a><\/li>\n<li><a href=\"http:\/\/publico.pt\/1621600\">C\u00e2mara do Porto lan\u00e7a concurso para director do Rivoli em Fevereiro\u00a0<\/a><\/li>\n<li><a href=\"http:\/\/www.jn.pt\/PaginaInicial\/Nacional\/Interior.aspx?content_id=3659394&amp;page=-1\">Fundos comunit\u00e1rios e ren\u00fancia de Daniel Bessa marcam 100 dias de Rui Moreira\u00a0<\/a><\/li>\n<li><a href=\"http:\/\/expresso.sapo.pt\/imi-leva-donos-de-predios-do-porto-a-admitir-avancar-com-acao-judicial-contra-financas=f853351\">IMI leva donos de pr\u00e9dios do Porto a admitir avan\u00e7ar com a\u00e7\u00e3o judicial contra Finan\u00e7as\u00a0<\/a><\/li>\n<li><a href=\"http:\/\/aeiou.visao.pt\/camara-do-porto-propoe-adjudicacao-de-servicos-de-limpeza-por-1023-me=f767344\">C\u00e2mara do Porto prop\u00f5e adjudica\u00e7\u00e3o de servi\u00e7os de limpeza por 1,023 ME\u00a0<\/a><\/li>\n<\/ul>\n<p>31jan<\/p>\n<ul>\n<li><a href=\"http:\/\/publico.pt\/1621766\">Um independente sucede a Daniel Bessa na presid\u00eancia da Assembleia Municipal do Porto\u00a0<\/a><\/li>\n<li><a href=\"http:\/\/publico.pt\/1621779\">Presidente da CCDR do Norte reclama \u201cverdade\u201d nos fundos comunit\u00e1rios\u00a0<\/a><\/li>\n<li><a href=\"http:\/\/www.jn.pt\/PaginaInicial\/Nacional\/Interior.aspx?content_id=3661918&amp;page=-1\">Miguel Pereira Leite escolhido para liderar Assembleia Municipal do Porto\u00a0<\/a><\/li>\n<li><a href=\"http:\/\/aeiou.visao.pt\/gondomar-reprova-autarcas-que-faltam-ao-conselho-metropolitano-e-criticam-o-orgao=f767476\">Gondomar reprova autarcas que faltam ao Conselho Metropolitano e criticam o \u00f3rg\u00e3o<\/a><\/li>\n<li><a href=\"http:\/\/expresso.sapo.pt\/area-metropolitana-do-porto-critica-desinvestimento-em-infraestruturas-do-norte=f853604\">\u00c1rea Metropolitana do Porto critica &#8220;desinvestimento&#8221; em infraestruturas do Norte\u00a0<\/a><\/li>\n<li><a style=\"line-height: 1.5em;\" href=\"http:\/\/expresso.sapo.pt\/psporto-acusa-governo-de-falta-de-respeito-pelo-norte=f853654\">PS\/Porto acusa Governo de falta de respeito pelo Norte\u00a0<\/a><\/li>\n<\/ul>\n<p>&nbsp;<\/p>\n<p>Cr\u00e9ditos:<\/p>\n<ul>\n<li>Imagem: <a href=\"http:\/\/www.jn.pt\/\">jn.pt<\/a><\/li>\n<li>Pesquisa: <a href=\"http:\/\/buscas.tretas.org\">buscas.tretas.org<\/a><\/li>\n<\/ul>\n","protected":false},"excerpt":{"rendered":"<p>Sai Daniel Bessa e entra Miguel Pereira Leite, Rui Moreira \u00e9 surpreendido e ao mesmo tempo reivindica outra abordagem na atribui\u00e7\u00e3o de fundos comunit\u00e1rios com apoio do PS\/Porto. Entretanto como no tempo de Rui Rio, C\u00e2mara do Porto prop\u00f5e adjudica\u00e7\u00e3o de servi\u00e7os de limpeza.<\/p>\n","protected":false},"author":1,"featured_media":25100,"comment_status":"open","ping_status":"open","sticky":false,"template":"","format":"standard","meta":{"footnotes":""},"categories":[7],"tags":[37,184,271,310,392,421,546,547,579,597],"class_list":["post-25099","post","type-post","status-publish","format-standard","has-post-thumbnail","hentry","category-ler-ver-ouvir-passear","tag-aleixo","tag-daniel-bessa","tag-fundos-comunitarios","tag-imi","tag-marechal-gomes-da-costa","tag-miguel-pereira-leite","tag-qca","tag-qren","tag-rui-moreira","tag-servicos-de-limpeza"],"yoast_head":"<!-- This site is optimized with the Yoast SEO plugin v27.5 - https:\/\/yoast.com\/product\/yoast-seo-wordpress\/ -->\n<title>O Porto na 5\u00aa semana de 2014 - Os Meus Apontamentos<\/title>\n<meta name=\"robots\" content=\"index, follow, max-snippet:-1, max-image-preview:large, max-video-preview:-1\" \/>\n<link rel=\"canonical\" href=\"https:\/\/osmeusapontamentos.com\/index.php\/2014\/02\/03\/o-porto-na-5a-semana-de-2014\/\" \/>\n<meta property=\"og:locale\" content=\"pt_PT\" \/>\n<meta property=\"og:type\" content=\"article\" \/>\n<meta property=\"og:title\" content=\"O Porto na 5\u00aa semana de 2014 - Os Meus Apontamentos\" \/>\n<meta property=\"og:description\" content=\"Sai Daniel Bessa e entra Miguel Pereira Leite, Rui Moreira \u00e9 surpreendido e ao mesmo tempo reivindica outra abordagem na atribui\u00e7\u00e3o de fundos comunit\u00e1rios com apoio do PS\/Porto. Entretanto como no tempo de Rui Rio, C\u00e2mara do Porto prop\u00f5e adjudica\u00e7\u00e3o de servi\u00e7os de limpeza.\" \/>\n<meta property=\"og:url\" content=\"https:\/\/osmeusapontamentos.com\/index.php\/2014\/02\/03\/o-porto-na-5a-semana-de-2014\/\" \/>\n<meta property=\"og:site_name\" content=\"Os Meus Apontamentos\" \/>\n<meta property=\"article:published_time\" content=\"2014-02-03T14:19:32+00:00\" \/>\n<meta name=\"author\" content=\"Vitor Silva\" \/>\n<meta name=\"twitter:card\" content=\"summary_large_image\" \/>\n<meta name=\"twitter:creator\" content=\"@vitorsilva\" \/>\n<meta name=\"twitter:site\" content=\"@vitorsilva\" \/>\n<meta name=\"twitter:label1\" content=\"Escrito por\" \/>\n\t<meta name=\"twitter:data1\" content=\"Vitor Silva\" \/>\n\t<meta name=\"twitter:label2\" content=\"Tempo estimado de leitura\" \/>\n\t<meta name=\"twitter:data2\" content=\"3 minutos\" \/>\n<script type=\"application\/ld+json\" class=\"yoast-schema-graph\">{\"@context\":\"https:\\\/\\\/schema.org\",\"@graph\":[{\"@type\":\"Article\",\"@id\":\"https:\\\/\\\/osmeusapontamentos.com\\\/index.php\\\/2014\\\/02\\\/03\\\/o-porto-na-5a-semana-de-2014\\\/#article\",\"isPartOf\":{\"@id\":\"https:\\\/\\\/osmeusapontamentos.com\\\/index.php\\\/2014\\\/02\\\/03\\\/o-porto-na-5a-semana-de-2014\\\/\"},\"author\":{\"name\":\"Vitor Silva\",\"@id\":\"https:\\\/\\\/osmeusapontamentos.com\\\/#\\\/schema\\\/person\\\/d508df9c3ffc8b4e64a18dbf0ba18dd8\"},\"headline\":\"O Porto na 5\u00aa semana de 2014\",\"datePublished\":\"2014-02-03T14:19:32+00:00\",\"mainEntityOfPage\":{\"@id\":\"https:\\\/\\\/osmeusapontamentos.com\\\/index.php\\\/2014\\\/02\\\/03\\\/o-porto-na-5a-semana-de-2014\\\/\"},\"wordCount\":675,\"commentCount\":0,\"publisher\":{\"@id\":\"https:\\\/\\\/osmeusapontamentos.com\\\/#\\\/schema\\\/person\\\/d508df9c3ffc8b4e64a18dbf0ba18dd8\"},\"image\":{\"@id\":\"https:\\\/\\\/osmeusapontamentos.com\\\/index.php\\\/2014\\\/02\\\/03\\\/o-porto-na-5a-semana-de-2014\\\/#primaryimage\"},\"thumbnailUrl\":\"\",\"keywords\":[\"Aleixo\",\"daniel bessa\",\"Fundos Comunit\u00e1rios\",\"IMI\",\"Marechal Gomes da Costa\",\"Miguel Pereira Leite\",\"QCA\",\"QREN\",\"rui moreira\",\"Servi\u00e7os de Limpeza\"],\"articleSection\":[\"Ler\\\/ Ver\\\/ Ouvir\\\/ Passear\"],\"inLanguage\":\"pt-PT\",\"potentialAction\":[{\"@type\":\"CommentAction\",\"name\":\"Comment\",\"target\":[\"https:\\\/\\\/osmeusapontamentos.com\\\/index.php\\\/2014\\\/02\\\/03\\\/o-porto-na-5a-semana-de-2014\\\/#respond\"]}]},{\"@type\":\"WebPage\",\"@id\":\"https:\\\/\\\/osmeusapontamentos.com\\\/index.php\\\/2014\\\/02\\\/03\\\/o-porto-na-5a-semana-de-2014\\\/\",\"url\":\"https:\\\/\\\/osmeusapontamentos.com\\\/index.php\\\/2014\\\/02\\\/03\\\/o-porto-na-5a-semana-de-2014\\\/\",\"name\":\"O Porto na 5\u00aa semana de 2014 - Os Meus Apontamentos\",\"isPartOf\":{\"@id\":\"https:\\\/\\\/osmeusapontamentos.com\\\/#website\"},\"primaryImageOfPage\":{\"@id\":\"https:\\\/\\\/osmeusapontamentos.com\\\/index.php\\\/2014\\\/02\\\/03\\\/o-porto-na-5a-semana-de-2014\\\/#primaryimage\"},\"image\":{\"@id\":\"https:\\\/\\\/osmeusapontamentos.com\\\/index.php\\\/2014\\\/02\\\/03\\\/o-porto-na-5a-semana-de-2014\\\/#primaryimage\"},\"thumbnailUrl\":\"\",\"datePublished\":\"2014-02-03T14:19:32+00:00\",\"breadcrumb\":{\"@id\":\"https:\\\/\\\/osmeusapontamentos.com\\\/index.php\\\/2014\\\/02\\\/03\\\/o-porto-na-5a-semana-de-2014\\\/#breadcrumb\"},\"inLanguage\":\"pt-PT\",\"potentialAction\":[{\"@type\":\"ReadAction\",\"target\":[\"https:\\\/\\\/osmeusapontamentos.com\\\/index.php\\\/2014\\\/02\\\/03\\\/o-porto-na-5a-semana-de-2014\\\/\"]}]},{\"@type\":\"ImageObject\",\"inLanguage\":\"pt-PT\",\"@id\":\"https:\\\/\\\/osmeusapontamentos.com\\\/index.php\\\/2014\\\/02\\\/03\\\/o-porto-na-5a-semana-de-2014\\\/#primaryimage\",\"url\":\"\",\"contentUrl\":\"\"},{\"@type\":\"BreadcrumbList\",\"@id\":\"https:\\\/\\\/osmeusapontamentos.com\\\/index.php\\\/2014\\\/02\\\/03\\\/o-porto-na-5a-semana-de-2014\\\/#breadcrumb\",\"itemListElement\":[{\"@type\":\"ListItem\",\"position\":1,\"name\":\"In\u00edcio\",\"item\":\"https:\\\/\\\/osmeusapontamentos.com\\\/\"},{\"@type\":\"ListItem\",\"position\":2,\"name\":\"O Porto na 5\u00aa semana de 2014\"}]},{\"@type\":\"WebSite\",\"@id\":\"https:\\\/\\\/osmeusapontamentos.com\\\/#website\",\"url\":\"https:\\\/\\\/osmeusapontamentos.com\\\/\",\"name\":\"Os Meus Apontamentos\",\"description\":\"\",\"publisher\":{\"@id\":\"https:\\\/\\\/osmeusapontamentos.com\\\/#\\\/schema\\\/person\\\/d508df9c3ffc8b4e64a18dbf0ba18dd8\"},\"potentialAction\":[{\"@type\":\"SearchAction\",\"target\":{\"@type\":\"EntryPoint\",\"urlTemplate\":\"https:\\\/\\\/osmeusapontamentos.com\\\/?s={search_term_string}\"},\"query-input\":{\"@type\":\"PropertyValueSpecification\",\"valueRequired\":true,\"valueName\":\"search_term_string\"}}],\"inLanguage\":\"pt-PT\"},{\"@type\":[\"Person\",\"Organization\"],\"@id\":\"https:\\\/\\\/osmeusapontamentos.com\\\/#\\\/schema\\\/person\\\/d508df9c3ffc8b4e64a18dbf0ba18dd8\",\"name\":\"Vitor Silva\",\"image\":{\"@type\":\"ImageObject\",\"inLanguage\":\"pt-PT\",\"@id\":\"https:\\\/\\\/secure.gravatar.com\\\/avatar\\\/f81f58ad909e8a213ab0a690f6ed65e5c0e0e2274bf35ac49ff31d7988d483ce?s=96&d=mm&r=g\",\"url\":\"https:\\\/\\\/secure.gravatar.com\\\/avatar\\\/f81f58ad909e8a213ab0a690f6ed65e5c0e0e2274bf35ac49ff31d7988d483ce?s=96&d=mm&r=g\",\"contentUrl\":\"https:\\\/\\\/secure.gravatar.com\\\/avatar\\\/f81f58ad909e8a213ab0a690f6ed65e5c0e0e2274bf35ac49ff31d7988d483ce?s=96&d=mm&r=g\",\"caption\":\"Vitor Silva\"},\"logo\":{\"@id\":\"https:\\\/\\\/secure.gravatar.com\\\/avatar\\\/f81f58ad909e8a213ab0a690f6ed65e5c0e0e2274bf35ac49ff31d7988d483ce?s=96&d=mm&r=g\"},\"sameAs\":[\"https:\\\/\\\/www.linkedin.com\\\/in\\\/vitormrsilva\",\"https:\\\/\\\/x.com\\\/vitorsilva\"]}]}<\/script>\n<!-- \/ Yoast SEO plugin. -->","yoast_head_json":{"title":"O Porto na 5\u00aa semana de 2014 - Os Meus Apontamentos","robots":{"index":"index","follow":"follow","max-snippet":"max-snippet:-1","max-image-preview":"max-image-preview:large","max-video-preview":"max-video-preview:-1"},"canonical":"https:\/\/osmeusapontamentos.com\/index.php\/2014\/02\/03\/o-porto-na-5a-semana-de-2014\/","og_locale":"pt_PT","og_type":"article","og_title":"O Porto na 5\u00aa semana de 2014 - Os Meus Apontamentos","og_description":"Sai Daniel Bessa e entra Miguel Pereira Leite, Rui Moreira \u00e9 surpreendido e ao mesmo tempo reivindica outra abordagem na atribui\u00e7\u00e3o de fundos comunit\u00e1rios com apoio do PS\/Porto. Entretanto como no tempo de Rui Rio, C\u00e2mara do Porto prop\u00f5e adjudica\u00e7\u00e3o de servi\u00e7os de limpeza.","og_url":"https:\/\/osmeusapontamentos.com\/index.php\/2014\/02\/03\/o-porto-na-5a-semana-de-2014\/","og_site_name":"Os Meus Apontamentos","article_published_time":"2014-02-03T14:19:32+00:00","author":"Vitor Silva","twitter_card":"summary_large_image","twitter_creator":"@vitorsilva","twitter_site":"@vitorsilva","twitter_misc":{"Escrito por":"Vitor Silva","Tempo estimado de leitura":"3 minutos"},"schema":{"@context":"https:\/\/schema.org","@graph":[{"@type":"Article","@id":"https:\/\/osmeusapontamentos.com\/index.php\/2014\/02\/03\/o-porto-na-5a-semana-de-2014\/#article","isPartOf":{"@id":"https:\/\/osmeusapontamentos.com\/index.php\/2014\/02\/03\/o-porto-na-5a-semana-de-2014\/"},"author":{"name":"Vitor Silva","@id":"https:\/\/osmeusapontamentos.com\/#\/schema\/person\/d508df9c3ffc8b4e64a18dbf0ba18dd8"},"headline":"O Porto na 5\u00aa semana de 2014","datePublished":"2014-02-03T14:19:32+00:00","mainEntityOfPage":{"@id":"https:\/\/osmeusapontamentos.com\/index.php\/2014\/02\/03\/o-porto-na-5a-semana-de-2014\/"},"wordCount":675,"commentCount":0,"publisher":{"@id":"https:\/\/osmeusapontamentos.com\/#\/schema\/person\/d508df9c3ffc8b4e64a18dbf0ba18dd8"},"image":{"@id":"https:\/\/osmeusapontamentos.com\/index.php\/2014\/02\/03\/o-porto-na-5a-semana-de-2014\/#primaryimage"},"thumbnailUrl":"","keywords":["Aleixo","daniel bessa","Fundos Comunit\u00e1rios","IMI","Marechal Gomes da Costa","Miguel Pereira Leite","QCA","QREN","rui moreira","Servi\u00e7os de Limpeza"],"articleSection":["Ler\/ Ver\/ Ouvir\/ Passear"],"inLanguage":"pt-PT","potentialAction":[{"@type":"CommentAction","name":"Comment","target":["https:\/\/osmeusapontamentos.com\/index.php\/2014\/02\/03\/o-porto-na-5a-semana-de-2014\/#respond"]}]},{"@type":"WebPage","@id":"https:\/\/osmeusapontamentos.com\/index.php\/2014\/02\/03\/o-porto-na-5a-semana-de-2014\/","url":"https:\/\/osmeusapontamentos.com\/index.php\/2014\/02\/03\/o-porto-na-5a-semana-de-2014\/","name":"O Porto na 5\u00aa semana de 2014 - Os Meus Apontamentos","isPartOf":{"@id":"https:\/\/osmeusapontamentos.com\/#website"},"primaryImageOfPage":{"@id":"https:\/\/osmeusapontamentos.com\/index.php\/2014\/02\/03\/o-porto-na-5a-semana-de-2014\/#primaryimage"},"image":{"@id":"https:\/\/osmeusapontamentos.com\/index.php\/2014\/02\/03\/o-porto-na-5a-semana-de-2014\/#primaryimage"},"thumbnailUrl":"","datePublished":"2014-02-03T14:19:32+00:00","breadcrumb":{"@id":"https:\/\/osmeusapontamentos.com\/index.php\/2014\/02\/03\/o-porto-na-5a-semana-de-2014\/#breadcrumb"},"inLanguage":"pt-PT","potentialAction":[{"@type":"ReadAction","target":["https:\/\/osmeusapontamentos.com\/index.php\/2014\/02\/03\/o-porto-na-5a-semana-de-2014\/"]}]},{"@type":"ImageObject","inLanguage":"pt-PT","@id":"https:\/\/osmeusapontamentos.com\/index.php\/2014\/02\/03\/o-porto-na-5a-semana-de-2014\/#primaryimage","url":"","contentUrl":""},{"@type":"BreadcrumbList","@id":"https:\/\/osmeusapontamentos.com\/index.php\/2014\/02\/03\/o-porto-na-5a-semana-de-2014\/#breadcrumb","itemListElement":[{"@type":"ListItem","position":1,"name":"In\u00edcio","item":"https:\/\/osmeusapontamentos.com\/"},{"@type":"ListItem","position":2,"name":"O Porto na 5\u00aa semana de 2014"}]},{"@type":"WebSite","@id":"https:\/\/osmeusapontamentos.com\/#website","url":"https:\/\/osmeusapontamentos.com\/","name":"Os Meus Apontamentos","description":"","publisher":{"@id":"https:\/\/osmeusapontamentos.com\/#\/schema\/person\/d508df9c3ffc8b4e64a18dbf0ba18dd8"},"potentialAction":[{"@type":"SearchAction","target":{"@type":"EntryPoint","urlTemplate":"https:\/\/osmeusapontamentos.com\/?s={search_term_string}"},"query-input":{"@type":"PropertyValueSpecification","valueRequired":true,"valueName":"search_term_string"}}],"inLanguage":"pt-PT"},{"@type":["Person","Organization"],"@id":"https:\/\/osmeusapontamentos.com\/#\/schema\/person\/d508df9c3ffc8b4e64a18dbf0ba18dd8","name":"Vitor Silva","image":{"@type":"ImageObject","inLanguage":"pt-PT","@id":"https:\/\/secure.gravatar.com\/avatar\/f81f58ad909e8a213ab0a690f6ed65e5c0e0e2274bf35ac49ff31d7988d483ce?s=96&d=mm&r=g","url":"https:\/\/secure.gravatar.com\/avatar\/f81f58ad909e8a213ab0a690f6ed65e5c0e0e2274bf35ac49ff31d7988d483ce?s=96&d=mm&r=g","contentUrl":"https:\/\/secure.gravatar.com\/avatar\/f81f58ad909e8a213ab0a690f6ed65e5c0e0e2274bf35ac49ff31d7988d483ce?s=96&d=mm&r=g","caption":"Vitor Silva"},"logo":{"@id":"https:\/\/secure.gravatar.com\/avatar\/f81f58ad909e8a213ab0a690f6ed65e5c0e0e2274bf35ac49ff31d7988d483ce?s=96&d=mm&r=g"},"sameAs":["https:\/\/www.linkedin.com\/in\/vitormrsilva","https:\/\/x.com\/vitorsilva"]}]}},"_links":{"self":[{"href":"https:\/\/osmeusapontamentos.com\/index.php\/wp-json\/wp\/v2\/posts\/25099","targetHints":{"allow":["GET"]}}],"collection":[{"href":"https:\/\/osmeusapontamentos.com\/index.php\/wp-json\/wp\/v2\/posts"}],"about":[{"href":"https:\/\/osmeusapontamentos.com\/index.php\/wp-json\/wp\/v2\/types\/post"}],"author":[{"embeddable":true,"href":"https:\/\/osmeusapontamentos.com\/index.php\/wp-json\/wp\/v2\/users\/1"}],"replies":[{"embeddable":true,"href":"https:\/\/osmeusapontamentos.com\/index.php\/wp-json\/wp\/v2\/comments?post=25099"}],"version-history":[{"count":0,"href":"https:\/\/osmeusapontamentos.com\/index.php\/wp-json\/wp\/v2\/posts\/25099\/revisions"}],"wp:featuredmedia":[{"embeddable":true,"href":"https:\/\/osmeusapontamentos.com\/index.php\/wp-json\/"}],"wp:attachment":[{"href":"https:\/\/osmeusapontamentos.com\/index.php\/wp-json\/wp\/v2\/media?parent=25099"}],"wp:term":[{"taxonomy":"category","embeddable":true,"href":"https:\/\/osmeusapontamentos.com\/index.php\/wp-json\/wp\/v2\/categories?post=25099"},{"taxonomy":"post_tag","embeddable":true,"href":"https:\/\/osmeusapontamentos.com\/index.php\/wp-json\/wp\/v2\/tags?post=25099"}],"curies":[{"name":"wp","href":"https:\/\/api.w.org\/{rel}","templated":true}]}}