{"id":25048,"date":"2014-01-26T15:09:43","date_gmt":"2014-01-26T15:09:43","guid":{"rendered":"http:\/\/osmeusapontamentos.com\/?p=25048"},"modified":"2014-01-26T15:09:43","modified_gmt":"2014-01-26T15:09:43","slug":"o-porto-na-4a-semana-de-2014","status":"publish","type":"post","link":"https:\/\/osmeusapontamentos.com\/index.php\/2014\/01\/26\/o-porto-na-4a-semana-de-2014\/","title":{"rendered":"O Porto na 4\u00aa semana de 2014"},"content":{"rendered":"<p><a href=\"http:\/\/www.cm-porto.pt\/gen.pl?p=stories&amp;op=view&amp;fokey=cmp.stories\/23310\"><img loading=\"lazy\" decoding=\"async\" class=\"alignnone size-full wp-image-25050 aligncenter\" alt=\"\" src=\"https:\/\/osmeusapontamentos.com\/wp-content\/uploads\/2014\/01\/201404.jpg\" width=\"398\" height=\"262\" \/><\/a><\/p>\n<p>O Fantas 2014 est\u00e1 a arrancar e o Fitei pode ficar pelo caminho. Fundos comunit\u00e1rios, desta vez vai ser diferente? Entretanto a SRU vai reunir-se&#8230; um dia destes.<\/p>\n<p>19jan<\/p>\n<ul>\n<li><a href=\"http:\/\/www.porto24.pt\/cidade\/cdu-pede-camara-porto-intervencao-urgente-em-ruas-com-crateras\/\">CDU pede \u00e0 C\u00e2mara do Porto interven\u00e7\u00e3o urgente em ruas com \u201ccrateras\u201d<\/a><\/li>\n<\/ul>\n<p>20jan<\/p>\n<ul>\n<li><a href=\"http:\/\/www.sabado.pt\/Arquivo\/Ultima-Hora\/Sociedade\/Alerta-para--iminente-rutura-nos-servicos--no-IPO-.aspx\">Alerta para &#8220;iminente ruptura nos servi\u00e7os&#8221; no IPO do Porto<\/a><\/li>\n<li><a style=\"line-height: 1.5em;\" href=\"http:\/\/expresso.sapo.pt\/cduporto-quer-que-antiga-biblioteca-do-marques-providencie-servico-publico=f851642\">CDU\/Porto quer que antiga biblioteca do Marqu\u00eas providencie servi\u00e7o p\u00fablico<\/a><\/li>\n<li><a style=\"line-height: 1.5em;\" href=\"http:\/\/publico.pt\/1620266\">H\u00e1 uma cave no Porto que ouve dizer poesia h\u00e1 25 anos\u00a0<\/a><\/li>\n<li><a style=\"line-height: 1.5em;\" href=\"http:\/\/www.dinheirovivo.pt\/Economia\/Artigo\/cieco314778.html?page=0\">Tripulantes de cabine queixam-se de discrimina\u00e7\u00e3o no Porto<\/a><\/li>\n<\/ul>\n<p><span style=\"line-height: 1.5em;\">21 jan<\/span><\/p>\n<ul>\n<li><a href=\"http:\/\/expresso.sapo.pt\/rui-moreira-desafia-bruxelas=f851881\">Rui Moreira desafia Bruxelas\u00a0<\/a>\u00a0(<a href=\"http:\/\/www.cm-porto.pt\/gen.pl?p=stories&amp;op=view&amp;fokey=cmp.stories\/23278\">comunicado CMP<\/a>) (<a href=\"http:\/\/www.youtube.com\/watch?v=7sZGcy6GXEw\">v\u00eddeo CMP<\/a>)<\/li>\n<li><a style=\"line-height: 1.5em;\" href=\"http:\/\/publico.pt\/1620578\">FNAM exige esclarecimentos de Paulo Macedo sobre &#8220;neg\u00f3cio&#8221; do Centro de Reabilita\u00e7\u00e3o do Norte\u00a0<\/a><\/li>\n<li><a style=\"line-height: 1.5em;\" href=\"http:\/\/www.publico.pt\/sociedade\/noticia\/nona-edicao-de-olhares-cruzados-vai-ter-lugar-no-porto-e-em-lisboa-1620521\">Nona edi\u00e7\u00e3o de \u201cOlhares Cruzados\u201d vai ter lugar no Porto e em Lisboa<\/a><\/li>\n<li><a style=\"line-height: 1.5em;\" href=\"http:\/\/expresso.sapo.pt\/bruxelas-desmente-camara-do-porto-e-nega-ter-recusado-acordo-de-parceria-a-portugal=f851866\">Bruxelas desmente C\u00e2mara do Porto e nega ter recusado Acordo de Parceria a Portugal\u00a0<\/a><\/li>\n<li><a style=\"line-height: 1.5em;\" href=\"http:\/\/expresso.sapo.pt\/edicao-de-2014-de-festival-de-teatro-de-expressao-iberica-em-risco-direcao=f851865\">Edi\u00e7\u00e3o de 2014 de festival de teatro de express\u00e3o ib\u00e9rica em risco &#8211; dire\u00e7\u00e3o\u00a0<\/a><\/li>\n<li><a style=\"line-height: 1.5em;\" href=\"http:\/\/publico.pt\/1620584\">Secret\u00e1rio de Estado nega que Norte seja prejudicado nos pr\u00f3ximos fundos europeus\u00a0<\/a><\/li>\n<li><a style=\"line-height: 1.5em;\" href=\"http:\/\/publico.pt\/1620545\">Mercado do Bolh\u00e3o p\u00fablico, privado ou semi-privado: todos os cen\u00e1rios em aberto\u00a0<\/a><\/li>\n<li><a style=\"line-height: 1.5em;\" href=\"http:\/\/publico.pt\/1620540\">C\u00e2mara do Porto n\u00e3o recua na concess\u00e3o da antiga Biblioteca do Marqu\u00eas<\/a><\/li>\n<li><a style=\"line-height: 1.5em;\" href=\"http:\/\/expresso.sapo.pt\/psd-poe-em-causa-isencao-de-juri-para-concursos-de-cargos-na-camara-do-porto=f851818\">PSD p\u00f5e em causa isen\u00e7\u00e3o de j\u00fari para concursos de cargos na C\u00e2mara do Porto\u00a0<\/a><\/li>\n<li><a style=\"line-height: 1.5em;\" href=\"http:\/\/publico.pt\/1620531\">Bairro dos CTT, no Porto, vai ser reabilitado\u00a0<\/a><\/li>\n<li><a style=\"line-height: 1.5em;\" href=\"http:\/\/expresso.sapo.pt\/opacidade-dos-fundos-comunitarios-afeta-projeto-para-o-bolhao-rui-moreira=f851804\">&#8220;Opacidade dos fundos comunit\u00e1rios&#8221; afeta projeto para o Bolh\u00e3o &#8211; Rui Moreira\u00a0<\/a><\/li>\n<li><a style=\"line-height: 1.5em;\" href=\"http:\/\/publico.pt\/1620522\">C\u00e2mara do Porto exige \u201cparticipa\u00e7\u00e3o activa\u201d na discuss\u00e3o do pr\u00f3ximo Quadro Comunit\u00e1rio de Apoio\u00a0<\/a><\/li>\n<li><a style=\"line-height: 1.5em;\" href=\"http:\/\/publico.pt\/1620519\">Porto vai ter novo cremat\u00f3rio, em Paranhos\u00a0<\/a><\/li>\n<li><a style=\"line-height: 1.5em;\" href=\"http:\/\/publico.pt\/1620410\">C\u00e2mara do Porto promove nova hasta p\u00fablica em busca de quase 6,8 milh\u00f5es de euros\u00a0<\/a><\/li>\n<li><a style=\"line-height: 1.5em;\" href=\"http:\/\/www.publico.pt\/local\/noticia\/CDU%20recusa%20cafetaria%20na%20Biblioteca%20do%20Marqu%C3%AAs-1620419\">CDU recusa cafetaria na Biblioteca do Marqu\u00eas\u00a0<\/a><\/li>\n<li><a style=\"line-height: 1.5em;\" href=\"http:\/\/www.jn.pt\/PaginaInicial\/Nacional\/Interior.aspx?content_id=3642414&amp;page=-1\">C\u00e2mara pede votos para eleger Porto em concurso europeu\u00a0<\/a>\u00a0(<a href=\"http:\/\/www.cm-porto.pt\/gen.pl?p=stories&amp;op=view&amp;fokey=cmp.stories\/23310\">CMP<\/a>) (<a href=\"http:\/\/www.youtube.com\/watch?v=w0EnQ806KmA\">Video CMP<\/a>)<\/li>\n<\/ul>\n<p>22jan<\/p>\n<ul>\n<li><a href=\"http:\/\/www.oje.pt\/noticias\/negocios\/transportes-publicos-do-porto-perdem-36-de-passageiros\">Transportes p\u00fablicos do Porto perdem 3,6% de passageiros\u00a0<\/a><\/li>\n<li><a style=\"line-height: 1.5em;\" href=\"http:\/\/www.ionline.pt\/artigos\/portugal\/passageiros-da-metro-porto-subiram-26-2013-os-da-stcp-desceram-75\/pag\/-1\">Passageiros da Metro do Porto subiram 2,6 % em 2013 , os da STCP desceram 7,5%\u00a0<\/a><\/li>\n<li><a style=\"line-height: 1.5em;\" href=\"http:\/\/www.ionline.pt\/artigos\/portugal\/mocao-sobre-fundos-comunitarios-tem-absoluta-fundamentacao-diz-rui-moreira\/pag\/-1\">Mo\u00e7\u00e3o sobre fundos comunit\u00e1rios \u201ctem absoluta fundamenta\u00e7\u00e3o\u201d, diz Rui Moreira\u00a0<\/a><\/li>\n<li><a style=\"line-height: 1.5em;\" href=\"http:\/\/publico.pt\/1620719\">Espa\u00e7o de cria\u00e7\u00e3o art\u00edstica na Rua da Alegria abre portas ao Porto at\u00e9 Fevereiro\u00a0<\/a><\/li>\n<li><a style=\"line-height: 1.5em;\" href=\"http:\/\/publico.pt\/1620723\">Projecto Future Cities j\u00e1 instalou centenas de sensores de dados no Porto\u00a0<\/a><\/li>\n<li><a style=\"line-height: 1.5em;\" href=\"http:\/\/publico.pt\/1620730\">Rui Moreira insiste que plano do Governo para fundos europeus foi recusado e prepara provas\u00a0<\/a><\/li>\n<li><a style=\"line-height: 1.5em;\" href=\"http:\/\/publico.pt\/1620728\">PSD\/Porto exige a Rui Moreira que pe\u00e7a desculpas \u00e0 cidade por ter faltado \u00e0 verdade\u00a0<\/a><\/li>\n<li><a style=\"line-height: 1.5em;\" href=\"http:\/\/www.dinheirovivo.pt\/Economia\/Artigo\/cieco316841.html?page=0\">Tecnologias para a \u00e1rea da sa\u00fade &#8220;made in Porto&#8221; em exposi\u00e7\u00e3o no INESC\u00a0<\/a><\/li>\n<li><a style=\"line-height: 1.5em;\" href=\"http:\/\/www.jn.pt\/PaginaInicial\/Nacional\/Interior.aspx?content_id=3644619&amp;page=-1\">Moreira acusa Governo de ignorar Porto na gest\u00e3o dos apoios da UE\u00a0<\/a><\/li>\n<\/ul>\n<p>23jan<\/p>\n<ul>\n<li><a href=\"http:\/\/publico.pt\/1620887\">Poiares Maduro diz que cr\u00edticas de Rui Moreira &#8220;n\u00e3o t\u00eam correspond\u00eancia com a realidade&#8221;\u00a0<\/a><\/li>\n<li><a style=\"line-height: 1.5em;\" href=\"http:\/\/publico.pt\/1620849\">Depois da pol\u00e9mica, Fantasporto regressa sem pr\u00e9-festival e com Dorminsky de novo como presidente\u00a0<\/a>\u00a0(<a href=\"http:\/\/www.youtube.com\/watch?v=wVnCosn3T64\">video CMP<\/a>)<\/li>\n<\/ul>\n<p>&nbsp;<\/p>\n<p>24jan<\/p>\n<ul>\n<li><a href=\"http:\/\/publico.pt\/1621050\">Bruxelas nega ter feito cr\u00edticas ao Governo por discrimina\u00e7\u00e3o do norte\u00a0<\/a><\/li>\n<li><a style=\"line-height: 1.5em;\" href=\"http:\/\/publico.pt\/1621045\">Presidente da ANMP avisa que seria erro grave afastar os munic\u00edpios da gest\u00e3o dos fundos comunit\u00e1rios\u00a0<\/a><\/li>\n<li><a style=\"line-height: 1.5em;\" href=\"http:\/\/www.ionline.pt\/artigos\/portugal\/camara-porto-pede-documentos-pertinentes-ao-governo-sobre-fundos-comunitarios\/pag\/-1\">C\u00e2mara do Porto pede documentos \u201cpertinentes\u201d ao Governo sobre fundos comunit\u00e1rios\u00a0<\/a><\/li>\n<li><a style=\"line-height: 1.5em;\" href=\"http:\/\/expresso.sapo.pt\/acionistas-da-sociedade-de-reabilitacao-do-porto-reunem-se-a-28-de-marco=f852479\">Acionistas da Sociedade de Reabilita\u00e7\u00e3o do Porto re\u00fanem-se a 28 de mar\u00e7o\u00a0<\/a><\/li>\n<li><span style=\"line-height: 1.5em;\"><a style=\"line-height: 1.5em;\" href=\"http:\/\/publico.pt\/1620950\">Rui Moreira mant\u00e9m cr\u00edticas e pede explica\u00e7\u00f5es ao Governo sobre o futuro Quadro Comunit\u00e1rio de Apoio\u00a0<\/a>(<a href=\"http:\/\/www.cm-porto.pt\/gen.pl?p=stories&amp;op=view&amp;fokey=cmp.stories\/23325\">comunicado CMP<\/a>) (<a href=\"http:\/\/www.youtube.com\/watch?v=j7BBPpV5ddI\">video CMP<\/a>)<\/span><\/li>\n<\/ul>\n<p><span style=\"line-height: 1.5em;\">25jan<\/span><\/p>\n<ul>\n<li><a href=\"http:\/\/www.jn.pt\/PaginaInicial\/Nacional\/Interior.aspx?content_id=3651533&amp;page=-1\">Ex-gestor dos fundos europeus para o Norte critica &#8220;tentativa de gest\u00e3o centralizada&#8221;\u00a0<\/a><\/li>\n<li><a style=\"line-height: 1.5em;\" href=\"http:\/\/www.dn.pt\/inicio\/portugal\/interior.aspx?content_id=3650966&amp;page=-1\">C\u00e2maras v\u00e3o fiscalizar os transportes de Lisboa e Porto\u00a0<\/a><\/li>\n<\/ul>\n<p>&nbsp;<\/p>\n<p>&nbsp;<\/p>\n","protected":false},"excerpt":{"rendered":"<p>O Fantas 2014 est\u00e1 a arrancar e o Fitei pode ficar pelo caminho. Fundos comunit\u00e1rios, desta vez vai ser diferente? Entretanto a SRU vai reunir-se&#8230; um dia destes.<\/p>\n","protected":false},"author":1,"featured_media":25050,"comment_status":"open","ping_status":"open","sticky":false,"template":"","format":"standard","meta":{"footnotes":""},"categories":[7],"tags":[55,95,103,245,257,412,612],"class_list":["post-25048","post","type-post","status-publish","format-standard","has-post-thumbnail","hentry","category-ler-ver-ouvir-passear","tag-apoios-comunitarios","tag-biblioteca-do-marques","tag-bolhao","tag-fantasporto","tag-fitei","tag-metro-do-porto","tag-sru"],"yoast_head":"<!-- This site is optimized with the Yoast SEO plugin v27.5 - https:\/\/yoast.com\/product\/yoast-seo-wordpress\/ -->\n<title>O Porto na 4\u00aa semana de 2014 - Os Meus Apontamentos<\/title>\n<meta name=\"robots\" content=\"index, follow, max-snippet:-1, max-image-preview:large, max-video-preview:-1\" \/>\n<link rel=\"canonical\" href=\"https:\/\/osmeusapontamentos.com\/index.php\/2014\/01\/26\/o-porto-na-4a-semana-de-2014\/\" \/>\n<meta property=\"og:locale\" content=\"pt_PT\" \/>\n<meta property=\"og:type\" content=\"article\" \/>\n<meta property=\"og:title\" content=\"O Porto na 4\u00aa semana de 2014 - Os Meus Apontamentos\" \/>\n<meta property=\"og:description\" content=\"O Fantas 2014 est\u00e1 a arrancar e o Fitei pode ficar pelo caminho. Fundos comunit\u00e1rios, desta vez vai ser diferente? Entretanto a SRU vai reunir-se... um dia destes.\" \/>\n<meta property=\"og:url\" content=\"https:\/\/osmeusapontamentos.com\/index.php\/2014\/01\/26\/o-porto-na-4a-semana-de-2014\/\" \/>\n<meta property=\"og:site_name\" content=\"Os Meus Apontamentos\" \/>\n<meta property=\"article:published_time\" content=\"2014-01-26T15:09:43+00:00\" \/>\n<meta name=\"author\" content=\"Vitor Silva\" \/>\n<meta name=\"twitter:card\" content=\"summary_large_image\" \/>\n<meta name=\"twitter:creator\" content=\"@vitorsilva\" \/>\n<meta name=\"twitter:site\" content=\"@vitorsilva\" \/>\n<meta name=\"twitter:label1\" content=\"Escrito por\" \/>\n\t<meta name=\"twitter:data1\" content=\"Vitor Silva\" \/>\n\t<meta name=\"twitter:label2\" content=\"Tempo estimado de leitura\" \/>\n\t<meta name=\"twitter:data2\" content=\"3 minutos\" \/>\n<script type=\"application\/ld+json\" class=\"yoast-schema-graph\">{\"@context\":\"https:\\\/\\\/schema.org\",\"@graph\":[{\"@type\":\"Article\",\"@id\":\"https:\\\/\\\/osmeusapontamentos.com\\\/index.php\\\/2014\\\/01\\\/26\\\/o-porto-na-4a-semana-de-2014\\\/#article\",\"isPartOf\":{\"@id\":\"https:\\\/\\\/osmeusapontamentos.com\\\/index.php\\\/2014\\\/01\\\/26\\\/o-porto-na-4a-semana-de-2014\\\/\"},\"author\":{\"name\":\"Vitor Silva\",\"@id\":\"https:\\\/\\\/osmeusapontamentos.com\\\/#\\\/schema\\\/person\\\/d508df9c3ffc8b4e64a18dbf0ba18dd8\"},\"headline\":\"O Porto na 4\u00aa semana de 2014\",\"datePublished\":\"2014-01-26T15:09:43+00:00\",\"mainEntityOfPage\":{\"@id\":\"https:\\\/\\\/osmeusapontamentos.com\\\/index.php\\\/2014\\\/01\\\/26\\\/o-porto-na-4a-semana-de-2014\\\/\"},\"wordCount\":585,\"commentCount\":0,\"publisher\":{\"@id\":\"https:\\\/\\\/osmeusapontamentos.com\\\/#\\\/schema\\\/person\\\/d508df9c3ffc8b4e64a18dbf0ba18dd8\"},\"image\":{\"@id\":\"https:\\\/\\\/osmeusapontamentos.com\\\/index.php\\\/2014\\\/01\\\/26\\\/o-porto-na-4a-semana-de-2014\\\/#primaryimage\"},\"thumbnailUrl\":\"\",\"keywords\":[\"Apoios Comunit\u00e1rios\",\"Biblioteca do Marqu\u00eas\",\"bolh\u00e3o\",\"Fantasporto\",\"Fitei\",\"Metro do Porto\",\"SRU\"],\"articleSection\":[\"Ler\\\/ Ver\\\/ Ouvir\\\/ Passear\"],\"inLanguage\":\"pt-PT\",\"potentialAction\":[{\"@type\":\"CommentAction\",\"name\":\"Comment\",\"target\":[\"https:\\\/\\\/osmeusapontamentos.com\\\/index.php\\\/2014\\\/01\\\/26\\\/o-porto-na-4a-semana-de-2014\\\/#respond\"]}]},{\"@type\":\"WebPage\",\"@id\":\"https:\\\/\\\/osmeusapontamentos.com\\\/index.php\\\/2014\\\/01\\\/26\\\/o-porto-na-4a-semana-de-2014\\\/\",\"url\":\"https:\\\/\\\/osmeusapontamentos.com\\\/index.php\\\/2014\\\/01\\\/26\\\/o-porto-na-4a-semana-de-2014\\\/\",\"name\":\"O Porto na 4\u00aa semana de 2014 - Os Meus Apontamentos\",\"isPartOf\":{\"@id\":\"https:\\\/\\\/osmeusapontamentos.com\\\/#website\"},\"primaryImageOfPage\":{\"@id\":\"https:\\\/\\\/osmeusapontamentos.com\\\/index.php\\\/2014\\\/01\\\/26\\\/o-porto-na-4a-semana-de-2014\\\/#primaryimage\"},\"image\":{\"@id\":\"https:\\\/\\\/osmeusapontamentos.com\\\/index.php\\\/2014\\\/01\\\/26\\\/o-porto-na-4a-semana-de-2014\\\/#primaryimage\"},\"thumbnailUrl\":\"\",\"datePublished\":\"2014-01-26T15:09:43+00:00\",\"breadcrumb\":{\"@id\":\"https:\\\/\\\/osmeusapontamentos.com\\\/index.php\\\/2014\\\/01\\\/26\\\/o-porto-na-4a-semana-de-2014\\\/#breadcrumb\"},\"inLanguage\":\"pt-PT\",\"potentialAction\":[{\"@type\":\"ReadAction\",\"target\":[\"https:\\\/\\\/osmeusapontamentos.com\\\/index.php\\\/2014\\\/01\\\/26\\\/o-porto-na-4a-semana-de-2014\\\/\"]}]},{\"@type\":\"ImageObject\",\"inLanguage\":\"pt-PT\",\"@id\":\"https:\\\/\\\/osmeusapontamentos.com\\\/index.php\\\/2014\\\/01\\\/26\\\/o-porto-na-4a-semana-de-2014\\\/#primaryimage\",\"url\":\"\",\"contentUrl\":\"\"},{\"@type\":\"BreadcrumbList\",\"@id\":\"https:\\\/\\\/osmeusapontamentos.com\\\/index.php\\\/2014\\\/01\\\/26\\\/o-porto-na-4a-semana-de-2014\\\/#breadcrumb\",\"itemListElement\":[{\"@type\":\"ListItem\",\"position\":1,\"name\":\"In\u00edcio\",\"item\":\"https:\\\/\\\/osmeusapontamentos.com\\\/\"},{\"@type\":\"ListItem\",\"position\":2,\"name\":\"O Porto na 4\u00aa semana de 2014\"}]},{\"@type\":\"WebSite\",\"@id\":\"https:\\\/\\\/osmeusapontamentos.com\\\/#website\",\"url\":\"https:\\\/\\\/osmeusapontamentos.com\\\/\",\"name\":\"Os Meus Apontamentos\",\"description\":\"\",\"publisher\":{\"@id\":\"https:\\\/\\\/osmeusapontamentos.com\\\/#\\\/schema\\\/person\\\/d508df9c3ffc8b4e64a18dbf0ba18dd8\"},\"potentialAction\":[{\"@type\":\"SearchAction\",\"target\":{\"@type\":\"EntryPoint\",\"urlTemplate\":\"https:\\\/\\\/osmeusapontamentos.com\\\/?s={search_term_string}\"},\"query-input\":{\"@type\":\"PropertyValueSpecification\",\"valueRequired\":true,\"valueName\":\"search_term_string\"}}],\"inLanguage\":\"pt-PT\"},{\"@type\":[\"Person\",\"Organization\"],\"@id\":\"https:\\\/\\\/osmeusapontamentos.com\\\/#\\\/schema\\\/person\\\/d508df9c3ffc8b4e64a18dbf0ba18dd8\",\"name\":\"Vitor Silva\",\"image\":{\"@type\":\"ImageObject\",\"inLanguage\":\"pt-PT\",\"@id\":\"https:\\\/\\\/secure.gravatar.com\\\/avatar\\\/f81f58ad909e8a213ab0a690f6ed65e5c0e0e2274bf35ac49ff31d7988d483ce?s=96&d=mm&r=g\",\"url\":\"https:\\\/\\\/secure.gravatar.com\\\/avatar\\\/f81f58ad909e8a213ab0a690f6ed65e5c0e0e2274bf35ac49ff31d7988d483ce?s=96&d=mm&r=g\",\"contentUrl\":\"https:\\\/\\\/secure.gravatar.com\\\/avatar\\\/f81f58ad909e8a213ab0a690f6ed65e5c0e0e2274bf35ac49ff31d7988d483ce?s=96&d=mm&r=g\",\"caption\":\"Vitor Silva\"},\"logo\":{\"@id\":\"https:\\\/\\\/secure.gravatar.com\\\/avatar\\\/f81f58ad909e8a213ab0a690f6ed65e5c0e0e2274bf35ac49ff31d7988d483ce?s=96&d=mm&r=g\"},\"sameAs\":[\"https:\\\/\\\/www.linkedin.com\\\/in\\\/vitormrsilva\",\"https:\\\/\\\/x.com\\\/vitorsilva\"]}]}<\/script>\n<!-- \/ Yoast SEO plugin. -->","yoast_head_json":{"title":"O Porto na 4\u00aa semana de 2014 - Os Meus Apontamentos","robots":{"index":"index","follow":"follow","max-snippet":"max-snippet:-1","max-image-preview":"max-image-preview:large","max-video-preview":"max-video-preview:-1"},"canonical":"https:\/\/osmeusapontamentos.com\/index.php\/2014\/01\/26\/o-porto-na-4a-semana-de-2014\/","og_locale":"pt_PT","og_type":"article","og_title":"O Porto na 4\u00aa semana de 2014 - Os Meus Apontamentos","og_description":"O Fantas 2014 est\u00e1 a arrancar e o Fitei pode ficar pelo caminho. Fundos comunit\u00e1rios, desta vez vai ser diferente? Entretanto a SRU vai reunir-se... um dia destes.","og_url":"https:\/\/osmeusapontamentos.com\/index.php\/2014\/01\/26\/o-porto-na-4a-semana-de-2014\/","og_site_name":"Os Meus Apontamentos","article_published_time":"2014-01-26T15:09:43+00:00","author":"Vitor Silva","twitter_card":"summary_large_image","twitter_creator":"@vitorsilva","twitter_site":"@vitorsilva","twitter_misc":{"Escrito por":"Vitor Silva","Tempo estimado de leitura":"3 minutos"},"schema":{"@context":"https:\/\/schema.org","@graph":[{"@type":"Article","@id":"https:\/\/osmeusapontamentos.com\/index.php\/2014\/01\/26\/o-porto-na-4a-semana-de-2014\/#article","isPartOf":{"@id":"https:\/\/osmeusapontamentos.com\/index.php\/2014\/01\/26\/o-porto-na-4a-semana-de-2014\/"},"author":{"name":"Vitor Silva","@id":"https:\/\/osmeusapontamentos.com\/#\/schema\/person\/d508df9c3ffc8b4e64a18dbf0ba18dd8"},"headline":"O Porto na 4\u00aa semana de 2014","datePublished":"2014-01-26T15:09:43+00:00","mainEntityOfPage":{"@id":"https:\/\/osmeusapontamentos.com\/index.php\/2014\/01\/26\/o-porto-na-4a-semana-de-2014\/"},"wordCount":585,"commentCount":0,"publisher":{"@id":"https:\/\/osmeusapontamentos.com\/#\/schema\/person\/d508df9c3ffc8b4e64a18dbf0ba18dd8"},"image":{"@id":"https:\/\/osmeusapontamentos.com\/index.php\/2014\/01\/26\/o-porto-na-4a-semana-de-2014\/#primaryimage"},"thumbnailUrl":"","keywords":["Apoios Comunit\u00e1rios","Biblioteca do Marqu\u00eas","bolh\u00e3o","Fantasporto","Fitei","Metro do Porto","SRU"],"articleSection":["Ler\/ Ver\/ Ouvir\/ Passear"],"inLanguage":"pt-PT","potentialAction":[{"@type":"CommentAction","name":"Comment","target":["https:\/\/osmeusapontamentos.com\/index.php\/2014\/01\/26\/o-porto-na-4a-semana-de-2014\/#respond"]}]},{"@type":"WebPage","@id":"https:\/\/osmeusapontamentos.com\/index.php\/2014\/01\/26\/o-porto-na-4a-semana-de-2014\/","url":"https:\/\/osmeusapontamentos.com\/index.php\/2014\/01\/26\/o-porto-na-4a-semana-de-2014\/","name":"O Porto na 4\u00aa semana de 2014 - Os Meus Apontamentos","isPartOf":{"@id":"https:\/\/osmeusapontamentos.com\/#website"},"primaryImageOfPage":{"@id":"https:\/\/osmeusapontamentos.com\/index.php\/2014\/01\/26\/o-porto-na-4a-semana-de-2014\/#primaryimage"},"image":{"@id":"https:\/\/osmeusapontamentos.com\/index.php\/2014\/01\/26\/o-porto-na-4a-semana-de-2014\/#primaryimage"},"thumbnailUrl":"","datePublished":"2014-01-26T15:09:43+00:00","breadcrumb":{"@id":"https:\/\/osmeusapontamentos.com\/index.php\/2014\/01\/26\/o-porto-na-4a-semana-de-2014\/#breadcrumb"},"inLanguage":"pt-PT","potentialAction":[{"@type":"ReadAction","target":["https:\/\/osmeusapontamentos.com\/index.php\/2014\/01\/26\/o-porto-na-4a-semana-de-2014\/"]}]},{"@type":"ImageObject","inLanguage":"pt-PT","@id":"https:\/\/osmeusapontamentos.com\/index.php\/2014\/01\/26\/o-porto-na-4a-semana-de-2014\/#primaryimage","url":"","contentUrl":""},{"@type":"BreadcrumbList","@id":"https:\/\/osmeusapontamentos.com\/index.php\/2014\/01\/26\/o-porto-na-4a-semana-de-2014\/#breadcrumb","itemListElement":[{"@type":"ListItem","position":1,"name":"In\u00edcio","item":"https:\/\/osmeusapontamentos.com\/"},{"@type":"ListItem","position":2,"name":"O Porto na 4\u00aa semana de 2014"}]},{"@type":"WebSite","@id":"https:\/\/osmeusapontamentos.com\/#website","url":"https:\/\/osmeusapontamentos.com\/","name":"Os Meus Apontamentos","description":"","publisher":{"@id":"https:\/\/osmeusapontamentos.com\/#\/schema\/person\/d508df9c3ffc8b4e64a18dbf0ba18dd8"},"potentialAction":[{"@type":"SearchAction","target":{"@type":"EntryPoint","urlTemplate":"https:\/\/osmeusapontamentos.com\/?s={search_term_string}"},"query-input":{"@type":"PropertyValueSpecification","valueRequired":true,"valueName":"search_term_string"}}],"inLanguage":"pt-PT"},{"@type":["Person","Organization"],"@id":"https:\/\/osmeusapontamentos.com\/#\/schema\/person\/d508df9c3ffc8b4e64a18dbf0ba18dd8","name":"Vitor Silva","image":{"@type":"ImageObject","inLanguage":"pt-PT","@id":"https:\/\/secure.gravatar.com\/avatar\/f81f58ad909e8a213ab0a690f6ed65e5c0e0e2274bf35ac49ff31d7988d483ce?s=96&d=mm&r=g","url":"https:\/\/secure.gravatar.com\/avatar\/f81f58ad909e8a213ab0a690f6ed65e5c0e0e2274bf35ac49ff31d7988d483ce?s=96&d=mm&r=g","contentUrl":"https:\/\/secure.gravatar.com\/avatar\/f81f58ad909e8a213ab0a690f6ed65e5c0e0e2274bf35ac49ff31d7988d483ce?s=96&d=mm&r=g","caption":"Vitor Silva"},"logo":{"@id":"https:\/\/secure.gravatar.com\/avatar\/f81f58ad909e8a213ab0a690f6ed65e5c0e0e2274bf35ac49ff31d7988d483ce?s=96&d=mm&r=g"},"sameAs":["https:\/\/www.linkedin.com\/in\/vitormrsilva","https:\/\/x.com\/vitorsilva"]}]}},"_links":{"self":[{"href":"https:\/\/osmeusapontamentos.com\/index.php\/wp-json\/wp\/v2\/posts\/25048","targetHints":{"allow":["GET"]}}],"collection":[{"href":"https:\/\/osmeusapontamentos.com\/index.php\/wp-json\/wp\/v2\/posts"}],"about":[{"href":"https:\/\/osmeusapontamentos.com\/index.php\/wp-json\/wp\/v2\/types\/post"}],"author":[{"embeddable":true,"href":"https:\/\/osmeusapontamentos.com\/index.php\/wp-json\/wp\/v2\/users\/1"}],"replies":[{"embeddable":true,"href":"https:\/\/osmeusapontamentos.com\/index.php\/wp-json\/wp\/v2\/comments?post=25048"}],"version-history":[{"count":0,"href":"https:\/\/osmeusapontamentos.com\/index.php\/wp-json\/wp\/v2\/posts\/25048\/revisions"}],"wp:featuredmedia":[{"embeddable":true,"href":"https:\/\/osmeusapontamentos.com\/index.php\/wp-json\/"}],"wp:attachment":[{"href":"https:\/\/osmeusapontamentos.com\/index.php\/wp-json\/wp\/v2\/media?parent=25048"}],"wp:term":[{"taxonomy":"category","embeddable":true,"href":"https:\/\/osmeusapontamentos.com\/index.php\/wp-json\/wp\/v2\/categories?post=25048"},{"taxonomy":"post_tag","embeddable":true,"href":"https:\/\/osmeusapontamentos.com\/index.php\/wp-json\/wp\/v2\/tags?post=25048"}],"curies":[{"name":"wp","href":"https:\/\/api.w.org\/{rel}","templated":true}]}}