{"id":25044,"date":"2014-01-20T23:02:09","date_gmt":"2014-01-20T23:02:09","guid":{"rendered":"http:\/\/osmeusapontamentos.com\/?p=25044"},"modified":"2014-01-20T23:02:09","modified_gmt":"2014-01-20T23:02:09","slug":"o-porto-na-3a-semana-de-2014","status":"publish","type":"post","link":"https:\/\/osmeusapontamentos.com\/index.php\/2014\/01\/20\/o-porto-na-3a-semana-de-2014\/","title":{"rendered":"O Porto na 3\u00aa Semana de 2014"},"content":{"rendered":"<p><a href=\"https:\/\/www.facebook.com\/photo.php?fbid=10151814792982167&amp;set=a.149546332166.122705.143918762166&amp;type=1&amp;theater\"><img loading=\"lazy\" decoding=\"async\" class=\"size-medium wp-image-25045 aligncenter\" alt=\"1546295_10151814792982167_1499258039_n\" src=\"https:\/\/osmeusapontamentos.com\/wp-content\/uploads\/2014\/01\/1546295_10151814792982167_1499258039_n-224x300.jpg\" width=\"224\" height=\"300\" \/><\/a><\/p>\n<p>A Frente Atl\u00e2ntica ataca de novo, nova dire\u00e7\u00e3o na OASRN e a reinven\u00e7\u00e3o do Mercado da Foz.<\/p>\n<p>13 jan<\/p>\n<ul>\n<li><a href=\"http:\/\/www.publico.pt\/local\/noticia\/o-norte-e-o-centro-nao-sao-os-balcas-1619458\">&#8220;O Norte e o Centro n\u00e3o s\u00e3o os Balc\u00e3s&#8221;<\/a><\/li>\n<li><a style=\"line-height: 1.5em;\" href=\"http:\/\/www.jornaldenegocios.pt\/empresas\/banca___financas\/detalhe\/investimento_de_16_milhoes_para_recuperar_os_jogos_majora.html\">Investimento de 1,6 milh\u00f5es para recuperar os jogos Majora<\/a><\/li>\n<li><span style=\"line-height: 1.5em;\"><a href=\"http:\/\/www.porto24.pt\/cidade\/periodos-de-discussao-publica-dallas-e-das-antas-publicados-em-dr\/\">Per\u00edodos de discuss\u00e3o p\u00fablica do Dallas e das Antas publicados em DR<\/a>\u00a0<\/span><\/li>\n<li><a style=\"line-height: 1.5em;\" href=\"http:\/\/publico.pt\/1619546\">Mural gigante, e legal, est\u00e1 a nascer na Rua de Miguel Bombarda<\/a><\/li>\n<\/ul>\n<p><span style=\"line-height: 1.5em;\">14jan<\/span><\/p>\n<ul>\n<li><a href=\"http:\/\/publico.pt\/1619672\">Aos 70 anos, Mercado da Foz, no Porto, quer renovar-se<\/a><\/li>\n<\/ul>\n<p><span style=\"line-height: 1.5em;\">15jan<\/span><\/p>\n<ul>\n<li><a href=\"http:\/\/publico.pt\/1619666\">Vit\u00f3ria de candidatura geracional ou partid\u00e1ria?<\/a><\/li>\n<li><a style=\"line-height: 1.5em;\" href=\"http:\/\/publico.pt\/1619667\">Revis\u00e3o do regulamento de habita\u00e7\u00e3o do Porto foi pouco participada<\/a><\/li>\n<li><a style=\"line-height: 1.5em;\" href=\"http:\/\/publico.pt\/1619815\">Assembleia decisiva da SRU Porto Vivo marcada para 28 de Fevereiro<\/a><\/li>\n<\/ul>\n<p>16jan<\/p>\n<ul>\n<li><a style=\"line-height: 1.5em;\" href=\"http:\/\/www.porto24.pt\/cidade\/camara-porto-quer-manter-reducao-de-taxas-aos-comerciantes-bolhao\/\">C\u00e2mara do Porto quer manter redu\u00e7\u00e3o de taxas aos comerciantes do Bolh\u00e3o<\/a><\/li>\n<li><a href=\"http:\/\/plateia-apac.blogspot.pt\/2014\/01\/contributo-para-mudanca-da-politica.html\">Contributo para a mudan\u00e7a da pol\u00edtica para a cultura na cidade do Porto<\/a><\/li>\n<\/ul>\n<p>17jan<\/p>\n<ul>\n<li><a href=\"http:\/\/www.ionline.pt\/artigos\/dinheiro\/metro-porto-perde-quatro-milhoes-ano-causa-da-fraude\/pag\/-1\">Metro do Porto perde quatro milh\u00f5es por ano por causa da fraude\u00a0<\/a><\/li>\n<li><a href=\"http:\/\/publico.pt\/1620099\">Frente Atl\u00e2ntica do Porto contesta perda de receitas por \u201cerro de c\u00e1lculo\u201d do Governo<\/a><\/li>\n<li><a href=\"http:\/\/www.porto24.pt\/cidade\/frente-atlantica-quer-saber-que-empresas-pagam-quantos-impostos-municipais\/\">Frente Atl\u00e2ntica quer saber que empresas pagam quantos impostos municipais<\/a>\u00a0(<a href=\"http:\/\/www.youtube.com\/watch?v=_ACCZFXCRwk\">V\u00eddeo CMP<\/a>)<\/li>\n<\/ul>\n<p>&nbsp;<\/p>\n","protected":false},"excerpt":{"rendered":"<p>A Frente Atl\u00e2ntica ataca de novo, nova dire\u00e7\u00e3o na OASRN e a reinven\u00e7\u00e3o do Mercado da Foz<\/p>\n","protected":false},"author":1,"featured_media":25045,"comment_status":"open","ping_status":"open","sticky":false,"template":"","format":"standard","meta":{"footnotes":""},"categories":[7],"tags":[49,103,182,270,282,408,412,458,612],"class_list":["post-25044","post","type-post","status-publish","format-standard","has-post-thumbnail","hentry","category-ler-ver-ouvir-passear","tag-antas","tag-bolhao","tag-dallas","tag-frente-atlantica","tag-grafiti","tag-mercado-da-foz","tag-metro-do-porto","tag-oasrn","tag-sru"],"yoast_head":"<!-- This site is optimized with the Yoast SEO plugin v27.5 - https:\/\/yoast.com\/product\/yoast-seo-wordpress\/ -->\n<title>O Porto na 3\u00aa Semana de 2014 - Os Meus Apontamentos<\/title>\n<meta name=\"robots\" content=\"index, follow, max-snippet:-1, max-image-preview:large, max-video-preview:-1\" \/>\n<link rel=\"canonical\" href=\"https:\/\/osmeusapontamentos.com\/index.php\/2014\/01\/20\/o-porto-na-3a-semana-de-2014\/\" \/>\n<meta property=\"og:locale\" content=\"pt_PT\" \/>\n<meta property=\"og:type\" content=\"article\" \/>\n<meta property=\"og:title\" content=\"O Porto na 3\u00aa Semana de 2014 - Os Meus Apontamentos\" \/>\n<meta property=\"og:description\" content=\"A Frente Atl\u00e2ntica ataca de novo, nova dire\u00e7\u00e3o na OASRN e a reinven\u00e7\u00e3o do Mercado da Foz\" \/>\n<meta property=\"og:url\" content=\"https:\/\/osmeusapontamentos.com\/index.php\/2014\/01\/20\/o-porto-na-3a-semana-de-2014\/\" \/>\n<meta property=\"og:site_name\" content=\"Os Meus Apontamentos\" \/>\n<meta property=\"article:published_time\" content=\"2014-01-20T23:02:09+00:00\" \/>\n<meta name=\"author\" content=\"Vitor Silva\" \/>\n<meta name=\"twitter:card\" content=\"summary_large_image\" \/>\n<meta name=\"twitter:creator\" content=\"@vitorsilva\" \/>\n<meta name=\"twitter:site\" content=\"@vitorsilva\" \/>\n<meta name=\"twitter:label1\" content=\"Escrito por\" \/>\n\t<meta name=\"twitter:data1\" content=\"Vitor Silva\" \/>\n\t<meta name=\"twitter:label2\" content=\"Tempo estimado de leitura\" \/>\n\t<meta name=\"twitter:data2\" content=\"1 minuto\" \/>\n<script type=\"application\/ld+json\" class=\"yoast-schema-graph\">{\"@context\":\"https:\\\/\\\/schema.org\",\"@graph\":[{\"@type\":\"Article\",\"@id\":\"https:\\\/\\\/osmeusapontamentos.com\\\/index.php\\\/2014\\\/01\\\/20\\\/o-porto-na-3a-semana-de-2014\\\/#article\",\"isPartOf\":{\"@id\":\"https:\\\/\\\/osmeusapontamentos.com\\\/index.php\\\/2014\\\/01\\\/20\\\/o-porto-na-3a-semana-de-2014\\\/\"},\"author\":{\"name\":\"Vitor Silva\",\"@id\":\"https:\\\/\\\/osmeusapontamentos.com\\\/#\\\/schema\\\/person\\\/d508df9c3ffc8b4e64a18dbf0ba18dd8\"},\"headline\":\"O Porto na 3\u00aa Semana de 2014\",\"datePublished\":\"2014-01-20T23:02:09+00:00\",\"mainEntityOfPage\":{\"@id\":\"https:\\\/\\\/osmeusapontamentos.com\\\/index.php\\\/2014\\\/01\\\/20\\\/o-porto-na-3a-semana-de-2014\\\/\"},\"wordCount\":191,\"commentCount\":0,\"publisher\":{\"@id\":\"https:\\\/\\\/osmeusapontamentos.com\\\/#\\\/schema\\\/person\\\/d508df9c3ffc8b4e64a18dbf0ba18dd8\"},\"image\":{\"@id\":\"https:\\\/\\\/osmeusapontamentos.com\\\/index.php\\\/2014\\\/01\\\/20\\\/o-porto-na-3a-semana-de-2014\\\/#primaryimage\"},\"thumbnailUrl\":\"\",\"keywords\":[\"Antas\",\"bolh\u00e3o\",\"Dallas\",\"Frente Atl\u00e2ntica\",\"Grafiti\",\"Mercado da Foz\",\"Metro do Porto\",\"OASRN\",\"SRU\"],\"articleSection\":[\"Ler\\\/ Ver\\\/ Ouvir\\\/ Passear\"],\"inLanguage\":\"pt-PT\",\"potentialAction\":[{\"@type\":\"CommentAction\",\"name\":\"Comment\",\"target\":[\"https:\\\/\\\/osmeusapontamentos.com\\\/index.php\\\/2014\\\/01\\\/20\\\/o-porto-na-3a-semana-de-2014\\\/#respond\"]}]},{\"@type\":\"WebPage\",\"@id\":\"https:\\\/\\\/osmeusapontamentos.com\\\/index.php\\\/2014\\\/01\\\/20\\\/o-porto-na-3a-semana-de-2014\\\/\",\"url\":\"https:\\\/\\\/osmeusapontamentos.com\\\/index.php\\\/2014\\\/01\\\/20\\\/o-porto-na-3a-semana-de-2014\\\/\",\"name\":\"O Porto na 3\u00aa Semana de 2014 - Os Meus Apontamentos\",\"isPartOf\":{\"@id\":\"https:\\\/\\\/osmeusapontamentos.com\\\/#website\"},\"primaryImageOfPage\":{\"@id\":\"https:\\\/\\\/osmeusapontamentos.com\\\/index.php\\\/2014\\\/01\\\/20\\\/o-porto-na-3a-semana-de-2014\\\/#primaryimage\"},\"image\":{\"@id\":\"https:\\\/\\\/osmeusapontamentos.com\\\/index.php\\\/2014\\\/01\\\/20\\\/o-porto-na-3a-semana-de-2014\\\/#primaryimage\"},\"thumbnailUrl\":\"\",\"datePublished\":\"2014-01-20T23:02:09+00:00\",\"breadcrumb\":{\"@id\":\"https:\\\/\\\/osmeusapontamentos.com\\\/index.php\\\/2014\\\/01\\\/20\\\/o-porto-na-3a-semana-de-2014\\\/#breadcrumb\"},\"inLanguage\":\"pt-PT\",\"potentialAction\":[{\"@type\":\"ReadAction\",\"target\":[\"https:\\\/\\\/osmeusapontamentos.com\\\/index.php\\\/2014\\\/01\\\/20\\\/o-porto-na-3a-semana-de-2014\\\/\"]}]},{\"@type\":\"ImageObject\",\"inLanguage\":\"pt-PT\",\"@id\":\"https:\\\/\\\/osmeusapontamentos.com\\\/index.php\\\/2014\\\/01\\\/20\\\/o-porto-na-3a-semana-de-2014\\\/#primaryimage\",\"url\":\"\",\"contentUrl\":\"\"},{\"@type\":\"BreadcrumbList\",\"@id\":\"https:\\\/\\\/osmeusapontamentos.com\\\/index.php\\\/2014\\\/01\\\/20\\\/o-porto-na-3a-semana-de-2014\\\/#breadcrumb\",\"itemListElement\":[{\"@type\":\"ListItem\",\"position\":1,\"name\":\"In\u00edcio\",\"item\":\"https:\\\/\\\/osmeusapontamentos.com\\\/\"},{\"@type\":\"ListItem\",\"position\":2,\"name\":\"O Porto na 3\u00aa Semana de 2014\"}]},{\"@type\":\"WebSite\",\"@id\":\"https:\\\/\\\/osmeusapontamentos.com\\\/#website\",\"url\":\"https:\\\/\\\/osmeusapontamentos.com\\\/\",\"name\":\"Os Meus Apontamentos\",\"description\":\"\",\"publisher\":{\"@id\":\"https:\\\/\\\/osmeusapontamentos.com\\\/#\\\/schema\\\/person\\\/d508df9c3ffc8b4e64a18dbf0ba18dd8\"},\"potentialAction\":[{\"@type\":\"SearchAction\",\"target\":{\"@type\":\"EntryPoint\",\"urlTemplate\":\"https:\\\/\\\/osmeusapontamentos.com\\\/?s={search_term_string}\"},\"query-input\":{\"@type\":\"PropertyValueSpecification\",\"valueRequired\":true,\"valueName\":\"search_term_string\"}}],\"inLanguage\":\"pt-PT\"},{\"@type\":[\"Person\",\"Organization\"],\"@id\":\"https:\\\/\\\/osmeusapontamentos.com\\\/#\\\/schema\\\/person\\\/d508df9c3ffc8b4e64a18dbf0ba18dd8\",\"name\":\"Vitor Silva\",\"image\":{\"@type\":\"ImageObject\",\"inLanguage\":\"pt-PT\",\"@id\":\"https:\\\/\\\/secure.gravatar.com\\\/avatar\\\/f81f58ad909e8a213ab0a690f6ed65e5c0e0e2274bf35ac49ff31d7988d483ce?s=96&d=mm&r=g\",\"url\":\"https:\\\/\\\/secure.gravatar.com\\\/avatar\\\/f81f58ad909e8a213ab0a690f6ed65e5c0e0e2274bf35ac49ff31d7988d483ce?s=96&d=mm&r=g\",\"contentUrl\":\"https:\\\/\\\/secure.gravatar.com\\\/avatar\\\/f81f58ad909e8a213ab0a690f6ed65e5c0e0e2274bf35ac49ff31d7988d483ce?s=96&d=mm&r=g\",\"caption\":\"Vitor Silva\"},\"logo\":{\"@id\":\"https:\\\/\\\/secure.gravatar.com\\\/avatar\\\/f81f58ad909e8a213ab0a690f6ed65e5c0e0e2274bf35ac49ff31d7988d483ce?s=96&d=mm&r=g\"},\"sameAs\":[\"https:\\\/\\\/www.linkedin.com\\\/in\\\/vitormrsilva\",\"https:\\\/\\\/x.com\\\/vitorsilva\"]}]}<\/script>\n<!-- \/ Yoast SEO plugin. -->","yoast_head_json":{"title":"O Porto na 3\u00aa Semana de 2014 - Os Meus Apontamentos","robots":{"index":"index","follow":"follow","max-snippet":"max-snippet:-1","max-image-preview":"max-image-preview:large","max-video-preview":"max-video-preview:-1"},"canonical":"https:\/\/osmeusapontamentos.com\/index.php\/2014\/01\/20\/o-porto-na-3a-semana-de-2014\/","og_locale":"pt_PT","og_type":"article","og_title":"O Porto na 3\u00aa Semana de 2014 - Os Meus Apontamentos","og_description":"A Frente Atl\u00e2ntica ataca de novo, nova dire\u00e7\u00e3o na OASRN e a reinven\u00e7\u00e3o do Mercado da Foz","og_url":"https:\/\/osmeusapontamentos.com\/index.php\/2014\/01\/20\/o-porto-na-3a-semana-de-2014\/","og_site_name":"Os Meus Apontamentos","article_published_time":"2014-01-20T23:02:09+00:00","author":"Vitor Silva","twitter_card":"summary_large_image","twitter_creator":"@vitorsilva","twitter_site":"@vitorsilva","twitter_misc":{"Escrito por":"Vitor Silva","Tempo estimado de leitura":"1 minuto"},"schema":{"@context":"https:\/\/schema.org","@graph":[{"@type":"Article","@id":"https:\/\/osmeusapontamentos.com\/index.php\/2014\/01\/20\/o-porto-na-3a-semana-de-2014\/#article","isPartOf":{"@id":"https:\/\/osmeusapontamentos.com\/index.php\/2014\/01\/20\/o-porto-na-3a-semana-de-2014\/"},"author":{"name":"Vitor Silva","@id":"https:\/\/osmeusapontamentos.com\/#\/schema\/person\/d508df9c3ffc8b4e64a18dbf0ba18dd8"},"headline":"O Porto na 3\u00aa Semana de 2014","datePublished":"2014-01-20T23:02:09+00:00","mainEntityOfPage":{"@id":"https:\/\/osmeusapontamentos.com\/index.php\/2014\/01\/20\/o-porto-na-3a-semana-de-2014\/"},"wordCount":191,"commentCount":0,"publisher":{"@id":"https:\/\/osmeusapontamentos.com\/#\/schema\/person\/d508df9c3ffc8b4e64a18dbf0ba18dd8"},"image":{"@id":"https:\/\/osmeusapontamentos.com\/index.php\/2014\/01\/20\/o-porto-na-3a-semana-de-2014\/#primaryimage"},"thumbnailUrl":"","keywords":["Antas","bolh\u00e3o","Dallas","Frente Atl\u00e2ntica","Grafiti","Mercado da Foz","Metro do Porto","OASRN","SRU"],"articleSection":["Ler\/ Ver\/ Ouvir\/ Passear"],"inLanguage":"pt-PT","potentialAction":[{"@type":"CommentAction","name":"Comment","target":["https:\/\/osmeusapontamentos.com\/index.php\/2014\/01\/20\/o-porto-na-3a-semana-de-2014\/#respond"]}]},{"@type":"WebPage","@id":"https:\/\/osmeusapontamentos.com\/index.php\/2014\/01\/20\/o-porto-na-3a-semana-de-2014\/","url":"https:\/\/osmeusapontamentos.com\/index.php\/2014\/01\/20\/o-porto-na-3a-semana-de-2014\/","name":"O Porto na 3\u00aa Semana de 2014 - Os Meus Apontamentos","isPartOf":{"@id":"https:\/\/osmeusapontamentos.com\/#website"},"primaryImageOfPage":{"@id":"https:\/\/osmeusapontamentos.com\/index.php\/2014\/01\/20\/o-porto-na-3a-semana-de-2014\/#primaryimage"},"image":{"@id":"https:\/\/osmeusapontamentos.com\/index.php\/2014\/01\/20\/o-porto-na-3a-semana-de-2014\/#primaryimage"},"thumbnailUrl":"","datePublished":"2014-01-20T23:02:09+00:00","breadcrumb":{"@id":"https:\/\/osmeusapontamentos.com\/index.php\/2014\/01\/20\/o-porto-na-3a-semana-de-2014\/#breadcrumb"},"inLanguage":"pt-PT","potentialAction":[{"@type":"ReadAction","target":["https:\/\/osmeusapontamentos.com\/index.php\/2014\/01\/20\/o-porto-na-3a-semana-de-2014\/"]}]},{"@type":"ImageObject","inLanguage":"pt-PT","@id":"https:\/\/osmeusapontamentos.com\/index.php\/2014\/01\/20\/o-porto-na-3a-semana-de-2014\/#primaryimage","url":"","contentUrl":""},{"@type":"BreadcrumbList","@id":"https:\/\/osmeusapontamentos.com\/index.php\/2014\/01\/20\/o-porto-na-3a-semana-de-2014\/#breadcrumb","itemListElement":[{"@type":"ListItem","position":1,"name":"In\u00edcio","item":"https:\/\/osmeusapontamentos.com\/"},{"@type":"ListItem","position":2,"name":"O Porto na 3\u00aa Semana de 2014"}]},{"@type":"WebSite","@id":"https:\/\/osmeusapontamentos.com\/#website","url":"https:\/\/osmeusapontamentos.com\/","name":"Os Meus Apontamentos","description":"","publisher":{"@id":"https:\/\/osmeusapontamentos.com\/#\/schema\/person\/d508df9c3ffc8b4e64a18dbf0ba18dd8"},"potentialAction":[{"@type":"SearchAction","target":{"@type":"EntryPoint","urlTemplate":"https:\/\/osmeusapontamentos.com\/?s={search_term_string}"},"query-input":{"@type":"PropertyValueSpecification","valueRequired":true,"valueName":"search_term_string"}}],"inLanguage":"pt-PT"},{"@type":["Person","Organization"],"@id":"https:\/\/osmeusapontamentos.com\/#\/schema\/person\/d508df9c3ffc8b4e64a18dbf0ba18dd8","name":"Vitor Silva","image":{"@type":"ImageObject","inLanguage":"pt-PT","@id":"https:\/\/secure.gravatar.com\/avatar\/f81f58ad909e8a213ab0a690f6ed65e5c0e0e2274bf35ac49ff31d7988d483ce?s=96&d=mm&r=g","url":"https:\/\/secure.gravatar.com\/avatar\/f81f58ad909e8a213ab0a690f6ed65e5c0e0e2274bf35ac49ff31d7988d483ce?s=96&d=mm&r=g","contentUrl":"https:\/\/secure.gravatar.com\/avatar\/f81f58ad909e8a213ab0a690f6ed65e5c0e0e2274bf35ac49ff31d7988d483ce?s=96&d=mm&r=g","caption":"Vitor Silva"},"logo":{"@id":"https:\/\/secure.gravatar.com\/avatar\/f81f58ad909e8a213ab0a690f6ed65e5c0e0e2274bf35ac49ff31d7988d483ce?s=96&d=mm&r=g"},"sameAs":["https:\/\/www.linkedin.com\/in\/vitormrsilva","https:\/\/x.com\/vitorsilva"]}]}},"_links":{"self":[{"href":"https:\/\/osmeusapontamentos.com\/index.php\/wp-json\/wp\/v2\/posts\/25044","targetHints":{"allow":["GET"]}}],"collection":[{"href":"https:\/\/osmeusapontamentos.com\/index.php\/wp-json\/wp\/v2\/posts"}],"about":[{"href":"https:\/\/osmeusapontamentos.com\/index.php\/wp-json\/wp\/v2\/types\/post"}],"author":[{"embeddable":true,"href":"https:\/\/osmeusapontamentos.com\/index.php\/wp-json\/wp\/v2\/users\/1"}],"replies":[{"embeddable":true,"href":"https:\/\/osmeusapontamentos.com\/index.php\/wp-json\/wp\/v2\/comments?post=25044"}],"version-history":[{"count":0,"href":"https:\/\/osmeusapontamentos.com\/index.php\/wp-json\/wp\/v2\/posts\/25044\/revisions"}],"wp:featuredmedia":[{"embeddable":true,"href":"https:\/\/osmeusapontamentos.com\/index.php\/wp-json\/"}],"wp:attachment":[{"href":"https:\/\/osmeusapontamentos.com\/index.php\/wp-json\/wp\/v2\/media?parent=25044"}],"wp:term":[{"taxonomy":"category","embeddable":true,"href":"https:\/\/osmeusapontamentos.com\/index.php\/wp-json\/wp\/v2\/categories?post=25044"},{"taxonomy":"post_tag","embeddable":true,"href":"https:\/\/osmeusapontamentos.com\/index.php\/wp-json\/wp\/v2\/tags?post=25044"}],"curies":[{"name":"wp","href":"https:\/\/api.w.org\/{rel}","templated":true}]}}