{"id":25028,"date":"2014-01-05T16:02:50","date_gmt":"2014-01-05T16:02:50","guid":{"rendered":"http:\/\/osmeusapontamentos.com\/?p=25028"},"modified":"2014-01-05T16:02:50","modified_gmt":"2014-01-05T16:02:50","slug":"o-porto-na-1a-semana-de-2014","status":"publish","type":"post","link":"https:\/\/osmeusapontamentos.com\/index.php\/2014\/01\/05\/o-porto-na-1a-semana-de-2014\/","title":{"rendered":"O Porto na 1\u00aa semana de 2014"},"content":{"rendered":"<figure id=\"attachment_25031\" aria-describedby=\"caption-attachment-25031\" style=\"width: 300px\" class=\"wp-caption aligncenter\"><a href=\"https:\/\/www.facebook.com\/photo.php?fbid=681275978560058&amp;set=a.231882303499430.58993.111507572203571&amp;type=1&amp;theater\"><img loading=\"lazy\" decoding=\"async\" class=\"size-medium wp-image-25031 \" title=\"Novas Instala\u00e7\u00f5es UPTEC\" alt=\"Novas Instala\u00e7\u00f5es UPTEC\" src=\"https:\/\/osmeusapontamentos.com\/wp-content\/uploads\/2014\/01\/uptec-300x300.jpg\" width=\"300\" height=\"300\" \/><\/a><figcaption id=\"caption-attachment-25031\" class=\"wp-caption-text\">Novas Instala\u00e7\u00f5es UPTEC<\/figcaption><\/figure>\n<p>1 jan<\/p>\n<ul>\n<li><a href=\"http:\/\/www.publico.pt\/local\/noticia\/porto-lazer-contabilizou-100-mil-pessoas-nos-aliados-na-passagem-de-ano-1618131\">Porto Lazer contabilizou 100 mil pessoas nos Aliados na passagem de ano\u00a0(not\u00edcia P\u00fablico)<\/a>, <a href=\"http:\/\/www.youtube.com\/watch?v=QFvoLpr7VBk\">V\u00eddeo CMP<\/a><\/li>\n<\/ul>\n<p>2 jan<\/p>\n<ul>\n<li><a href=\"http:\/\/porto24.pt\/vida\/02012014\/peca-gisberta-sobe-ao-palco-do-rivoli\/#.UshPNfRdX74\">Pe\u00e7a \u201cGisberta\u201d sobe ao palco do Rivoli\u00a0(noticia Porto24)<\/a><\/li>\n<li><a href=\"http:\/\/porto24.pt\/porto\/02012014\/desabamento-de-muro-impede-acesso-a-casas-no-bonfim\/#.UshPlfRdX74\">Desabamento de muro impede acesso a casas no Bonfim\u00a0(noticia Porto24)<\/a><\/li>\n<li><a href=\"http:\/\/www.publico.pt\/local\/noticia\/primeira-hasta-publica-de-rui-moreira-ja-tem-eventuais-interessados-1618215\">Primeira hasta p\u00fablica de Rui Moreira j\u00e1 tem \u201ceventuais interessados\u201d\u00a0(noticia P\u00fablico)<\/a><\/li>\n<li><a href=\"http:\/\/www.bbc.co.uk\/news\/business-25573766\">Tour guides in Portugal show off austerity hit city (noticia BBC)<\/a><\/li>\n<\/ul>\n<p>3 jan<\/p>\n<ul>\n<li><a href=\"http:\/\/www.tsf.pt\/PaginaInicial\/Vida\/Interior.aspx?content_id=3613579\">Portugueses n\u00e3o sabem apreciar Vinho do Porto\u00a0(not\u00edcia TSF)<\/a><\/li>\n<li><a href=\"http:\/\/www.publico.pt\/local\/noticia\/gondomar-e-porto-vao-estudar-alternativas-a-etar-de-rio-tinto-1618333\">Gondomar e Porto v\u00e3o estudar alternativas \u00e0 ETAR de Rio Tinto\u00a0(not\u00edcia P\u00fablico)<\/a><\/li>\n<li><a href=\"http:\/\/www.publico.pt\/local\/noticia\/assembleia-geral-da-sru-porto-vivo-foi-adiada-pelos-accionistas-1618343\">Assembleia geral da SRU Porto Vivo foi adiada pelos accionistas\u00a0(not\u00edcia P\u00fablico)<\/a><\/li>\n<li><a style=\"line-height: 1.5em;\" href=\"http:\/\/www.porto.pcp.pt\/index.php?option=com_content&amp;view=article&amp;id=1924:sobre-o-compromisso-dos-municipios-da-frente-atlantica-do-porto-e-as-manobras-de-propaganda-associadas&amp;catid=42:poder-local&amp;Itemid=2\">Sobre o Compromisso dos Munic\u00edpios da Frente Atl\u00e2ntica do Porto e as manobras de propaganda associadas\u00a0(comunicado PCP Porto)<\/a><\/li>\n<\/ul>\n<p><span style=\"line-height: 1.5em;\">4jan<\/span><\/p>\n<ul>\n<li><a href=\"http:\/\/porto24.pt\/porto\/04012014\/governo-empenhado-em-solucao-global-para-sru-do-porto\/#.UshP8vRdX74\">Governo empenhado em \u201csolu\u00e7\u00e3o global\u201d para SRU do Porto\u00a0(not\u00edcia P\u00fablico)<\/a><\/li>\n<li><a href=\"http:\/\/www.publico.pt\/politica\/noticia\/autarcas-do-ps-querem-regionalizacao-logo-apos-saida-da-troika-1618427\">Autarcas do PS querem regionaliza\u00e7\u00e3o logo ap\u00f3s sa\u00edda da troika\u00a0(not\u00edcia Porto24)<\/a><\/li>\n<\/ul>\n<p>&nbsp;<\/p>\n<p>Resumo com a ajuda do <a href=\"http:\/\/busca.tretas.org\/consulta\/dia\/2014\/1\/1\/?source=-1&amp;query=porto&amp;order=1&amp;page=3\">Busca Tretas<\/a><\/p>\n<p>&nbsp;<\/p>\n","protected":false},"excerpt":{"rendered":"<p>Worst Tours na BBC, A surpresa da regionaliza\u00e7\u00e3o, a continuidade da SRU e o mau tempo<\/p>\n","protected":false},"author":1,"featured_media":25031,"comment_status":"open","ping_status":"open","sticky":false,"template":"","format":"standard","meta":{"footnotes":""},"categories":[7],"tags":[236,243,270,292,557,612,676],"class_list":["post-25028","post","type-post","status-publish","format-standard","has-post-thumbnail","hentry","category-ler-ver-ouvir-passear","tag-etar-rio-tinto","tag-eventos-porto","tag-frente-atlantica","tag-hasta-publica","tag-regionalizacao","tag-sru","tag-vinho-do-porto"],"yoast_head":"<!-- This site is optimized with the Yoast SEO plugin v27.5 - https:\/\/yoast.com\/product\/yoast-seo-wordpress\/ -->\n<title>O Porto na 1\u00aa semana de 2014 - Os Meus Apontamentos<\/title>\n<meta name=\"robots\" content=\"index, follow, max-snippet:-1, max-image-preview:large, max-video-preview:-1\" \/>\n<link rel=\"canonical\" href=\"https:\/\/osmeusapontamentos.com\/index.php\/2014\/01\/05\/o-porto-na-1a-semana-de-2014\/\" \/>\n<meta property=\"og:locale\" content=\"pt_PT\" \/>\n<meta property=\"og:type\" content=\"article\" \/>\n<meta property=\"og:title\" content=\"O Porto na 1\u00aa semana de 2014 - Os Meus Apontamentos\" \/>\n<meta property=\"og:description\" content=\"Worst Tours na BBC, A surpresa da regionaliza\u00e7\u00e3o, a continuidade da SRU e o mau tempo\" \/>\n<meta property=\"og:url\" content=\"https:\/\/osmeusapontamentos.com\/index.php\/2014\/01\/05\/o-porto-na-1a-semana-de-2014\/\" \/>\n<meta property=\"og:site_name\" content=\"Os Meus Apontamentos\" \/>\n<meta property=\"article:published_time\" content=\"2014-01-05T16:02:50+00:00\" \/>\n<meta name=\"author\" content=\"Vitor Silva\" \/>\n<meta name=\"twitter:card\" content=\"summary_large_image\" \/>\n<meta name=\"twitter:creator\" content=\"@vitorsilva\" \/>\n<meta name=\"twitter:site\" content=\"@vitorsilva\" \/>\n<meta name=\"twitter:label1\" content=\"Escrito por\" \/>\n\t<meta name=\"twitter:data1\" content=\"Vitor Silva\" \/>\n\t<meta name=\"twitter:label2\" content=\"Tempo estimado de leitura\" \/>\n\t<meta name=\"twitter:data2\" content=\"1 minuto\" \/>\n<script type=\"application\/ld+json\" class=\"yoast-schema-graph\">{\"@context\":\"https:\\\/\\\/schema.org\",\"@graph\":[{\"@type\":\"Article\",\"@id\":\"https:\\\/\\\/osmeusapontamentos.com\\\/index.php\\\/2014\\\/01\\\/05\\\/o-porto-na-1a-semana-de-2014\\\/#article\",\"isPartOf\":{\"@id\":\"https:\\\/\\\/osmeusapontamentos.com\\\/index.php\\\/2014\\\/01\\\/05\\\/o-porto-na-1a-semana-de-2014\\\/\"},\"author\":{\"name\":\"Vitor Silva\",\"@id\":\"https:\\\/\\\/osmeusapontamentos.com\\\/#\\\/schema\\\/person\\\/d508df9c3ffc8b4e64a18dbf0ba18dd8\"},\"headline\":\"O Porto na 1\u00aa semana de 2014\",\"datePublished\":\"2014-01-05T16:02:50+00:00\",\"mainEntityOfPage\":{\"@id\":\"https:\\\/\\\/osmeusapontamentos.com\\\/index.php\\\/2014\\\/01\\\/05\\\/o-porto-na-1a-semana-de-2014\\\/\"},\"wordCount\":184,\"commentCount\":0,\"publisher\":{\"@id\":\"https:\\\/\\\/osmeusapontamentos.com\\\/#\\\/schema\\\/person\\\/d508df9c3ffc8b4e64a18dbf0ba18dd8\"},\"image\":{\"@id\":\"https:\\\/\\\/osmeusapontamentos.com\\\/index.php\\\/2014\\\/01\\\/05\\\/o-porto-na-1a-semana-de-2014\\\/#primaryimage\"},\"thumbnailUrl\":\"\",\"keywords\":[\"ETAR Rio Tinto\",\"Eventos Porto\",\"Frente Atl\u00e2ntica\",\"Hasta P\u00fablica\",\"regionaliza\u00e7\u00e3o\",\"SRU\",\"Vinho do Porto\"],\"articleSection\":[\"Ler\\\/ Ver\\\/ Ouvir\\\/ Passear\"],\"inLanguage\":\"pt-PT\",\"potentialAction\":[{\"@type\":\"CommentAction\",\"name\":\"Comment\",\"target\":[\"https:\\\/\\\/osmeusapontamentos.com\\\/index.php\\\/2014\\\/01\\\/05\\\/o-porto-na-1a-semana-de-2014\\\/#respond\"]}]},{\"@type\":\"WebPage\",\"@id\":\"https:\\\/\\\/osmeusapontamentos.com\\\/index.php\\\/2014\\\/01\\\/05\\\/o-porto-na-1a-semana-de-2014\\\/\",\"url\":\"https:\\\/\\\/osmeusapontamentos.com\\\/index.php\\\/2014\\\/01\\\/05\\\/o-porto-na-1a-semana-de-2014\\\/\",\"name\":\"O Porto na 1\u00aa semana de 2014 - Os Meus Apontamentos\",\"isPartOf\":{\"@id\":\"https:\\\/\\\/osmeusapontamentos.com\\\/#website\"},\"primaryImageOfPage\":{\"@id\":\"https:\\\/\\\/osmeusapontamentos.com\\\/index.php\\\/2014\\\/01\\\/05\\\/o-porto-na-1a-semana-de-2014\\\/#primaryimage\"},\"image\":{\"@id\":\"https:\\\/\\\/osmeusapontamentos.com\\\/index.php\\\/2014\\\/01\\\/05\\\/o-porto-na-1a-semana-de-2014\\\/#primaryimage\"},\"thumbnailUrl\":\"\",\"datePublished\":\"2014-01-05T16:02:50+00:00\",\"breadcrumb\":{\"@id\":\"https:\\\/\\\/osmeusapontamentos.com\\\/index.php\\\/2014\\\/01\\\/05\\\/o-porto-na-1a-semana-de-2014\\\/#breadcrumb\"},\"inLanguage\":\"pt-PT\",\"potentialAction\":[{\"@type\":\"ReadAction\",\"target\":[\"https:\\\/\\\/osmeusapontamentos.com\\\/index.php\\\/2014\\\/01\\\/05\\\/o-porto-na-1a-semana-de-2014\\\/\"]}]},{\"@type\":\"ImageObject\",\"inLanguage\":\"pt-PT\",\"@id\":\"https:\\\/\\\/osmeusapontamentos.com\\\/index.php\\\/2014\\\/01\\\/05\\\/o-porto-na-1a-semana-de-2014\\\/#primaryimage\",\"url\":\"\",\"contentUrl\":\"\"},{\"@type\":\"BreadcrumbList\",\"@id\":\"https:\\\/\\\/osmeusapontamentos.com\\\/index.php\\\/2014\\\/01\\\/05\\\/o-porto-na-1a-semana-de-2014\\\/#breadcrumb\",\"itemListElement\":[{\"@type\":\"ListItem\",\"position\":1,\"name\":\"In\u00edcio\",\"item\":\"https:\\\/\\\/osmeusapontamentos.com\\\/\"},{\"@type\":\"ListItem\",\"position\":2,\"name\":\"O Porto na 1\u00aa semana de 2014\"}]},{\"@type\":\"WebSite\",\"@id\":\"https:\\\/\\\/osmeusapontamentos.com\\\/#website\",\"url\":\"https:\\\/\\\/osmeusapontamentos.com\\\/\",\"name\":\"Os Meus Apontamentos\",\"description\":\"\",\"publisher\":{\"@id\":\"https:\\\/\\\/osmeusapontamentos.com\\\/#\\\/schema\\\/person\\\/d508df9c3ffc8b4e64a18dbf0ba18dd8\"},\"potentialAction\":[{\"@type\":\"SearchAction\",\"target\":{\"@type\":\"EntryPoint\",\"urlTemplate\":\"https:\\\/\\\/osmeusapontamentos.com\\\/?s={search_term_string}\"},\"query-input\":{\"@type\":\"PropertyValueSpecification\",\"valueRequired\":true,\"valueName\":\"search_term_string\"}}],\"inLanguage\":\"pt-PT\"},{\"@type\":[\"Person\",\"Organization\"],\"@id\":\"https:\\\/\\\/osmeusapontamentos.com\\\/#\\\/schema\\\/person\\\/d508df9c3ffc8b4e64a18dbf0ba18dd8\",\"name\":\"Vitor Silva\",\"image\":{\"@type\":\"ImageObject\",\"inLanguage\":\"pt-PT\",\"@id\":\"https:\\\/\\\/secure.gravatar.com\\\/avatar\\\/f81f58ad909e8a213ab0a690f6ed65e5c0e0e2274bf35ac49ff31d7988d483ce?s=96&d=mm&r=g\",\"url\":\"https:\\\/\\\/secure.gravatar.com\\\/avatar\\\/f81f58ad909e8a213ab0a690f6ed65e5c0e0e2274bf35ac49ff31d7988d483ce?s=96&d=mm&r=g\",\"contentUrl\":\"https:\\\/\\\/secure.gravatar.com\\\/avatar\\\/f81f58ad909e8a213ab0a690f6ed65e5c0e0e2274bf35ac49ff31d7988d483ce?s=96&d=mm&r=g\",\"caption\":\"Vitor Silva\"},\"logo\":{\"@id\":\"https:\\\/\\\/secure.gravatar.com\\\/avatar\\\/f81f58ad909e8a213ab0a690f6ed65e5c0e0e2274bf35ac49ff31d7988d483ce?s=96&d=mm&r=g\"},\"sameAs\":[\"https:\\\/\\\/www.linkedin.com\\\/in\\\/vitormrsilva\",\"https:\\\/\\\/x.com\\\/vitorsilva\"]}]}<\/script>\n<!-- \/ Yoast SEO plugin. -->","yoast_head_json":{"title":"O Porto na 1\u00aa semana de 2014 - Os Meus Apontamentos","robots":{"index":"index","follow":"follow","max-snippet":"max-snippet:-1","max-image-preview":"max-image-preview:large","max-video-preview":"max-video-preview:-1"},"canonical":"https:\/\/osmeusapontamentos.com\/index.php\/2014\/01\/05\/o-porto-na-1a-semana-de-2014\/","og_locale":"pt_PT","og_type":"article","og_title":"O Porto na 1\u00aa semana de 2014 - Os Meus Apontamentos","og_description":"Worst Tours na BBC, A surpresa da regionaliza\u00e7\u00e3o, a continuidade da SRU e o mau tempo","og_url":"https:\/\/osmeusapontamentos.com\/index.php\/2014\/01\/05\/o-porto-na-1a-semana-de-2014\/","og_site_name":"Os Meus Apontamentos","article_published_time":"2014-01-05T16:02:50+00:00","author":"Vitor Silva","twitter_card":"summary_large_image","twitter_creator":"@vitorsilva","twitter_site":"@vitorsilva","twitter_misc":{"Escrito por":"Vitor Silva","Tempo estimado de leitura":"1 minuto"},"schema":{"@context":"https:\/\/schema.org","@graph":[{"@type":"Article","@id":"https:\/\/osmeusapontamentos.com\/index.php\/2014\/01\/05\/o-porto-na-1a-semana-de-2014\/#article","isPartOf":{"@id":"https:\/\/osmeusapontamentos.com\/index.php\/2014\/01\/05\/o-porto-na-1a-semana-de-2014\/"},"author":{"name":"Vitor Silva","@id":"https:\/\/osmeusapontamentos.com\/#\/schema\/person\/d508df9c3ffc8b4e64a18dbf0ba18dd8"},"headline":"O Porto na 1\u00aa semana de 2014","datePublished":"2014-01-05T16:02:50+00:00","mainEntityOfPage":{"@id":"https:\/\/osmeusapontamentos.com\/index.php\/2014\/01\/05\/o-porto-na-1a-semana-de-2014\/"},"wordCount":184,"commentCount":0,"publisher":{"@id":"https:\/\/osmeusapontamentos.com\/#\/schema\/person\/d508df9c3ffc8b4e64a18dbf0ba18dd8"},"image":{"@id":"https:\/\/osmeusapontamentos.com\/index.php\/2014\/01\/05\/o-porto-na-1a-semana-de-2014\/#primaryimage"},"thumbnailUrl":"","keywords":["ETAR Rio Tinto","Eventos Porto","Frente Atl\u00e2ntica","Hasta P\u00fablica","regionaliza\u00e7\u00e3o","SRU","Vinho do Porto"],"articleSection":["Ler\/ Ver\/ Ouvir\/ Passear"],"inLanguage":"pt-PT","potentialAction":[{"@type":"CommentAction","name":"Comment","target":["https:\/\/osmeusapontamentos.com\/index.php\/2014\/01\/05\/o-porto-na-1a-semana-de-2014\/#respond"]}]},{"@type":"WebPage","@id":"https:\/\/osmeusapontamentos.com\/index.php\/2014\/01\/05\/o-porto-na-1a-semana-de-2014\/","url":"https:\/\/osmeusapontamentos.com\/index.php\/2014\/01\/05\/o-porto-na-1a-semana-de-2014\/","name":"O Porto na 1\u00aa semana de 2014 - Os Meus Apontamentos","isPartOf":{"@id":"https:\/\/osmeusapontamentos.com\/#website"},"primaryImageOfPage":{"@id":"https:\/\/osmeusapontamentos.com\/index.php\/2014\/01\/05\/o-porto-na-1a-semana-de-2014\/#primaryimage"},"image":{"@id":"https:\/\/osmeusapontamentos.com\/index.php\/2014\/01\/05\/o-porto-na-1a-semana-de-2014\/#primaryimage"},"thumbnailUrl":"","datePublished":"2014-01-05T16:02:50+00:00","breadcrumb":{"@id":"https:\/\/osmeusapontamentos.com\/index.php\/2014\/01\/05\/o-porto-na-1a-semana-de-2014\/#breadcrumb"},"inLanguage":"pt-PT","potentialAction":[{"@type":"ReadAction","target":["https:\/\/osmeusapontamentos.com\/index.php\/2014\/01\/05\/o-porto-na-1a-semana-de-2014\/"]}]},{"@type":"ImageObject","inLanguage":"pt-PT","@id":"https:\/\/osmeusapontamentos.com\/index.php\/2014\/01\/05\/o-porto-na-1a-semana-de-2014\/#primaryimage","url":"","contentUrl":""},{"@type":"BreadcrumbList","@id":"https:\/\/osmeusapontamentos.com\/index.php\/2014\/01\/05\/o-porto-na-1a-semana-de-2014\/#breadcrumb","itemListElement":[{"@type":"ListItem","position":1,"name":"In\u00edcio","item":"https:\/\/osmeusapontamentos.com\/"},{"@type":"ListItem","position":2,"name":"O Porto na 1\u00aa semana de 2014"}]},{"@type":"WebSite","@id":"https:\/\/osmeusapontamentos.com\/#website","url":"https:\/\/osmeusapontamentos.com\/","name":"Os Meus Apontamentos","description":"","publisher":{"@id":"https:\/\/osmeusapontamentos.com\/#\/schema\/person\/d508df9c3ffc8b4e64a18dbf0ba18dd8"},"potentialAction":[{"@type":"SearchAction","target":{"@type":"EntryPoint","urlTemplate":"https:\/\/osmeusapontamentos.com\/?s={search_term_string}"},"query-input":{"@type":"PropertyValueSpecification","valueRequired":true,"valueName":"search_term_string"}}],"inLanguage":"pt-PT"},{"@type":["Person","Organization"],"@id":"https:\/\/osmeusapontamentos.com\/#\/schema\/person\/d508df9c3ffc8b4e64a18dbf0ba18dd8","name":"Vitor Silva","image":{"@type":"ImageObject","inLanguage":"pt-PT","@id":"https:\/\/secure.gravatar.com\/avatar\/f81f58ad909e8a213ab0a690f6ed65e5c0e0e2274bf35ac49ff31d7988d483ce?s=96&d=mm&r=g","url":"https:\/\/secure.gravatar.com\/avatar\/f81f58ad909e8a213ab0a690f6ed65e5c0e0e2274bf35ac49ff31d7988d483ce?s=96&d=mm&r=g","contentUrl":"https:\/\/secure.gravatar.com\/avatar\/f81f58ad909e8a213ab0a690f6ed65e5c0e0e2274bf35ac49ff31d7988d483ce?s=96&d=mm&r=g","caption":"Vitor Silva"},"logo":{"@id":"https:\/\/secure.gravatar.com\/avatar\/f81f58ad909e8a213ab0a690f6ed65e5c0e0e2274bf35ac49ff31d7988d483ce?s=96&d=mm&r=g"},"sameAs":["https:\/\/www.linkedin.com\/in\/vitormrsilva","https:\/\/x.com\/vitorsilva"]}]}},"_links":{"self":[{"href":"https:\/\/osmeusapontamentos.com\/index.php\/wp-json\/wp\/v2\/posts\/25028","targetHints":{"allow":["GET"]}}],"collection":[{"href":"https:\/\/osmeusapontamentos.com\/index.php\/wp-json\/wp\/v2\/posts"}],"about":[{"href":"https:\/\/osmeusapontamentos.com\/index.php\/wp-json\/wp\/v2\/types\/post"}],"author":[{"embeddable":true,"href":"https:\/\/osmeusapontamentos.com\/index.php\/wp-json\/wp\/v2\/users\/1"}],"replies":[{"embeddable":true,"href":"https:\/\/osmeusapontamentos.com\/index.php\/wp-json\/wp\/v2\/comments?post=25028"}],"version-history":[{"count":0,"href":"https:\/\/osmeusapontamentos.com\/index.php\/wp-json\/wp\/v2\/posts\/25028\/revisions"}],"wp:featuredmedia":[{"embeddable":true,"href":"https:\/\/osmeusapontamentos.com\/index.php\/wp-json\/"}],"wp:attachment":[{"href":"https:\/\/osmeusapontamentos.com\/index.php\/wp-json\/wp\/v2\/media?parent=25028"}],"wp:term":[{"taxonomy":"category","embeddable":true,"href":"https:\/\/osmeusapontamentos.com\/index.php\/wp-json\/wp\/v2\/categories?post=25028"},{"taxonomy":"post_tag","embeddable":true,"href":"https:\/\/osmeusapontamentos.com\/index.php\/wp-json\/wp\/v2\/tags?post=25028"}],"curies":[{"name":"wp","href":"https:\/\/api.w.org\/{rel}","templated":true}]}}