{"id":24913,"date":"2013-02-09T00:53:48","date_gmt":"2013-02-09T00:53:48","guid":{"rendered":"http:\/\/osmeusapontamentos.com\/?p=24913"},"modified":"2013-02-09T00:53:48","modified_gmt":"2013-02-09T00:53:48","slug":"video-como-ferramenta-de-trabalho","status":"publish","type":"post","link":"https:\/\/osmeusapontamentos.com\/index.php\/2013\/02\/09\/video-como-ferramenta-de-trabalho\/","title":{"rendered":"Video como ferramenta de trabalho"},"content":{"rendered":"<p>No final do ano passado quando regressava do <a href=\"http:\/\/cidadania20.com\/\">Cidadania 2.0<\/a> com a <a href=\"http:\/\/artlifework.wordpress.com\/\">Ana Silva<\/a> e falava sobre algumas din\u00e2micas que queria experimentar no meu departamento referi uma iniciativa que era a de come\u00e7ar a fazer com alguns estagi\u00e1rios uma esp\u00e9cie de <a href=\"http:\/\/en.wikipedia.org\/wiki\/Video_blog\">video log<\/a> dos seus projectos.<\/p>\n<p>O objectivo principal na minha mente era ajudar a documentar o projecto, desde a fase inicial de recolha de requisitos, pesquisa da solu\u00e7\u00e3o t\u00e9cnica at\u00e9 \u00e0 implementa\u00e7\u00e3o e deployment do resultado final.<\/p>\n<p>A grande motiva\u00e7\u00e3o para esta iniciativa, para al\u00e9m do fasc\u00ednio pelo simples conceito de arquivo, \u00e9 o considerar que o <strong>olhar retrospectivo para decis\u00f5es e op\u00e7\u00f5es tomadas<\/strong> em determinados pontos do processo de desenvolvimento de software (e n\u00e3o s\u00f3) permitem perceber melhor o resultado final, bem como retirar conclus\u00f5es que, se nos limitarmos a olhar para o produto final, n\u00e3o se tornam t\u00e3o evidentes.<br \/>\n(talvez no meu inconsciente estivesse tamb\u00e9m a refer\u00eancia ao document\u00e1rio &#8220;<a href=\"http:\/\/www.projectaardvark.com\/movie\/\">Aardvark&#8217;d: 12 Weeks with Geeks<\/a>&#8221; que ainda n\u00e3o vi mas que j\u00e1 ouvi referido bastantes vezes).<\/p>\n<p>Por v\u00e1rias raz\u00f5es n\u00e3o consegui avan\u00e7ar com essa ideia para o est\u00e1gio em quest\u00e3o mas reaproveitei-a para as reuni\u00f5es semanais que realizamos no departamento. O desafio que foi lan\u00e7ado foi o de <strong>todas as semanas cada um de n\u00f3s fazer um video de cerca de 2 minutos que reflectisse o que foi a semana anterior<\/strong>.<\/p>\n<p><img loading=\"lazy\" decoding=\"async\" class=\"size-full wp-image-24916 alignnone\" alt=\"video of the week\" src=\"https:\/\/osmeusapontamentos.com\/wp-content\/uploads\/2013\/02\/video-600.png\" width=\"600\" height=\"439\" \/><\/p>\n<p>Esta semana vamos para o nosso 4\u00ba video e acho que posso dizer que tem sido uma iniciativa com um saldo muito positivo a n\u00edvel de resultados. Cada um dos membros da equipa tem usado estrat\u00e9gias relativamente diferentes e como o background profissional de cada um de n\u00f3s \u00e9 diferente a qualidade final e evolu\u00e7\u00e3o que se tem notado \u00e9 tamb\u00e9m diferente.<\/p>\n<p>Eu fiz uma primeira experi\u00eancia com um simples powerpoint, com printscreens dos trabalhos que desenvolvi, a que depois acrescentei a narra\u00e7\u00e3o, exportando no fim para video. O resultado final foi que quase n\u00e3o se ouvia nada e por isso fiquei basicamente com um video que era um slideshow muito b\u00e1sico.<br \/>\nNa semana seguinte &#8220;atirei-me&#8221; ao <a href=\"http:\/\/www.apple.com\/ilife\/imovie\/\">iMovie<\/a>, filmei-me a mim, pus umas legendas e ficou pronto. N\u00e3o deu para mais porque eu e os apples n\u00e3o nos damos muito bem.<br \/>\nFinalmente na terceira semana j\u00e1 consegui descobrir como se fazem algumas opera\u00e7\u00f5es mais avan\u00e7adas no iMovie como o <a href=\"http:\/\/support.apple.com\/kb\/PH2243\">picture-in-picture<\/a> e o video ficou ainda melhor.<\/p>\n<p>O resto da equipa foi experimentando outras ferramentas, nomeadamente o <a href=\"http:\/\/windows.microsoft.com\/en-US\/windows-live\/movie-maker-get-started\">Windows Movie Maker<\/a> (que por alguma raz\u00e3o n\u00e3o funciona no meu pc) ou algumas aplica\u00e7\u00f5es de captura de ecrans como o <a href=\"http:\/\/camstudio.org\/\">Camstudio<\/a>. Felizmente tamb\u00e9m temos na equipa quem j\u00e1 tenha &#8220;brincado&#8221; muito com outros editores de video mais profissionais como o premi\u00e9re e por isso agora j\u00e1 est\u00e3o mais \u00e0 frente e v\u00e3o nos mostrando outras coisas como aplica\u00e7\u00f5es de text-to-speech como o <a href=\"http:\/\/www.loquendo.com\/en\/demo-center\/interactive-tts-demo\/\">loquendo<\/a>.<\/p>\n<p>Tem sido uma experi\u00eancia muito interessante e que tem ainda outro benef\u00edcio que \u00e9 <strong>tornar-nos eficientes no uso destas ferramentas e torn\u00e1-las em mais uma ferramenta, como o email, ou o skype, que vamos poder usar com naturalidade para comunicar<\/strong>, seja com os nossos clientes externos seja com o resto da organiza\u00e7\u00e3o em que estamos inseridos.<\/p>\n<p>&nbsp;<\/p>\n<p>&nbsp;<\/p>\n","protected":false},"excerpt":{"rendered":"<p>No final do ano passado quando regressava do Cidadania 2.0 com a Ana Silva e falava sobre algumas din\u00e2micas que queria experimentar no meu departamento referi uma iniciativa que era a de come\u00e7ar a fazer com alguns estagi\u00e1rios uma esp\u00e9cie de video log dos seus projectos. O objectivo principal na minha mente era ajudar a [&hellip;]<\/p>\n","protected":false},"author":1,"featured_media":24920,"comment_status":"open","ping_status":"open","sticky":false,"template":"","format":"standard","meta":{"footnotes":""},"categories":[7,10],"tags":[225,311,432,589,668,669],"class_list":["post-24913","post","type-post","status-publish","format-standard","has-post-thumbnail","hentry","category-ler-ver-ouvir-passear","category-worklife","tag-enterprise-2-0","tag-imovie","tag-movie-maker","tag-samsys","tag-video","tag-video-log"],"yoast_head":"<!-- This site is optimized with the Yoast SEO plugin v27.5 - https:\/\/yoast.com\/product\/yoast-seo-wordpress\/ -->\n<title>Video como ferramenta de trabalho - Os Meus Apontamentos<\/title>\n<meta name=\"robots\" content=\"index, follow, max-snippet:-1, max-image-preview:large, max-video-preview:-1\" \/>\n<link rel=\"canonical\" href=\"https:\/\/osmeusapontamentos.com\/index.php\/2013\/02\/09\/video-como-ferramenta-de-trabalho\/\" \/>\n<meta property=\"og:locale\" content=\"pt_PT\" \/>\n<meta property=\"og:type\" content=\"article\" \/>\n<meta property=\"og:title\" content=\"Video como ferramenta de trabalho - Os Meus Apontamentos\" \/>\n<meta property=\"og:description\" content=\"No final do ano passado quando regressava do Cidadania 2.0 com a Ana Silva e falava sobre algumas din\u00e2micas que queria experimentar no meu departamento referi uma iniciativa que era a de come\u00e7ar a fazer com alguns estagi\u00e1rios uma esp\u00e9cie de video log dos seus projectos. O objectivo principal na minha mente era ajudar a [&hellip;]\" \/>\n<meta property=\"og:url\" content=\"https:\/\/osmeusapontamentos.com\/index.php\/2013\/02\/09\/video-como-ferramenta-de-trabalho\/\" \/>\n<meta property=\"og:site_name\" content=\"Os Meus Apontamentos\" \/>\n<meta property=\"article:published_time\" content=\"2013-02-09T00:53:48+00:00\" \/>\n<meta name=\"author\" content=\"Vitor Silva\" \/>\n<meta name=\"twitter:card\" content=\"summary_large_image\" \/>\n<meta name=\"twitter:creator\" content=\"@vitorsilva\" \/>\n<meta name=\"twitter:site\" content=\"@vitorsilva\" \/>\n<meta name=\"twitter:label1\" content=\"Escrito por\" \/>\n\t<meta name=\"twitter:data1\" content=\"Vitor Silva\" \/>\n\t<meta name=\"twitter:label2\" content=\"Tempo estimado de leitura\" \/>\n\t<meta name=\"twitter:data2\" content=\"3 minutos\" \/>\n<script type=\"application\/ld+json\" class=\"yoast-schema-graph\">{\"@context\":\"https:\\\/\\\/schema.org\",\"@graph\":[{\"@type\":\"Article\",\"@id\":\"https:\\\/\\\/osmeusapontamentos.com\\\/index.php\\\/2013\\\/02\\\/09\\\/video-como-ferramenta-de-trabalho\\\/#article\",\"isPartOf\":{\"@id\":\"https:\\\/\\\/osmeusapontamentos.com\\\/index.php\\\/2013\\\/02\\\/09\\\/video-como-ferramenta-de-trabalho\\\/\"},\"author\":{\"name\":\"Vitor Silva\",\"@id\":\"https:\\\/\\\/osmeusapontamentos.com\\\/#\\\/schema\\\/person\\\/d508df9c3ffc8b4e64a18dbf0ba18dd8\"},\"headline\":\"Video como ferramenta de trabalho\",\"datePublished\":\"2013-02-09T00:53:48+00:00\",\"mainEntityOfPage\":{\"@id\":\"https:\\\/\\\/osmeusapontamentos.com\\\/index.php\\\/2013\\\/02\\\/09\\\/video-como-ferramenta-de-trabalho\\\/\"},\"wordCount\":570,\"commentCount\":2,\"publisher\":{\"@id\":\"https:\\\/\\\/osmeusapontamentos.com\\\/#\\\/schema\\\/person\\\/d508df9c3ffc8b4e64a18dbf0ba18dd8\"},\"image\":{\"@id\":\"https:\\\/\\\/osmeusapontamentos.com\\\/index.php\\\/2013\\\/02\\\/09\\\/video-como-ferramenta-de-trabalho\\\/#primaryimage\"},\"thumbnailUrl\":\"\",\"keywords\":[\"enterprise 2.0\",\"imovie\",\"movie maker\",\"samsys\",\"video\",\"video log\"],\"articleSection\":[\"Ler\\\/ Ver\\\/ Ouvir\\\/ Passear\",\"Programa\u00e7\u00e3o\"],\"inLanguage\":\"pt-PT\",\"potentialAction\":[{\"@type\":\"CommentAction\",\"name\":\"Comment\",\"target\":[\"https:\\\/\\\/osmeusapontamentos.com\\\/index.php\\\/2013\\\/02\\\/09\\\/video-como-ferramenta-de-trabalho\\\/#respond\"]}]},{\"@type\":\"WebPage\",\"@id\":\"https:\\\/\\\/osmeusapontamentos.com\\\/index.php\\\/2013\\\/02\\\/09\\\/video-como-ferramenta-de-trabalho\\\/\",\"url\":\"https:\\\/\\\/osmeusapontamentos.com\\\/index.php\\\/2013\\\/02\\\/09\\\/video-como-ferramenta-de-trabalho\\\/\",\"name\":\"Video como ferramenta de trabalho - Os Meus Apontamentos\",\"isPartOf\":{\"@id\":\"https:\\\/\\\/osmeusapontamentos.com\\\/#website\"},\"primaryImageOfPage\":{\"@id\":\"https:\\\/\\\/osmeusapontamentos.com\\\/index.php\\\/2013\\\/02\\\/09\\\/video-como-ferramenta-de-trabalho\\\/#primaryimage\"},\"image\":{\"@id\":\"https:\\\/\\\/osmeusapontamentos.com\\\/index.php\\\/2013\\\/02\\\/09\\\/video-como-ferramenta-de-trabalho\\\/#primaryimage\"},\"thumbnailUrl\":\"\",\"datePublished\":\"2013-02-09T00:53:48+00:00\",\"breadcrumb\":{\"@id\":\"https:\\\/\\\/osmeusapontamentos.com\\\/index.php\\\/2013\\\/02\\\/09\\\/video-como-ferramenta-de-trabalho\\\/#breadcrumb\"},\"inLanguage\":\"pt-PT\",\"potentialAction\":[{\"@type\":\"ReadAction\",\"target\":[\"https:\\\/\\\/osmeusapontamentos.com\\\/index.php\\\/2013\\\/02\\\/09\\\/video-como-ferramenta-de-trabalho\\\/\"]}]},{\"@type\":\"ImageObject\",\"inLanguage\":\"pt-PT\",\"@id\":\"https:\\\/\\\/osmeusapontamentos.com\\\/index.php\\\/2013\\\/02\\\/09\\\/video-como-ferramenta-de-trabalho\\\/#primaryimage\",\"url\":\"\",\"contentUrl\":\"\"},{\"@type\":\"BreadcrumbList\",\"@id\":\"https:\\\/\\\/osmeusapontamentos.com\\\/index.php\\\/2013\\\/02\\\/09\\\/video-como-ferramenta-de-trabalho\\\/#breadcrumb\",\"itemListElement\":[{\"@type\":\"ListItem\",\"position\":1,\"name\":\"In\u00edcio\",\"item\":\"https:\\\/\\\/osmeusapontamentos.com\\\/\"},{\"@type\":\"ListItem\",\"position\":2,\"name\":\"Video como ferramenta de trabalho\"}]},{\"@type\":\"WebSite\",\"@id\":\"https:\\\/\\\/osmeusapontamentos.com\\\/#website\",\"url\":\"https:\\\/\\\/osmeusapontamentos.com\\\/\",\"name\":\"Os Meus Apontamentos\",\"description\":\"\",\"publisher\":{\"@id\":\"https:\\\/\\\/osmeusapontamentos.com\\\/#\\\/schema\\\/person\\\/d508df9c3ffc8b4e64a18dbf0ba18dd8\"},\"potentialAction\":[{\"@type\":\"SearchAction\",\"target\":{\"@type\":\"EntryPoint\",\"urlTemplate\":\"https:\\\/\\\/osmeusapontamentos.com\\\/?s={search_term_string}\"},\"query-input\":{\"@type\":\"PropertyValueSpecification\",\"valueRequired\":true,\"valueName\":\"search_term_string\"}}],\"inLanguage\":\"pt-PT\"},{\"@type\":[\"Person\",\"Organization\"],\"@id\":\"https:\\\/\\\/osmeusapontamentos.com\\\/#\\\/schema\\\/person\\\/d508df9c3ffc8b4e64a18dbf0ba18dd8\",\"name\":\"Vitor Silva\",\"image\":{\"@type\":\"ImageObject\",\"inLanguage\":\"pt-PT\",\"@id\":\"https:\\\/\\\/secure.gravatar.com\\\/avatar\\\/f81f58ad909e8a213ab0a690f6ed65e5c0e0e2274bf35ac49ff31d7988d483ce?s=96&d=mm&r=g\",\"url\":\"https:\\\/\\\/secure.gravatar.com\\\/avatar\\\/f81f58ad909e8a213ab0a690f6ed65e5c0e0e2274bf35ac49ff31d7988d483ce?s=96&d=mm&r=g\",\"contentUrl\":\"https:\\\/\\\/secure.gravatar.com\\\/avatar\\\/f81f58ad909e8a213ab0a690f6ed65e5c0e0e2274bf35ac49ff31d7988d483ce?s=96&d=mm&r=g\",\"caption\":\"Vitor Silva\"},\"logo\":{\"@id\":\"https:\\\/\\\/secure.gravatar.com\\\/avatar\\\/f81f58ad909e8a213ab0a690f6ed65e5c0e0e2274bf35ac49ff31d7988d483ce?s=96&d=mm&r=g\"},\"sameAs\":[\"https:\\\/\\\/www.linkedin.com\\\/in\\\/vitormrsilva\",\"https:\\\/\\\/x.com\\\/vitorsilva\"]}]}<\/script>\n<!-- \/ Yoast SEO plugin. -->","yoast_head_json":{"title":"Video como ferramenta de trabalho - Os Meus Apontamentos","robots":{"index":"index","follow":"follow","max-snippet":"max-snippet:-1","max-image-preview":"max-image-preview:large","max-video-preview":"max-video-preview:-1"},"canonical":"https:\/\/osmeusapontamentos.com\/index.php\/2013\/02\/09\/video-como-ferramenta-de-trabalho\/","og_locale":"pt_PT","og_type":"article","og_title":"Video como ferramenta de trabalho - Os Meus Apontamentos","og_description":"No final do ano passado quando regressava do Cidadania 2.0 com a Ana Silva e falava sobre algumas din\u00e2micas que queria experimentar no meu departamento referi uma iniciativa que era a de come\u00e7ar a fazer com alguns estagi\u00e1rios uma esp\u00e9cie de video log dos seus projectos. O objectivo principal na minha mente era ajudar a [&hellip;]","og_url":"https:\/\/osmeusapontamentos.com\/index.php\/2013\/02\/09\/video-como-ferramenta-de-trabalho\/","og_site_name":"Os Meus Apontamentos","article_published_time":"2013-02-09T00:53:48+00:00","author":"Vitor Silva","twitter_card":"summary_large_image","twitter_creator":"@vitorsilva","twitter_site":"@vitorsilva","twitter_misc":{"Escrito por":"Vitor Silva","Tempo estimado de leitura":"3 minutos"},"schema":{"@context":"https:\/\/schema.org","@graph":[{"@type":"Article","@id":"https:\/\/osmeusapontamentos.com\/index.php\/2013\/02\/09\/video-como-ferramenta-de-trabalho\/#article","isPartOf":{"@id":"https:\/\/osmeusapontamentos.com\/index.php\/2013\/02\/09\/video-como-ferramenta-de-trabalho\/"},"author":{"name":"Vitor Silva","@id":"https:\/\/osmeusapontamentos.com\/#\/schema\/person\/d508df9c3ffc8b4e64a18dbf0ba18dd8"},"headline":"Video como ferramenta de trabalho","datePublished":"2013-02-09T00:53:48+00:00","mainEntityOfPage":{"@id":"https:\/\/osmeusapontamentos.com\/index.php\/2013\/02\/09\/video-como-ferramenta-de-trabalho\/"},"wordCount":570,"commentCount":2,"publisher":{"@id":"https:\/\/osmeusapontamentos.com\/#\/schema\/person\/d508df9c3ffc8b4e64a18dbf0ba18dd8"},"image":{"@id":"https:\/\/osmeusapontamentos.com\/index.php\/2013\/02\/09\/video-como-ferramenta-de-trabalho\/#primaryimage"},"thumbnailUrl":"","keywords":["enterprise 2.0","imovie","movie maker","samsys","video","video log"],"articleSection":["Ler\/ Ver\/ Ouvir\/ Passear","Programa\u00e7\u00e3o"],"inLanguage":"pt-PT","potentialAction":[{"@type":"CommentAction","name":"Comment","target":["https:\/\/osmeusapontamentos.com\/index.php\/2013\/02\/09\/video-como-ferramenta-de-trabalho\/#respond"]}]},{"@type":"WebPage","@id":"https:\/\/osmeusapontamentos.com\/index.php\/2013\/02\/09\/video-como-ferramenta-de-trabalho\/","url":"https:\/\/osmeusapontamentos.com\/index.php\/2013\/02\/09\/video-como-ferramenta-de-trabalho\/","name":"Video como ferramenta de trabalho - Os Meus Apontamentos","isPartOf":{"@id":"https:\/\/osmeusapontamentos.com\/#website"},"primaryImageOfPage":{"@id":"https:\/\/osmeusapontamentos.com\/index.php\/2013\/02\/09\/video-como-ferramenta-de-trabalho\/#primaryimage"},"image":{"@id":"https:\/\/osmeusapontamentos.com\/index.php\/2013\/02\/09\/video-como-ferramenta-de-trabalho\/#primaryimage"},"thumbnailUrl":"","datePublished":"2013-02-09T00:53:48+00:00","breadcrumb":{"@id":"https:\/\/osmeusapontamentos.com\/index.php\/2013\/02\/09\/video-como-ferramenta-de-trabalho\/#breadcrumb"},"inLanguage":"pt-PT","potentialAction":[{"@type":"ReadAction","target":["https:\/\/osmeusapontamentos.com\/index.php\/2013\/02\/09\/video-como-ferramenta-de-trabalho\/"]}]},{"@type":"ImageObject","inLanguage":"pt-PT","@id":"https:\/\/osmeusapontamentos.com\/index.php\/2013\/02\/09\/video-como-ferramenta-de-trabalho\/#primaryimage","url":"","contentUrl":""},{"@type":"BreadcrumbList","@id":"https:\/\/osmeusapontamentos.com\/index.php\/2013\/02\/09\/video-como-ferramenta-de-trabalho\/#breadcrumb","itemListElement":[{"@type":"ListItem","position":1,"name":"In\u00edcio","item":"https:\/\/osmeusapontamentos.com\/"},{"@type":"ListItem","position":2,"name":"Video como ferramenta de trabalho"}]},{"@type":"WebSite","@id":"https:\/\/osmeusapontamentos.com\/#website","url":"https:\/\/osmeusapontamentos.com\/","name":"Os Meus Apontamentos","description":"","publisher":{"@id":"https:\/\/osmeusapontamentos.com\/#\/schema\/person\/d508df9c3ffc8b4e64a18dbf0ba18dd8"},"potentialAction":[{"@type":"SearchAction","target":{"@type":"EntryPoint","urlTemplate":"https:\/\/osmeusapontamentos.com\/?s={search_term_string}"},"query-input":{"@type":"PropertyValueSpecification","valueRequired":true,"valueName":"search_term_string"}}],"inLanguage":"pt-PT"},{"@type":["Person","Organization"],"@id":"https:\/\/osmeusapontamentos.com\/#\/schema\/person\/d508df9c3ffc8b4e64a18dbf0ba18dd8","name":"Vitor Silva","image":{"@type":"ImageObject","inLanguage":"pt-PT","@id":"https:\/\/secure.gravatar.com\/avatar\/f81f58ad909e8a213ab0a690f6ed65e5c0e0e2274bf35ac49ff31d7988d483ce?s=96&d=mm&r=g","url":"https:\/\/secure.gravatar.com\/avatar\/f81f58ad909e8a213ab0a690f6ed65e5c0e0e2274bf35ac49ff31d7988d483ce?s=96&d=mm&r=g","contentUrl":"https:\/\/secure.gravatar.com\/avatar\/f81f58ad909e8a213ab0a690f6ed65e5c0e0e2274bf35ac49ff31d7988d483ce?s=96&d=mm&r=g","caption":"Vitor Silva"},"logo":{"@id":"https:\/\/secure.gravatar.com\/avatar\/f81f58ad909e8a213ab0a690f6ed65e5c0e0e2274bf35ac49ff31d7988d483ce?s=96&d=mm&r=g"},"sameAs":["https:\/\/www.linkedin.com\/in\/vitormrsilva","https:\/\/x.com\/vitorsilva"]}]}},"_links":{"self":[{"href":"https:\/\/osmeusapontamentos.com\/index.php\/wp-json\/wp\/v2\/posts\/24913","targetHints":{"allow":["GET"]}}],"collection":[{"href":"https:\/\/osmeusapontamentos.com\/index.php\/wp-json\/wp\/v2\/posts"}],"about":[{"href":"https:\/\/osmeusapontamentos.com\/index.php\/wp-json\/wp\/v2\/types\/post"}],"author":[{"embeddable":true,"href":"https:\/\/osmeusapontamentos.com\/index.php\/wp-json\/wp\/v2\/users\/1"}],"replies":[{"embeddable":true,"href":"https:\/\/osmeusapontamentos.com\/index.php\/wp-json\/wp\/v2\/comments?post=24913"}],"version-history":[{"count":0,"href":"https:\/\/osmeusapontamentos.com\/index.php\/wp-json\/wp\/v2\/posts\/24913\/revisions"}],"wp:featuredmedia":[{"embeddable":true,"href":"https:\/\/osmeusapontamentos.com\/index.php\/wp-json\/"}],"wp:attachment":[{"href":"https:\/\/osmeusapontamentos.com\/index.php\/wp-json\/wp\/v2\/media?parent=24913"}],"wp:term":[{"taxonomy":"category","embeddable":true,"href":"https:\/\/osmeusapontamentos.com\/index.php\/wp-json\/wp\/v2\/categories?post=24913"},{"taxonomy":"post_tag","embeddable":true,"href":"https:\/\/osmeusapontamentos.com\/index.php\/wp-json\/wp\/v2\/tags?post=24913"}],"curies":[{"name":"wp","href":"https:\/\/api.w.org\/{rel}","templated":true}]}}