{"id":24877,"date":"2013-01-19T00:00:08","date_gmt":"2013-01-19T00:00:08","guid":{"rendered":"http:\/\/osmeusapontamentos.com\/?p=24877"},"modified":"2013-01-19T00:00:08","modified_gmt":"2013-01-19T00:00:08","slug":"fazerouvir-o-porto","status":"publish","type":"post","link":"https:\/\/osmeusapontamentos.com\/index.php\/2013\/01\/19\/fazerouvir-o-porto\/","title":{"rendered":"Fazer Ouvir o Porto"},"content":{"rendered":"<p>Recentemente o PS Porto realizou o arranque da sua campanha aut\u00e1rquica com o lan\u00e7amento do seu projecto &#8220;<a href=\"http:\/\/porto24.pt\/porto\/02012013\/manuel-pizarro-quer-dar-voz-a-todos-e-fazer-ouvir-os-cidadaos\/#.UPneLyc008U\">Fazer Ouvir o Porto<\/a>&#8220;. Aproveitando uma tarde de s\u00e1bado com menos para fazer que o costume dei um salto ao mosteiro S. Bento da Vit\u00f3ria para ouvir essa apresenta\u00e7\u00e3o.<\/p>\n<p>Claro que isto \u00e9 uma campanha eleitoral e os pol\u00edticos s\u00e3o todos iguais (n\u00e3o acredito) mas a simples proposta de <a href=\"https:\/\/www.facebook.com\/fazerouviroporto?fref=ts\">ouvir o porto<\/a> j\u00e1 \u00e9 uma mudan\u00e7a radical naquilo que tem sido a postura mais habitual desta c\u00e2mara que, acima de tudo, cultiva um estilo pouco dado a comunica\u00e7\u00f5es que n\u00e3o sejam controladas por si.<\/p>\n<p>Ainda assim n\u00e3o consigo deixar de olhar para esta iniciativa com um misto de desejo que funcione mas tamb\u00e9m com alguma desconfian\u00e7a ou melhor dito pouca convic\u00e7\u00e3o de que trar\u00e1 verdadeiros resultados.<\/p>\n<p>Numa primeira an\u00e1lise parece me uma iniciativa muito 2008&#8230; do boom das redes sociais, campanha de Obama, que ali\u00e1s j\u00e1 era uma esp\u00e9cie de <a href=\"http:\/\/www.theatlantic.com\/technology\/archive\/2012\/09\/that-time-when-john-kerry-reached-out-to-voters-on-friendster\/262333\/\">campanha John Kerry 2004 2.0<\/a>.<\/p>\n<p><a href=\"https:\/\/osmeusapontamentos.com\/wp-content\/uploads\/2013\/01\/fazer-ouvir-o-porto.jpg\"><img loading=\"lazy\" decoding=\"async\" class=\"alignleft size-full wp-image-24882\" alt=\"fazer-ouvir-o-porto\" src=\"https:\/\/osmeusapontamentos.com\/wp-content\/uploads\/2013\/01\/fazer-ouvir-o-porto.jpg\" width=\"600\" height=\"231\" \/><\/a><\/p>\n<p>Para al\u00e9m do &#8220;vamos ouvir&#8221;, tem tamb\u00e9m (parece-me) muito uma t\u00f3nica de &#8220;vamos dar voz&#8221;, isto numa altura em que <a href=\"http:\/\/www.socialbakers.com\/facebook-statistics\/portugal\">quase 50% da popula\u00e7\u00e3o portuguesa est\u00e1 no Facebook<\/a>, j\u00e1 algumas manifesta\u00e7\u00f5es foram organizadas via Facebook e por isso, tendo naturalmente a no\u00e7\u00e3o que todas as generaliza\u00e7\u00f5es s\u00e3o exageros da realidade, podemos dizer que nunca como agora o povo teve a possibilidade de se fazer ouvir.<\/p>\n<p>Acima de tudo acho que podia ter come\u00e7ado n\u00e3o tanto com o pedido para ouvir, porque para isso &#8220;basta&#8221; bater \u00e0 porta das associa\u00e7\u00f5es, das institui\u00e7\u00f5es da cidade e do cidad\u00e3os mas sim com uma indica\u00e7\u00e3o d<strong>o que pensam que poder\u00e1 ser interessante fazer para transformar esta ausculta\u00e7\u00e3o aos cidad\u00e3os em interven\u00e7\u00f5es concretas na cidade<\/strong> e depois ent\u00e3o ouviam o que os cidad\u00e3os achavam dessas propostas, para as trabalhar, ajustar ou at\u00e9 eliminar.<\/p>\n<p>Podiam por exemplo pegar em algumas ideias apresentadas j\u00e1 exploradas sobre este tema nos diferetes Cidadania 2.0 que se realizaram em <a href=\"http:\/\/cidadania20.com\/programa\/\">2012<\/a>, <a href=\"http:\/\/cidadania20.com\/programa-2011\/\">2011<\/a>, <a href=\"http:\/\/cidadania20.com\/programa-2010\/\">2010<\/a>\u00a0 e ver se se aplicariam ao Porto, pensar em temas como o or\u00e7amento participativo e propor para a cidade, etc. etc&#8230; assim soube-me a pouco&#8230;<\/p>\n<p>&nbsp;<\/p>\n","protected":false},"excerpt":{"rendered":"<p>Recentemente o PS Porto realizou o arranque da sua campanha aut\u00e1rquica com o lan\u00e7amento do seu projecto &#8220;Fazer Ouvir o Porto&#8220;. Aproveitando uma tarde de s\u00e1bado com menos para fazer que o costume dei um salto ao mosteiro S. Bento da Vit\u00f3ria para ouvir essa apresenta\u00e7\u00e3o. Claro que isto \u00e9 uma campanha eleitoral e os [&hellip;]<\/p>\n","protected":false},"author":1,"featured_media":24878,"comment_status":"open","ping_status":"open","sticky":false,"template":"","format":"standard","meta":{"footnotes":""},"categories":[8],"tags":[76,524,542],"class_list":["post-24877","post","type-post","status-publish","format-standard","has-post-thumbnail","hentry","category-opiniao-2","tag-autarquicas","tag-porto","tag-ps"],"yoast_head":"<!-- This site is optimized with the Yoast SEO plugin v27.5 - https:\/\/yoast.com\/product\/yoast-seo-wordpress\/ -->\n<title>Fazer Ouvir o Porto - Os Meus Apontamentos<\/title>\n<meta name=\"robots\" content=\"index, follow, max-snippet:-1, max-image-preview:large, max-video-preview:-1\" \/>\n<link rel=\"canonical\" href=\"https:\/\/osmeusapontamentos.com\/index.php\/2013\/01\/19\/fazerouvir-o-porto\/\" \/>\n<meta property=\"og:locale\" content=\"pt_PT\" \/>\n<meta property=\"og:type\" content=\"article\" \/>\n<meta property=\"og:title\" content=\"Fazer Ouvir o Porto - Os Meus Apontamentos\" \/>\n<meta property=\"og:description\" content=\"Recentemente o PS Porto realizou o arranque da sua campanha aut\u00e1rquica com o lan\u00e7amento do seu projecto &#8220;Fazer Ouvir o Porto&#8220;. Aproveitando uma tarde de s\u00e1bado com menos para fazer que o costume dei um salto ao mosteiro S. Bento da Vit\u00f3ria para ouvir essa apresenta\u00e7\u00e3o. Claro que isto \u00e9 uma campanha eleitoral e os [&hellip;]\" \/>\n<meta property=\"og:url\" content=\"https:\/\/osmeusapontamentos.com\/index.php\/2013\/01\/19\/fazerouvir-o-porto\/\" \/>\n<meta property=\"og:site_name\" content=\"Os Meus Apontamentos\" \/>\n<meta property=\"article:published_time\" content=\"2013-01-19T00:00:08+00:00\" \/>\n<meta name=\"author\" content=\"Vitor Silva\" \/>\n<meta name=\"twitter:card\" content=\"summary_large_image\" \/>\n<meta name=\"twitter:creator\" content=\"@vitorsilva\" \/>\n<meta name=\"twitter:site\" content=\"@vitorsilva\" \/>\n<meta name=\"twitter:label1\" content=\"Escrito por\" \/>\n\t<meta name=\"twitter:data1\" content=\"Vitor Silva\" \/>\n\t<meta name=\"twitter:label2\" content=\"Tempo estimado de leitura\" \/>\n\t<meta name=\"twitter:data2\" content=\"2 minutos\" \/>\n<script type=\"application\/ld+json\" class=\"yoast-schema-graph\">{\"@context\":\"https:\\\/\\\/schema.org\",\"@graph\":[{\"@type\":\"Article\",\"@id\":\"https:\\\/\\\/osmeusapontamentos.com\\\/index.php\\\/2013\\\/01\\\/19\\\/fazerouvir-o-porto\\\/#article\",\"isPartOf\":{\"@id\":\"https:\\\/\\\/osmeusapontamentos.com\\\/index.php\\\/2013\\\/01\\\/19\\\/fazerouvir-o-porto\\\/\"},\"author\":{\"name\":\"Vitor Silva\",\"@id\":\"https:\\\/\\\/osmeusapontamentos.com\\\/#\\\/schema\\\/person\\\/d508df9c3ffc8b4e64a18dbf0ba18dd8\"},\"headline\":\"Fazer Ouvir o Porto\",\"datePublished\":\"2013-01-19T00:00:08+00:00\",\"mainEntityOfPage\":{\"@id\":\"https:\\\/\\\/osmeusapontamentos.com\\\/index.php\\\/2013\\\/01\\\/19\\\/fazerouvir-o-porto\\\/\"},\"wordCount\":382,\"commentCount\":0,\"publisher\":{\"@id\":\"https:\\\/\\\/osmeusapontamentos.com\\\/#\\\/schema\\\/person\\\/d508df9c3ffc8b4e64a18dbf0ba18dd8\"},\"image\":{\"@id\":\"https:\\\/\\\/osmeusapontamentos.com\\\/index.php\\\/2013\\\/01\\\/19\\\/fazerouvir-o-porto\\\/#primaryimage\"},\"thumbnailUrl\":\"\",\"keywords\":[\"aut\u00e1rquicas\",\"porto\",\"PS\"],\"articleSection\":[\"Opini\u00e3o\"],\"inLanguage\":\"pt-PT\",\"potentialAction\":[{\"@type\":\"CommentAction\",\"name\":\"Comment\",\"target\":[\"https:\\\/\\\/osmeusapontamentos.com\\\/index.php\\\/2013\\\/01\\\/19\\\/fazerouvir-o-porto\\\/#respond\"]}]},{\"@type\":\"WebPage\",\"@id\":\"https:\\\/\\\/osmeusapontamentos.com\\\/index.php\\\/2013\\\/01\\\/19\\\/fazerouvir-o-porto\\\/\",\"url\":\"https:\\\/\\\/osmeusapontamentos.com\\\/index.php\\\/2013\\\/01\\\/19\\\/fazerouvir-o-porto\\\/\",\"name\":\"Fazer Ouvir o Porto - Os Meus Apontamentos\",\"isPartOf\":{\"@id\":\"https:\\\/\\\/osmeusapontamentos.com\\\/#website\"},\"primaryImageOfPage\":{\"@id\":\"https:\\\/\\\/osmeusapontamentos.com\\\/index.php\\\/2013\\\/01\\\/19\\\/fazerouvir-o-porto\\\/#primaryimage\"},\"image\":{\"@id\":\"https:\\\/\\\/osmeusapontamentos.com\\\/index.php\\\/2013\\\/01\\\/19\\\/fazerouvir-o-porto\\\/#primaryimage\"},\"thumbnailUrl\":\"\",\"datePublished\":\"2013-01-19T00:00:08+00:00\",\"breadcrumb\":{\"@id\":\"https:\\\/\\\/osmeusapontamentos.com\\\/index.php\\\/2013\\\/01\\\/19\\\/fazerouvir-o-porto\\\/#breadcrumb\"},\"inLanguage\":\"pt-PT\",\"potentialAction\":[{\"@type\":\"ReadAction\",\"target\":[\"https:\\\/\\\/osmeusapontamentos.com\\\/index.php\\\/2013\\\/01\\\/19\\\/fazerouvir-o-porto\\\/\"]}]},{\"@type\":\"ImageObject\",\"inLanguage\":\"pt-PT\",\"@id\":\"https:\\\/\\\/osmeusapontamentos.com\\\/index.php\\\/2013\\\/01\\\/19\\\/fazerouvir-o-porto\\\/#primaryimage\",\"url\":\"\",\"contentUrl\":\"\"},{\"@type\":\"BreadcrumbList\",\"@id\":\"https:\\\/\\\/osmeusapontamentos.com\\\/index.php\\\/2013\\\/01\\\/19\\\/fazerouvir-o-porto\\\/#breadcrumb\",\"itemListElement\":[{\"@type\":\"ListItem\",\"position\":1,\"name\":\"In\u00edcio\",\"item\":\"https:\\\/\\\/osmeusapontamentos.com\\\/\"},{\"@type\":\"ListItem\",\"position\":2,\"name\":\"Fazer Ouvir o Porto\"}]},{\"@type\":\"WebSite\",\"@id\":\"https:\\\/\\\/osmeusapontamentos.com\\\/#website\",\"url\":\"https:\\\/\\\/osmeusapontamentos.com\\\/\",\"name\":\"Os Meus Apontamentos\",\"description\":\"\",\"publisher\":{\"@id\":\"https:\\\/\\\/osmeusapontamentos.com\\\/#\\\/schema\\\/person\\\/d508df9c3ffc8b4e64a18dbf0ba18dd8\"},\"potentialAction\":[{\"@type\":\"SearchAction\",\"target\":{\"@type\":\"EntryPoint\",\"urlTemplate\":\"https:\\\/\\\/osmeusapontamentos.com\\\/?s={search_term_string}\"},\"query-input\":{\"@type\":\"PropertyValueSpecification\",\"valueRequired\":true,\"valueName\":\"search_term_string\"}}],\"inLanguage\":\"pt-PT\"},{\"@type\":[\"Person\",\"Organization\"],\"@id\":\"https:\\\/\\\/osmeusapontamentos.com\\\/#\\\/schema\\\/person\\\/d508df9c3ffc8b4e64a18dbf0ba18dd8\",\"name\":\"Vitor Silva\",\"image\":{\"@type\":\"ImageObject\",\"inLanguage\":\"pt-PT\",\"@id\":\"https:\\\/\\\/secure.gravatar.com\\\/avatar\\\/f81f58ad909e8a213ab0a690f6ed65e5c0e0e2274bf35ac49ff31d7988d483ce?s=96&d=mm&r=g\",\"url\":\"https:\\\/\\\/secure.gravatar.com\\\/avatar\\\/f81f58ad909e8a213ab0a690f6ed65e5c0e0e2274bf35ac49ff31d7988d483ce?s=96&d=mm&r=g\",\"contentUrl\":\"https:\\\/\\\/secure.gravatar.com\\\/avatar\\\/f81f58ad909e8a213ab0a690f6ed65e5c0e0e2274bf35ac49ff31d7988d483ce?s=96&d=mm&r=g\",\"caption\":\"Vitor Silva\"},\"logo\":{\"@id\":\"https:\\\/\\\/secure.gravatar.com\\\/avatar\\\/f81f58ad909e8a213ab0a690f6ed65e5c0e0e2274bf35ac49ff31d7988d483ce?s=96&d=mm&r=g\"},\"sameAs\":[\"https:\\\/\\\/www.linkedin.com\\\/in\\\/vitormrsilva\",\"https:\\\/\\\/x.com\\\/vitorsilva\"]}]}<\/script>\n<!-- \/ Yoast SEO plugin. -->","yoast_head_json":{"title":"Fazer Ouvir o Porto - Os Meus Apontamentos","robots":{"index":"index","follow":"follow","max-snippet":"max-snippet:-1","max-image-preview":"max-image-preview:large","max-video-preview":"max-video-preview:-1"},"canonical":"https:\/\/osmeusapontamentos.com\/index.php\/2013\/01\/19\/fazerouvir-o-porto\/","og_locale":"pt_PT","og_type":"article","og_title":"Fazer Ouvir o Porto - Os Meus Apontamentos","og_description":"Recentemente o PS Porto realizou o arranque da sua campanha aut\u00e1rquica com o lan\u00e7amento do seu projecto &#8220;Fazer Ouvir o Porto&#8220;. Aproveitando uma tarde de s\u00e1bado com menos para fazer que o costume dei um salto ao mosteiro S. Bento da Vit\u00f3ria para ouvir essa apresenta\u00e7\u00e3o. Claro que isto \u00e9 uma campanha eleitoral e os [&hellip;]","og_url":"https:\/\/osmeusapontamentos.com\/index.php\/2013\/01\/19\/fazerouvir-o-porto\/","og_site_name":"Os Meus Apontamentos","article_published_time":"2013-01-19T00:00:08+00:00","author":"Vitor Silva","twitter_card":"summary_large_image","twitter_creator":"@vitorsilva","twitter_site":"@vitorsilva","twitter_misc":{"Escrito por":"Vitor Silva","Tempo estimado de leitura":"2 minutos"},"schema":{"@context":"https:\/\/schema.org","@graph":[{"@type":"Article","@id":"https:\/\/osmeusapontamentos.com\/index.php\/2013\/01\/19\/fazerouvir-o-porto\/#article","isPartOf":{"@id":"https:\/\/osmeusapontamentos.com\/index.php\/2013\/01\/19\/fazerouvir-o-porto\/"},"author":{"name":"Vitor Silva","@id":"https:\/\/osmeusapontamentos.com\/#\/schema\/person\/d508df9c3ffc8b4e64a18dbf0ba18dd8"},"headline":"Fazer Ouvir o Porto","datePublished":"2013-01-19T00:00:08+00:00","mainEntityOfPage":{"@id":"https:\/\/osmeusapontamentos.com\/index.php\/2013\/01\/19\/fazerouvir-o-porto\/"},"wordCount":382,"commentCount":0,"publisher":{"@id":"https:\/\/osmeusapontamentos.com\/#\/schema\/person\/d508df9c3ffc8b4e64a18dbf0ba18dd8"},"image":{"@id":"https:\/\/osmeusapontamentos.com\/index.php\/2013\/01\/19\/fazerouvir-o-porto\/#primaryimage"},"thumbnailUrl":"","keywords":["aut\u00e1rquicas","porto","PS"],"articleSection":["Opini\u00e3o"],"inLanguage":"pt-PT","potentialAction":[{"@type":"CommentAction","name":"Comment","target":["https:\/\/osmeusapontamentos.com\/index.php\/2013\/01\/19\/fazerouvir-o-porto\/#respond"]}]},{"@type":"WebPage","@id":"https:\/\/osmeusapontamentos.com\/index.php\/2013\/01\/19\/fazerouvir-o-porto\/","url":"https:\/\/osmeusapontamentos.com\/index.php\/2013\/01\/19\/fazerouvir-o-porto\/","name":"Fazer Ouvir o Porto - Os Meus Apontamentos","isPartOf":{"@id":"https:\/\/osmeusapontamentos.com\/#website"},"primaryImageOfPage":{"@id":"https:\/\/osmeusapontamentos.com\/index.php\/2013\/01\/19\/fazerouvir-o-porto\/#primaryimage"},"image":{"@id":"https:\/\/osmeusapontamentos.com\/index.php\/2013\/01\/19\/fazerouvir-o-porto\/#primaryimage"},"thumbnailUrl":"","datePublished":"2013-01-19T00:00:08+00:00","breadcrumb":{"@id":"https:\/\/osmeusapontamentos.com\/index.php\/2013\/01\/19\/fazerouvir-o-porto\/#breadcrumb"},"inLanguage":"pt-PT","potentialAction":[{"@type":"ReadAction","target":["https:\/\/osmeusapontamentos.com\/index.php\/2013\/01\/19\/fazerouvir-o-porto\/"]}]},{"@type":"ImageObject","inLanguage":"pt-PT","@id":"https:\/\/osmeusapontamentos.com\/index.php\/2013\/01\/19\/fazerouvir-o-porto\/#primaryimage","url":"","contentUrl":""},{"@type":"BreadcrumbList","@id":"https:\/\/osmeusapontamentos.com\/index.php\/2013\/01\/19\/fazerouvir-o-porto\/#breadcrumb","itemListElement":[{"@type":"ListItem","position":1,"name":"In\u00edcio","item":"https:\/\/osmeusapontamentos.com\/"},{"@type":"ListItem","position":2,"name":"Fazer Ouvir o Porto"}]},{"@type":"WebSite","@id":"https:\/\/osmeusapontamentos.com\/#website","url":"https:\/\/osmeusapontamentos.com\/","name":"Os Meus Apontamentos","description":"","publisher":{"@id":"https:\/\/osmeusapontamentos.com\/#\/schema\/person\/d508df9c3ffc8b4e64a18dbf0ba18dd8"},"potentialAction":[{"@type":"SearchAction","target":{"@type":"EntryPoint","urlTemplate":"https:\/\/osmeusapontamentos.com\/?s={search_term_string}"},"query-input":{"@type":"PropertyValueSpecification","valueRequired":true,"valueName":"search_term_string"}}],"inLanguage":"pt-PT"},{"@type":["Person","Organization"],"@id":"https:\/\/osmeusapontamentos.com\/#\/schema\/person\/d508df9c3ffc8b4e64a18dbf0ba18dd8","name":"Vitor Silva","image":{"@type":"ImageObject","inLanguage":"pt-PT","@id":"https:\/\/secure.gravatar.com\/avatar\/f81f58ad909e8a213ab0a690f6ed65e5c0e0e2274bf35ac49ff31d7988d483ce?s=96&d=mm&r=g","url":"https:\/\/secure.gravatar.com\/avatar\/f81f58ad909e8a213ab0a690f6ed65e5c0e0e2274bf35ac49ff31d7988d483ce?s=96&d=mm&r=g","contentUrl":"https:\/\/secure.gravatar.com\/avatar\/f81f58ad909e8a213ab0a690f6ed65e5c0e0e2274bf35ac49ff31d7988d483ce?s=96&d=mm&r=g","caption":"Vitor Silva"},"logo":{"@id":"https:\/\/secure.gravatar.com\/avatar\/f81f58ad909e8a213ab0a690f6ed65e5c0e0e2274bf35ac49ff31d7988d483ce?s=96&d=mm&r=g"},"sameAs":["https:\/\/www.linkedin.com\/in\/vitormrsilva","https:\/\/x.com\/vitorsilva"]}]}},"_links":{"self":[{"href":"https:\/\/osmeusapontamentos.com\/index.php\/wp-json\/wp\/v2\/posts\/24877","targetHints":{"allow":["GET"]}}],"collection":[{"href":"https:\/\/osmeusapontamentos.com\/index.php\/wp-json\/wp\/v2\/posts"}],"about":[{"href":"https:\/\/osmeusapontamentos.com\/index.php\/wp-json\/wp\/v2\/types\/post"}],"author":[{"embeddable":true,"href":"https:\/\/osmeusapontamentos.com\/index.php\/wp-json\/wp\/v2\/users\/1"}],"replies":[{"embeddable":true,"href":"https:\/\/osmeusapontamentos.com\/index.php\/wp-json\/wp\/v2\/comments?post=24877"}],"version-history":[{"count":0,"href":"https:\/\/osmeusapontamentos.com\/index.php\/wp-json\/wp\/v2\/posts\/24877\/revisions"}],"wp:featuredmedia":[{"embeddable":true,"href":"https:\/\/osmeusapontamentos.com\/index.php\/wp-json\/"}],"wp:attachment":[{"href":"https:\/\/osmeusapontamentos.com\/index.php\/wp-json\/wp\/v2\/media?parent=24877"}],"wp:term":[{"taxonomy":"category","embeddable":true,"href":"https:\/\/osmeusapontamentos.com\/index.php\/wp-json\/wp\/v2\/categories?post=24877"},{"taxonomy":"post_tag","embeddable":true,"href":"https:\/\/osmeusapontamentos.com\/index.php\/wp-json\/wp\/v2\/tags?post=24877"}],"curies":[{"name":"wp","href":"https:\/\/api.w.org\/{rel}","templated":true}]}}