{"id":2428,"date":"2010-09-23T10:01:52","date_gmt":"2010-09-23T10:01:52","guid":{"rendered":"http:\/\/osmeusapontamentos.com\/?p=2428"},"modified":"2010-09-23T10:01:52","modified_gmt":"2010-09-23T10:01:52","slug":"colegio-luso-internacional-porto","status":"publish","type":"post","link":"https:\/\/osmeusapontamentos.com\/index.php\/2010\/09\/23\/colegio-luso-internacional-porto\/","title":{"rendered":"Col\u00e9gio Luso-Internacional do Porto"},"content":{"rendered":"<p>Tenho ideia de, h\u00e1 um ano ou dois, ter ouvido falar de um projecto para o <a href=\"http:\/\/pt.wikipedia.org\/wiki\/Col%C3%A9gio_Luso-Internacional_do_Porto\">Col\u00e9gio Luso-Internacional do Porto<\/a>. Se bem me lembro, na altura falava-se em <a href=\"http:\/\/www.skyscrapercity.com\/showpost.php?p=38595350&amp;postcount=83\">converter aquele espa\u00e7o para uma discoteca<\/a>.<\/p>\n<p><img decoding=\"async\" src=\"\/img\/IMG_2856_2.jpg\" alt=\"\" \/><\/p>\n<p>Algu\u00e9m sabe como est\u00e1 esse processo?<\/p>\n<p>[gmap zoom=18]<\/p>\n<p>(publicado inicialmente n&#8217;<a href=\"http:\/\/www.porto.taf.net\/dp\/node\/7230\">A Baixa do Porto<\/a>) com os seguintes coment\u00e1rios: <a href=\"http:\/\/www.porto.taf.net\/dp\/node\/7232\">Augusto K\u00fcttner de Magalh\u00e3es &#8211; &#8220;Ex-CLIP&#8221;<\/a>; <a href=\"http:\/\/www.porto.taf.net\/dp\/node\/7233\">Em\u00eddio Gard\u00e9 &#8211; &#8220;Col\u00e9gio Luso-Internacional do Porto&#8221;<\/a>; <a href=\"http:\/\/www.porto.taf.net\/dp\/node\/7236\">Pedro Nunes &#8211; &#8220;Col\u00e9gio Luso-Internacional do Porto&#8221;<\/a>.<\/p>\n<p>Update 24-setembro<br \/>\n<a href=\"http:\/\/jornal.publico.pt\/noticia\/24-09-2010\/reavaliacao-estrategica-volta-a-atrasar-kasa-da-praia-20266761.htm\">&#8220;Reavalia\u00e7\u00e3o estrat\u00e9gica&#8221; volta a atrasar Kasa da Praia<\/a><br \/>\nPor An\u00edbal Rodrigues<br \/>\nA futura discoteca-restaurante Kasa da Praia, que dever\u00e1 surgir no que hoje s\u00e3o as ru\u00ednas do edif\u00edcio do antigo Col\u00e9gio Luso-Internacional do Porto, na frente mar\u00edtima do Parque da Cidade, j\u00e1 n\u00e3o ser\u00e1 inaugurada este ano. O que contraria os anteriores an\u00fancios do promotor do projecto, o grupo K, dono da discoteca Kapital em Lisboa, e de outros espa\u00e7os, que primeiro apontou o presente m\u00eas e, numa segunda fase, o final deste ano para a abertura do novo espa\u00e7o.<\/p>\n<p>&#8220;Houve necessidade de fazermos uma reavalia\u00e7\u00e3o estrat\u00e9gica. O grupo tinha outros investimentos em curso e foi preciso reavaliar toda a estrat\u00e9gia&#8221;, justificou ao P\u00daBLICO Paulo D\u00e2maso, director de comunica\u00e7\u00e3o do grupo K. Este respons\u00e1vel salienta que se trata de um investimento &#8220;entre cinco e seis milh\u00f5es de euros&#8221; e aponta agora novas datas para a sua concretiza\u00e7\u00e3o: &#8220;Julgamos que a obra se ir\u00e1 iniciar no pr\u00f3ximo m\u00eas, em Outubro, devendo ser inaugurada em Setembro do ano que vem.&#8221;<\/p>\n<p>Paulo D\u00e2maso vincou ainda que, apesar do atraso verificado, &#8220;o projecto mant\u00e9m-se fiel&#8221; \u00e0 sua vers\u00e3o inicial. &#8220;Ser\u00e1 do mais moderno que existe&#8221;, enalteceu, acrescentando tamb\u00e9m que se respeitar\u00e1 a fachada do edif\u00edcio.<\/p>\n<p>O futuro espa\u00e7o ir\u00e1 dispor de um restaurante no r\u00e9s-do-ch\u00e3o, enquanto o piso interm\u00e9dio acolher\u00e1 um bar dan\u00e7ante. O arquitecto Filipe Oliveira Dias ser\u00e1 o respons\u00e1vel pela recupera\u00e7\u00e3o do esqueleto do que tamb\u00e9m foi a antiga central el\u00e9ctrica da Companhia Carris de Ferro do Porto, para al\u00e9m do j\u00e1 referido Col\u00e9gio Luso-Internacional do Porto, neste \u00faltimo caso durante uma d\u00e9cada. A recupera\u00e7\u00e3o surge mais de sete anos depois de o grupo K ter adquirido o im\u00f3vel (em 2003) e de deparar com v\u00e1rios entraves legais \u00e0 concretiza\u00e7\u00e3o do projecto.<\/p>\n<p>O concurso p\u00fablico para a explora\u00e7\u00e3o do edif\u00edcio foi lan\u00e7ado pela Porto 2001, mas o projecto entregue na autarquia viria a ser recusado em 2004, por ter merecido parecer desfavor\u00e1vel do ent\u00e3o Instituto Portugu\u00eas do Patrim\u00f3nio Arquitect\u00f3nico (Ippar). A empresa procedeu \u00e0s altera\u00e7\u00f5es exigidas e o Ippar aprovou o projecto, mas n\u00e3o enviou o parecer favor\u00e1vel \u00e0 C\u00e2mara do Porto. Por isso, em 2006, a autarquia chegou a amea\u00e7ar arquivar o processo, tendo acabado por o licenciar em 2009. com Lusa<\/p>\n","protected":false},"excerpt":{"rendered":"<p>Tenho ideia de, h\u00e1 um ano ou dois, ter ouvido falar de um projecto para o Col\u00e9gio Luso-Internacional do Porto. Se bem me lembro, na altura falava-se em converter aquele espa\u00e7o para uma discoteca. Algu\u00e9m sabe como est\u00e1 esse processo? [gmap zoom=18] (publicado inicialmente n&#8217;A Baixa do Porto) com os seguintes coment\u00e1rios: Augusto K\u00fcttner de [&hellip;]<\/p>\n","protected":false},"author":1,"featured_media":0,"comment_status":"open","ping_status":"open","sticky":false,"template":"","format":"standard","meta":{"footnotes":""},"categories":[7],"tags":[144,524],"class_list":["post-2428","post","type-post","status-publish","format-standard","hentry","category-ler-ver-ouvir-passear","tag-colegio-universal","tag-porto"],"yoast_head":"<!-- This site is optimized with the Yoast SEO plugin v27.5 - https:\/\/yoast.com\/product\/yoast-seo-wordpress\/ -->\n<title>Col\u00e9gio Luso-Internacional do Porto - Os Meus Apontamentos<\/title>\n<meta name=\"robots\" content=\"index, follow, max-snippet:-1, max-image-preview:large, max-video-preview:-1\" \/>\n<link rel=\"canonical\" href=\"https:\/\/osmeusapontamentos.com\/index.php\/2010\/09\/23\/colegio-luso-internacional-porto\/\" \/>\n<meta property=\"og:locale\" content=\"pt_PT\" \/>\n<meta property=\"og:type\" content=\"article\" \/>\n<meta property=\"og:title\" content=\"Col\u00e9gio Luso-Internacional do Porto - Os Meus Apontamentos\" \/>\n<meta property=\"og:description\" content=\"Tenho ideia de, h\u00e1 um ano ou dois, ter ouvido falar de um projecto para o Col\u00e9gio Luso-Internacional do Porto. Se bem me lembro, na altura falava-se em converter aquele espa\u00e7o para uma discoteca. Algu\u00e9m sabe como est\u00e1 esse processo? [gmap zoom=18] (publicado inicialmente n&#8217;A Baixa do Porto) com os seguintes coment\u00e1rios: Augusto K\u00fcttner de [&hellip;]\" \/>\n<meta property=\"og:url\" content=\"https:\/\/osmeusapontamentos.com\/index.php\/2010\/09\/23\/colegio-luso-internacional-porto\/\" \/>\n<meta property=\"og:site_name\" content=\"Os Meus Apontamentos\" \/>\n<meta property=\"article:published_time\" content=\"2010-09-23T10:01:52+00:00\" \/>\n<meta property=\"og:image\" content=\"https:\/\/osmeusapontamentos.com\/img\/IMG_2856_2.jpg\" \/>\n<meta name=\"author\" content=\"Vitor Silva\" \/>\n<meta name=\"twitter:card\" content=\"summary_large_image\" \/>\n<meta name=\"twitter:creator\" content=\"@vitorsilva\" \/>\n<meta name=\"twitter:site\" content=\"@vitorsilva\" \/>\n<meta name=\"twitter:label1\" content=\"Escrito por\" \/>\n\t<meta name=\"twitter:data1\" content=\"Vitor Silva\" \/>\n\t<meta name=\"twitter:label2\" content=\"Tempo estimado de leitura\" \/>\n\t<meta name=\"twitter:data2\" content=\"3 minutos\" \/>\n<script type=\"application\/ld+json\" class=\"yoast-schema-graph\">{\"@context\":\"https:\\\/\\\/schema.org\",\"@graph\":[{\"@type\":\"Article\",\"@id\":\"https:\\\/\\\/osmeusapontamentos.com\\\/index.php\\\/2010\\\/09\\\/23\\\/colegio-luso-internacional-porto\\\/#article\",\"isPartOf\":{\"@id\":\"https:\\\/\\\/osmeusapontamentos.com\\\/index.php\\\/2010\\\/09\\\/23\\\/colegio-luso-internacional-porto\\\/\"},\"author\":{\"name\":\"Vitor Silva\",\"@id\":\"https:\\\/\\\/osmeusapontamentos.com\\\/#\\\/schema\\\/person\\\/d508df9c3ffc8b4e64a18dbf0ba18dd8\"},\"headline\":\"Col\u00e9gio Luso-Internacional do Porto\",\"datePublished\":\"2010-09-23T10:01:52+00:00\",\"mainEntityOfPage\":{\"@id\":\"https:\\\/\\\/osmeusapontamentos.com\\\/index.php\\\/2010\\\/09\\\/23\\\/colegio-luso-internacional-porto\\\/\"},\"wordCount\":510,\"commentCount\":0,\"publisher\":{\"@id\":\"https:\\\/\\\/osmeusapontamentos.com\\\/#\\\/schema\\\/person\\\/d508df9c3ffc8b4e64a18dbf0ba18dd8\"},\"keywords\":[\"col\u00e9gio universal\",\"porto\"],\"articleSection\":[\"Ler\\\/ Ver\\\/ Ouvir\\\/ Passear\"],\"inLanguage\":\"pt-PT\",\"potentialAction\":[{\"@type\":\"CommentAction\",\"name\":\"Comment\",\"target\":[\"https:\\\/\\\/osmeusapontamentos.com\\\/index.php\\\/2010\\\/09\\\/23\\\/colegio-luso-internacional-porto\\\/#respond\"]}]},{\"@type\":\"WebPage\",\"@id\":\"https:\\\/\\\/osmeusapontamentos.com\\\/index.php\\\/2010\\\/09\\\/23\\\/colegio-luso-internacional-porto\\\/\",\"url\":\"https:\\\/\\\/osmeusapontamentos.com\\\/index.php\\\/2010\\\/09\\\/23\\\/colegio-luso-internacional-porto\\\/\",\"name\":\"Col\u00e9gio Luso-Internacional do Porto - Os Meus Apontamentos\",\"isPartOf\":{\"@id\":\"https:\\\/\\\/osmeusapontamentos.com\\\/#website\"},\"datePublished\":\"2010-09-23T10:01:52+00:00\",\"breadcrumb\":{\"@id\":\"https:\\\/\\\/osmeusapontamentos.com\\\/index.php\\\/2010\\\/09\\\/23\\\/colegio-luso-internacional-porto\\\/#breadcrumb\"},\"inLanguage\":\"pt-PT\",\"potentialAction\":[{\"@type\":\"ReadAction\",\"target\":[\"https:\\\/\\\/osmeusapontamentos.com\\\/index.php\\\/2010\\\/09\\\/23\\\/colegio-luso-internacional-porto\\\/\"]}]},{\"@type\":\"BreadcrumbList\",\"@id\":\"https:\\\/\\\/osmeusapontamentos.com\\\/index.php\\\/2010\\\/09\\\/23\\\/colegio-luso-internacional-porto\\\/#breadcrumb\",\"itemListElement\":[{\"@type\":\"ListItem\",\"position\":1,\"name\":\"In\u00edcio\",\"item\":\"https:\\\/\\\/osmeusapontamentos.com\\\/\"},{\"@type\":\"ListItem\",\"position\":2,\"name\":\"Col\u00e9gio Luso-Internacional do Porto\"}]},{\"@type\":\"WebSite\",\"@id\":\"https:\\\/\\\/osmeusapontamentos.com\\\/#website\",\"url\":\"https:\\\/\\\/osmeusapontamentos.com\\\/\",\"name\":\"Os Meus Apontamentos\",\"description\":\"\",\"publisher\":{\"@id\":\"https:\\\/\\\/osmeusapontamentos.com\\\/#\\\/schema\\\/person\\\/d508df9c3ffc8b4e64a18dbf0ba18dd8\"},\"potentialAction\":[{\"@type\":\"SearchAction\",\"target\":{\"@type\":\"EntryPoint\",\"urlTemplate\":\"https:\\\/\\\/osmeusapontamentos.com\\\/?s={search_term_string}\"},\"query-input\":{\"@type\":\"PropertyValueSpecification\",\"valueRequired\":true,\"valueName\":\"search_term_string\"}}],\"inLanguage\":\"pt-PT\"},{\"@type\":[\"Person\",\"Organization\"],\"@id\":\"https:\\\/\\\/osmeusapontamentos.com\\\/#\\\/schema\\\/person\\\/d508df9c3ffc8b4e64a18dbf0ba18dd8\",\"name\":\"Vitor Silva\",\"image\":{\"@type\":\"ImageObject\",\"inLanguage\":\"pt-PT\",\"@id\":\"https:\\\/\\\/secure.gravatar.com\\\/avatar\\\/f81f58ad909e8a213ab0a690f6ed65e5c0e0e2274bf35ac49ff31d7988d483ce?s=96&d=mm&r=g\",\"url\":\"https:\\\/\\\/secure.gravatar.com\\\/avatar\\\/f81f58ad909e8a213ab0a690f6ed65e5c0e0e2274bf35ac49ff31d7988d483ce?s=96&d=mm&r=g\",\"contentUrl\":\"https:\\\/\\\/secure.gravatar.com\\\/avatar\\\/f81f58ad909e8a213ab0a690f6ed65e5c0e0e2274bf35ac49ff31d7988d483ce?s=96&d=mm&r=g\",\"caption\":\"Vitor Silva\"},\"logo\":{\"@id\":\"https:\\\/\\\/secure.gravatar.com\\\/avatar\\\/f81f58ad909e8a213ab0a690f6ed65e5c0e0e2274bf35ac49ff31d7988d483ce?s=96&d=mm&r=g\"},\"sameAs\":[\"https:\\\/\\\/www.linkedin.com\\\/in\\\/vitormrsilva\",\"https:\\\/\\\/x.com\\\/vitorsilva\"]}]}<\/script>\n<!-- \/ Yoast SEO plugin. -->","yoast_head_json":{"title":"Col\u00e9gio Luso-Internacional do Porto - Os Meus Apontamentos","robots":{"index":"index","follow":"follow","max-snippet":"max-snippet:-1","max-image-preview":"max-image-preview:large","max-video-preview":"max-video-preview:-1"},"canonical":"https:\/\/osmeusapontamentos.com\/index.php\/2010\/09\/23\/colegio-luso-internacional-porto\/","og_locale":"pt_PT","og_type":"article","og_title":"Col\u00e9gio Luso-Internacional do Porto - Os Meus Apontamentos","og_description":"Tenho ideia de, h\u00e1 um ano ou dois, ter ouvido falar de um projecto para o Col\u00e9gio Luso-Internacional do Porto. Se bem me lembro, na altura falava-se em converter aquele espa\u00e7o para uma discoteca. Algu\u00e9m sabe como est\u00e1 esse processo? [gmap zoom=18] (publicado inicialmente n&#8217;A Baixa do Porto) com os seguintes coment\u00e1rios: Augusto K\u00fcttner de [&hellip;]","og_url":"https:\/\/osmeusapontamentos.com\/index.php\/2010\/09\/23\/colegio-luso-internacional-porto\/","og_site_name":"Os Meus Apontamentos","article_published_time":"2010-09-23T10:01:52+00:00","og_image":[{"url":"https:\/\/osmeusapontamentos.com\/img\/IMG_2856_2.jpg","type":"","width":"","height":""}],"author":"Vitor Silva","twitter_card":"summary_large_image","twitter_creator":"@vitorsilva","twitter_site":"@vitorsilva","twitter_misc":{"Escrito por":"Vitor Silva","Tempo estimado de leitura":"3 minutos"},"schema":{"@context":"https:\/\/schema.org","@graph":[{"@type":"Article","@id":"https:\/\/osmeusapontamentos.com\/index.php\/2010\/09\/23\/colegio-luso-internacional-porto\/#article","isPartOf":{"@id":"https:\/\/osmeusapontamentos.com\/index.php\/2010\/09\/23\/colegio-luso-internacional-porto\/"},"author":{"name":"Vitor Silva","@id":"https:\/\/osmeusapontamentos.com\/#\/schema\/person\/d508df9c3ffc8b4e64a18dbf0ba18dd8"},"headline":"Col\u00e9gio Luso-Internacional do Porto","datePublished":"2010-09-23T10:01:52+00:00","mainEntityOfPage":{"@id":"https:\/\/osmeusapontamentos.com\/index.php\/2010\/09\/23\/colegio-luso-internacional-porto\/"},"wordCount":510,"commentCount":0,"publisher":{"@id":"https:\/\/osmeusapontamentos.com\/#\/schema\/person\/d508df9c3ffc8b4e64a18dbf0ba18dd8"},"keywords":["col\u00e9gio universal","porto"],"articleSection":["Ler\/ Ver\/ Ouvir\/ Passear"],"inLanguage":"pt-PT","potentialAction":[{"@type":"CommentAction","name":"Comment","target":["https:\/\/osmeusapontamentos.com\/index.php\/2010\/09\/23\/colegio-luso-internacional-porto\/#respond"]}]},{"@type":"WebPage","@id":"https:\/\/osmeusapontamentos.com\/index.php\/2010\/09\/23\/colegio-luso-internacional-porto\/","url":"https:\/\/osmeusapontamentos.com\/index.php\/2010\/09\/23\/colegio-luso-internacional-porto\/","name":"Col\u00e9gio Luso-Internacional do Porto - Os Meus Apontamentos","isPartOf":{"@id":"https:\/\/osmeusapontamentos.com\/#website"},"datePublished":"2010-09-23T10:01:52+00:00","breadcrumb":{"@id":"https:\/\/osmeusapontamentos.com\/index.php\/2010\/09\/23\/colegio-luso-internacional-porto\/#breadcrumb"},"inLanguage":"pt-PT","potentialAction":[{"@type":"ReadAction","target":["https:\/\/osmeusapontamentos.com\/index.php\/2010\/09\/23\/colegio-luso-internacional-porto\/"]}]},{"@type":"BreadcrumbList","@id":"https:\/\/osmeusapontamentos.com\/index.php\/2010\/09\/23\/colegio-luso-internacional-porto\/#breadcrumb","itemListElement":[{"@type":"ListItem","position":1,"name":"In\u00edcio","item":"https:\/\/osmeusapontamentos.com\/"},{"@type":"ListItem","position":2,"name":"Col\u00e9gio Luso-Internacional do Porto"}]},{"@type":"WebSite","@id":"https:\/\/osmeusapontamentos.com\/#website","url":"https:\/\/osmeusapontamentos.com\/","name":"Os Meus Apontamentos","description":"","publisher":{"@id":"https:\/\/osmeusapontamentos.com\/#\/schema\/person\/d508df9c3ffc8b4e64a18dbf0ba18dd8"},"potentialAction":[{"@type":"SearchAction","target":{"@type":"EntryPoint","urlTemplate":"https:\/\/osmeusapontamentos.com\/?s={search_term_string}"},"query-input":{"@type":"PropertyValueSpecification","valueRequired":true,"valueName":"search_term_string"}}],"inLanguage":"pt-PT"},{"@type":["Person","Organization"],"@id":"https:\/\/osmeusapontamentos.com\/#\/schema\/person\/d508df9c3ffc8b4e64a18dbf0ba18dd8","name":"Vitor Silva","image":{"@type":"ImageObject","inLanguage":"pt-PT","@id":"https:\/\/secure.gravatar.com\/avatar\/f81f58ad909e8a213ab0a690f6ed65e5c0e0e2274bf35ac49ff31d7988d483ce?s=96&d=mm&r=g","url":"https:\/\/secure.gravatar.com\/avatar\/f81f58ad909e8a213ab0a690f6ed65e5c0e0e2274bf35ac49ff31d7988d483ce?s=96&d=mm&r=g","contentUrl":"https:\/\/secure.gravatar.com\/avatar\/f81f58ad909e8a213ab0a690f6ed65e5c0e0e2274bf35ac49ff31d7988d483ce?s=96&d=mm&r=g","caption":"Vitor Silva"},"logo":{"@id":"https:\/\/secure.gravatar.com\/avatar\/f81f58ad909e8a213ab0a690f6ed65e5c0e0e2274bf35ac49ff31d7988d483ce?s=96&d=mm&r=g"},"sameAs":["https:\/\/www.linkedin.com\/in\/vitormrsilva","https:\/\/x.com\/vitorsilva"]}]}},"_links":{"self":[{"href":"https:\/\/osmeusapontamentos.com\/index.php\/wp-json\/wp\/v2\/posts\/2428","targetHints":{"allow":["GET"]}}],"collection":[{"href":"https:\/\/osmeusapontamentos.com\/index.php\/wp-json\/wp\/v2\/posts"}],"about":[{"href":"https:\/\/osmeusapontamentos.com\/index.php\/wp-json\/wp\/v2\/types\/post"}],"author":[{"embeddable":true,"href":"https:\/\/osmeusapontamentos.com\/index.php\/wp-json\/wp\/v2\/users\/1"}],"replies":[{"embeddable":true,"href":"https:\/\/osmeusapontamentos.com\/index.php\/wp-json\/wp\/v2\/comments?post=2428"}],"version-history":[{"count":0,"href":"https:\/\/osmeusapontamentos.com\/index.php\/wp-json\/wp\/v2\/posts\/2428\/revisions"}],"wp:attachment":[{"href":"https:\/\/osmeusapontamentos.com\/index.php\/wp-json\/wp\/v2\/media?parent=2428"}],"wp:term":[{"taxonomy":"category","embeddable":true,"href":"https:\/\/osmeusapontamentos.com\/index.php\/wp-json\/wp\/v2\/categories?post=2428"},{"taxonomy":"post_tag","embeddable":true,"href":"https:\/\/osmeusapontamentos.com\/index.php\/wp-json\/wp\/v2\/tags?post=2428"}],"curies":[{"name":"wp","href":"https:\/\/api.w.org\/{rel}","templated":true}]}}