{"id":2421,"date":"2010-09-18T12:00:22","date_gmt":"2010-09-18T12:00:22","guid":{"rendered":"http:\/\/osmeusapontamentos.com\/?p=2421"},"modified":"2010-09-18T12:00:22","modified_gmt":"2010-09-18T12:00:22","slug":"acompanhar-a-assembleia-municipal-e-junta-de-freguesia","status":"publish","type":"post","link":"https:\/\/osmeusapontamentos.com\/index.php\/2010\/09\/18\/acompanhar-a-assembleia-municipal-e-junta-de-freguesia\/","title":{"rendered":"Acompanhar a Assembleia Municipal e Junta de Freguesia"},"content":{"rendered":"<p>Queiramos ou n\u00e3o a verdade \u00e9 que existem alguns \u00f3rg\u00e3os p\u00fablicos que foram eleitos por n\u00f3s.<br \/>\nA n\u00edvel local estamos a falar de Junta de Freguesia e Assembleia de Freguesia, Assembleia Municipal e Executivo Municipal.<\/p>\n<p>Na minha opini\u00e3o, se eles existem, ent\u00e3o acho que faz sentido tentar ver de que forma os podemos influenciar na sua ac\u00e7\u00e3o quotidiana, e n\u00e3o s\u00f3 de quatro em quatro anos atrav\u00e9s do nosso voto.<br \/>\nEssa tem sido a minha maior motiva\u00e7\u00e3o para ir assistir quer as Assembleias de Freguesia de S. Ildefonso quer a Assembleia Municipal do Porto, acho que faz sentido perceber como funcionam, o que se passa l\u00e1, como podemos intervir.<\/p>\n<p>Na perspectiva de ir partilhando o que vejo e conclus\u00f5es que tiro tenho publicado na Baixa do Porto e n<a href=\"https:\/\/osmeusapontamentos.com\/\">o meu blog<\/a> artigos sobre o que se passa em cada uma das sess\u00f5es a que assisti bem como por vezes via <a href=\"http:\/\/www.twitter.com\/vitorsilva\">twitter<\/a> (ver em baixo links).<br \/>\nComo devem imaginar este \u00e9 um processo que consome bastante tempo mas que por outro lado permite ficar com uma boa vis\u00e3o daquilo que se vai discutindo na cidade.<\/p>\n<p>Como este ano, por raz\u00f5es profissionais e pessoais n\u00e3o vou poder fazer um acompanhamento t\u00e3o pr\u00f3ximo destas sess\u00f5es, <strong>gostaria de saber se algum dos visitantes habituais da <a href=\"http:\/\/porto.taf.net\/\">Baixa do Porto<\/a><\/strong><strong> estaria interessado em fazer parte de um grupo que fizesse este acompanhamento regular das sess\u00f5es p\u00fablicas<\/strong>.<\/p>\n<p>O objectivo n\u00e3o \u00e9 substituirmo-nos aos jornalistas que est\u00e3o sempre presentes na assembleia municipal (mas n\u00e3o por exemplo na junta de freguesia) mas antes ter uma outra vis\u00e3o, complementar, do que l\u00e1 se passa.<br \/>\n\u00c9 importante que quem nos representa perceba que n\u00f3s acompanhamos o que eles fazem, concordemos ou n\u00e3o com isso, e que at\u00e9 somos capazes de apresentar ideias ou sugerir temas para debate.<\/p>\n<p>A pr\u00f3xima reuni\u00e3o da Assembleia Municipal do Porto \u00e9 no pr\u00f3ximo dia 20 de Setembro de 2010 \u00e0s 21h00.<\/p>\n<ul>\n<li><a href=\"https:\/\/osmeusapontamentos.com\/index.php\/2010\/07\/28\/notas-sobre-a-reuniao-da-jf-sildefonso-16jun\/\">Notas sobre a reuni\u00e3o da jf s.ildefonso 16jun<\/a><\/li>\n<li><a href=\"https:\/\/osmeusapontamentos.com\/index.php\/2010\/07\/03\/notas-sobre-a-reuniao-da-am-de-28jun\/\">Notas sobre a reuni\u00e3o da a.m de 28jun<\/a><\/li>\n<li><a href=\"https:\/\/osmeusapontamentos.com\/index.php\/2010\/03\/29\/apontamentos-da-assembleia-municipal-do-porto-15-mar-2010\/\">Apontamentos da Assembleia Municipal do Porto, 15-mar-2010<\/a><\/li>\n<li><a href=\"https:\/\/osmeusapontamentos.com\/index.php\/2010\/03\/28\/apontamentos-da-assembleia-municipal-do-porto-1-mar-2010\/\">Apontamentos da Assembleia Municipal do Porto, 1-mar-2010<\/a><\/li>\n<li><a href=\"https:\/\/osmeusapontamentos.com\/index.php\/2010\/02\/21\/apontamentos-da-assembleia-municipal-do-porto-8-fev-2010\/\">Apontamentos da Assembleia Municipal do Porto, 8-fev-2010<\/a><\/li>\n<li><a href=\"https:\/\/osmeusapontamentos.com\/index.php\/2010\/01\/18\/apontamentos-da-assembleia-municipal-do-porto-11-de-janeiro\/\">Apontamentos da assembleia municipal do porto, 11 de janeiro<\/a><\/li>\n<li><a href=\"https:\/\/osmeusapontamentos.com\/index.php\/2009\/12\/20\/junta-de-freguesia-santo-ildefonso-apresentacao-orcamento-e-plano-actividades\/\">Junta de Freguesia Santo Ildefonso \u2013 Apresenta\u00e7\u00e3o Or\u00e7amento e Plano Actividades<\/a><\/li>\n<\/ul>\n<p>(publicado inicialmente n&#8217;<a href=\"http:\/\/www.porto.taf.net\/dp\/node\/7219\">a Baixa do Porto<\/a>)<\/p>\n","protected":false},"excerpt":{"rendered":"<p>Queiramos ou n\u00e3o a verdade \u00e9 que existem alguns \u00f3rg\u00e3os p\u00fablicos que foram eleitos por n\u00f3s. A n\u00edvel local estamos a falar de Junta de Freguesia e Assembleia de Freguesia, Assembleia Municipal e Executivo Municipal. Na minha opini\u00e3o, se eles existem, ent\u00e3o acho que faz sentido tentar ver de que forma os podemos influenciar na [&hellip;]<\/p>\n","protected":false},"author":1,"featured_media":0,"comment_status":"open","ping_status":"open","sticky":false,"template":"","format":"standard","meta":{"footnotes":""},"categories":[7],"tags":[],"class_list":["post-2421","post","type-post","status-publish","format-standard","hentry","category-ler-ver-ouvir-passear"],"yoast_head":"<!-- This site is optimized with the Yoast SEO plugin v27.5 - https:\/\/yoast.com\/product\/yoast-seo-wordpress\/ -->\n<title>Acompanhar a Assembleia Municipal e Junta de Freguesia - Os Meus Apontamentos<\/title>\n<meta name=\"robots\" content=\"index, follow, max-snippet:-1, max-image-preview:large, max-video-preview:-1\" \/>\n<link rel=\"canonical\" href=\"https:\/\/osmeusapontamentos.com\/index.php\/2010\/09\/18\/acompanhar-a-assembleia-municipal-e-junta-de-freguesia\/\" \/>\n<meta property=\"og:locale\" content=\"pt_PT\" \/>\n<meta property=\"og:type\" content=\"article\" \/>\n<meta property=\"og:title\" content=\"Acompanhar a Assembleia Municipal e Junta de Freguesia - Os Meus Apontamentos\" \/>\n<meta property=\"og:description\" content=\"Queiramos ou n\u00e3o a verdade \u00e9 que existem alguns \u00f3rg\u00e3os p\u00fablicos que foram eleitos por n\u00f3s. A n\u00edvel local estamos a falar de Junta de Freguesia e Assembleia de Freguesia, Assembleia Municipal e Executivo Municipal. Na minha opini\u00e3o, se eles existem, ent\u00e3o acho que faz sentido tentar ver de que forma os podemos influenciar na [&hellip;]\" \/>\n<meta property=\"og:url\" content=\"https:\/\/osmeusapontamentos.com\/index.php\/2010\/09\/18\/acompanhar-a-assembleia-municipal-e-junta-de-freguesia\/\" \/>\n<meta property=\"og:site_name\" content=\"Os Meus Apontamentos\" \/>\n<meta property=\"article:published_time\" content=\"2010-09-18T12:00:22+00:00\" \/>\n<meta name=\"author\" content=\"Vitor Silva\" \/>\n<meta name=\"twitter:card\" content=\"summary_large_image\" \/>\n<meta name=\"twitter:creator\" content=\"@vitorsilva\" \/>\n<meta name=\"twitter:site\" content=\"@vitorsilva\" \/>\n<meta name=\"twitter:label1\" content=\"Escrito por\" \/>\n\t<meta name=\"twitter:data1\" content=\"Vitor Silva\" \/>\n\t<meta name=\"twitter:label2\" content=\"Tempo estimado de leitura\" \/>\n\t<meta name=\"twitter:data2\" content=\"2 minutos\" \/>\n<script type=\"application\/ld+json\" class=\"yoast-schema-graph\">{\"@context\":\"https:\\\/\\\/schema.org\",\"@graph\":[{\"@type\":\"Article\",\"@id\":\"https:\\\/\\\/osmeusapontamentos.com\\\/index.php\\\/2010\\\/09\\\/18\\\/acompanhar-a-assembleia-municipal-e-junta-de-freguesia\\\/#article\",\"isPartOf\":{\"@id\":\"https:\\\/\\\/osmeusapontamentos.com\\\/index.php\\\/2010\\\/09\\\/18\\\/acompanhar-a-assembleia-municipal-e-junta-de-freguesia\\\/\"},\"author\":{\"name\":\"Vitor Silva\",\"@id\":\"https:\\\/\\\/osmeusapontamentos.com\\\/#\\\/schema\\\/person\\\/d508df9c3ffc8b4e64a18dbf0ba18dd8\"},\"headline\":\"Acompanhar a Assembleia Municipal e Junta de Freguesia\",\"datePublished\":\"2010-09-18T12:00:22+00:00\",\"mainEntityOfPage\":{\"@id\":\"https:\\\/\\\/osmeusapontamentos.com\\\/index.php\\\/2010\\\/09\\\/18\\\/acompanhar-a-assembleia-municipal-e-junta-de-freguesia\\\/\"},\"wordCount\":413,\"commentCount\":0,\"publisher\":{\"@id\":\"https:\\\/\\\/osmeusapontamentos.com\\\/#\\\/schema\\\/person\\\/d508df9c3ffc8b4e64a18dbf0ba18dd8\"},\"articleSection\":[\"Ler\\\/ Ver\\\/ Ouvir\\\/ Passear\"],\"inLanguage\":\"pt-PT\",\"potentialAction\":[{\"@type\":\"CommentAction\",\"name\":\"Comment\",\"target\":[\"https:\\\/\\\/osmeusapontamentos.com\\\/index.php\\\/2010\\\/09\\\/18\\\/acompanhar-a-assembleia-municipal-e-junta-de-freguesia\\\/#respond\"]}]},{\"@type\":\"WebPage\",\"@id\":\"https:\\\/\\\/osmeusapontamentos.com\\\/index.php\\\/2010\\\/09\\\/18\\\/acompanhar-a-assembleia-municipal-e-junta-de-freguesia\\\/\",\"url\":\"https:\\\/\\\/osmeusapontamentos.com\\\/index.php\\\/2010\\\/09\\\/18\\\/acompanhar-a-assembleia-municipal-e-junta-de-freguesia\\\/\",\"name\":\"Acompanhar a Assembleia Municipal e Junta de Freguesia - Os Meus Apontamentos\",\"isPartOf\":{\"@id\":\"https:\\\/\\\/osmeusapontamentos.com\\\/#website\"},\"datePublished\":\"2010-09-18T12:00:22+00:00\",\"breadcrumb\":{\"@id\":\"https:\\\/\\\/osmeusapontamentos.com\\\/index.php\\\/2010\\\/09\\\/18\\\/acompanhar-a-assembleia-municipal-e-junta-de-freguesia\\\/#breadcrumb\"},\"inLanguage\":\"pt-PT\",\"potentialAction\":[{\"@type\":\"ReadAction\",\"target\":[\"https:\\\/\\\/osmeusapontamentos.com\\\/index.php\\\/2010\\\/09\\\/18\\\/acompanhar-a-assembleia-municipal-e-junta-de-freguesia\\\/\"]}]},{\"@type\":\"BreadcrumbList\",\"@id\":\"https:\\\/\\\/osmeusapontamentos.com\\\/index.php\\\/2010\\\/09\\\/18\\\/acompanhar-a-assembleia-municipal-e-junta-de-freguesia\\\/#breadcrumb\",\"itemListElement\":[{\"@type\":\"ListItem\",\"position\":1,\"name\":\"In\u00edcio\",\"item\":\"https:\\\/\\\/osmeusapontamentos.com\\\/\"},{\"@type\":\"ListItem\",\"position\":2,\"name\":\"Acompanhar a Assembleia Municipal e Junta de Freguesia\"}]},{\"@type\":\"WebSite\",\"@id\":\"https:\\\/\\\/osmeusapontamentos.com\\\/#website\",\"url\":\"https:\\\/\\\/osmeusapontamentos.com\\\/\",\"name\":\"Os Meus Apontamentos\",\"description\":\"\",\"publisher\":{\"@id\":\"https:\\\/\\\/osmeusapontamentos.com\\\/#\\\/schema\\\/person\\\/d508df9c3ffc8b4e64a18dbf0ba18dd8\"},\"potentialAction\":[{\"@type\":\"SearchAction\",\"target\":{\"@type\":\"EntryPoint\",\"urlTemplate\":\"https:\\\/\\\/osmeusapontamentos.com\\\/?s={search_term_string}\"},\"query-input\":{\"@type\":\"PropertyValueSpecification\",\"valueRequired\":true,\"valueName\":\"search_term_string\"}}],\"inLanguage\":\"pt-PT\"},{\"@type\":[\"Person\",\"Organization\"],\"@id\":\"https:\\\/\\\/osmeusapontamentos.com\\\/#\\\/schema\\\/person\\\/d508df9c3ffc8b4e64a18dbf0ba18dd8\",\"name\":\"Vitor Silva\",\"image\":{\"@type\":\"ImageObject\",\"inLanguage\":\"pt-PT\",\"@id\":\"https:\\\/\\\/secure.gravatar.com\\\/avatar\\\/f81f58ad909e8a213ab0a690f6ed65e5c0e0e2274bf35ac49ff31d7988d483ce?s=96&d=mm&r=g\",\"url\":\"https:\\\/\\\/secure.gravatar.com\\\/avatar\\\/f81f58ad909e8a213ab0a690f6ed65e5c0e0e2274bf35ac49ff31d7988d483ce?s=96&d=mm&r=g\",\"contentUrl\":\"https:\\\/\\\/secure.gravatar.com\\\/avatar\\\/f81f58ad909e8a213ab0a690f6ed65e5c0e0e2274bf35ac49ff31d7988d483ce?s=96&d=mm&r=g\",\"caption\":\"Vitor Silva\"},\"logo\":{\"@id\":\"https:\\\/\\\/secure.gravatar.com\\\/avatar\\\/f81f58ad909e8a213ab0a690f6ed65e5c0e0e2274bf35ac49ff31d7988d483ce?s=96&d=mm&r=g\"},\"sameAs\":[\"https:\\\/\\\/www.linkedin.com\\\/in\\\/vitormrsilva\",\"https:\\\/\\\/x.com\\\/vitorsilva\"]}]}<\/script>\n<!-- \/ Yoast SEO plugin. -->","yoast_head_json":{"title":"Acompanhar a Assembleia Municipal e Junta de Freguesia - Os Meus Apontamentos","robots":{"index":"index","follow":"follow","max-snippet":"max-snippet:-1","max-image-preview":"max-image-preview:large","max-video-preview":"max-video-preview:-1"},"canonical":"https:\/\/osmeusapontamentos.com\/index.php\/2010\/09\/18\/acompanhar-a-assembleia-municipal-e-junta-de-freguesia\/","og_locale":"pt_PT","og_type":"article","og_title":"Acompanhar a Assembleia Municipal e Junta de Freguesia - Os Meus Apontamentos","og_description":"Queiramos ou n\u00e3o a verdade \u00e9 que existem alguns \u00f3rg\u00e3os p\u00fablicos que foram eleitos por n\u00f3s. A n\u00edvel local estamos a falar de Junta de Freguesia e Assembleia de Freguesia, Assembleia Municipal e Executivo Municipal. Na minha opini\u00e3o, se eles existem, ent\u00e3o acho que faz sentido tentar ver de que forma os podemos influenciar na [&hellip;]","og_url":"https:\/\/osmeusapontamentos.com\/index.php\/2010\/09\/18\/acompanhar-a-assembleia-municipal-e-junta-de-freguesia\/","og_site_name":"Os Meus Apontamentos","article_published_time":"2010-09-18T12:00:22+00:00","author":"Vitor Silva","twitter_card":"summary_large_image","twitter_creator":"@vitorsilva","twitter_site":"@vitorsilva","twitter_misc":{"Escrito por":"Vitor Silva","Tempo estimado de leitura":"2 minutos"},"schema":{"@context":"https:\/\/schema.org","@graph":[{"@type":"Article","@id":"https:\/\/osmeusapontamentos.com\/index.php\/2010\/09\/18\/acompanhar-a-assembleia-municipal-e-junta-de-freguesia\/#article","isPartOf":{"@id":"https:\/\/osmeusapontamentos.com\/index.php\/2010\/09\/18\/acompanhar-a-assembleia-municipal-e-junta-de-freguesia\/"},"author":{"name":"Vitor Silva","@id":"https:\/\/osmeusapontamentos.com\/#\/schema\/person\/d508df9c3ffc8b4e64a18dbf0ba18dd8"},"headline":"Acompanhar a Assembleia Municipal e Junta de Freguesia","datePublished":"2010-09-18T12:00:22+00:00","mainEntityOfPage":{"@id":"https:\/\/osmeusapontamentos.com\/index.php\/2010\/09\/18\/acompanhar-a-assembleia-municipal-e-junta-de-freguesia\/"},"wordCount":413,"commentCount":0,"publisher":{"@id":"https:\/\/osmeusapontamentos.com\/#\/schema\/person\/d508df9c3ffc8b4e64a18dbf0ba18dd8"},"articleSection":["Ler\/ Ver\/ Ouvir\/ Passear"],"inLanguage":"pt-PT","potentialAction":[{"@type":"CommentAction","name":"Comment","target":["https:\/\/osmeusapontamentos.com\/index.php\/2010\/09\/18\/acompanhar-a-assembleia-municipal-e-junta-de-freguesia\/#respond"]}]},{"@type":"WebPage","@id":"https:\/\/osmeusapontamentos.com\/index.php\/2010\/09\/18\/acompanhar-a-assembleia-municipal-e-junta-de-freguesia\/","url":"https:\/\/osmeusapontamentos.com\/index.php\/2010\/09\/18\/acompanhar-a-assembleia-municipal-e-junta-de-freguesia\/","name":"Acompanhar a Assembleia Municipal e Junta de Freguesia - Os Meus Apontamentos","isPartOf":{"@id":"https:\/\/osmeusapontamentos.com\/#website"},"datePublished":"2010-09-18T12:00:22+00:00","breadcrumb":{"@id":"https:\/\/osmeusapontamentos.com\/index.php\/2010\/09\/18\/acompanhar-a-assembleia-municipal-e-junta-de-freguesia\/#breadcrumb"},"inLanguage":"pt-PT","potentialAction":[{"@type":"ReadAction","target":["https:\/\/osmeusapontamentos.com\/index.php\/2010\/09\/18\/acompanhar-a-assembleia-municipal-e-junta-de-freguesia\/"]}]},{"@type":"BreadcrumbList","@id":"https:\/\/osmeusapontamentos.com\/index.php\/2010\/09\/18\/acompanhar-a-assembleia-municipal-e-junta-de-freguesia\/#breadcrumb","itemListElement":[{"@type":"ListItem","position":1,"name":"In\u00edcio","item":"https:\/\/osmeusapontamentos.com\/"},{"@type":"ListItem","position":2,"name":"Acompanhar a Assembleia Municipal e Junta de Freguesia"}]},{"@type":"WebSite","@id":"https:\/\/osmeusapontamentos.com\/#website","url":"https:\/\/osmeusapontamentos.com\/","name":"Os Meus Apontamentos","description":"","publisher":{"@id":"https:\/\/osmeusapontamentos.com\/#\/schema\/person\/d508df9c3ffc8b4e64a18dbf0ba18dd8"},"potentialAction":[{"@type":"SearchAction","target":{"@type":"EntryPoint","urlTemplate":"https:\/\/osmeusapontamentos.com\/?s={search_term_string}"},"query-input":{"@type":"PropertyValueSpecification","valueRequired":true,"valueName":"search_term_string"}}],"inLanguage":"pt-PT"},{"@type":["Person","Organization"],"@id":"https:\/\/osmeusapontamentos.com\/#\/schema\/person\/d508df9c3ffc8b4e64a18dbf0ba18dd8","name":"Vitor Silva","image":{"@type":"ImageObject","inLanguage":"pt-PT","@id":"https:\/\/secure.gravatar.com\/avatar\/f81f58ad909e8a213ab0a690f6ed65e5c0e0e2274bf35ac49ff31d7988d483ce?s=96&d=mm&r=g","url":"https:\/\/secure.gravatar.com\/avatar\/f81f58ad909e8a213ab0a690f6ed65e5c0e0e2274bf35ac49ff31d7988d483ce?s=96&d=mm&r=g","contentUrl":"https:\/\/secure.gravatar.com\/avatar\/f81f58ad909e8a213ab0a690f6ed65e5c0e0e2274bf35ac49ff31d7988d483ce?s=96&d=mm&r=g","caption":"Vitor Silva"},"logo":{"@id":"https:\/\/secure.gravatar.com\/avatar\/f81f58ad909e8a213ab0a690f6ed65e5c0e0e2274bf35ac49ff31d7988d483ce?s=96&d=mm&r=g"},"sameAs":["https:\/\/www.linkedin.com\/in\/vitormrsilva","https:\/\/x.com\/vitorsilva"]}]}},"_links":{"self":[{"href":"https:\/\/osmeusapontamentos.com\/index.php\/wp-json\/wp\/v2\/posts\/2421","targetHints":{"allow":["GET"]}}],"collection":[{"href":"https:\/\/osmeusapontamentos.com\/index.php\/wp-json\/wp\/v2\/posts"}],"about":[{"href":"https:\/\/osmeusapontamentos.com\/index.php\/wp-json\/wp\/v2\/types\/post"}],"author":[{"embeddable":true,"href":"https:\/\/osmeusapontamentos.com\/index.php\/wp-json\/wp\/v2\/users\/1"}],"replies":[{"embeddable":true,"href":"https:\/\/osmeusapontamentos.com\/index.php\/wp-json\/wp\/v2\/comments?post=2421"}],"version-history":[{"count":0,"href":"https:\/\/osmeusapontamentos.com\/index.php\/wp-json\/wp\/v2\/posts\/2421\/revisions"}],"wp:attachment":[{"href":"https:\/\/osmeusapontamentos.com\/index.php\/wp-json\/wp\/v2\/media?parent=2421"}],"wp:term":[{"taxonomy":"category","embeddable":true,"href":"https:\/\/osmeusapontamentos.com\/index.php\/wp-json\/wp\/v2\/categories?post=2421"},{"taxonomy":"post_tag","embeddable":true,"href":"https:\/\/osmeusapontamentos.com\/index.php\/wp-json\/wp\/v2\/tags?post=2421"}],"curies":[{"name":"wp","href":"https:\/\/api.w.org\/{rel}","templated":true}]}}