{"id":2413,"date":"2010-09-16T12:00:32","date_gmt":"2010-09-16T12:00:32","guid":{"rendered":"http:\/\/osmeusapontamentos.com\/?p=2413"},"modified":"2010-09-16T12:00:32","modified_gmt":"2010-09-16T12:00:32","slug":"o-porto-em-conversa-agostosetembro-2010","status":"publish","type":"post","link":"https:\/\/osmeusapontamentos.com\/index.php\/2010\/09\/16\/o-porto-em-conversa-agostosetembro-2010\/","title":{"rendered":"O Porto em Conversa &#8211; Agosto\/Setembro 2010"},"content":{"rendered":"<p>Os meses de ver\u00e3o s\u00e3o sempre meses mais tranquilos mas nem por isso a divulga\u00e7\u00e3o de entrevistas, confer\u00eancias, sess\u00f5es ou palestras realizadas pelo Porto foi muito menor.<br \/>\nComo tinha dito no \u00faltimo email, comecei uma colabora\u00e7\u00e3o com a Amanda Ribeiro do <a href=\"http:\/\/jpn.icicom.up.pt\/\">JPN<\/a> num projecto que ir\u00e1 consistir em entrevistar lideres das juventudes partid\u00e1rias do Porto.<br \/>\nOs primeiros convidados foram <a href=\"http:\/\/www.oportoemconversa.com\/2010\/07\/26\/representantes-do-porto-tiago-barbosa-ribeiro-ps\/\">Tiago Barbosa Ribeiro<\/a> da JS e <a href=\"http:\/\/www.oportoemconversa.com\/2010\/09\/01\/representantes-do-porto-joao-paulo-meireles-psd\/\">Jo\u00e3o Paulo Meireles<\/a> da JSD. Falamos n\u00e3o s\u00f3 sobre temas mais relacionados com a juventude mas tamb\u00e9m, e aproveitando que ambos fazem parte da Assembleia Municipal do Porto, conversamos sobre os problemas que, de acordo com cada um deles, afectam o Porto.<\/p>\n<p>Numa outra \u00e1rea, mais relacionada com o ambiente, e que tamb\u00e9m ir\u00e1 come\u00e7ar a aparecer n&#8217;O Porto em Conversa, publiquei a apresenta\u00e7\u00e3o do Prof. Jos\u00e9 Portela chamada &#8220;<a href=\"http:\/\/www.oportoemconversa.com\/2010\/09\/08\/prof-jose-portela-do-contra-desenvolvimento-ao-desenvolvimento-sustentavel\/\">Do Contra-Desenvolvimento ao Desenvolvimento Sustent\u00e1vel<\/a>&#8220;. Uma apresenta\u00e7\u00e3o gravada no IV Encontro Convergir.<\/p>\n<p>Voltando \u00e0 tecnologia queria destacar a entrevista que fiz a <a href=\"http:\/\/www.oportoemconversa.com\/2010\/09\/15\/ipbrick-raul-oliveira\/\">Raul Oliveira da IPBrick<\/a>, no \u00e2mbito de uma nova s\u00e9rie apoiada pela <a href=\"http:\/\/www.portic.org\/\">Portic<\/a> e que incluir\u00e1 entrevistas a respons\u00e1veis de diferentes organiza\u00e7\u00f5es portuguesas da \u00e1rea das tecnologias de informa\u00e7\u00e3o.<\/p>\n<p>Finalmente, conclui a publica\u00e7\u00e3o das apresenta\u00e7\u00f5es da \u00faltima sess\u00e3o do <a href=\"http:\/\/igniteportugal.blogspot.com\/\">Ignite Portugal<\/a> que se realizou em Julho no <a href=\"http:\/\/porto.the-hub.net\/public\/\">HubPorto<\/a>. Para al\u00e9m da minha apresenta\u00e7\u00e3o chamada <a href=\"http:\/\/www.oportoemconversa.com\/2010\/08\/02\/cidadania-2-0-vitor-silva\/\">Cidadania 2.0<\/a>, falou-se de empreendedorismo com <a href=\"http:\/\/www.oportoemconversa.com\/2010\/07\/27\/a-nova-equacao-da-inovacao-miguel-munoz-duarte\/\">Miguel Mu\u00f1oz Duarte<\/a>, <a href=\"http:\/\/www.oportoemconversa.com\/2010\/07\/27\/empreendedores-vs-empreendedoras-felipe-avila-costa\/\">Felipe \u00c1vila Costa<\/a> (que tamb\u00e9m faz parte da organiza\u00e7\u00e3o do <a href=\"http:\/\/cooltivate.wordpress.com\/\">Cooltiva-te<\/a>) e <a href=\"http:\/\/www.oportoemconversa.com\/2010\/07\/28\/antes-junto-que-mal-abandonado-vasco-sousa\/\">Vasco Sousa<\/a>, do tempo das redes com <a href=\"http:\/\/www.oportoemconversa.com\/2010\/07\/28\/o-tempo-das-redes-luis-borges-gouveia\/\">Luis Borges Gouveia<\/a>, seguran\u00e7a na net por<a href=\"http:\/\/www.oportoemconversa.com\/2010\/08\/02\/o-martelo-de-maslow-tito-de-morais\/\"> Tito de Morais<\/a>, redes sociais por <a href=\"http:\/\/www.oportoemconversa.com\/2010\/08\/03\/os-cromos-das-redes-sociais-pedro-caramez\/\">Pedro Caramez<\/a> e sobre Empresas, na divertidissima apresenta\u00e7ao de <a href=\"http:\/\/www.oportoemconversa.com\/2010\/08\/03\/a-fabula-dos-animais-da-quinta-que-aprenderam-com-os-empresarios-marco-novo\/\">Marco Novo<\/a> chamada A f\u00e1bula dos animais da quinta que aprenderam com os empres\u00e1rios.<\/p>\n<p>Conto convosco para continuar a acompanhar e a divulgar o podcast.<br \/>\nDurante este m\u00eas, entre outros, destaco a publica\u00e7\u00e3o da apresenta\u00e7\u00e3o do arquitecto Eliseu Gon\u00e7alves sobre os prim\u00f3rdios da quest\u00e3o habitacional e social no Porto, uma apresenta\u00e7\u00e3o feita no \u00e2mbito do Col\u00f3quio Cient\u00edfico Internacional (Ilhas e Bairros do Porto) realizado na Faculdade de Letras da Universidade do Porto a 19 e 20 de Julho de 2010.<\/p>\n","protected":false},"excerpt":{"rendered":"<p>Os meses de ver\u00e3o s\u00e3o sempre meses mais tranquilos mas nem por isso a divulga\u00e7\u00e3o de entrevistas, confer\u00eancias, sess\u00f5es ou palestras realizadas pelo Porto foi muito menor. Como tinha dito no \u00faltimo email, comecei uma colabora\u00e7\u00e3o com a Amanda Ribeiro do JPN num projecto que ir\u00e1 consistir em entrevistar lideres das juventudes partid\u00e1rias do Porto. [&hellip;]<\/p>\n","protected":false},"author":1,"featured_media":0,"comment_status":"open","ping_status":"open","sticky":false,"template":"","format":"standard","meta":{"footnotes":""},"categories":[7],"tags":[516],"class_list":["post-2413","post","type-post","status-publish","format-standard","hentry","category-ler-ver-ouvir-passear","tag-podcast"],"yoast_head":"<!-- This site is optimized with the Yoast SEO plugin v27.5 - https:\/\/yoast.com\/product\/yoast-seo-wordpress\/ -->\n<title>O Porto em Conversa - Agosto\/Setembro 2010 - Os Meus Apontamentos<\/title>\n<meta name=\"robots\" content=\"index, follow, max-snippet:-1, max-image-preview:large, max-video-preview:-1\" \/>\n<link rel=\"canonical\" href=\"https:\/\/osmeusapontamentos.com\/index.php\/2010\/09\/16\/o-porto-em-conversa-agostosetembro-2010\/\" \/>\n<meta property=\"og:locale\" content=\"pt_PT\" \/>\n<meta property=\"og:type\" content=\"article\" \/>\n<meta property=\"og:title\" content=\"O Porto em Conversa - Agosto\/Setembro 2010 - Os Meus Apontamentos\" \/>\n<meta property=\"og:description\" content=\"Os meses de ver\u00e3o s\u00e3o sempre meses mais tranquilos mas nem por isso a divulga\u00e7\u00e3o de entrevistas, confer\u00eancias, sess\u00f5es ou palestras realizadas pelo Porto foi muito menor. Como tinha dito no \u00faltimo email, comecei uma colabora\u00e7\u00e3o com a Amanda Ribeiro do JPN num projecto que ir\u00e1 consistir em entrevistar lideres das juventudes partid\u00e1rias do Porto. [&hellip;]\" \/>\n<meta property=\"og:url\" content=\"https:\/\/osmeusapontamentos.com\/index.php\/2010\/09\/16\/o-porto-em-conversa-agostosetembro-2010\/\" \/>\n<meta property=\"og:site_name\" content=\"Os Meus Apontamentos\" \/>\n<meta property=\"article:published_time\" content=\"2010-09-16T12:00:32+00:00\" \/>\n<meta name=\"author\" content=\"Vitor Silva\" \/>\n<meta name=\"twitter:card\" content=\"summary_large_image\" \/>\n<meta name=\"twitter:creator\" content=\"@vitorsilva\" \/>\n<meta name=\"twitter:site\" content=\"@vitorsilva\" \/>\n<meta name=\"twitter:label1\" content=\"Escrito por\" \/>\n\t<meta name=\"twitter:data1\" content=\"Vitor Silva\" \/>\n\t<meta name=\"twitter:label2\" content=\"Tempo estimado de leitura\" \/>\n\t<meta name=\"twitter:data2\" content=\"2 minutos\" \/>\n<script type=\"application\/ld+json\" class=\"yoast-schema-graph\">{\"@context\":\"https:\\\/\\\/schema.org\",\"@graph\":[{\"@type\":\"Article\",\"@id\":\"https:\\\/\\\/osmeusapontamentos.com\\\/index.php\\\/2010\\\/09\\\/16\\\/o-porto-em-conversa-agostosetembro-2010\\\/#article\",\"isPartOf\":{\"@id\":\"https:\\\/\\\/osmeusapontamentos.com\\\/index.php\\\/2010\\\/09\\\/16\\\/o-porto-em-conversa-agostosetembro-2010\\\/\"},\"author\":{\"name\":\"Vitor Silva\",\"@id\":\"https:\\\/\\\/osmeusapontamentos.com\\\/#\\\/schema\\\/person\\\/d508df9c3ffc8b4e64a18dbf0ba18dd8\"},\"headline\":\"O Porto em Conversa &#8211; Agosto\\\/Setembro 2010\",\"datePublished\":\"2010-09-16T12:00:32+00:00\",\"mainEntityOfPage\":{\"@id\":\"https:\\\/\\\/osmeusapontamentos.com\\\/index.php\\\/2010\\\/09\\\/16\\\/o-porto-em-conversa-agostosetembro-2010\\\/\"},\"wordCount\":382,\"commentCount\":0,\"publisher\":{\"@id\":\"https:\\\/\\\/osmeusapontamentos.com\\\/#\\\/schema\\\/person\\\/d508df9c3ffc8b4e64a18dbf0ba18dd8\"},\"keywords\":[\"podcast\"],\"articleSection\":[\"Ler\\\/ Ver\\\/ Ouvir\\\/ Passear\"],\"inLanguage\":\"pt-PT\",\"potentialAction\":[{\"@type\":\"CommentAction\",\"name\":\"Comment\",\"target\":[\"https:\\\/\\\/osmeusapontamentos.com\\\/index.php\\\/2010\\\/09\\\/16\\\/o-porto-em-conversa-agostosetembro-2010\\\/#respond\"]}]},{\"@type\":\"WebPage\",\"@id\":\"https:\\\/\\\/osmeusapontamentos.com\\\/index.php\\\/2010\\\/09\\\/16\\\/o-porto-em-conversa-agostosetembro-2010\\\/\",\"url\":\"https:\\\/\\\/osmeusapontamentos.com\\\/index.php\\\/2010\\\/09\\\/16\\\/o-porto-em-conversa-agostosetembro-2010\\\/\",\"name\":\"O Porto em Conversa - Agosto\\\/Setembro 2010 - Os Meus Apontamentos\",\"isPartOf\":{\"@id\":\"https:\\\/\\\/osmeusapontamentos.com\\\/#website\"},\"datePublished\":\"2010-09-16T12:00:32+00:00\",\"breadcrumb\":{\"@id\":\"https:\\\/\\\/osmeusapontamentos.com\\\/index.php\\\/2010\\\/09\\\/16\\\/o-porto-em-conversa-agostosetembro-2010\\\/#breadcrumb\"},\"inLanguage\":\"pt-PT\",\"potentialAction\":[{\"@type\":\"ReadAction\",\"target\":[\"https:\\\/\\\/osmeusapontamentos.com\\\/index.php\\\/2010\\\/09\\\/16\\\/o-porto-em-conversa-agostosetembro-2010\\\/\"]}]},{\"@type\":\"BreadcrumbList\",\"@id\":\"https:\\\/\\\/osmeusapontamentos.com\\\/index.php\\\/2010\\\/09\\\/16\\\/o-porto-em-conversa-agostosetembro-2010\\\/#breadcrumb\",\"itemListElement\":[{\"@type\":\"ListItem\",\"position\":1,\"name\":\"In\u00edcio\",\"item\":\"https:\\\/\\\/osmeusapontamentos.com\\\/\"},{\"@type\":\"ListItem\",\"position\":2,\"name\":\"O Porto em Conversa &#8211; Agosto\\\/Setembro 2010\"}]},{\"@type\":\"WebSite\",\"@id\":\"https:\\\/\\\/osmeusapontamentos.com\\\/#website\",\"url\":\"https:\\\/\\\/osmeusapontamentos.com\\\/\",\"name\":\"Os Meus Apontamentos\",\"description\":\"\",\"publisher\":{\"@id\":\"https:\\\/\\\/osmeusapontamentos.com\\\/#\\\/schema\\\/person\\\/d508df9c3ffc8b4e64a18dbf0ba18dd8\"},\"potentialAction\":[{\"@type\":\"SearchAction\",\"target\":{\"@type\":\"EntryPoint\",\"urlTemplate\":\"https:\\\/\\\/osmeusapontamentos.com\\\/?s={search_term_string}\"},\"query-input\":{\"@type\":\"PropertyValueSpecification\",\"valueRequired\":true,\"valueName\":\"search_term_string\"}}],\"inLanguage\":\"pt-PT\"},{\"@type\":[\"Person\",\"Organization\"],\"@id\":\"https:\\\/\\\/osmeusapontamentos.com\\\/#\\\/schema\\\/person\\\/d508df9c3ffc8b4e64a18dbf0ba18dd8\",\"name\":\"Vitor Silva\",\"image\":{\"@type\":\"ImageObject\",\"inLanguage\":\"pt-PT\",\"@id\":\"https:\\\/\\\/secure.gravatar.com\\\/avatar\\\/f81f58ad909e8a213ab0a690f6ed65e5c0e0e2274bf35ac49ff31d7988d483ce?s=96&d=mm&r=g\",\"url\":\"https:\\\/\\\/secure.gravatar.com\\\/avatar\\\/f81f58ad909e8a213ab0a690f6ed65e5c0e0e2274bf35ac49ff31d7988d483ce?s=96&d=mm&r=g\",\"contentUrl\":\"https:\\\/\\\/secure.gravatar.com\\\/avatar\\\/f81f58ad909e8a213ab0a690f6ed65e5c0e0e2274bf35ac49ff31d7988d483ce?s=96&d=mm&r=g\",\"caption\":\"Vitor Silva\"},\"logo\":{\"@id\":\"https:\\\/\\\/secure.gravatar.com\\\/avatar\\\/f81f58ad909e8a213ab0a690f6ed65e5c0e0e2274bf35ac49ff31d7988d483ce?s=96&d=mm&r=g\"},\"sameAs\":[\"https:\\\/\\\/www.linkedin.com\\\/in\\\/vitormrsilva\",\"https:\\\/\\\/x.com\\\/vitorsilva\"]}]}<\/script>\n<!-- \/ Yoast SEO plugin. -->","yoast_head_json":{"title":"O Porto em Conversa - Agosto\/Setembro 2010 - Os Meus Apontamentos","robots":{"index":"index","follow":"follow","max-snippet":"max-snippet:-1","max-image-preview":"max-image-preview:large","max-video-preview":"max-video-preview:-1"},"canonical":"https:\/\/osmeusapontamentos.com\/index.php\/2010\/09\/16\/o-porto-em-conversa-agostosetembro-2010\/","og_locale":"pt_PT","og_type":"article","og_title":"O Porto em Conversa - Agosto\/Setembro 2010 - Os Meus Apontamentos","og_description":"Os meses de ver\u00e3o s\u00e3o sempre meses mais tranquilos mas nem por isso a divulga\u00e7\u00e3o de entrevistas, confer\u00eancias, sess\u00f5es ou palestras realizadas pelo Porto foi muito menor. Como tinha dito no \u00faltimo email, comecei uma colabora\u00e7\u00e3o com a Amanda Ribeiro do JPN num projecto que ir\u00e1 consistir em entrevistar lideres das juventudes partid\u00e1rias do Porto. [&hellip;]","og_url":"https:\/\/osmeusapontamentos.com\/index.php\/2010\/09\/16\/o-porto-em-conversa-agostosetembro-2010\/","og_site_name":"Os Meus Apontamentos","article_published_time":"2010-09-16T12:00:32+00:00","author":"Vitor Silva","twitter_card":"summary_large_image","twitter_creator":"@vitorsilva","twitter_site":"@vitorsilva","twitter_misc":{"Escrito por":"Vitor Silva","Tempo estimado de leitura":"2 minutos"},"schema":{"@context":"https:\/\/schema.org","@graph":[{"@type":"Article","@id":"https:\/\/osmeusapontamentos.com\/index.php\/2010\/09\/16\/o-porto-em-conversa-agostosetembro-2010\/#article","isPartOf":{"@id":"https:\/\/osmeusapontamentos.com\/index.php\/2010\/09\/16\/o-porto-em-conversa-agostosetembro-2010\/"},"author":{"name":"Vitor Silva","@id":"https:\/\/osmeusapontamentos.com\/#\/schema\/person\/d508df9c3ffc8b4e64a18dbf0ba18dd8"},"headline":"O Porto em Conversa &#8211; Agosto\/Setembro 2010","datePublished":"2010-09-16T12:00:32+00:00","mainEntityOfPage":{"@id":"https:\/\/osmeusapontamentos.com\/index.php\/2010\/09\/16\/o-porto-em-conversa-agostosetembro-2010\/"},"wordCount":382,"commentCount":0,"publisher":{"@id":"https:\/\/osmeusapontamentos.com\/#\/schema\/person\/d508df9c3ffc8b4e64a18dbf0ba18dd8"},"keywords":["podcast"],"articleSection":["Ler\/ Ver\/ Ouvir\/ Passear"],"inLanguage":"pt-PT","potentialAction":[{"@type":"CommentAction","name":"Comment","target":["https:\/\/osmeusapontamentos.com\/index.php\/2010\/09\/16\/o-porto-em-conversa-agostosetembro-2010\/#respond"]}]},{"@type":"WebPage","@id":"https:\/\/osmeusapontamentos.com\/index.php\/2010\/09\/16\/o-porto-em-conversa-agostosetembro-2010\/","url":"https:\/\/osmeusapontamentos.com\/index.php\/2010\/09\/16\/o-porto-em-conversa-agostosetembro-2010\/","name":"O Porto em Conversa - Agosto\/Setembro 2010 - Os Meus Apontamentos","isPartOf":{"@id":"https:\/\/osmeusapontamentos.com\/#website"},"datePublished":"2010-09-16T12:00:32+00:00","breadcrumb":{"@id":"https:\/\/osmeusapontamentos.com\/index.php\/2010\/09\/16\/o-porto-em-conversa-agostosetembro-2010\/#breadcrumb"},"inLanguage":"pt-PT","potentialAction":[{"@type":"ReadAction","target":["https:\/\/osmeusapontamentos.com\/index.php\/2010\/09\/16\/o-porto-em-conversa-agostosetembro-2010\/"]}]},{"@type":"BreadcrumbList","@id":"https:\/\/osmeusapontamentos.com\/index.php\/2010\/09\/16\/o-porto-em-conversa-agostosetembro-2010\/#breadcrumb","itemListElement":[{"@type":"ListItem","position":1,"name":"In\u00edcio","item":"https:\/\/osmeusapontamentos.com\/"},{"@type":"ListItem","position":2,"name":"O Porto em Conversa &#8211; Agosto\/Setembro 2010"}]},{"@type":"WebSite","@id":"https:\/\/osmeusapontamentos.com\/#website","url":"https:\/\/osmeusapontamentos.com\/","name":"Os Meus Apontamentos","description":"","publisher":{"@id":"https:\/\/osmeusapontamentos.com\/#\/schema\/person\/d508df9c3ffc8b4e64a18dbf0ba18dd8"},"potentialAction":[{"@type":"SearchAction","target":{"@type":"EntryPoint","urlTemplate":"https:\/\/osmeusapontamentos.com\/?s={search_term_string}"},"query-input":{"@type":"PropertyValueSpecification","valueRequired":true,"valueName":"search_term_string"}}],"inLanguage":"pt-PT"},{"@type":["Person","Organization"],"@id":"https:\/\/osmeusapontamentos.com\/#\/schema\/person\/d508df9c3ffc8b4e64a18dbf0ba18dd8","name":"Vitor Silva","image":{"@type":"ImageObject","inLanguage":"pt-PT","@id":"https:\/\/secure.gravatar.com\/avatar\/f81f58ad909e8a213ab0a690f6ed65e5c0e0e2274bf35ac49ff31d7988d483ce?s=96&d=mm&r=g","url":"https:\/\/secure.gravatar.com\/avatar\/f81f58ad909e8a213ab0a690f6ed65e5c0e0e2274bf35ac49ff31d7988d483ce?s=96&d=mm&r=g","contentUrl":"https:\/\/secure.gravatar.com\/avatar\/f81f58ad909e8a213ab0a690f6ed65e5c0e0e2274bf35ac49ff31d7988d483ce?s=96&d=mm&r=g","caption":"Vitor Silva"},"logo":{"@id":"https:\/\/secure.gravatar.com\/avatar\/f81f58ad909e8a213ab0a690f6ed65e5c0e0e2274bf35ac49ff31d7988d483ce?s=96&d=mm&r=g"},"sameAs":["https:\/\/www.linkedin.com\/in\/vitormrsilva","https:\/\/x.com\/vitorsilva"]}]}},"_links":{"self":[{"href":"https:\/\/osmeusapontamentos.com\/index.php\/wp-json\/wp\/v2\/posts\/2413","targetHints":{"allow":["GET"]}}],"collection":[{"href":"https:\/\/osmeusapontamentos.com\/index.php\/wp-json\/wp\/v2\/posts"}],"about":[{"href":"https:\/\/osmeusapontamentos.com\/index.php\/wp-json\/wp\/v2\/types\/post"}],"author":[{"embeddable":true,"href":"https:\/\/osmeusapontamentos.com\/index.php\/wp-json\/wp\/v2\/users\/1"}],"replies":[{"embeddable":true,"href":"https:\/\/osmeusapontamentos.com\/index.php\/wp-json\/wp\/v2\/comments?post=2413"}],"version-history":[{"count":0,"href":"https:\/\/osmeusapontamentos.com\/index.php\/wp-json\/wp\/v2\/posts\/2413\/revisions"}],"wp:attachment":[{"href":"https:\/\/osmeusapontamentos.com\/index.php\/wp-json\/wp\/v2\/media?parent=2413"}],"wp:term":[{"taxonomy":"category","embeddable":true,"href":"https:\/\/osmeusapontamentos.com\/index.php\/wp-json\/wp\/v2\/categories?post=2413"},{"taxonomy":"post_tag","embeddable":true,"href":"https:\/\/osmeusapontamentos.com\/index.php\/wp-json\/wp\/v2\/tags?post=2413"}],"curies":[{"name":"wp","href":"https:\/\/api.w.org\/{rel}","templated":true}]}}