{"id":2406,"date":"2008-12-17T14:43:58","date_gmt":"2008-12-17T14:43:58","guid":{"rendered":"http:\/\/osmeusapontamentos.com\/?p=2406"},"modified":"2008-12-17T14:43:58","modified_gmt":"2008-12-17T14:43:58","slug":"porque-um-podcast-sobre-o-porto-cidade-regiao","status":"publish","type":"post","link":"https:\/\/osmeusapontamentos.com\/index.php\/2008\/12\/17\/porque-um-podcast-sobre-o-porto-cidade-regiao\/","title":{"rendered":"Porqu\u00ea um podcast sobre o Porto cidade \/ regi\u00e3o"},"content":{"rendered":"<p>(publicado inicialmente no blog <a href=\"http:\/\/www.oportoemconversa.com\/\">www.oportoemconversa.com<\/a>)<\/p>\n<p>A resposta r\u00e1pida \u00e9 que n\u00e3o conhe\u00e7o nenhum iniciativa do g\u00e9nero com car\u00e1cter regular (embora esteja a par de projectos que podem ter alguma semelhan\u00e7a como o <a href=\"http:\/\/in-ner-city.blogspot.com\/\">inner-city<\/a>) e tamb\u00e9m por puro ego\u00edsmo, para me ajudar a perceber o que algumas pessoas pensam sobre a cidade e a regi\u00e3o.<br \/>\nE, quem sabe, de alguma forma contribuir para que outros consigam construir e consolidar as suas opini\u00f5es.<\/p>\n<p>A ideia \u00e9 parecida com o blog &#8220;<a href=\"http:\/\/www.porto.taf.net\/dp\/\">Baixa do Porto<\/a>&#8221; no sentido de criar um espa\u00e7o para as pessoas exporem os seus pensamentos sobre a cidade \/ regi\u00e3o mas aproveitando o facto de ser uma conversa entre 2 pessoas para poder explorar um pouco mais algumas ideias que por vezes n\u00e3o surgem por escrito.<\/p>\n<p>Como ainda n\u00e3o gravamos nenhum programa para j\u00e1 s\u00f3 posso falar do que imagino que seja o podcast. Em principio estamos a pensar numa conversa entre 40 a 60 minutos e com uma periodicidade de 1 programa cada 3 ou 4 semanas dependendo da disponibilidade de toda as pessoas que ir\u00e3o participar neste projecto.<\/p>\n<p>Existir\u00e1 ainda um blog associado ao podcast que ter\u00e1 duas fun\u00e7\u00f5es:<\/p>\n<ul>\n<li>a primeira, anterior ao programa, para divulga\u00e7\u00e3o e tamb\u00e9m como suporte para a cria\u00e7\u00e3o do gui\u00e3o da entrevista \/ conversa. Isso ser\u00e1 feito divulgando com anteced\u00eancia o assunto \/ pessoa da entrevista e solicitando, via blog, contribui\u00e7\u00f5es para a defini\u00e7\u00e3o de quais os principais pontos a explorar nesse tema;<\/li>\n<li>a segunda, posterior, com a inclus\u00e3o da transcri\u00e7\u00e3o do programa e refer\u00eancias indicadas no mesmo (bibliografia, links, contactos);<\/li>\n<\/ul>\n<p>A quest\u00e3o da participa\u00e7\u00e3o de outras pessoas para a elabora\u00e7\u00e3o do gui\u00e3o da entrevista \u00e9 algo estou curioso para ver como funciona&#8230; se vai ter algum tipo de ades\u00e3o ou n\u00e3o. De qualquer forma eu irei apresentar sempre inicialmente o meu gui\u00e3o para servir um pouco de orienta\u00e7\u00e3o para quem quiser contribuir, isto na ideia de que \u00e9 normalmente mais f\u00e1cil acrescentar do que criar e nem toda a gente tem tempo ou interesse para contribuir com ideias novas.<\/p>\n<p>Durante a pr\u00f3xima semana apresento a primeira vers\u00e3o do gui\u00e3o para a primeira conversa. Espero pelos vossos contributos.<\/p>\n","protected":false},"excerpt":{"rendered":"<p>(publicado inicialmente no blog www.oportoemconversa.com) A resposta r\u00e1pida \u00e9 que n\u00e3o conhe\u00e7o nenhum iniciativa do g\u00e9nero com car\u00e1cter regular (embora esteja a par de projectos que podem ter alguma semelhan\u00e7a como o inner-city) e tamb\u00e9m por puro ego\u00edsmo, para me ajudar a perceber o que algumas pessoas pensam sobre a cidade e a regi\u00e3o. E, [&hellip;]<\/p>\n","protected":false},"author":1,"featured_media":0,"comment_status":"open","ping_status":"open","sticky":false,"template":"","format":"standard","meta":{"footnotes":""},"categories":[7],"tags":[516],"class_list":["post-2406","post","type-post","status-publish","format-standard","hentry","category-ler-ver-ouvir-passear","tag-podcast"],"yoast_head":"<!-- This site is optimized with the Yoast SEO plugin v27.5 - https:\/\/yoast.com\/product\/yoast-seo-wordpress\/ -->\n<title>Porqu\u00ea um podcast sobre o Porto cidade \/ regi\u00e3o - Os Meus Apontamentos<\/title>\n<meta name=\"robots\" content=\"index, follow, max-snippet:-1, max-image-preview:large, max-video-preview:-1\" \/>\n<link rel=\"canonical\" href=\"https:\/\/osmeusapontamentos.com\/index.php\/2008\/12\/17\/porque-um-podcast-sobre-o-porto-cidade-regiao\/\" \/>\n<meta property=\"og:locale\" content=\"pt_PT\" \/>\n<meta property=\"og:type\" content=\"article\" \/>\n<meta property=\"og:title\" content=\"Porqu\u00ea um podcast sobre o Porto cidade \/ regi\u00e3o - Os Meus Apontamentos\" \/>\n<meta property=\"og:description\" content=\"(publicado inicialmente no blog www.oportoemconversa.com) A resposta r\u00e1pida \u00e9 que n\u00e3o conhe\u00e7o nenhum iniciativa do g\u00e9nero com car\u00e1cter regular (embora esteja a par de projectos que podem ter alguma semelhan\u00e7a como o inner-city) e tamb\u00e9m por puro ego\u00edsmo, para me ajudar a perceber o que algumas pessoas pensam sobre a cidade e a regi\u00e3o. E, [&hellip;]\" \/>\n<meta property=\"og:url\" content=\"https:\/\/osmeusapontamentos.com\/index.php\/2008\/12\/17\/porque-um-podcast-sobre-o-porto-cidade-regiao\/\" \/>\n<meta property=\"og:site_name\" content=\"Os Meus Apontamentos\" \/>\n<meta property=\"article:published_time\" content=\"2008-12-17T14:43:58+00:00\" \/>\n<meta name=\"author\" content=\"Vitor Silva\" \/>\n<meta name=\"twitter:card\" content=\"summary_large_image\" \/>\n<meta name=\"twitter:creator\" content=\"@vitorsilva\" \/>\n<meta name=\"twitter:site\" content=\"@vitorsilva\" \/>\n<meta name=\"twitter:label1\" content=\"Escrito por\" \/>\n\t<meta name=\"twitter:data1\" content=\"Vitor Silva\" \/>\n\t<meta name=\"twitter:label2\" content=\"Tempo estimado de leitura\" \/>\n\t<meta name=\"twitter:data2\" content=\"2 minutos\" \/>\n<script type=\"application\/ld+json\" class=\"yoast-schema-graph\">{\"@context\":\"https:\\\/\\\/schema.org\",\"@graph\":[{\"@type\":\"Article\",\"@id\":\"https:\\\/\\\/osmeusapontamentos.com\\\/index.php\\\/2008\\\/12\\\/17\\\/porque-um-podcast-sobre-o-porto-cidade-regiao\\\/#article\",\"isPartOf\":{\"@id\":\"https:\\\/\\\/osmeusapontamentos.com\\\/index.php\\\/2008\\\/12\\\/17\\\/porque-um-podcast-sobre-o-porto-cidade-regiao\\\/\"},\"author\":{\"name\":\"Vitor Silva\",\"@id\":\"https:\\\/\\\/osmeusapontamentos.com\\\/#\\\/schema\\\/person\\\/d508df9c3ffc8b4e64a18dbf0ba18dd8\"},\"headline\":\"Porqu\u00ea um podcast sobre o Porto cidade \\\/ regi\u00e3o\",\"datePublished\":\"2008-12-17T14:43:58+00:00\",\"mainEntityOfPage\":{\"@id\":\"https:\\\/\\\/osmeusapontamentos.com\\\/index.php\\\/2008\\\/12\\\/17\\\/porque-um-podcast-sobre-o-porto-cidade-regiao\\\/\"},\"wordCount\":390,\"commentCount\":0,\"publisher\":{\"@id\":\"https:\\\/\\\/osmeusapontamentos.com\\\/#\\\/schema\\\/person\\\/d508df9c3ffc8b4e64a18dbf0ba18dd8\"},\"keywords\":[\"podcast\"],\"articleSection\":[\"Ler\\\/ Ver\\\/ Ouvir\\\/ Passear\"],\"inLanguage\":\"pt-PT\",\"potentialAction\":[{\"@type\":\"CommentAction\",\"name\":\"Comment\",\"target\":[\"https:\\\/\\\/osmeusapontamentos.com\\\/index.php\\\/2008\\\/12\\\/17\\\/porque-um-podcast-sobre-o-porto-cidade-regiao\\\/#respond\"]}]},{\"@type\":\"WebPage\",\"@id\":\"https:\\\/\\\/osmeusapontamentos.com\\\/index.php\\\/2008\\\/12\\\/17\\\/porque-um-podcast-sobre-o-porto-cidade-regiao\\\/\",\"url\":\"https:\\\/\\\/osmeusapontamentos.com\\\/index.php\\\/2008\\\/12\\\/17\\\/porque-um-podcast-sobre-o-porto-cidade-regiao\\\/\",\"name\":\"Porqu\u00ea um podcast sobre o Porto cidade \\\/ regi\u00e3o - Os Meus Apontamentos\",\"isPartOf\":{\"@id\":\"https:\\\/\\\/osmeusapontamentos.com\\\/#website\"},\"datePublished\":\"2008-12-17T14:43:58+00:00\",\"breadcrumb\":{\"@id\":\"https:\\\/\\\/osmeusapontamentos.com\\\/index.php\\\/2008\\\/12\\\/17\\\/porque-um-podcast-sobre-o-porto-cidade-regiao\\\/#breadcrumb\"},\"inLanguage\":\"pt-PT\",\"potentialAction\":[{\"@type\":\"ReadAction\",\"target\":[\"https:\\\/\\\/osmeusapontamentos.com\\\/index.php\\\/2008\\\/12\\\/17\\\/porque-um-podcast-sobre-o-porto-cidade-regiao\\\/\"]}]},{\"@type\":\"BreadcrumbList\",\"@id\":\"https:\\\/\\\/osmeusapontamentos.com\\\/index.php\\\/2008\\\/12\\\/17\\\/porque-um-podcast-sobre-o-porto-cidade-regiao\\\/#breadcrumb\",\"itemListElement\":[{\"@type\":\"ListItem\",\"position\":1,\"name\":\"In\u00edcio\",\"item\":\"https:\\\/\\\/osmeusapontamentos.com\\\/\"},{\"@type\":\"ListItem\",\"position\":2,\"name\":\"Porqu\u00ea um podcast sobre o Porto cidade \\\/ regi\u00e3o\"}]},{\"@type\":\"WebSite\",\"@id\":\"https:\\\/\\\/osmeusapontamentos.com\\\/#website\",\"url\":\"https:\\\/\\\/osmeusapontamentos.com\\\/\",\"name\":\"Os Meus Apontamentos\",\"description\":\"\",\"publisher\":{\"@id\":\"https:\\\/\\\/osmeusapontamentos.com\\\/#\\\/schema\\\/person\\\/d508df9c3ffc8b4e64a18dbf0ba18dd8\"},\"potentialAction\":[{\"@type\":\"SearchAction\",\"target\":{\"@type\":\"EntryPoint\",\"urlTemplate\":\"https:\\\/\\\/osmeusapontamentos.com\\\/?s={search_term_string}\"},\"query-input\":{\"@type\":\"PropertyValueSpecification\",\"valueRequired\":true,\"valueName\":\"search_term_string\"}}],\"inLanguage\":\"pt-PT\"},{\"@type\":[\"Person\",\"Organization\"],\"@id\":\"https:\\\/\\\/osmeusapontamentos.com\\\/#\\\/schema\\\/person\\\/d508df9c3ffc8b4e64a18dbf0ba18dd8\",\"name\":\"Vitor Silva\",\"image\":{\"@type\":\"ImageObject\",\"inLanguage\":\"pt-PT\",\"@id\":\"https:\\\/\\\/secure.gravatar.com\\\/avatar\\\/f81f58ad909e8a213ab0a690f6ed65e5c0e0e2274bf35ac49ff31d7988d483ce?s=96&d=mm&r=g\",\"url\":\"https:\\\/\\\/secure.gravatar.com\\\/avatar\\\/f81f58ad909e8a213ab0a690f6ed65e5c0e0e2274bf35ac49ff31d7988d483ce?s=96&d=mm&r=g\",\"contentUrl\":\"https:\\\/\\\/secure.gravatar.com\\\/avatar\\\/f81f58ad909e8a213ab0a690f6ed65e5c0e0e2274bf35ac49ff31d7988d483ce?s=96&d=mm&r=g\",\"caption\":\"Vitor Silva\"},\"logo\":{\"@id\":\"https:\\\/\\\/secure.gravatar.com\\\/avatar\\\/f81f58ad909e8a213ab0a690f6ed65e5c0e0e2274bf35ac49ff31d7988d483ce?s=96&d=mm&r=g\"},\"sameAs\":[\"https:\\\/\\\/www.linkedin.com\\\/in\\\/vitormrsilva\",\"https:\\\/\\\/x.com\\\/vitorsilva\"]}]}<\/script>\n<!-- \/ Yoast SEO plugin. -->","yoast_head_json":{"title":"Porqu\u00ea um podcast sobre o Porto cidade \/ regi\u00e3o - Os Meus Apontamentos","robots":{"index":"index","follow":"follow","max-snippet":"max-snippet:-1","max-image-preview":"max-image-preview:large","max-video-preview":"max-video-preview:-1"},"canonical":"https:\/\/osmeusapontamentos.com\/index.php\/2008\/12\/17\/porque-um-podcast-sobre-o-porto-cidade-regiao\/","og_locale":"pt_PT","og_type":"article","og_title":"Porqu\u00ea um podcast sobre o Porto cidade \/ regi\u00e3o - Os Meus Apontamentos","og_description":"(publicado inicialmente no blog www.oportoemconversa.com) A resposta r\u00e1pida \u00e9 que n\u00e3o conhe\u00e7o nenhum iniciativa do g\u00e9nero com car\u00e1cter regular (embora esteja a par de projectos que podem ter alguma semelhan\u00e7a como o inner-city) e tamb\u00e9m por puro ego\u00edsmo, para me ajudar a perceber o que algumas pessoas pensam sobre a cidade e a regi\u00e3o. E, [&hellip;]","og_url":"https:\/\/osmeusapontamentos.com\/index.php\/2008\/12\/17\/porque-um-podcast-sobre-o-porto-cidade-regiao\/","og_site_name":"Os Meus Apontamentos","article_published_time":"2008-12-17T14:43:58+00:00","author":"Vitor Silva","twitter_card":"summary_large_image","twitter_creator":"@vitorsilva","twitter_site":"@vitorsilva","twitter_misc":{"Escrito por":"Vitor Silva","Tempo estimado de leitura":"2 minutos"},"schema":{"@context":"https:\/\/schema.org","@graph":[{"@type":"Article","@id":"https:\/\/osmeusapontamentos.com\/index.php\/2008\/12\/17\/porque-um-podcast-sobre-o-porto-cidade-regiao\/#article","isPartOf":{"@id":"https:\/\/osmeusapontamentos.com\/index.php\/2008\/12\/17\/porque-um-podcast-sobre-o-porto-cidade-regiao\/"},"author":{"name":"Vitor Silva","@id":"https:\/\/osmeusapontamentos.com\/#\/schema\/person\/d508df9c3ffc8b4e64a18dbf0ba18dd8"},"headline":"Porqu\u00ea um podcast sobre o Porto cidade \/ regi\u00e3o","datePublished":"2008-12-17T14:43:58+00:00","mainEntityOfPage":{"@id":"https:\/\/osmeusapontamentos.com\/index.php\/2008\/12\/17\/porque-um-podcast-sobre-o-porto-cidade-regiao\/"},"wordCount":390,"commentCount":0,"publisher":{"@id":"https:\/\/osmeusapontamentos.com\/#\/schema\/person\/d508df9c3ffc8b4e64a18dbf0ba18dd8"},"keywords":["podcast"],"articleSection":["Ler\/ Ver\/ Ouvir\/ Passear"],"inLanguage":"pt-PT","potentialAction":[{"@type":"CommentAction","name":"Comment","target":["https:\/\/osmeusapontamentos.com\/index.php\/2008\/12\/17\/porque-um-podcast-sobre-o-porto-cidade-regiao\/#respond"]}]},{"@type":"WebPage","@id":"https:\/\/osmeusapontamentos.com\/index.php\/2008\/12\/17\/porque-um-podcast-sobre-o-porto-cidade-regiao\/","url":"https:\/\/osmeusapontamentos.com\/index.php\/2008\/12\/17\/porque-um-podcast-sobre-o-porto-cidade-regiao\/","name":"Porqu\u00ea um podcast sobre o Porto cidade \/ regi\u00e3o - Os Meus Apontamentos","isPartOf":{"@id":"https:\/\/osmeusapontamentos.com\/#website"},"datePublished":"2008-12-17T14:43:58+00:00","breadcrumb":{"@id":"https:\/\/osmeusapontamentos.com\/index.php\/2008\/12\/17\/porque-um-podcast-sobre-o-porto-cidade-regiao\/#breadcrumb"},"inLanguage":"pt-PT","potentialAction":[{"@type":"ReadAction","target":["https:\/\/osmeusapontamentos.com\/index.php\/2008\/12\/17\/porque-um-podcast-sobre-o-porto-cidade-regiao\/"]}]},{"@type":"BreadcrumbList","@id":"https:\/\/osmeusapontamentos.com\/index.php\/2008\/12\/17\/porque-um-podcast-sobre-o-porto-cidade-regiao\/#breadcrumb","itemListElement":[{"@type":"ListItem","position":1,"name":"In\u00edcio","item":"https:\/\/osmeusapontamentos.com\/"},{"@type":"ListItem","position":2,"name":"Porqu\u00ea um podcast sobre o Porto cidade \/ regi\u00e3o"}]},{"@type":"WebSite","@id":"https:\/\/osmeusapontamentos.com\/#website","url":"https:\/\/osmeusapontamentos.com\/","name":"Os Meus Apontamentos","description":"","publisher":{"@id":"https:\/\/osmeusapontamentos.com\/#\/schema\/person\/d508df9c3ffc8b4e64a18dbf0ba18dd8"},"potentialAction":[{"@type":"SearchAction","target":{"@type":"EntryPoint","urlTemplate":"https:\/\/osmeusapontamentos.com\/?s={search_term_string}"},"query-input":{"@type":"PropertyValueSpecification","valueRequired":true,"valueName":"search_term_string"}}],"inLanguage":"pt-PT"},{"@type":["Person","Organization"],"@id":"https:\/\/osmeusapontamentos.com\/#\/schema\/person\/d508df9c3ffc8b4e64a18dbf0ba18dd8","name":"Vitor Silva","image":{"@type":"ImageObject","inLanguage":"pt-PT","@id":"https:\/\/secure.gravatar.com\/avatar\/f81f58ad909e8a213ab0a690f6ed65e5c0e0e2274bf35ac49ff31d7988d483ce?s=96&d=mm&r=g","url":"https:\/\/secure.gravatar.com\/avatar\/f81f58ad909e8a213ab0a690f6ed65e5c0e0e2274bf35ac49ff31d7988d483ce?s=96&d=mm&r=g","contentUrl":"https:\/\/secure.gravatar.com\/avatar\/f81f58ad909e8a213ab0a690f6ed65e5c0e0e2274bf35ac49ff31d7988d483ce?s=96&d=mm&r=g","caption":"Vitor Silva"},"logo":{"@id":"https:\/\/secure.gravatar.com\/avatar\/f81f58ad909e8a213ab0a690f6ed65e5c0e0e2274bf35ac49ff31d7988d483ce?s=96&d=mm&r=g"},"sameAs":["https:\/\/www.linkedin.com\/in\/vitormrsilva","https:\/\/x.com\/vitorsilva"]}]}},"_links":{"self":[{"href":"https:\/\/osmeusapontamentos.com\/index.php\/wp-json\/wp\/v2\/posts\/2406","targetHints":{"allow":["GET"]}}],"collection":[{"href":"https:\/\/osmeusapontamentos.com\/index.php\/wp-json\/wp\/v2\/posts"}],"about":[{"href":"https:\/\/osmeusapontamentos.com\/index.php\/wp-json\/wp\/v2\/types\/post"}],"author":[{"embeddable":true,"href":"https:\/\/osmeusapontamentos.com\/index.php\/wp-json\/wp\/v2\/users\/1"}],"replies":[{"embeddable":true,"href":"https:\/\/osmeusapontamentos.com\/index.php\/wp-json\/wp\/v2\/comments?post=2406"}],"version-history":[{"count":0,"href":"https:\/\/osmeusapontamentos.com\/index.php\/wp-json\/wp\/v2\/posts\/2406\/revisions"}],"wp:attachment":[{"href":"https:\/\/osmeusapontamentos.com\/index.php\/wp-json\/wp\/v2\/media?parent=2406"}],"wp:term":[{"taxonomy":"category","embeddable":true,"href":"https:\/\/osmeusapontamentos.com\/index.php\/wp-json\/wp\/v2\/categories?post=2406"},{"taxonomy":"post_tag","embeddable":true,"href":"https:\/\/osmeusapontamentos.com\/index.php\/wp-json\/wp\/v2\/tags?post=2406"}],"curies":[{"name":"wp","href":"https:\/\/api.w.org\/{rel}","templated":true}]}}