{"id":1940,"date":"2010-07-28T13:06:11","date_gmt":"2010-07-28T13:06:11","guid":{"rendered":"http:\/\/osmeusapontamentos.com\/?p=1940"},"modified":"2010-07-28T13:06:11","modified_gmt":"2010-07-28T13:06:11","slug":"notas-sobre-a-reuniao-da-jf-sildefonso-16jun","status":"publish","type":"post","link":"https:\/\/osmeusapontamentos.com\/index.php\/2010\/07\/28\/notas-sobre-a-reuniao-da-jf-sildefonso-16jun\/","title":{"rendered":"notas sobre a reuni\u00e3o da jf s.ildefonso 16jun"},"content":{"rendered":"<p>jf s ildefonso<br \/>\n21.43 correc\u00e7\u00f5es \u00e0 acta<\/p>\n<p>=== mo\u00e7\u00e3o psd\/cdspp<br \/>\nmo\u00e7\u00e3o sobre as scuts<br \/>\nscuts s\u00f3 aceitaveis se houvesse alternativas<br \/>\nabilio santos: hipocrisia politica<br \/>\n=&gt; a favor psd\/cdspp + be + cdu<br \/>\n=&gt; abstencoes ps<\/p>\n<p>=== mo\u00e7\u00e3o bloco de esquerda<br \/>\npor ter chamado vandalos e drogados aos jovens da junta<br \/>\ndiscordancia dos termos usados<br \/>\n=&gt; a favor (2)<br \/>\n=&gt; contra psdcdspp (6)<br \/>\n=&gt; abstencoes (4)<\/p>\n<p>&#8212;&#8212;&#8212;&#8212;<br \/>\nvota\u00e7\u00e3o acta<br \/>\n&#8220;&#8230;ah ainda n\u00e3o votada a acta?&#8230; mas podemos votar&#8230;&#8221;<br \/>\nabstencao 4<br \/>\nresto votos a favor<\/p>\n<p>ordem de trabalhos<br \/>\n&#8212;&#8212;&#8212;&#8212;<br \/>\ninforma\u00e7\u00e3o trimestral<br \/>\nactividades desenvolvidas &#8211; enfase<br \/>\ninicio do servi\u00e7o de teleassistencia<br \/>\ntentar fazer acordo com empresas de teleassisstencia<br \/>\ntentar fazer acordo com 12 pessoas<br \/>\n&#8220;uma coisa fant\u00e1stica para quem vive isolado&#8221;, &#8220;praticamente os pioneiros na cidade do porto&#8221;<\/p>\n<p>ber\u00e7\u00e1rio<br \/>\nobra que est\u00e1 prevista<br \/>\nj\u00e1 chamou 4 empresas para dar or\u00e7amento mas ainda s\u00f3 uma apresentou<\/p>\n<p>========================<br \/>\n1.ponto<br \/>\nps luis &#8211; interven\u00e7\u00e3o sobre o plano de actividades<br \/>\neste executivo n\u00e3o mostra nenhuma inova\u00e7\u00e3o ou capacidade inventiva para solucionar algumas questoes que sao muito importantes para a jf, como a questao do mercado do bolhao<br \/>\nat\u00e9 agora a unica coisa que se verificou na jf foi uma dan\u00e7a de cadeiras<br \/>\ncriar condi\u00e7\u00f5es para que os comerciantes se sintam apoiados<br \/>\nbairro do ????<br \/>\njardim do marques que est\u00e1 num total abandono<br \/>\npodiam criar col\u00f3quios, convidar pessoas para discutir estas materias<br \/>\nconstituir grupos de press\u00e3o para questionar a camara<br \/>\npq fez 2 festas de creches em vez de juntar tudo e fazer s\u00f3 uma<br \/>\nac\u00e7\u00e3o social quase n\u00e3o se v\u00ea no gr\u00e1fico<br \/>\napelo para inovar, ser criativo&#8230;<br \/>\nexecutivo est\u00e1 moribundo<\/p>\n<p>catarina araujo =&gt; coliga\u00e7\u00e3o<br \/>\nrefutar a ideia do bolhao<br \/>\nimportante perceber porque aconteceu a degrada\u00e7\u00e3o do bolhao<br \/>\nmuitas entradas para cancelar os espa\u00e7os<br \/>\nsitua\u00e7\u00f5es de falta de pgto de rendas que o municipio est\u00e1 a tentar resolver<br \/>\npessoas que mantem o espa\u00e7o e rendas mas que nao os utilizam<br \/>\nque tipo de comercio faz sentido para o mercado do bolhao<br \/>\ntrazer projec\u00e7\u00e3o para a freguesia? =&gt; mais importante cuidar da gentes da freguesia e isso deve ser a 1\u00aa prioridade<\/p>\n<p>wilson faria -&gt; observa\u00e7\u00f5es feitas parecem que estavamos na assembleia municipal. todas as semanas passo no bolhao para fazer compras. 1\u00ba semestre do proximo ano come\u00e7am as obras.<br \/>\nsobre o marques =&gt; houve um problema. o arq. n\u00e3o permite arbustos. tudo plantas rasteiras. h\u00e1 uma loja q est\u00e1 abandonada mas at\u00e9 ao fim do m\u00cas esse projecto fica resolvido.?????<\/p>\n<p>paulo ricardo be<br \/>\nactiviades jardins de infancia =&gt; actividades de rotina&#8230;<br \/>\na cidade e a baixa do porto est\u00e1 a morrer&#8230;<br \/>\nrelatorio limita-se a terceira idade e jardim de infancia<\/p>\n<p>========================<br \/>\n2.ponto informa\u00e7\u00e3o financeira<br \/>\n1779 bpi<br \/>\n47662 bpn<br \/>\n70088 cgd<\/p>\n<p>est\u00e3o \u00e0 espera que o governo e camara nos cortem o or\u00e7amento&#8230;<\/p>\n<p>ps<br \/>\nvalor muito grande para aquisi\u00e7\u00e3o de bens e servi\u00e7os (22%) vs venda (16)  =&gt; wf- defice muito grandes nas creches. neste ultimo mes h\u00e1 grande percentagem que n\u00e3o pagam&#8230;<\/p>\n<p>ps abilio santos<br \/>\nproposta de altera\u00e7\u00f5es ao regimento&#8230;<\/p>\n<p>========================<br \/>\npasseio + desejar bom s.joao<\/p>\n<p>participa\u00e7\u00e3o do publico<br \/>\nsara santos<br \/>\ndesorganiza\u00e7\u00e3o inacreditavel a nivel de condu\u00e7\u00e3o dos trabalhos<\/p>\n<p>acusa\u00e7\u00e3o a ailio santos =&gt; blog<br \/>\nacusa\u00e7\u00e3o =&gt; 7abril &#8211; gato escondido com rabo de fora<\/p>\n<p>questiona-se as listas apresentadas<\/p>\n<p>foi gra\u00e7as \u00e0 candidatura independente que wf ganhou<br \/>\n\u00e9 amigo do presidente wf<\/p>\n","protected":false},"excerpt":{"rendered":"<p>jf s ildefonso 21.43 correc\u00e7\u00f5es \u00e0 acta === mo\u00e7\u00e3o psd\/cdspp mo\u00e7\u00e3o sobre as scuts scuts s\u00f3 aceitaveis se houvesse alternativas abilio santos: hipocrisia politica =&gt; a favor psd\/cdspp + be + cdu =&gt; abstencoes ps === mo\u00e7\u00e3o bloco de esquerda por ter chamado vandalos e drogados aos jovens da junta discordancia dos termos usados =&gt; [&hellip;]<\/p>\n","protected":false},"author":1,"featured_media":0,"comment_status":"open","ping_status":"open","sticky":false,"template":"","format":"standard","meta":{"footnotes":""},"categories":[7],"tags":[353,524,583],"class_list":["post-1940","post","type-post","status-publish","format-standard","hentry","category-ler-ver-ouvir-passear","tag-junta-freguesia","tag-porto","tag-sildefonso"],"yoast_head":"<!-- This site is optimized with the Yoast SEO plugin v27.5 - https:\/\/yoast.com\/product\/yoast-seo-wordpress\/ -->\n<title>notas sobre a reuni\u00e3o da jf s.ildefonso 16jun - Os Meus Apontamentos<\/title>\n<meta name=\"robots\" content=\"index, follow, max-snippet:-1, max-image-preview:large, max-video-preview:-1\" \/>\n<link rel=\"canonical\" href=\"https:\/\/osmeusapontamentos.com\/index.php\/2010\/07\/28\/notas-sobre-a-reuniao-da-jf-sildefonso-16jun\/\" \/>\n<meta property=\"og:locale\" content=\"pt_PT\" \/>\n<meta property=\"og:type\" content=\"article\" \/>\n<meta property=\"og:title\" content=\"notas sobre a reuni\u00e3o da jf s.ildefonso 16jun - Os Meus Apontamentos\" \/>\n<meta property=\"og:description\" content=\"jf s ildefonso 21.43 correc\u00e7\u00f5es \u00e0 acta === mo\u00e7\u00e3o psd\/cdspp mo\u00e7\u00e3o sobre as scuts scuts s\u00f3 aceitaveis se houvesse alternativas abilio santos: hipocrisia politica =&gt; a favor psd\/cdspp + be + cdu =&gt; abstencoes ps === mo\u00e7\u00e3o bloco de esquerda por ter chamado vandalos e drogados aos jovens da junta discordancia dos termos usados =&gt; [&hellip;]\" \/>\n<meta property=\"og:url\" content=\"https:\/\/osmeusapontamentos.com\/index.php\/2010\/07\/28\/notas-sobre-a-reuniao-da-jf-sildefonso-16jun\/\" \/>\n<meta property=\"og:site_name\" content=\"Os Meus Apontamentos\" \/>\n<meta property=\"article:published_time\" content=\"2010-07-28T13:06:11+00:00\" \/>\n<meta name=\"author\" content=\"Vitor Silva\" \/>\n<meta name=\"twitter:card\" content=\"summary_large_image\" \/>\n<meta name=\"twitter:creator\" content=\"@vitorsilva\" \/>\n<meta name=\"twitter:site\" content=\"@vitorsilva\" \/>\n<meta name=\"twitter:label1\" content=\"Escrito por\" \/>\n\t<meta name=\"twitter:data1\" content=\"Vitor Silva\" \/>\n\t<meta name=\"twitter:label2\" content=\"Tempo estimado de leitura\" \/>\n\t<meta name=\"twitter:data2\" content=\"3 minutos\" \/>\n<script type=\"application\/ld+json\" class=\"yoast-schema-graph\">{\"@context\":\"https:\\\/\\\/schema.org\",\"@graph\":[{\"@type\":\"Article\",\"@id\":\"https:\\\/\\\/osmeusapontamentos.com\\\/index.php\\\/2010\\\/07\\\/28\\\/notas-sobre-a-reuniao-da-jf-sildefonso-16jun\\\/#article\",\"isPartOf\":{\"@id\":\"https:\\\/\\\/osmeusapontamentos.com\\\/index.php\\\/2010\\\/07\\\/28\\\/notas-sobre-a-reuniao-da-jf-sildefonso-16jun\\\/\"},\"author\":{\"name\":\"Vitor Silva\",\"@id\":\"https:\\\/\\\/osmeusapontamentos.com\\\/#\\\/schema\\\/person\\\/d508df9c3ffc8b4e64a18dbf0ba18dd8\"},\"headline\":\"notas sobre a reuni\u00e3o da jf s.ildefonso 16jun\",\"datePublished\":\"2010-07-28T13:06:11+00:00\",\"mainEntityOfPage\":{\"@id\":\"https:\\\/\\\/osmeusapontamentos.com\\\/index.php\\\/2010\\\/07\\\/28\\\/notas-sobre-a-reuniao-da-jf-sildefonso-16jun\\\/\"},\"wordCount\":574,\"commentCount\":1,\"publisher\":{\"@id\":\"https:\\\/\\\/osmeusapontamentos.com\\\/#\\\/schema\\\/person\\\/d508df9c3ffc8b4e64a18dbf0ba18dd8\"},\"keywords\":[\"junta freguesia\",\"porto\",\"s.ildefonso\"],\"articleSection\":[\"Ler\\\/ Ver\\\/ Ouvir\\\/ Passear\"],\"inLanguage\":\"pt-PT\",\"potentialAction\":[{\"@type\":\"CommentAction\",\"name\":\"Comment\",\"target\":[\"https:\\\/\\\/osmeusapontamentos.com\\\/index.php\\\/2010\\\/07\\\/28\\\/notas-sobre-a-reuniao-da-jf-sildefonso-16jun\\\/#respond\"]}]},{\"@type\":\"WebPage\",\"@id\":\"https:\\\/\\\/osmeusapontamentos.com\\\/index.php\\\/2010\\\/07\\\/28\\\/notas-sobre-a-reuniao-da-jf-sildefonso-16jun\\\/\",\"url\":\"https:\\\/\\\/osmeusapontamentos.com\\\/index.php\\\/2010\\\/07\\\/28\\\/notas-sobre-a-reuniao-da-jf-sildefonso-16jun\\\/\",\"name\":\"notas sobre a reuni\u00e3o da jf s.ildefonso 16jun - Os Meus Apontamentos\",\"isPartOf\":{\"@id\":\"https:\\\/\\\/osmeusapontamentos.com\\\/#website\"},\"datePublished\":\"2010-07-28T13:06:11+00:00\",\"breadcrumb\":{\"@id\":\"https:\\\/\\\/osmeusapontamentos.com\\\/index.php\\\/2010\\\/07\\\/28\\\/notas-sobre-a-reuniao-da-jf-sildefonso-16jun\\\/#breadcrumb\"},\"inLanguage\":\"pt-PT\",\"potentialAction\":[{\"@type\":\"ReadAction\",\"target\":[\"https:\\\/\\\/osmeusapontamentos.com\\\/index.php\\\/2010\\\/07\\\/28\\\/notas-sobre-a-reuniao-da-jf-sildefonso-16jun\\\/\"]}]},{\"@type\":\"BreadcrumbList\",\"@id\":\"https:\\\/\\\/osmeusapontamentos.com\\\/index.php\\\/2010\\\/07\\\/28\\\/notas-sobre-a-reuniao-da-jf-sildefonso-16jun\\\/#breadcrumb\",\"itemListElement\":[{\"@type\":\"ListItem\",\"position\":1,\"name\":\"In\u00edcio\",\"item\":\"https:\\\/\\\/osmeusapontamentos.com\\\/\"},{\"@type\":\"ListItem\",\"position\":2,\"name\":\"notas sobre a reuni\u00e3o da jf s.ildefonso 16jun\"}]},{\"@type\":\"WebSite\",\"@id\":\"https:\\\/\\\/osmeusapontamentos.com\\\/#website\",\"url\":\"https:\\\/\\\/osmeusapontamentos.com\\\/\",\"name\":\"Os Meus Apontamentos\",\"description\":\"\",\"publisher\":{\"@id\":\"https:\\\/\\\/osmeusapontamentos.com\\\/#\\\/schema\\\/person\\\/d508df9c3ffc8b4e64a18dbf0ba18dd8\"},\"potentialAction\":[{\"@type\":\"SearchAction\",\"target\":{\"@type\":\"EntryPoint\",\"urlTemplate\":\"https:\\\/\\\/osmeusapontamentos.com\\\/?s={search_term_string}\"},\"query-input\":{\"@type\":\"PropertyValueSpecification\",\"valueRequired\":true,\"valueName\":\"search_term_string\"}}],\"inLanguage\":\"pt-PT\"},{\"@type\":[\"Person\",\"Organization\"],\"@id\":\"https:\\\/\\\/osmeusapontamentos.com\\\/#\\\/schema\\\/person\\\/d508df9c3ffc8b4e64a18dbf0ba18dd8\",\"name\":\"Vitor Silva\",\"image\":{\"@type\":\"ImageObject\",\"inLanguage\":\"pt-PT\",\"@id\":\"https:\\\/\\\/secure.gravatar.com\\\/avatar\\\/f81f58ad909e8a213ab0a690f6ed65e5c0e0e2274bf35ac49ff31d7988d483ce?s=96&d=mm&r=g\",\"url\":\"https:\\\/\\\/secure.gravatar.com\\\/avatar\\\/f81f58ad909e8a213ab0a690f6ed65e5c0e0e2274bf35ac49ff31d7988d483ce?s=96&d=mm&r=g\",\"contentUrl\":\"https:\\\/\\\/secure.gravatar.com\\\/avatar\\\/f81f58ad909e8a213ab0a690f6ed65e5c0e0e2274bf35ac49ff31d7988d483ce?s=96&d=mm&r=g\",\"caption\":\"Vitor Silva\"},\"logo\":{\"@id\":\"https:\\\/\\\/secure.gravatar.com\\\/avatar\\\/f81f58ad909e8a213ab0a690f6ed65e5c0e0e2274bf35ac49ff31d7988d483ce?s=96&d=mm&r=g\"},\"sameAs\":[\"https:\\\/\\\/www.linkedin.com\\\/in\\\/vitormrsilva\",\"https:\\\/\\\/x.com\\\/vitorsilva\"]}]}<\/script>\n<!-- \/ Yoast SEO plugin. -->","yoast_head_json":{"title":"notas sobre a reuni\u00e3o da jf s.ildefonso 16jun - Os Meus Apontamentos","robots":{"index":"index","follow":"follow","max-snippet":"max-snippet:-1","max-image-preview":"max-image-preview:large","max-video-preview":"max-video-preview:-1"},"canonical":"https:\/\/osmeusapontamentos.com\/index.php\/2010\/07\/28\/notas-sobre-a-reuniao-da-jf-sildefonso-16jun\/","og_locale":"pt_PT","og_type":"article","og_title":"notas sobre a reuni\u00e3o da jf s.ildefonso 16jun - Os Meus Apontamentos","og_description":"jf s ildefonso 21.43 correc\u00e7\u00f5es \u00e0 acta === mo\u00e7\u00e3o psd\/cdspp mo\u00e7\u00e3o sobre as scuts scuts s\u00f3 aceitaveis se houvesse alternativas abilio santos: hipocrisia politica =&gt; a favor psd\/cdspp + be + cdu =&gt; abstencoes ps === mo\u00e7\u00e3o bloco de esquerda por ter chamado vandalos e drogados aos jovens da junta discordancia dos termos usados =&gt; [&hellip;]","og_url":"https:\/\/osmeusapontamentos.com\/index.php\/2010\/07\/28\/notas-sobre-a-reuniao-da-jf-sildefonso-16jun\/","og_site_name":"Os Meus Apontamentos","article_published_time":"2010-07-28T13:06:11+00:00","author":"Vitor Silva","twitter_card":"summary_large_image","twitter_creator":"@vitorsilva","twitter_site":"@vitorsilva","twitter_misc":{"Escrito por":"Vitor Silva","Tempo estimado de leitura":"3 minutos"},"schema":{"@context":"https:\/\/schema.org","@graph":[{"@type":"Article","@id":"https:\/\/osmeusapontamentos.com\/index.php\/2010\/07\/28\/notas-sobre-a-reuniao-da-jf-sildefonso-16jun\/#article","isPartOf":{"@id":"https:\/\/osmeusapontamentos.com\/index.php\/2010\/07\/28\/notas-sobre-a-reuniao-da-jf-sildefonso-16jun\/"},"author":{"name":"Vitor Silva","@id":"https:\/\/osmeusapontamentos.com\/#\/schema\/person\/d508df9c3ffc8b4e64a18dbf0ba18dd8"},"headline":"notas sobre a reuni\u00e3o da jf s.ildefonso 16jun","datePublished":"2010-07-28T13:06:11+00:00","mainEntityOfPage":{"@id":"https:\/\/osmeusapontamentos.com\/index.php\/2010\/07\/28\/notas-sobre-a-reuniao-da-jf-sildefonso-16jun\/"},"wordCount":574,"commentCount":1,"publisher":{"@id":"https:\/\/osmeusapontamentos.com\/#\/schema\/person\/d508df9c3ffc8b4e64a18dbf0ba18dd8"},"keywords":["junta freguesia","porto","s.ildefonso"],"articleSection":["Ler\/ Ver\/ Ouvir\/ Passear"],"inLanguage":"pt-PT","potentialAction":[{"@type":"CommentAction","name":"Comment","target":["https:\/\/osmeusapontamentos.com\/index.php\/2010\/07\/28\/notas-sobre-a-reuniao-da-jf-sildefonso-16jun\/#respond"]}]},{"@type":"WebPage","@id":"https:\/\/osmeusapontamentos.com\/index.php\/2010\/07\/28\/notas-sobre-a-reuniao-da-jf-sildefonso-16jun\/","url":"https:\/\/osmeusapontamentos.com\/index.php\/2010\/07\/28\/notas-sobre-a-reuniao-da-jf-sildefonso-16jun\/","name":"notas sobre a reuni\u00e3o da jf s.ildefonso 16jun - Os Meus Apontamentos","isPartOf":{"@id":"https:\/\/osmeusapontamentos.com\/#website"},"datePublished":"2010-07-28T13:06:11+00:00","breadcrumb":{"@id":"https:\/\/osmeusapontamentos.com\/index.php\/2010\/07\/28\/notas-sobre-a-reuniao-da-jf-sildefonso-16jun\/#breadcrumb"},"inLanguage":"pt-PT","potentialAction":[{"@type":"ReadAction","target":["https:\/\/osmeusapontamentos.com\/index.php\/2010\/07\/28\/notas-sobre-a-reuniao-da-jf-sildefonso-16jun\/"]}]},{"@type":"BreadcrumbList","@id":"https:\/\/osmeusapontamentos.com\/index.php\/2010\/07\/28\/notas-sobre-a-reuniao-da-jf-sildefonso-16jun\/#breadcrumb","itemListElement":[{"@type":"ListItem","position":1,"name":"In\u00edcio","item":"https:\/\/osmeusapontamentos.com\/"},{"@type":"ListItem","position":2,"name":"notas sobre a reuni\u00e3o da jf s.ildefonso 16jun"}]},{"@type":"WebSite","@id":"https:\/\/osmeusapontamentos.com\/#website","url":"https:\/\/osmeusapontamentos.com\/","name":"Os Meus Apontamentos","description":"","publisher":{"@id":"https:\/\/osmeusapontamentos.com\/#\/schema\/person\/d508df9c3ffc8b4e64a18dbf0ba18dd8"},"potentialAction":[{"@type":"SearchAction","target":{"@type":"EntryPoint","urlTemplate":"https:\/\/osmeusapontamentos.com\/?s={search_term_string}"},"query-input":{"@type":"PropertyValueSpecification","valueRequired":true,"valueName":"search_term_string"}}],"inLanguage":"pt-PT"},{"@type":["Person","Organization"],"@id":"https:\/\/osmeusapontamentos.com\/#\/schema\/person\/d508df9c3ffc8b4e64a18dbf0ba18dd8","name":"Vitor Silva","image":{"@type":"ImageObject","inLanguage":"pt-PT","@id":"https:\/\/secure.gravatar.com\/avatar\/f81f58ad909e8a213ab0a690f6ed65e5c0e0e2274bf35ac49ff31d7988d483ce?s=96&d=mm&r=g","url":"https:\/\/secure.gravatar.com\/avatar\/f81f58ad909e8a213ab0a690f6ed65e5c0e0e2274bf35ac49ff31d7988d483ce?s=96&d=mm&r=g","contentUrl":"https:\/\/secure.gravatar.com\/avatar\/f81f58ad909e8a213ab0a690f6ed65e5c0e0e2274bf35ac49ff31d7988d483ce?s=96&d=mm&r=g","caption":"Vitor Silva"},"logo":{"@id":"https:\/\/secure.gravatar.com\/avatar\/f81f58ad909e8a213ab0a690f6ed65e5c0e0e2274bf35ac49ff31d7988d483ce?s=96&d=mm&r=g"},"sameAs":["https:\/\/www.linkedin.com\/in\/vitormrsilva","https:\/\/x.com\/vitorsilva"]}]}},"_links":{"self":[{"href":"https:\/\/osmeusapontamentos.com\/index.php\/wp-json\/wp\/v2\/posts\/1940","targetHints":{"allow":["GET"]}}],"collection":[{"href":"https:\/\/osmeusapontamentos.com\/index.php\/wp-json\/wp\/v2\/posts"}],"about":[{"href":"https:\/\/osmeusapontamentos.com\/index.php\/wp-json\/wp\/v2\/types\/post"}],"author":[{"embeddable":true,"href":"https:\/\/osmeusapontamentos.com\/index.php\/wp-json\/wp\/v2\/users\/1"}],"replies":[{"embeddable":true,"href":"https:\/\/osmeusapontamentos.com\/index.php\/wp-json\/wp\/v2\/comments?post=1940"}],"version-history":[{"count":0,"href":"https:\/\/osmeusapontamentos.com\/index.php\/wp-json\/wp\/v2\/posts\/1940\/revisions"}],"wp:attachment":[{"href":"https:\/\/osmeusapontamentos.com\/index.php\/wp-json\/wp\/v2\/media?parent=1940"}],"wp:term":[{"taxonomy":"category","embeddable":true,"href":"https:\/\/osmeusapontamentos.com\/index.php\/wp-json\/wp\/v2\/categories?post=1940"},{"taxonomy":"post_tag","embeddable":true,"href":"https:\/\/osmeusapontamentos.com\/index.php\/wp-json\/wp\/v2\/tags?post=1940"}],"curies":[{"name":"wp","href":"https:\/\/api.w.org\/{rel}","templated":true}]}}