{"id":1933,"date":"2010-07-24T13:00:30","date_gmt":"2010-07-24T13:00:30","guid":{"rendered":"http:\/\/osmeusapontamentos.com\/?p=1933"},"modified":"2010-07-24T13:00:30","modified_gmt":"2010-07-24T13:00:30","slug":"o-porto-em-conversa-julho-2010","status":"publish","type":"post","link":"https:\/\/osmeusapontamentos.com\/index.php\/2010\/07\/24\/o-porto-em-conversa-julho-2010\/","title":{"rendered":"O Porto em Conversa &#8211; Julho 2010"},"content":{"rendered":"<p>M\u00eas Tecnol\u00f3gico<br \/>\nOs \u00faltimos podcasts disponibilizados t\u00eam sido maioritariamente tecnol\u00f3gicos (porque \u00e9 isso que eu fa\u00e7o) mas de qualquer forma com conte\u00fado que poder\u00e1 ser interesante a n\u00e3o geeks.<\/p>\n<p>No tema gen\u00e9rico do Porto e regi\u00e3o Norte publiquei mais umas grava\u00e7\u00f5es dos <strong>Olhares Cruzados sobre o Porto<\/strong>, nomeadamente a sess\u00e3o intitulada &#8220;As pequenas e as grandes empresas&#8221;. J\u00e1 podem ouvir as interven\u00e7\u00f5es de <a href=\"http:\/\/www.oportoemconversa.com\/2010\/07\/15\/olhares-cruzados-sobre-o-porto-vii-%E2%80%93-antonio-mexia\/\">Ant\u00f3nio Mexia<\/a>, <a href=\"http:\/\/www.oportoemconversa.com\/2010\/07\/08\/olhares-cruzados-sobre-o-porto-vii-%E2%80%93-carlos-moreira-da-silva\/\">Carlos Moreira da Silva<\/a> e <a href=\"http:\/\/www.oportoemconversa.com\/2010\/07\/01\/olhares-cruzados-sobre-o-porto-vii-%E2%80%93-luis-reis\/\">Lu\u00eds Reis<\/a><\/p>\n<p>Ainda o <strong>InnerCity<\/strong> e as interven\u00e7\u00f5es de <a href=\"http:\/\/www.oportoemconversa.com\/2010\/06\/22\/inner-city-celso-ferreira\/\">Celso Ferreira<\/a> e <a href=\"http:\/\/www.oportoemconversa.com\/2010\/06\/29\/inner-city-renato-sampaio\/\">Renato Sampaio<\/a>.<\/p>\n<p>Mais sobre o mundo empresarial acabei de publicar as grava\u00e7\u00f5es do<strong> Talks2.0<\/strong> que incluiram as interven\u00e7\u00f5es de <a href=\"http:\/\/www.oportoemconversa.com\/2010\/06\/14\/talks-2-0-raul-moreira-vidal\/\">Raul Moreira Vidal<\/a>, <a href=\"http:\/\/www.oportoemconversa.com\/2010\/06\/21\/talks-2-0-helena-leite\/\">Helena Leite<\/a>, <a href=\"http:\/\/www.oportoemconversa.com\/2010\/06\/28\/talks-2-0-francisco-fonseca\/\">Franscisco Fonseca<\/a> e, destaco, a de <a href=\"http:\/\/www.oportoemconversa.com\/2010\/06\/23\/talks-2-0-miguel-monteiro\/\"><strong>Miguel Monteiro<\/strong><\/a><strong> fundador da Chip7<\/strong> que entretanto fechou\/faliu, muito interessante esta interven\u00e7\u00e3o onde ele fala um pouco do que falhou na sua carreira.<\/p>\n<p>Tamb\u00e9m comecei a publicar as grava\u00e7\u00f5es da edi\u00e7\u00e3o #7 do <strong>Ignite Portugal<\/strong> que se realizou pela terceira vez no Porto. Ainda n\u00e3o est\u00e1 tudo online mas j\u00e1 podem ouvir <a href=\"http:\/\/www.oportoemconversa.com\/2010\/07\/19\/como-todos-podemos-mudar-portugal-joao-nogueira-santos\/\">Jo\u00e3o Nogueira Santos<\/a>, <a href=\"http:\/\/www.oportoemconversa.com\/2010\/07\/19\/vamos-destruir-a-educacao-tal-como-a-conhecemos-ricardo-sousa\/\">Ricardo Sousa<\/a>, <a href=\"http:\/\/www.oportoemconversa.com\/2010\/07\/20\/being-an-outlier-joao-figueirinhas-costa\/\">Jo\u00e3o Figueirinhas Costa<\/a> e <a href=\"http:\/\/www.oportoemconversa.com\/2010\/07\/20\/do-companies-have-lizard-brains-ana-silva\/\">Ana Silva<\/a>. Mais grava\u00e7\u00f5es v\u00e3o ficar disponiveis nas pr\u00f3ximas semanas<\/p>\n<p>Se estiverem interessados em ouvir-me falar em &#8220;estrangeiro&#8221; podem acompanhar as grava\u00e7\u00f5es que fiz durante a confer\u00eancia SEPG Europe que se realizou no Porto. O Pedro Castro Henriques (que j\u00e1 tinha entrevistado a prop\u00f3sito da <a href=\"http:\/\/www.oportoemconversa.com\/2010\/04\/27\/oresundportic-pedro-castro-henriques\/\">Portic<\/a>) possibilitou-me esta experi\u00eancia muito interessante de falar com alguns dos respons\u00e1veis do <strong>Software Engineering Institute<\/strong>. J\u00e1 online as entrevistas a <a href=\"http:\/\/www.oportoemconversa.com\/2010\/07\/09\/sepg-europe-2010-dr-paul-nielsen\/\">Paul Nielsen<\/a> e <a href=\"http:\/\/www.oportoemconversa.com\/2010\/07\/22\/sepg-europe-2010-%e2%80%93-jim-over\/\">Jim Over<\/a>.<\/p>\n<p>Tamb\u00e9m online a conversa que tive com <a href=\"http:\/\/www.oportoemconversa.com\/2010\/06\/16\/gastopublico\/\">Javier de la Torre<\/a> sobre um tema que me interessa muito que \u00e9 o<strong> OpenGov<\/strong>. Falei com ele sobre a import\u00e2ncia de divulga\u00e7\u00e3o de informa\u00e7\u00e3o p\u00fablica em formatos acessiveis e do seu projecto AbreDatos.<\/p>\n<p>Finalmente no dominio da geekisse pura e dura (ou nem tanto) tamb\u00e9m est\u00e3o disponiveis algumas das apresenta\u00e7\u00f5es da edi\u00e7\u00e3o da Primavera (em junho) do <strong>Barcamp<\/strong>, um evento onde qualquer um se pode inscrever para falar daquilo que lhe interessa. Os temas foram essencialmente tecnol\u00f3gicos mas tamb\u00e9m incluiram uma aula sobre como tocar um <strong>didgeridoo<\/strong> com <a href=\"http:\/\/www.oportoemconversa.com\/2010\/06\/25\/barcamp-rodrigo-viterbo\/\">Rodrigo Viterbo<\/a>, outra por <a href=\"http:\/\/www.oportoemconversa.com\/2010\/07\/23\/barcamp-tiago-silva-how-to-hack-into-your-brains-permanent-storage\/\">Tiago Silva<\/a> chamada &#8220;<strong>How to Hack Into Your Brain\u2019s Permanent Storage<\/strong>&#8221; e que foi divertidissima e tamb\u00e9m <a href=\"http:\/\/www.oportoemconversa.com\/2010\/06\/13\/barcamp-bruno-amaral-relacoes-publicas-principios-base-publicos-e-stakeholders\/\">Bruno Amaral<\/a>, <a href=\"http:\/\/www.oportoemconversa.com\/2010\/06\/17\/barcamp-jose-p-airosa-flocks\/\">Jos\u00e9 P. Airosa<\/a>, <a href=\"http:\/\/www.oportoemconversa.com\/2010\/06\/18\/barcamp-marco-sousa\/\">Marco Sousa<\/a>, <a href=\"http:\/\/www.oportoemconversa.com\/2010\/06\/23\/barcamp-jose-mota-paixao-psicologia-e-rails\/\">Jos\u00e9 Mota<\/a>, <a href=\"http:\/\/www.oportoemconversa.com\/2010\/06\/30\/barcamp-filipe-goncalves-the-state-of-e-commerce\/\">Filipe Gon\u00e7alves<\/a> e <a href=\"http:\/\/www.oportoemconversa.com\/2010\/07\/02\/barcamp-luis-martinho-colony-style\/\">Lu\u00eds Martinho<\/a>.<\/p>\n<p>Muita coisa mas claro que n\u00e3o precisam de ouvir tudo.<br \/>\nNo pr\u00f3ximo m\u00eas muitas outras novidades incluindo um projecto em conjunto com o <a href=\"http:\/\/jpn.icicom.up.pt\/\">JPN<\/a>, j\u00e1 gravei uma entrevista juntamente com a Amanda Ribeiro a Tiago Barbosa Ribeiro da JS\/Porto e outras entrevistas a representantes das juventudes partid\u00e1rias do Porto se seguir\u00e3o.<\/p>\n<p>Mantenham-se atentos e divulguem.<\/p>\n","protected":false},"excerpt":{"rendered":"<p>M\u00eas Tecnol\u00f3gico Os \u00faltimos podcasts disponibilizados t\u00eam sido maioritariamente tecnol\u00f3gicos (porque \u00e9 isso que eu fa\u00e7o) mas de qualquer forma com conte\u00fado que poder\u00e1 ser interesante a n\u00e3o geeks. No tema gen\u00e9rico do Porto e regi\u00e3o Norte publiquei mais umas grava\u00e7\u00f5es dos Olhares Cruzados sobre o Porto, nomeadamente a sess\u00e3o intitulada &#8220;As pequenas e as [&hellip;]<\/p>\n","protected":false},"author":1,"featured_media":0,"comment_status":"open","ping_status":"open","sticky":false,"template":"","format":"standard","meta":{"footnotes":""},"categories":[7],"tags":[516],"class_list":["post-1933","post","type-post","status-publish","format-standard","hentry","category-ler-ver-ouvir-passear","tag-podcast"],"yoast_head":"<!-- This site is optimized with the Yoast SEO plugin v27.5 - https:\/\/yoast.com\/product\/yoast-seo-wordpress\/ -->\n<title>O Porto em Conversa - Julho 2010 - Os Meus Apontamentos<\/title>\n<meta name=\"robots\" content=\"index, follow, max-snippet:-1, max-image-preview:large, max-video-preview:-1\" \/>\n<link rel=\"canonical\" href=\"https:\/\/osmeusapontamentos.com\/index.php\/2010\/07\/24\/o-porto-em-conversa-julho-2010\/\" \/>\n<meta property=\"og:locale\" content=\"pt_PT\" \/>\n<meta property=\"og:type\" content=\"article\" \/>\n<meta property=\"og:title\" content=\"O Porto em Conversa - Julho 2010 - Os Meus Apontamentos\" \/>\n<meta property=\"og:description\" content=\"M\u00eas Tecnol\u00f3gico Os \u00faltimos podcasts disponibilizados t\u00eam sido maioritariamente tecnol\u00f3gicos (porque \u00e9 isso que eu fa\u00e7o) mas de qualquer forma com conte\u00fado que poder\u00e1 ser interesante a n\u00e3o geeks. No tema gen\u00e9rico do Porto e regi\u00e3o Norte publiquei mais umas grava\u00e7\u00f5es dos Olhares Cruzados sobre o Porto, nomeadamente a sess\u00e3o intitulada &#8220;As pequenas e as [&hellip;]\" \/>\n<meta property=\"og:url\" content=\"https:\/\/osmeusapontamentos.com\/index.php\/2010\/07\/24\/o-porto-em-conversa-julho-2010\/\" \/>\n<meta property=\"og:site_name\" content=\"Os Meus Apontamentos\" \/>\n<meta property=\"article:published_time\" content=\"2010-07-24T13:00:30+00:00\" \/>\n<meta name=\"author\" content=\"Vitor Silva\" \/>\n<meta name=\"twitter:card\" content=\"summary_large_image\" \/>\n<meta name=\"twitter:creator\" content=\"@vitorsilva\" \/>\n<meta name=\"twitter:site\" content=\"@vitorsilva\" \/>\n<meta name=\"twitter:label1\" content=\"Escrito por\" \/>\n\t<meta name=\"twitter:data1\" content=\"Vitor Silva\" \/>\n\t<meta name=\"twitter:label2\" content=\"Tempo estimado de leitura\" \/>\n\t<meta name=\"twitter:data2\" content=\"2 minutos\" \/>\n<script type=\"application\/ld+json\" class=\"yoast-schema-graph\">{\"@context\":\"https:\\\/\\\/schema.org\",\"@graph\":[{\"@type\":\"Article\",\"@id\":\"https:\\\/\\\/osmeusapontamentos.com\\\/index.php\\\/2010\\\/07\\\/24\\\/o-porto-em-conversa-julho-2010\\\/#article\",\"isPartOf\":{\"@id\":\"https:\\\/\\\/osmeusapontamentos.com\\\/index.php\\\/2010\\\/07\\\/24\\\/o-porto-em-conversa-julho-2010\\\/\"},\"author\":{\"name\":\"Vitor Silva\",\"@id\":\"https:\\\/\\\/osmeusapontamentos.com\\\/#\\\/schema\\\/person\\\/d508df9c3ffc8b4e64a18dbf0ba18dd8\"},\"headline\":\"O Porto em Conversa &#8211; Julho 2010\",\"datePublished\":\"2010-07-24T13:00:30+00:00\",\"mainEntityOfPage\":{\"@id\":\"https:\\\/\\\/osmeusapontamentos.com\\\/index.php\\\/2010\\\/07\\\/24\\\/o-porto-em-conversa-julho-2010\\\/\"},\"wordCount\":487,\"commentCount\":0,\"publisher\":{\"@id\":\"https:\\\/\\\/osmeusapontamentos.com\\\/#\\\/schema\\\/person\\\/d508df9c3ffc8b4e64a18dbf0ba18dd8\"},\"keywords\":[\"podcast\"],\"articleSection\":[\"Ler\\\/ Ver\\\/ Ouvir\\\/ Passear\"],\"inLanguage\":\"pt-PT\",\"potentialAction\":[{\"@type\":\"CommentAction\",\"name\":\"Comment\",\"target\":[\"https:\\\/\\\/osmeusapontamentos.com\\\/index.php\\\/2010\\\/07\\\/24\\\/o-porto-em-conversa-julho-2010\\\/#respond\"]}]},{\"@type\":\"WebPage\",\"@id\":\"https:\\\/\\\/osmeusapontamentos.com\\\/index.php\\\/2010\\\/07\\\/24\\\/o-porto-em-conversa-julho-2010\\\/\",\"url\":\"https:\\\/\\\/osmeusapontamentos.com\\\/index.php\\\/2010\\\/07\\\/24\\\/o-porto-em-conversa-julho-2010\\\/\",\"name\":\"O Porto em Conversa - Julho 2010 - Os Meus Apontamentos\",\"isPartOf\":{\"@id\":\"https:\\\/\\\/osmeusapontamentos.com\\\/#website\"},\"datePublished\":\"2010-07-24T13:00:30+00:00\",\"breadcrumb\":{\"@id\":\"https:\\\/\\\/osmeusapontamentos.com\\\/index.php\\\/2010\\\/07\\\/24\\\/o-porto-em-conversa-julho-2010\\\/#breadcrumb\"},\"inLanguage\":\"pt-PT\",\"potentialAction\":[{\"@type\":\"ReadAction\",\"target\":[\"https:\\\/\\\/osmeusapontamentos.com\\\/index.php\\\/2010\\\/07\\\/24\\\/o-porto-em-conversa-julho-2010\\\/\"]}]},{\"@type\":\"BreadcrumbList\",\"@id\":\"https:\\\/\\\/osmeusapontamentos.com\\\/index.php\\\/2010\\\/07\\\/24\\\/o-porto-em-conversa-julho-2010\\\/#breadcrumb\",\"itemListElement\":[{\"@type\":\"ListItem\",\"position\":1,\"name\":\"In\u00edcio\",\"item\":\"https:\\\/\\\/osmeusapontamentos.com\\\/\"},{\"@type\":\"ListItem\",\"position\":2,\"name\":\"O Porto em Conversa &#8211; Julho 2010\"}]},{\"@type\":\"WebSite\",\"@id\":\"https:\\\/\\\/osmeusapontamentos.com\\\/#website\",\"url\":\"https:\\\/\\\/osmeusapontamentos.com\\\/\",\"name\":\"Os Meus Apontamentos\",\"description\":\"\",\"publisher\":{\"@id\":\"https:\\\/\\\/osmeusapontamentos.com\\\/#\\\/schema\\\/person\\\/d508df9c3ffc8b4e64a18dbf0ba18dd8\"},\"potentialAction\":[{\"@type\":\"SearchAction\",\"target\":{\"@type\":\"EntryPoint\",\"urlTemplate\":\"https:\\\/\\\/osmeusapontamentos.com\\\/?s={search_term_string}\"},\"query-input\":{\"@type\":\"PropertyValueSpecification\",\"valueRequired\":true,\"valueName\":\"search_term_string\"}}],\"inLanguage\":\"pt-PT\"},{\"@type\":[\"Person\",\"Organization\"],\"@id\":\"https:\\\/\\\/osmeusapontamentos.com\\\/#\\\/schema\\\/person\\\/d508df9c3ffc8b4e64a18dbf0ba18dd8\",\"name\":\"Vitor Silva\",\"image\":{\"@type\":\"ImageObject\",\"inLanguage\":\"pt-PT\",\"@id\":\"https:\\\/\\\/secure.gravatar.com\\\/avatar\\\/f81f58ad909e8a213ab0a690f6ed65e5c0e0e2274bf35ac49ff31d7988d483ce?s=96&d=mm&r=g\",\"url\":\"https:\\\/\\\/secure.gravatar.com\\\/avatar\\\/f81f58ad909e8a213ab0a690f6ed65e5c0e0e2274bf35ac49ff31d7988d483ce?s=96&d=mm&r=g\",\"contentUrl\":\"https:\\\/\\\/secure.gravatar.com\\\/avatar\\\/f81f58ad909e8a213ab0a690f6ed65e5c0e0e2274bf35ac49ff31d7988d483ce?s=96&d=mm&r=g\",\"caption\":\"Vitor Silva\"},\"logo\":{\"@id\":\"https:\\\/\\\/secure.gravatar.com\\\/avatar\\\/f81f58ad909e8a213ab0a690f6ed65e5c0e0e2274bf35ac49ff31d7988d483ce?s=96&d=mm&r=g\"},\"sameAs\":[\"https:\\\/\\\/www.linkedin.com\\\/in\\\/vitormrsilva\",\"https:\\\/\\\/x.com\\\/vitorsilva\"]}]}<\/script>\n<!-- \/ Yoast SEO plugin. -->","yoast_head_json":{"title":"O Porto em Conversa - Julho 2010 - Os Meus Apontamentos","robots":{"index":"index","follow":"follow","max-snippet":"max-snippet:-1","max-image-preview":"max-image-preview:large","max-video-preview":"max-video-preview:-1"},"canonical":"https:\/\/osmeusapontamentos.com\/index.php\/2010\/07\/24\/o-porto-em-conversa-julho-2010\/","og_locale":"pt_PT","og_type":"article","og_title":"O Porto em Conversa - Julho 2010 - Os Meus Apontamentos","og_description":"M\u00eas Tecnol\u00f3gico Os \u00faltimos podcasts disponibilizados t\u00eam sido maioritariamente tecnol\u00f3gicos (porque \u00e9 isso que eu fa\u00e7o) mas de qualquer forma com conte\u00fado que poder\u00e1 ser interesante a n\u00e3o geeks. No tema gen\u00e9rico do Porto e regi\u00e3o Norte publiquei mais umas grava\u00e7\u00f5es dos Olhares Cruzados sobre o Porto, nomeadamente a sess\u00e3o intitulada &#8220;As pequenas e as [&hellip;]","og_url":"https:\/\/osmeusapontamentos.com\/index.php\/2010\/07\/24\/o-porto-em-conversa-julho-2010\/","og_site_name":"Os Meus Apontamentos","article_published_time":"2010-07-24T13:00:30+00:00","author":"Vitor Silva","twitter_card":"summary_large_image","twitter_creator":"@vitorsilva","twitter_site":"@vitorsilva","twitter_misc":{"Escrito por":"Vitor Silva","Tempo estimado de leitura":"2 minutos"},"schema":{"@context":"https:\/\/schema.org","@graph":[{"@type":"Article","@id":"https:\/\/osmeusapontamentos.com\/index.php\/2010\/07\/24\/o-porto-em-conversa-julho-2010\/#article","isPartOf":{"@id":"https:\/\/osmeusapontamentos.com\/index.php\/2010\/07\/24\/o-porto-em-conversa-julho-2010\/"},"author":{"name":"Vitor Silva","@id":"https:\/\/osmeusapontamentos.com\/#\/schema\/person\/d508df9c3ffc8b4e64a18dbf0ba18dd8"},"headline":"O Porto em Conversa &#8211; Julho 2010","datePublished":"2010-07-24T13:00:30+00:00","mainEntityOfPage":{"@id":"https:\/\/osmeusapontamentos.com\/index.php\/2010\/07\/24\/o-porto-em-conversa-julho-2010\/"},"wordCount":487,"commentCount":0,"publisher":{"@id":"https:\/\/osmeusapontamentos.com\/#\/schema\/person\/d508df9c3ffc8b4e64a18dbf0ba18dd8"},"keywords":["podcast"],"articleSection":["Ler\/ Ver\/ Ouvir\/ Passear"],"inLanguage":"pt-PT","potentialAction":[{"@type":"CommentAction","name":"Comment","target":["https:\/\/osmeusapontamentos.com\/index.php\/2010\/07\/24\/o-porto-em-conversa-julho-2010\/#respond"]}]},{"@type":"WebPage","@id":"https:\/\/osmeusapontamentos.com\/index.php\/2010\/07\/24\/o-porto-em-conversa-julho-2010\/","url":"https:\/\/osmeusapontamentos.com\/index.php\/2010\/07\/24\/o-porto-em-conversa-julho-2010\/","name":"O Porto em Conversa - Julho 2010 - Os Meus Apontamentos","isPartOf":{"@id":"https:\/\/osmeusapontamentos.com\/#website"},"datePublished":"2010-07-24T13:00:30+00:00","breadcrumb":{"@id":"https:\/\/osmeusapontamentos.com\/index.php\/2010\/07\/24\/o-porto-em-conversa-julho-2010\/#breadcrumb"},"inLanguage":"pt-PT","potentialAction":[{"@type":"ReadAction","target":["https:\/\/osmeusapontamentos.com\/index.php\/2010\/07\/24\/o-porto-em-conversa-julho-2010\/"]}]},{"@type":"BreadcrumbList","@id":"https:\/\/osmeusapontamentos.com\/index.php\/2010\/07\/24\/o-porto-em-conversa-julho-2010\/#breadcrumb","itemListElement":[{"@type":"ListItem","position":1,"name":"In\u00edcio","item":"https:\/\/osmeusapontamentos.com\/"},{"@type":"ListItem","position":2,"name":"O Porto em Conversa &#8211; Julho 2010"}]},{"@type":"WebSite","@id":"https:\/\/osmeusapontamentos.com\/#website","url":"https:\/\/osmeusapontamentos.com\/","name":"Os Meus Apontamentos","description":"","publisher":{"@id":"https:\/\/osmeusapontamentos.com\/#\/schema\/person\/d508df9c3ffc8b4e64a18dbf0ba18dd8"},"potentialAction":[{"@type":"SearchAction","target":{"@type":"EntryPoint","urlTemplate":"https:\/\/osmeusapontamentos.com\/?s={search_term_string}"},"query-input":{"@type":"PropertyValueSpecification","valueRequired":true,"valueName":"search_term_string"}}],"inLanguage":"pt-PT"},{"@type":["Person","Organization"],"@id":"https:\/\/osmeusapontamentos.com\/#\/schema\/person\/d508df9c3ffc8b4e64a18dbf0ba18dd8","name":"Vitor Silva","image":{"@type":"ImageObject","inLanguage":"pt-PT","@id":"https:\/\/secure.gravatar.com\/avatar\/f81f58ad909e8a213ab0a690f6ed65e5c0e0e2274bf35ac49ff31d7988d483ce?s=96&d=mm&r=g","url":"https:\/\/secure.gravatar.com\/avatar\/f81f58ad909e8a213ab0a690f6ed65e5c0e0e2274bf35ac49ff31d7988d483ce?s=96&d=mm&r=g","contentUrl":"https:\/\/secure.gravatar.com\/avatar\/f81f58ad909e8a213ab0a690f6ed65e5c0e0e2274bf35ac49ff31d7988d483ce?s=96&d=mm&r=g","caption":"Vitor Silva"},"logo":{"@id":"https:\/\/secure.gravatar.com\/avatar\/f81f58ad909e8a213ab0a690f6ed65e5c0e0e2274bf35ac49ff31d7988d483ce?s=96&d=mm&r=g"},"sameAs":["https:\/\/www.linkedin.com\/in\/vitormrsilva","https:\/\/x.com\/vitorsilva"]}]}},"_links":{"self":[{"href":"https:\/\/osmeusapontamentos.com\/index.php\/wp-json\/wp\/v2\/posts\/1933","targetHints":{"allow":["GET"]}}],"collection":[{"href":"https:\/\/osmeusapontamentos.com\/index.php\/wp-json\/wp\/v2\/posts"}],"about":[{"href":"https:\/\/osmeusapontamentos.com\/index.php\/wp-json\/wp\/v2\/types\/post"}],"author":[{"embeddable":true,"href":"https:\/\/osmeusapontamentos.com\/index.php\/wp-json\/wp\/v2\/users\/1"}],"replies":[{"embeddable":true,"href":"https:\/\/osmeusapontamentos.com\/index.php\/wp-json\/wp\/v2\/comments?post=1933"}],"version-history":[{"count":0,"href":"https:\/\/osmeusapontamentos.com\/index.php\/wp-json\/wp\/v2\/posts\/1933\/revisions"}],"wp:attachment":[{"href":"https:\/\/osmeusapontamentos.com\/index.php\/wp-json\/wp\/v2\/media?parent=1933"}],"wp:term":[{"taxonomy":"category","embeddable":true,"href":"https:\/\/osmeusapontamentos.com\/index.php\/wp-json\/wp\/v2\/categories?post=1933"},{"taxonomy":"post_tag","embeddable":true,"href":"https:\/\/osmeusapontamentos.com\/index.php\/wp-json\/wp\/v2\/tags?post=1933"}],"curies":[{"name":"wp","href":"https:\/\/api.w.org\/{rel}","templated":true}]}}