{"id":1893,"date":"2010-07-03T12:00:18","date_gmt":"2010-07-03T12:00:18","guid":{"rendered":"http:\/\/osmeusapontamentos.com\/?p=1893"},"modified":"2010-07-03T12:00:18","modified_gmt":"2010-07-03T12:00:18","slug":"notas-sobre-a-reuniao-da-am-de-28jun","status":"publish","type":"post","link":"https:\/\/osmeusapontamentos.com\/index.php\/2010\/07\/03\/notas-sobre-a-reuniao-da-am-de-28jun\/","title":{"rendered":"notas sobre a reuni\u00e3o da a.m de 28jun"},"content":{"rendered":"<p>A maior parte destas notas foram sendo publicadas via twitter (<a href=\"http:\/\/twitter.com\/vitorsilva\">twitter.com\/vitorsilva<\/a>) com o hashtag <a href=\"http:\/\/search.twitter.com\/search?q=%23AMuPorto\">#AMuPorto<\/a> durante a propria reuni\u00e3o.<br \/>\nNesse sentido serve mais como indica\u00e7\u00e3o do que os diferentes deputados municipais e membros do executivo foram dizendo do que texto sistematizado e organizado dos diferentes temas abordados.<br \/>\nDe qualquer forma e como ainda n\u00e3o temos nem as as actas da assembleia municipal online nem a transmiss\u00e3o dessas sess\u00f5es (como j\u00e1 \u00e9 feito em Redondo (Evora), Tomar, e brevemente em Cascais) penso que poderam ser interessantes para os leitores da Baixa do Porto<\/p>\n<p>hoje do executivo estiveram presentes:\u00a0<a href=\"http:\/\/www.cm-porto.pt\/gen.pl?p=stories&amp;op=view&amp;fokey=cmp.stories\/287\">\u00c1lvaro Castello-Branco<\/a>,\u00a0<a href=\"http:\/\/www.cm-porto.pt\/gen.pl?p=stories&amp;op=view&amp;fokey=cmp.stories\/296\">Manuel Sampaio Pimentel<\/a>,\u00a0<a href=\"http:\/\/www.cm-porto.pt\/gen.pl?p=stories&amp;op=view&amp;fokey=cmp.stories\/289\">Guilhermina Rego<\/a>,\u00a0<a href=\"http:\/\/www.cm-porto.pt\/gen.pl?p=stories&amp;op=view&amp;fokey=cmp.stories\/291\">Gon\u00e7alo Gon\u00e7alves<\/a><br \/>\nda verea\u00e7\u00e3o entre 0 a 4 pessoas, consoante a hora&#8230;<\/p>\n<p><strong>mo\u00e7\u00e3o da cdu sobre jos\u00e9 saramago <\/strong><br \/>\ninterven\u00e7\u00e3o de jos\u00e9 luis borges coelho<br \/>\ncdu, propoe voto de pesar e 1 minuto de silencio e atribui\u00e7\u00e3o de nome de saramego a uma rua do porto<br \/>\nminuto de silencio interrompido naturalmente pelas vuvuzelas aqui ao lado<br \/>\ncds e alguns membros do psd abstem-se deste voto<br \/>\n39 favor e 8 absten\u00e7\u00f5es<\/p>\n<p><strong>segunda mo\u00e7\u00e3o da cdu desta vez sobre as scut <\/strong><br \/>\nsara santos scut, correc\u00e7\u00e3o de assimetrias, regiao ainda cumpre criterios para ter scut, agrava crise economica e social<br \/>\ngustavo pimenta ps a responder<br \/>\n\u00e9 f\u00e1cil pedir para revogar scut qd n\u00e3o se tem que tomar decis\u00f5es para ultrapassar a crise<br \/>\ngarantido que est\u00e1 o fim da descrimi\u00e7\u00e3o j\u00e1 que todas as portagens ser\u00e3o implementadas<br \/>\n\u00e9 preferivel as portagens a outro tipo de cortes<br \/>\nandre noronha cds<br \/>\ncds tem sempre a mesma posi\u00e7\u00e3o sobre este tema. \u00e9 a favor do pgto em todas as scut<br \/>\nacham que h\u00e1 discrimina\u00e7\u00e3o em rela\u00e7\u00e3o ao norte<br \/>\nandre noronha diz que soube que governo decidiu adiar portagens para 1-agosto<br \/>\npaulo rios oliveira psd<br \/>\ndefensores do principio utilizador pagador desde que universal<br \/>\nartur ribeiro cdu<br \/>\npergunta ao, a regiao tem niveis de desenvolvimento &gt;80% media nacional?, etem percursos alternativos que demorem &lt;130%?<br \/>\na pergunta foi para gustavo pimenta do ps<br \/>\nalguma parte das scut foi construida em cima das antigas estradas e supostas alternativas<br \/>\nresponder gustavo pimenta<br \/>\nentre as alternativas que se podem colocar nos sacrificios a pedir aos portugueses este \u00e9 o mal menor<br \/>\nnum pais em crescimento em que a situa\u00e7\u00e3o economico financeira fosse saudavel haveria todo o interesse em manter as scut pq potencia o desenvolvimento economico<br \/>\nvotos contra ps + psd<\/p>\n<p><strong>mais uma mo\u00e7\u00e3o da cdu <\/strong><br \/>\nmarta pereira<br \/>\nsobre a crise, o impacto nas familias e as op\u00e7\u00f5es do governo<br \/>\nandre noronha o que esta em causa actualmente \u00e9 salvar o que for possivel salvar do estado social<br \/>\nmodelo de estado social para tudo e para todos n\u00e3o \u00e9 possivel<br \/>\n\u00e9 preciso saber distribuir melhor e a quem precisa. nao preciso esta esquerda que acha que h\u00e1 tudo para todos<br \/>\npela escassez dos meios acaba por nao ajudar quem precisa<br \/>\ngustavo pimenta<br \/>\n\u00e9 possivel discutir teoricamente os melhores modelos para ultrapassar a crise do mundo inteiro<br \/>\nmas a verdade \u00e9 que porugal vive num contexto que \u00e9 a UE e nao tem alternativa que seguir modelo da UE de apoio social<br \/>\nesta mo\u00e7\u00e3o s\u00f3 \u00e9 possivel por quem nao tem nem espera vir a ter responsabilidades<br \/>\npaulo rios<br \/>\npercebemos estado de alma (da cdu) mas n\u00e3o \u00e9 neste mundo que portugal vive<br \/>\nartur ribeiro<br \/>\nn\u00e3o \u00e9 por acaso que ps+psd+cds viabilizaram or\u00e7amento de estado e pec<br \/>\nas nossas op\u00e7\u00e3o s\u00e3o de facto diferentes das op\u00e7\u00f5es do ps+psd+cds<br \/>\ncdu apresentou na a.r. outras op\u00e7\u00f5es para &#8220;ir buscar&#8221; dinheiro<br \/>\ncomo \u00e9 que bancos pagam uma taxa efectiva de irs menor que qualquer &#8220;chafarica&#8221;<br \/>\napertam o cinto sempre aos mesmos<br \/>\nvota\u00e7\u00e3o: favor be+cdu \/ contra ps+psd+cds<\/p>\n<p><strong>mo\u00e7\u00e3o cds <\/strong><br \/>\nmo\u00e7\u00e3o de louvor, louvar e destacar desportista pedro povoa(?)<br \/>\naprovada por unanimidade<\/p>\n<p><strong>nova mo\u00e7\u00e3o do cds, andre noronha <\/strong><br \/>\nsobre as scut<br \/>\nsobre as scut, devem pagar todos ao mesmo tempo com os mesmos criterios<br \/>\namandio azevedo (?) psd<br \/>\ntemos que ter a consciencia que o problema das scuts esta numa fase em que nao temos grandes op\u00e7\u00f5es<br \/>\nse estivessemos noutra situa\u00e7\u00e3o financeira scut seriam op\u00e7\u00f5es defensaveis para algumas regioes do paises, nomeadamente as mais atrasadas<br \/>\nqd as scuts foram lan\u00e7adas era mais do que evidente que o pais nao tinha condi\u00e7\u00f5es para suportar esta despesa<br \/>\nhouve ganhos eleitorais obvios a partir da ideia de scut<br \/>\na unica vez em que o ps ganhou as elei\u00e7\u00f5es em vila real foi quando o ps prometeu scut e o psd disse que nao havia condi\u00e7\u00f5es<br \/>\nhoje a situa\u00e7\u00e3o \u00e9 grave e melhor obter receitas pelas scut<br \/>\njose castro be<br \/>\n1-ago (com implementa\u00e7\u00e3o das scut) vai se consumar de uma das maiores vitoriais politcas do PSD<br \/>\nquem \u00e9 o utilizador da a28? \u00e9 quem vai de carro pela a28? n\u00e3o s\u00f3 mas tb estudantes e empresarios<br \/>\nesses s\u00e3o os beneficiaros da a28 e outros. esta ideia do utilizador\/pagador foi uma historia inventada<br \/>\ne vai corresponder a uma derrota do pais inteiro<br \/>\ngustavo pimenta ps<br \/>\narranque faseado das scut tem a ver com a dificuldade de preparar as infraestruturas nos outros locais<br \/>\nquem esteve atras de estudo das scut \u00e9 um homem sem qq suspeita, eng joao cravinho<br \/>\nestas ditas autoestradas n\u00e3o o s\u00e3o verdadeiramente, por exemplo a28 de perfil de autoestrada so tem ter 2 faixas para cada lado<br \/>\nfoi concebida para promover o desenvolvimento da regiao mais do que para ser portajada<br \/>\nvota\u00e7\u00e3o: favor cds+psd \/ contra ps+cds+be<\/p>\n<p><strong>gustavo pimenta voto de homensagem ao escritor jose saramago <\/strong><br \/>\nartur ribeiro<br \/>\n\u00e9 a primeira vez que acontece nas ultimas 3 AssMun que um voto de pesar n\u00e3o \u00e9 aprovado por unanimidade<br \/>\nam\u00e2ndio de azevedo psd<br \/>\nabstive-me pq n\u00e3o estou de acordo que jose saramago tenha lutado contra todas as formas de discrimina\u00e7\u00e3o<br \/>\nvota\u00e7\u00e3o: absten\u00e7\u00e3o 8, o resto a favor<\/p>\n<p><strong>mo\u00e7\u00e3o do be,alda macedo <\/strong><br \/>\nsobre o encerramento das ultimas 4 salas de cinema do porto<br \/>\nno cinema o porto &#8220;bebe&#8221; de uma heran\u00e7a muito propria<br \/>\npolitica autarquica nao acompanha esta heran\u00e7a<br \/>\nvota\u00e7\u00e3o contra: psd+cds \/ favor be+cdu+ps. empate desfeito com voto de qualidade do presidente da a.m<\/p>\n<p><strong>nova mo\u00e7\u00e3o do be,alda macedo <\/strong><br \/>\na proposito do texto apresentado pela Comiss\u00e3o Nacional de Esteriliza\u00e7\u00f5es http:\/\/bit.ly\/cuUHm7 na \u00a0de 15-mar-2010<br \/>\nmarta pereira da cdu<br \/>\noutras cidades j\u00e1 conseguiram evitar a op\u00e7\u00e3o de abate de animais<br \/>\npaulo rios psd<br \/>\npergunta ao be quais s\u00e3o os custo da cria\u00e7\u00e3o de uma infraestrutura para manter os animais que s\u00e3o capturados?<br \/>\nproposta tb deveria incluir programa de forma\u00e7\u00e3o civica<br \/>\ngustavo pimenta ps<br \/>\ncada deputado do ps votar\u00e1 como entender mas pessoalmente est\u00e1 contra a op\u00e7\u00e3o de esteriliza\u00e7\u00e3o<br \/>\nandre noronha cds<br \/>\nn\u00e3o tem um opini\u00e3o final sobre a mat\u00e9ria. contra o caracter compuls\u00f3rio da esteriliza\u00e7\u00e3o que est\u00e1 na mo\u00e7\u00e3o<br \/>\nresposta alda macedo<br \/>\naceita proposta de modifica\u00e7\u00e3o sugerida pelo ps para n\u00e3o tornar compulsiva a esteriliza\u00e7\u00e3o na entrega para ado\u00e7\u00e3o<br \/>\namandio azevedo questiona utiliza\u00e7\u00e3o do termo adop\u00e7\u00e3o para o conceito de acolhimento de caes e gatos&#8230;<br \/>\nvota\u00e7\u00e3o: favor: ps+cdsu+be \/ absten\u00e7\u00e3o: psd+cds<\/p>\n<p><strong>agora interven\u00e7\u00e3o dos presidentes de junta <\/strong><br \/>\n<strong>pres junta ramalde, manuel maio <\/strong><br \/>\nsobre uma participa\u00e7\u00e3o de jose castro (be) \u00e0 cne a proposito da eventual viola\u00e7\u00e3o dos deveres de neutralidade<br \/>\nresultado foi o arquivamento dessa participa\u00e7\u00e3o<\/p>\n<p><strong>jeronimo ponciano ps pres junta s.nicolau <\/strong><br \/>\nlimpeza da freguesia (e centro historico) depois das festas de s.joao nao foi feita em condi\u00e7\u00f5es<br \/>\nparque de estacionamento da alfandega ainda n\u00e3o foi limpo<br \/>\nresposta dos servi\u00e7os da cmp \u00e9 que servi\u00e7o foi entregue a empresa particular e cmp nao tem nada a ver com isso<\/p>\n<p><strong>representante do pres da jf campanha <\/strong><br \/>\nsobre a inaugura\u00e7\u00e3o do 10ha do parque oriental, como cidadao regojiza-se mas oficialmente fica triste. jf nao foi convidada<br \/>\ntampas de saneamento que t\u00eam sido roubadas<\/p>\n<p><strong>armindo teixeira pres jf bonfim <\/strong><br \/>\nfaltam sanit\u00e1rios para acompanhar as festas da cidade<br \/>\nquestiona ter que pagar alguns servi\u00e7os da camara quando jf organiza eventos<br \/>\nsobre o cc stop, reclama\u00e7\u00f5es a prop\u00f3sito do barulho que come\u00e7a a partir das 3 da tarde<br \/>\ncamara tem que ter aten\u00e7\u00e3o a isto porque para alem do barulho j\u00e1 come\u00e7a a haver desacatos na zona<br \/>\nvai come\u00e7ar o periodo da ordem do dia<\/p>\n<p><strong>artur ribeiro cdu, sobre o museu da industria <\/strong><br \/>\na rever a interven\u00e7\u00e3o &#8220;Museu da Ind\u00fastria continua encerrado mais de dois meses ap\u00f3s a data prometida para a sua reabertura&#8221; http:\/\/www.cidadedoporto.pcp.pt\/?p=498<br \/>\ndurante 4 anos a coliga\u00e7\u00e3o psd+cds nada fez<br \/>\nverba gasta nas provas de automoveis seriam suficientes para reabertura do museu da industria<br \/>\npaulo rios psd<br \/>\numa coisa \u00e9 dizer que ssumiu um compromisso que a realidade demonstrou que nao era possivel<br \/>\nagora dizer que rui rio mentiu a esse proposito \u00e9 uma ofensa de caracter<br \/>\nartur ribeiro &#8211; h\u00e1 compromissos n\u00e3o respeitados por rui rio<\/p>\n<p><strong>jose castro be <\/strong><br \/>\nainda sobre o eventual apoio da jf paranahos. todas as associa\u00e7\u00f5es t\u00eam que ter apoio mas n\u00e3o devem extravasar o seu papel associativo<br \/>\nac\u00e7\u00e3o adm especial visando a nulidade que aprovaram os projectos do oceanario<strong> sea life<\/strong> pq tais decis\u00f5es violaram diversas disposi\u00e7\u00f5es do pdm<br \/>\nultrapassagem para mais do dobro do indice de impermeabilidade dessa zona<br \/>\nvai entregar na mesa para ser disponibilizado a comunica\u00e7\u00e3o recebida do m.p. da ac\u00e7\u00e3o que vai ser instaurada por viola\u00e7\u00e3o do pdm<\/p>\n<p><strong>jorge martins ps, tb sobre saramago <\/strong><\/p>\n<p><strong>Aprecia\u00e7\u00e3o e vota\u00e7\u00e3o da Proposta para a celebra\u00e7\u00e3o do contrato de permuta com os propriet\u00e1rios dos im\u00f3veis integrados na UOPG 23. <\/strong><br \/>\nRodrigo Oliveira, ps<br \/>\nps vai votar a favor mas nao percebe porque razao a cmp tem posi\u00e7\u00e3o diferente da do parque da cidade<br \/>\ngestao do municipio tem que ser feita com engenho, criatividade e negocia\u00e7\u00e3o<br \/>\npergunta, para quando a aprova\u00e7\u00e3o dos projectos da quinta das freiras e fenaz(???)<br \/>\nmelhoria da zona de azevedo<br \/>\nalda macedo bs<br \/>\nbloco apoia proposta<br \/>\nparque tem caminhado em passos muito pequenos<br \/>\numa questao: sobre o rio tinto. como se abre estes ha do parque sem ter feito pelo menos a limpeza do tro\u00e7o que atravessa o parque<br \/>\nque iniciativas tem tomado com gondomar no sentido de haver programa concertado para limpeza do rio tinto<br \/>\nartur ribeiro cdu<br \/>\nlamentavel que o parque oriental ande tao devagar, projecto apresentado em 2005. atraso da responsabilidade da cmp<br \/>\nprocesso est\u00e1 ao contrario,. primeiro intervem-se no terreno e s\u00f3 depois \u00e9 que se aprova a uopg<br \/>\nalvaro castello-branco<br \/>\nexiste projecto de despolui\u00e7\u00e3o e renaturaliza\u00e7\u00e3o do rio tinto, que nasce em valongo, passa por gondomar e desagua no porto<br \/>\nproblema da polui\u00e7\u00e3o est\u00e1 em gondomar<br \/>\nna jmp foi criada uma comiss\u00e3o com membros das 3 camaras, presidida por po\u00e7as martins e que est\u00e1 a trabalhar nesta questao<br \/>\ntb est\u00e3o a trabalhar s\u00f3 com gondomar sobre a utiliza\u00e7\u00e3o da etar do freixo<br \/>\npensa que at\u00e9 ao fim de 2011 o rio tinto possa estar em condi\u00e7\u00f5es mais do que aceitaveis<br \/>\nem outubro de 2005 alvaro castello-branco herdou um desenho do parque oriental, n\u00e3o herdou mais nada<br \/>\nGon\u00e7alo Gon\u00e7alves<br \/>\nqd foi feito acordo do parque da cidade n\u00e3o havia pdm, logo n\u00e3o havia uopg e por isso n\u00e3o faz sentido quest\u00e3o da ordem das coisas<br \/>\nfoi sempre assumido pelo executivo que o desenvolvimento dos dois parques tinham filosofias diferentes<br \/>\nparque oriental com financiamento com base na urbaniza\u00e7\u00e3o das suas orlas<br \/>\nvota\u00e7\u00e3o: absten\u00e7\u00e3o 4 (s\u00f3 cdu?), resto a favor<\/p>\n<p><strong>2. Aprecia\u00e7\u00e3o e vota\u00e7\u00e3o da Proposta para aprova\u00e7\u00e3o da aliena\u00e7\u00e3o, em hasta p\u00fablica, do im\u00f3vel sito a rua da Restaura\u00e7\u00e3o, n\u00ba. 252 e rua Sobre-o-Douro, n\u00ba. 116, da freguesia de Massarelos.<\/strong><br \/>\nmoises ferreira be<br \/>\nmais uma proposta de mais uma aliena\u00e7\u00e3o, que at\u00e9 j\u00e1 esteve aqui a vota\u00e7\u00e3o<br \/>\nbe vai votar contra<br \/>\nesta proposta (e outras de aliena\u00e7\u00e3o) demonstra falta de ideias do executivo<br \/>\nneste edificio poderia por exemplo servir para instala\u00e7\u00f5es da propria A.M., gabinetes de apoio \u00e0 popula\u00e7\u00e3o<br \/>\nou infraestruturas de apoio \u00e0 infancia e \u00e0 terceira idade<br \/>\nfalta uma visao social e integradora por parte do executivo<br \/>\nrodrigo oliveira ps<br \/>\nps vota contra porque esta aliena\u00e7\u00e3o sobre um concurso que j\u00e1 ficou vazio&#8230;<br \/>\nd\u00e1 a impress\u00e3o que a cmp se quer desfazer daquele patrimonio a qualquer custo<br \/>\ncamara nao se pode ver livre de todo o patrimonio que tem independentemente da visao panoramica que o edificio possa ter<br \/>\nartur ribeiro cdu<br \/>\npaulo rios psd<br \/>\na cmp \u00e9 dona de um patrimonio muito extenso e foi entendido que dos imoveis disponiveis seriam lan\u00e7ados em pra\u00e7a uma serie deles<br \/>\nmas pelos vistos s\u00f3 podem ir os maus. se tiverem boas vistas, etc. n\u00e3o podem ir&#8230;<br \/>\nalda macedo be<br \/>\nvota\u00e7\u00e3o: favor: psd+cds \/ contra: ps+cdu+be &#8211; desempata o presidente da a.m.<\/p>\n<p><strong>3. Aprecia\u00e7\u00e3o e vota\u00e7\u00e3o da Proposta para aprova\u00e7\u00e3o dos mapas estrat\u00e9gicos de ru\u00eddo do Porto. <\/strong><br \/>\n\u00c1lvaro Castello-Branco<br \/>\nimportante ter diagnostico para poder implementar solu\u00e7\u00f5es<br \/>\npara poder criar plano municipal de redu\u00e7\u00e3o de ruido<br \/>\nniveis de ruido do porto s\u00e3o extremamente aceitaveis<br \/>\nexpostos a sobreexposi\u00e7\u00e3o ao ruido cerca de 25% da popula\u00e7\u00e3o do porto<br \/>\n14% da popula\u00e7\u00e3o do porto<br \/>\nm\u00e9dia de cidades europeias da nossa dimens\u00e3o =&gt; 40%<br \/>\nem zonas urbanas \u00e9 normal valores at\u00e9 20%<br \/>\nenvolvente vci, zona industrial, av. boavista, av. aep<br \/>\nespera ter primeira vers\u00e3o do plano municipal de redu\u00e7\u00e3o de ruido at\u00e9 dezembro 2010<br \/>\nparticipa\u00e7\u00e3o de quase todas as divisoes da cmp e de parceiros externos, refer, stcp, ana<br \/>\njose castro be<br \/>\nchamar a aten\u00e7\u00e3o para o plano municipal de redu\u00e7\u00e3o de ruido<br \/>\nj\u00e1 foi ultrapassado o tempo de elabora\u00e7\u00e3o deste plano<br \/>\numa camara que \u00e9 uma das mais importantes do pa\u00eds j\u00e1 tem este plano com um atraso superior a um ano<br \/>\ndaqui a 2 anos a cmp tem que apresentar o relatorio sobre o ambiente acustico municipal<br \/>\nmarta pereira cdu<br \/>\nmedida positiva, preocupa\u00e7\u00e3o comum<br \/>\nproblemas nas zona dos bares (ribeira, cedofeita, &#8230;)<br \/>\nse for possivel aliar o lazer ao descanso tudo bem senao descanso deve ser soberano<br \/>\nluis catarino ps<br \/>\nquestao politica, o que queremos para a cidade<br \/>\ncom esta lei do ruido, estes bares junto \u00e0s habita\u00e7\u00f5es t\u00eam que fechar<br \/>\nera necessario juntamento cmo este plano aprovar zonas em que fosse permitido exlcusivamente zonas de servi\u00e7o e restaura\u00e7ao<br \/>\n\u00c1lvaro Castello-Branco<br \/>\nesclarecer o tipo de informa\u00e7\u00e3o que ter\u00e1 o plano. n\u00e3o tem a ver com os bares<br \/>\nn\u00e3o h\u00e9 nenhuma camara municipal com capacidade tecnica para elaborar mapas de ruido<br \/>\nquais sao as camaras municipais prortuguesas que tem o mapa de ruido e plano de redu\u00e7\u00e3o<br \/>\nmapas de ruido iniciais foram feitos em 2005 mas nova legisla\u00e7\u00e3o obrigou a que em 2006 fossem feitos novos mapas<br \/>\nartur ribeiro cdu<br \/>\npreciso ter em aten\u00e7\u00e3o o ruido provocado por restaura\u00e7\u00e3o, etc<br \/>\nvota\u00e7\u00e3o: favor: unanimidade<\/p>\n<p><strong>(??) ps \u00a0ponto 2, art59 regimento da assembleia municipal <\/strong><br \/>\nsobre a forma como tem sido cumprida a apresenta\u00e7\u00e3o da situa\u00e7\u00e3o financeira da cmp<br \/>\ndiligenciar texto sobre situa\u00e7\u00e3o financeira com antecendencia<br \/>\nvalente oliveira &#8211; vai verificar com os servi\u00e7os juridicos se est\u00e1 tudo a ser cumprido<\/p>\n<p><strong>4. Aprecia\u00e7\u00e3o da informa\u00e7\u00e3o do Sr. Presidente da C\u00e2mara acerca da actividade do Munic\u00edpio, bem como da situa\u00e7\u00e3o financeira do mesmo.<\/strong><br \/>\nser\u00e1 tratado de hoje a quinze dias &#8211; dia 12junho<\/p>\n<p>publico<br \/>\n1. estabelecimento de cozinhas e mobiliario =&gt; j\u00e1 fez 2 exposi\u00e7\u00f5es \u00e0 camara sobre estacionamento nada foi feito, cidadao com mobilidade reduzida<\/p>\n<p>2. autocarros que n\u00e3o v\u00eam \u00e0 baixa \u00a0s\u00f3 2 \u00e9 que v\u00e3o \u00e0 baixa<br \/>\npublicidade nas paragens dos autocarros que tapam a visibilidade dos autocarros que est\u00e3o a chegar.<\/p>\n","protected":false},"excerpt":{"rendered":"<p>A maior parte destas notas foram sendo publicadas via twitter (twitter.com\/vitorsilva) com o hashtag #AMuPorto durante a propria reuni\u00e3o. Nesse sentido serve mais como indica\u00e7\u00e3o do que os diferentes deputados municipais e membros do executivo foram dizendo do que texto sistematizado e organizado dos diferentes temas abordados. De qualquer forma e como ainda n\u00e3o temos [&hellip;]<\/p>\n","protected":false},"author":1,"featured_media":0,"comment_status":"open","ping_status":"open","sticky":false,"template":"","format":"standard","meta":{"footnotes":""},"categories":[7],"tags":[71,524],"class_list":["post-1893","post","type-post","status-publish","format-standard","hentry","category-ler-ver-ouvir-passear","tag-assembleia-municipal","tag-porto"],"yoast_head":"<!-- This site is optimized with the Yoast SEO plugin v27.5 - https:\/\/yoast.com\/product\/yoast-seo-wordpress\/ -->\n<title>notas sobre a reuni\u00e3o da a.m de 28jun - Os Meus Apontamentos<\/title>\n<meta name=\"robots\" content=\"index, follow, max-snippet:-1, max-image-preview:large, max-video-preview:-1\" \/>\n<link rel=\"canonical\" href=\"https:\/\/osmeusapontamentos.com\/index.php\/2010\/07\/03\/notas-sobre-a-reuniao-da-am-de-28jun\/\" \/>\n<meta property=\"og:locale\" content=\"pt_PT\" \/>\n<meta property=\"og:type\" content=\"article\" \/>\n<meta property=\"og:title\" content=\"notas sobre a reuni\u00e3o da a.m de 28jun - Os Meus Apontamentos\" \/>\n<meta property=\"og:description\" content=\"A maior parte destas notas foram sendo publicadas via twitter (twitter.com\/vitorsilva) com o hashtag #AMuPorto durante a propria reuni\u00e3o. Nesse sentido serve mais como indica\u00e7\u00e3o do que os diferentes deputados municipais e membros do executivo foram dizendo do que texto sistematizado e organizado dos diferentes temas abordados. De qualquer forma e como ainda n\u00e3o temos [&hellip;]\" \/>\n<meta property=\"og:url\" content=\"https:\/\/osmeusapontamentos.com\/index.php\/2010\/07\/03\/notas-sobre-a-reuniao-da-am-de-28jun\/\" \/>\n<meta property=\"og:site_name\" content=\"Os Meus Apontamentos\" \/>\n<meta property=\"article:published_time\" content=\"2010-07-03T12:00:18+00:00\" \/>\n<meta name=\"author\" content=\"Vitor Silva\" \/>\n<meta name=\"twitter:card\" content=\"summary_large_image\" \/>\n<meta name=\"twitter:creator\" content=\"@vitorsilva\" \/>\n<meta name=\"twitter:site\" content=\"@vitorsilva\" \/>\n<meta name=\"twitter:label1\" content=\"Escrito por\" \/>\n\t<meta name=\"twitter:data1\" content=\"Vitor Silva\" \/>\n\t<meta name=\"twitter:label2\" content=\"Tempo estimado de leitura\" \/>\n\t<meta name=\"twitter:data2\" content=\"13 minutos\" \/>\n<script type=\"application\/ld+json\" class=\"yoast-schema-graph\">{\"@context\":\"https:\\\/\\\/schema.org\",\"@graph\":[{\"@type\":\"Article\",\"@id\":\"https:\\\/\\\/osmeusapontamentos.com\\\/index.php\\\/2010\\\/07\\\/03\\\/notas-sobre-a-reuniao-da-am-de-28jun\\\/#article\",\"isPartOf\":{\"@id\":\"https:\\\/\\\/osmeusapontamentos.com\\\/index.php\\\/2010\\\/07\\\/03\\\/notas-sobre-a-reuniao-da-am-de-28jun\\\/\"},\"author\":{\"name\":\"Vitor Silva\",\"@id\":\"https:\\\/\\\/osmeusapontamentos.com\\\/#\\\/schema\\\/person\\\/d508df9c3ffc8b4e64a18dbf0ba18dd8\"},\"headline\":\"notas sobre a reuni\u00e3o da a.m de 28jun\",\"datePublished\":\"2010-07-03T12:00:18+00:00\",\"mainEntityOfPage\":{\"@id\":\"https:\\\/\\\/osmeusapontamentos.com\\\/index.php\\\/2010\\\/07\\\/03\\\/notas-sobre-a-reuniao-da-am-de-28jun\\\/\"},\"wordCount\":2684,\"commentCount\":1,\"publisher\":{\"@id\":\"https:\\\/\\\/osmeusapontamentos.com\\\/#\\\/schema\\\/person\\\/d508df9c3ffc8b4e64a18dbf0ba18dd8\"},\"keywords\":[\"assembleia municipal\",\"porto\"],\"articleSection\":[\"Ler\\\/ Ver\\\/ Ouvir\\\/ Passear\"],\"inLanguage\":\"pt-PT\",\"potentialAction\":[{\"@type\":\"CommentAction\",\"name\":\"Comment\",\"target\":[\"https:\\\/\\\/osmeusapontamentos.com\\\/index.php\\\/2010\\\/07\\\/03\\\/notas-sobre-a-reuniao-da-am-de-28jun\\\/#respond\"]}]},{\"@type\":\"WebPage\",\"@id\":\"https:\\\/\\\/osmeusapontamentos.com\\\/index.php\\\/2010\\\/07\\\/03\\\/notas-sobre-a-reuniao-da-am-de-28jun\\\/\",\"url\":\"https:\\\/\\\/osmeusapontamentos.com\\\/index.php\\\/2010\\\/07\\\/03\\\/notas-sobre-a-reuniao-da-am-de-28jun\\\/\",\"name\":\"notas sobre a reuni\u00e3o da a.m de 28jun - Os Meus Apontamentos\",\"isPartOf\":{\"@id\":\"https:\\\/\\\/osmeusapontamentos.com\\\/#website\"},\"datePublished\":\"2010-07-03T12:00:18+00:00\",\"breadcrumb\":{\"@id\":\"https:\\\/\\\/osmeusapontamentos.com\\\/index.php\\\/2010\\\/07\\\/03\\\/notas-sobre-a-reuniao-da-am-de-28jun\\\/#breadcrumb\"},\"inLanguage\":\"pt-PT\",\"potentialAction\":[{\"@type\":\"ReadAction\",\"target\":[\"https:\\\/\\\/osmeusapontamentos.com\\\/index.php\\\/2010\\\/07\\\/03\\\/notas-sobre-a-reuniao-da-am-de-28jun\\\/\"]}]},{\"@type\":\"BreadcrumbList\",\"@id\":\"https:\\\/\\\/osmeusapontamentos.com\\\/index.php\\\/2010\\\/07\\\/03\\\/notas-sobre-a-reuniao-da-am-de-28jun\\\/#breadcrumb\",\"itemListElement\":[{\"@type\":\"ListItem\",\"position\":1,\"name\":\"In\u00edcio\",\"item\":\"https:\\\/\\\/osmeusapontamentos.com\\\/\"},{\"@type\":\"ListItem\",\"position\":2,\"name\":\"notas sobre a reuni\u00e3o da a.m de 28jun\"}]},{\"@type\":\"WebSite\",\"@id\":\"https:\\\/\\\/osmeusapontamentos.com\\\/#website\",\"url\":\"https:\\\/\\\/osmeusapontamentos.com\\\/\",\"name\":\"Os Meus Apontamentos\",\"description\":\"\",\"publisher\":{\"@id\":\"https:\\\/\\\/osmeusapontamentos.com\\\/#\\\/schema\\\/person\\\/d508df9c3ffc8b4e64a18dbf0ba18dd8\"},\"potentialAction\":[{\"@type\":\"SearchAction\",\"target\":{\"@type\":\"EntryPoint\",\"urlTemplate\":\"https:\\\/\\\/osmeusapontamentos.com\\\/?s={search_term_string}\"},\"query-input\":{\"@type\":\"PropertyValueSpecification\",\"valueRequired\":true,\"valueName\":\"search_term_string\"}}],\"inLanguage\":\"pt-PT\"},{\"@type\":[\"Person\",\"Organization\"],\"@id\":\"https:\\\/\\\/osmeusapontamentos.com\\\/#\\\/schema\\\/person\\\/d508df9c3ffc8b4e64a18dbf0ba18dd8\",\"name\":\"Vitor Silva\",\"image\":{\"@type\":\"ImageObject\",\"inLanguage\":\"pt-PT\",\"@id\":\"https:\\\/\\\/secure.gravatar.com\\\/avatar\\\/f81f58ad909e8a213ab0a690f6ed65e5c0e0e2274bf35ac49ff31d7988d483ce?s=96&d=mm&r=g\",\"url\":\"https:\\\/\\\/secure.gravatar.com\\\/avatar\\\/f81f58ad909e8a213ab0a690f6ed65e5c0e0e2274bf35ac49ff31d7988d483ce?s=96&d=mm&r=g\",\"contentUrl\":\"https:\\\/\\\/secure.gravatar.com\\\/avatar\\\/f81f58ad909e8a213ab0a690f6ed65e5c0e0e2274bf35ac49ff31d7988d483ce?s=96&d=mm&r=g\",\"caption\":\"Vitor Silva\"},\"logo\":{\"@id\":\"https:\\\/\\\/secure.gravatar.com\\\/avatar\\\/f81f58ad909e8a213ab0a690f6ed65e5c0e0e2274bf35ac49ff31d7988d483ce?s=96&d=mm&r=g\"},\"sameAs\":[\"https:\\\/\\\/www.linkedin.com\\\/in\\\/vitormrsilva\",\"https:\\\/\\\/x.com\\\/vitorsilva\"]}]}<\/script>\n<!-- \/ Yoast SEO plugin. -->","yoast_head_json":{"title":"notas sobre a reuni\u00e3o da a.m de 28jun - Os Meus Apontamentos","robots":{"index":"index","follow":"follow","max-snippet":"max-snippet:-1","max-image-preview":"max-image-preview:large","max-video-preview":"max-video-preview:-1"},"canonical":"https:\/\/osmeusapontamentos.com\/index.php\/2010\/07\/03\/notas-sobre-a-reuniao-da-am-de-28jun\/","og_locale":"pt_PT","og_type":"article","og_title":"notas sobre a reuni\u00e3o da a.m de 28jun - Os Meus Apontamentos","og_description":"A maior parte destas notas foram sendo publicadas via twitter (twitter.com\/vitorsilva) com o hashtag #AMuPorto durante a propria reuni\u00e3o. Nesse sentido serve mais como indica\u00e7\u00e3o do que os diferentes deputados municipais e membros do executivo foram dizendo do que texto sistematizado e organizado dos diferentes temas abordados. De qualquer forma e como ainda n\u00e3o temos [&hellip;]","og_url":"https:\/\/osmeusapontamentos.com\/index.php\/2010\/07\/03\/notas-sobre-a-reuniao-da-am-de-28jun\/","og_site_name":"Os Meus Apontamentos","article_published_time":"2010-07-03T12:00:18+00:00","author":"Vitor Silva","twitter_card":"summary_large_image","twitter_creator":"@vitorsilva","twitter_site":"@vitorsilva","twitter_misc":{"Escrito por":"Vitor Silva","Tempo estimado de leitura":"13 minutos"},"schema":{"@context":"https:\/\/schema.org","@graph":[{"@type":"Article","@id":"https:\/\/osmeusapontamentos.com\/index.php\/2010\/07\/03\/notas-sobre-a-reuniao-da-am-de-28jun\/#article","isPartOf":{"@id":"https:\/\/osmeusapontamentos.com\/index.php\/2010\/07\/03\/notas-sobre-a-reuniao-da-am-de-28jun\/"},"author":{"name":"Vitor Silva","@id":"https:\/\/osmeusapontamentos.com\/#\/schema\/person\/d508df9c3ffc8b4e64a18dbf0ba18dd8"},"headline":"notas sobre a reuni\u00e3o da a.m de 28jun","datePublished":"2010-07-03T12:00:18+00:00","mainEntityOfPage":{"@id":"https:\/\/osmeusapontamentos.com\/index.php\/2010\/07\/03\/notas-sobre-a-reuniao-da-am-de-28jun\/"},"wordCount":2684,"commentCount":1,"publisher":{"@id":"https:\/\/osmeusapontamentos.com\/#\/schema\/person\/d508df9c3ffc8b4e64a18dbf0ba18dd8"},"keywords":["assembleia municipal","porto"],"articleSection":["Ler\/ Ver\/ Ouvir\/ Passear"],"inLanguage":"pt-PT","potentialAction":[{"@type":"CommentAction","name":"Comment","target":["https:\/\/osmeusapontamentos.com\/index.php\/2010\/07\/03\/notas-sobre-a-reuniao-da-am-de-28jun\/#respond"]}]},{"@type":"WebPage","@id":"https:\/\/osmeusapontamentos.com\/index.php\/2010\/07\/03\/notas-sobre-a-reuniao-da-am-de-28jun\/","url":"https:\/\/osmeusapontamentos.com\/index.php\/2010\/07\/03\/notas-sobre-a-reuniao-da-am-de-28jun\/","name":"notas sobre a reuni\u00e3o da a.m de 28jun - Os Meus Apontamentos","isPartOf":{"@id":"https:\/\/osmeusapontamentos.com\/#website"},"datePublished":"2010-07-03T12:00:18+00:00","breadcrumb":{"@id":"https:\/\/osmeusapontamentos.com\/index.php\/2010\/07\/03\/notas-sobre-a-reuniao-da-am-de-28jun\/#breadcrumb"},"inLanguage":"pt-PT","potentialAction":[{"@type":"ReadAction","target":["https:\/\/osmeusapontamentos.com\/index.php\/2010\/07\/03\/notas-sobre-a-reuniao-da-am-de-28jun\/"]}]},{"@type":"BreadcrumbList","@id":"https:\/\/osmeusapontamentos.com\/index.php\/2010\/07\/03\/notas-sobre-a-reuniao-da-am-de-28jun\/#breadcrumb","itemListElement":[{"@type":"ListItem","position":1,"name":"In\u00edcio","item":"https:\/\/osmeusapontamentos.com\/"},{"@type":"ListItem","position":2,"name":"notas sobre a reuni\u00e3o da a.m de 28jun"}]},{"@type":"WebSite","@id":"https:\/\/osmeusapontamentos.com\/#website","url":"https:\/\/osmeusapontamentos.com\/","name":"Os Meus Apontamentos","description":"","publisher":{"@id":"https:\/\/osmeusapontamentos.com\/#\/schema\/person\/d508df9c3ffc8b4e64a18dbf0ba18dd8"},"potentialAction":[{"@type":"SearchAction","target":{"@type":"EntryPoint","urlTemplate":"https:\/\/osmeusapontamentos.com\/?s={search_term_string}"},"query-input":{"@type":"PropertyValueSpecification","valueRequired":true,"valueName":"search_term_string"}}],"inLanguage":"pt-PT"},{"@type":["Person","Organization"],"@id":"https:\/\/osmeusapontamentos.com\/#\/schema\/person\/d508df9c3ffc8b4e64a18dbf0ba18dd8","name":"Vitor Silva","image":{"@type":"ImageObject","inLanguage":"pt-PT","@id":"https:\/\/secure.gravatar.com\/avatar\/f81f58ad909e8a213ab0a690f6ed65e5c0e0e2274bf35ac49ff31d7988d483ce?s=96&d=mm&r=g","url":"https:\/\/secure.gravatar.com\/avatar\/f81f58ad909e8a213ab0a690f6ed65e5c0e0e2274bf35ac49ff31d7988d483ce?s=96&d=mm&r=g","contentUrl":"https:\/\/secure.gravatar.com\/avatar\/f81f58ad909e8a213ab0a690f6ed65e5c0e0e2274bf35ac49ff31d7988d483ce?s=96&d=mm&r=g","caption":"Vitor Silva"},"logo":{"@id":"https:\/\/secure.gravatar.com\/avatar\/f81f58ad909e8a213ab0a690f6ed65e5c0e0e2274bf35ac49ff31d7988d483ce?s=96&d=mm&r=g"},"sameAs":["https:\/\/www.linkedin.com\/in\/vitormrsilva","https:\/\/x.com\/vitorsilva"]}]}},"_links":{"self":[{"href":"https:\/\/osmeusapontamentos.com\/index.php\/wp-json\/wp\/v2\/posts\/1893","targetHints":{"allow":["GET"]}}],"collection":[{"href":"https:\/\/osmeusapontamentos.com\/index.php\/wp-json\/wp\/v2\/posts"}],"about":[{"href":"https:\/\/osmeusapontamentos.com\/index.php\/wp-json\/wp\/v2\/types\/post"}],"author":[{"embeddable":true,"href":"https:\/\/osmeusapontamentos.com\/index.php\/wp-json\/wp\/v2\/users\/1"}],"replies":[{"embeddable":true,"href":"https:\/\/osmeusapontamentos.com\/index.php\/wp-json\/wp\/v2\/comments?post=1893"}],"version-history":[{"count":0,"href":"https:\/\/osmeusapontamentos.com\/index.php\/wp-json\/wp\/v2\/posts\/1893\/revisions"}],"wp:attachment":[{"href":"https:\/\/osmeusapontamentos.com\/index.php\/wp-json\/wp\/v2\/media?parent=1893"}],"wp:term":[{"taxonomy":"category","embeddable":true,"href":"https:\/\/osmeusapontamentos.com\/index.php\/wp-json\/wp\/v2\/categories?post=1893"},{"taxonomy":"post_tag","embeddable":true,"href":"https:\/\/osmeusapontamentos.com\/index.php\/wp-json\/wp\/v2\/tags?post=1893"}],"curies":[{"name":"wp","href":"https:\/\/api.w.org\/{rel}","templated":true}]}}