{"id":1885,"date":"2010-06-21T17:50:07","date_gmt":"2010-06-21T17:50:07","guid":{"rendered":"http:\/\/osmeusapontamentos.com\/?p=1885"},"modified":"2010-06-21T17:50:07","modified_gmt":"2010-06-21T17:50:07","slug":"o-porto-em-conversa-junho-2010","status":"publish","type":"post","link":"https:\/\/osmeusapontamentos.com\/index.php\/2010\/06\/21\/o-porto-em-conversa-junho-2010\/","title":{"rendered":"O Porto em Conversa &#8211; Junho 2010"},"content":{"rendered":"<p>Nesta edi\u00e7\u00e3o do Porto em Conversa falei com <a href=\"http:\/\/blog.mundofantasma.com\/?p=4355\">Vasco Carmo<\/a> da livraria <a href=\"http:\/\/blog.mundofantasma.com\">Mundo Fantasma<\/a> para al\u00e9m de falarmos da edi\u00e7\u00e3o de banda desenhada em Portugal ou do Sal\u00e3o de Banda Desenhada do Porto tamb\u00e9m revimos o que diferencia uma loja num mercado em que a internet \u00e9 um grande concorrente.<\/p>\n<p>Dura\u00e7\u00e3o total \u2013 40:37<br \/>\nPodem <a href=\"http:\/\/www.oportoemconversa.com\/mp3\/porto_em_conversa_vasco_carmo.mp3\">descarregar o programa<\/a> directamente ou <a href=\"http:\/\/feeds.feedburner.com\/OPortoEmConversa\">subscrever o podcast<\/a><\/p>\n<p><img loading=\"lazy\" decoding=\"async\" class=\"alignright size-full wp-image-903\" title=\"3374-1\" src=\"http:\/\/www.oportoemconversa.com\/wp-content\/uploads\/2010\/06\/3374-1.jpg\" alt=\"\" width=\"400\" height=\"266\" \/>Para Vasco Carmo, a &#8220;internet \u00e9 um concorrente desleal principalmente no que diz respeito ao pre\u00e7o&#8221;, com politicas de pre\u00e7os e descontos muito agressivos, e por isso n\u00e3o podem pensar em competir pelo pre\u00e7o com concorrentes como a Amazon ou mesmo outros grandes distribuidores como hipermercados ou Fnac.<\/p>\n<p>Refere ainda que apesar de ser uma livraria de banda desenhada continua a manter o <strong>conceito tradicional de livraria, de com\u00e9rcio tradicional, personalizado&#8221;<\/strong> e nesse sentido em vez da oferta massificada de outros, apostam no servi\u00e7o prestado, na cria\u00e7\u00e3o de uma rela\u00e7\u00e3o com os clientes que lhes permita, por exemplo, a longo prazo ir recomendando t\u00edtulos que est\u00e3o de acordo com as prefer\u00eancias dos seus clientes.<\/p>\n<p>Falamos tamb\u00e9m da galeria que actualmente complementa o espa\u00e7o da livraria e da import\u00e2ncia que tem ao reocupar um espa\u00e7o de divulga\u00e7\u00e3o da banda desenhada que foi deixado pelo fim do <a href=\"http:\/\/pt.wikipedia.org\/wiki\/Sal%C3%A3o_Internacional_de_Banda_Desenhada_do_Porto\">Sal\u00e3o do Porto<\/a>.<\/p>\n<p>Relativamente aos novos suportes de publica\u00e7\u00e3o como iPad, Kindle e outros e-readers considera que podem ser &#8220;uma amea\u00e7a mas dependendo como a ind\u00fastria reagir pode tamb\u00e9m ser mais uma arma de promo\u00e7\u00e3o&#8221; considerando previsivel um ajustamento na oferta de algum tipo de t\u00edtulos.<\/p>\n","protected":false},"excerpt":{"rendered":"<p>Nesta edi\u00e7\u00e3o do Porto em Conversa falei com Vasco Carmo da livraria Mundo Fantasma para al\u00e9m de falarmos da edi\u00e7\u00e3o de banda desenhada em Portugal ou do Sal\u00e3o de Banda Desenhada do Porto tamb\u00e9m revimos o que diferencia uma loja num mercado em que a internet \u00e9 um grande concorrente. Dura\u00e7\u00e3o total \u2013 40:37 Podem [&hellip;]<\/p>\n","protected":false},"author":1,"featured_media":0,"comment_status":"open","ping_status":"open","sticky":false,"template":"","format":"standard","meta":{"footnotes":""},"categories":[7],"tags":[438,516],"class_list":["post-1885","post","type-post","status-publish","format-standard","hentry","category-ler-ver-ouvir-passear","tag-mundofantasma","tag-podcast"],"yoast_head":"<!-- This site is optimized with the Yoast SEO plugin v27.5 - https:\/\/yoast.com\/product\/yoast-seo-wordpress\/ -->\n<title>O Porto em Conversa - Junho 2010 - Os Meus Apontamentos<\/title>\n<meta name=\"robots\" content=\"index, follow, max-snippet:-1, max-image-preview:large, max-video-preview:-1\" \/>\n<link rel=\"canonical\" href=\"https:\/\/osmeusapontamentos.com\/index.php\/2010\/06\/21\/o-porto-em-conversa-junho-2010\/\" \/>\n<meta property=\"og:locale\" content=\"pt_PT\" \/>\n<meta property=\"og:type\" content=\"article\" \/>\n<meta property=\"og:title\" content=\"O Porto em Conversa - Junho 2010 - Os Meus Apontamentos\" \/>\n<meta property=\"og:description\" content=\"Nesta edi\u00e7\u00e3o do Porto em Conversa falei com Vasco Carmo da livraria Mundo Fantasma para al\u00e9m de falarmos da edi\u00e7\u00e3o de banda desenhada em Portugal ou do Sal\u00e3o de Banda Desenhada do Porto tamb\u00e9m revimos o que diferencia uma loja num mercado em que a internet \u00e9 um grande concorrente. Dura\u00e7\u00e3o total \u2013 40:37 Podem [&hellip;]\" \/>\n<meta property=\"og:url\" content=\"https:\/\/osmeusapontamentos.com\/index.php\/2010\/06\/21\/o-porto-em-conversa-junho-2010\/\" \/>\n<meta property=\"og:site_name\" content=\"Os Meus Apontamentos\" \/>\n<meta property=\"article:published_time\" content=\"2010-06-21T17:50:07+00:00\" \/>\n<meta name=\"author\" content=\"Vitor Silva\" \/>\n<meta name=\"twitter:card\" content=\"summary_large_image\" \/>\n<meta name=\"twitter:creator\" content=\"@vitorsilva\" \/>\n<meta name=\"twitter:site\" content=\"@vitorsilva\" \/>\n<meta name=\"twitter:label1\" content=\"Escrito por\" \/>\n\t<meta name=\"twitter:data1\" content=\"Vitor Silva\" \/>\n\t<meta name=\"twitter:label2\" content=\"Tempo estimado de leitura\" \/>\n\t<meta name=\"twitter:data2\" content=\"1 minuto\" \/>\n<script type=\"application\/ld+json\" class=\"yoast-schema-graph\">{\"@context\":\"https:\\\/\\\/schema.org\",\"@graph\":[{\"@type\":\"Article\",\"@id\":\"https:\\\/\\\/osmeusapontamentos.com\\\/index.php\\\/2010\\\/06\\\/21\\\/o-porto-em-conversa-junho-2010\\\/#article\",\"isPartOf\":{\"@id\":\"https:\\\/\\\/osmeusapontamentos.com\\\/index.php\\\/2010\\\/06\\\/21\\\/o-porto-em-conversa-junho-2010\\\/\"},\"author\":{\"name\":\"Vitor Silva\",\"@id\":\"https:\\\/\\\/osmeusapontamentos.com\\\/#\\\/schema\\\/person\\\/d508df9c3ffc8b4e64a18dbf0ba18dd8\"},\"headline\":\"O Porto em Conversa &#8211; Junho 2010\",\"datePublished\":\"2010-06-21T17:50:07+00:00\",\"mainEntityOfPage\":{\"@id\":\"https:\\\/\\\/osmeusapontamentos.com\\\/index.php\\\/2010\\\/06\\\/21\\\/o-porto-em-conversa-junho-2010\\\/\"},\"wordCount\":285,\"commentCount\":0,\"publisher\":{\"@id\":\"https:\\\/\\\/osmeusapontamentos.com\\\/#\\\/schema\\\/person\\\/d508df9c3ffc8b4e64a18dbf0ba18dd8\"},\"image\":{\"@id\":\"https:\\\/\\\/osmeusapontamentos.com\\\/index.php\\\/2010\\\/06\\\/21\\\/o-porto-em-conversa-junho-2010\\\/#primaryimage\"},\"thumbnailUrl\":\"http:\\\/\\\/www.oportoemconversa.com\\\/wp-content\\\/uploads\\\/2010\\\/06\\\/3374-1.jpg\",\"keywords\":[\"mundofantasma\",\"podcast\"],\"articleSection\":[\"Ler\\\/ Ver\\\/ Ouvir\\\/ Passear\"],\"inLanguage\":\"pt-PT\",\"potentialAction\":[{\"@type\":\"CommentAction\",\"name\":\"Comment\",\"target\":[\"https:\\\/\\\/osmeusapontamentos.com\\\/index.php\\\/2010\\\/06\\\/21\\\/o-porto-em-conversa-junho-2010\\\/#respond\"]}]},{\"@type\":\"WebPage\",\"@id\":\"https:\\\/\\\/osmeusapontamentos.com\\\/index.php\\\/2010\\\/06\\\/21\\\/o-porto-em-conversa-junho-2010\\\/\",\"url\":\"https:\\\/\\\/osmeusapontamentos.com\\\/index.php\\\/2010\\\/06\\\/21\\\/o-porto-em-conversa-junho-2010\\\/\",\"name\":\"O Porto em Conversa - Junho 2010 - Os Meus Apontamentos\",\"isPartOf\":{\"@id\":\"https:\\\/\\\/osmeusapontamentos.com\\\/#website\"},\"primaryImageOfPage\":{\"@id\":\"https:\\\/\\\/osmeusapontamentos.com\\\/index.php\\\/2010\\\/06\\\/21\\\/o-porto-em-conversa-junho-2010\\\/#primaryimage\"},\"image\":{\"@id\":\"https:\\\/\\\/osmeusapontamentos.com\\\/index.php\\\/2010\\\/06\\\/21\\\/o-porto-em-conversa-junho-2010\\\/#primaryimage\"},\"thumbnailUrl\":\"http:\\\/\\\/www.oportoemconversa.com\\\/wp-content\\\/uploads\\\/2010\\\/06\\\/3374-1.jpg\",\"datePublished\":\"2010-06-21T17:50:07+00:00\",\"breadcrumb\":{\"@id\":\"https:\\\/\\\/osmeusapontamentos.com\\\/index.php\\\/2010\\\/06\\\/21\\\/o-porto-em-conversa-junho-2010\\\/#breadcrumb\"},\"inLanguage\":\"pt-PT\",\"potentialAction\":[{\"@type\":\"ReadAction\",\"target\":[\"https:\\\/\\\/osmeusapontamentos.com\\\/index.php\\\/2010\\\/06\\\/21\\\/o-porto-em-conversa-junho-2010\\\/\"]}]},{\"@type\":\"ImageObject\",\"inLanguage\":\"pt-PT\",\"@id\":\"https:\\\/\\\/osmeusapontamentos.com\\\/index.php\\\/2010\\\/06\\\/21\\\/o-porto-em-conversa-junho-2010\\\/#primaryimage\",\"url\":\"http:\\\/\\\/www.oportoemconversa.com\\\/wp-content\\\/uploads\\\/2010\\\/06\\\/3374-1.jpg\",\"contentUrl\":\"http:\\\/\\\/www.oportoemconversa.com\\\/wp-content\\\/uploads\\\/2010\\\/06\\\/3374-1.jpg\"},{\"@type\":\"BreadcrumbList\",\"@id\":\"https:\\\/\\\/osmeusapontamentos.com\\\/index.php\\\/2010\\\/06\\\/21\\\/o-porto-em-conversa-junho-2010\\\/#breadcrumb\",\"itemListElement\":[{\"@type\":\"ListItem\",\"position\":1,\"name\":\"In\u00edcio\",\"item\":\"https:\\\/\\\/osmeusapontamentos.com\\\/\"},{\"@type\":\"ListItem\",\"position\":2,\"name\":\"O Porto em Conversa &#8211; Junho 2010\"}]},{\"@type\":\"WebSite\",\"@id\":\"https:\\\/\\\/osmeusapontamentos.com\\\/#website\",\"url\":\"https:\\\/\\\/osmeusapontamentos.com\\\/\",\"name\":\"Os Meus Apontamentos\",\"description\":\"\",\"publisher\":{\"@id\":\"https:\\\/\\\/osmeusapontamentos.com\\\/#\\\/schema\\\/person\\\/d508df9c3ffc8b4e64a18dbf0ba18dd8\"},\"potentialAction\":[{\"@type\":\"SearchAction\",\"target\":{\"@type\":\"EntryPoint\",\"urlTemplate\":\"https:\\\/\\\/osmeusapontamentos.com\\\/?s={search_term_string}\"},\"query-input\":{\"@type\":\"PropertyValueSpecification\",\"valueRequired\":true,\"valueName\":\"search_term_string\"}}],\"inLanguage\":\"pt-PT\"},{\"@type\":[\"Person\",\"Organization\"],\"@id\":\"https:\\\/\\\/osmeusapontamentos.com\\\/#\\\/schema\\\/person\\\/d508df9c3ffc8b4e64a18dbf0ba18dd8\",\"name\":\"Vitor Silva\",\"image\":{\"@type\":\"ImageObject\",\"inLanguage\":\"pt-PT\",\"@id\":\"https:\\\/\\\/secure.gravatar.com\\\/avatar\\\/f81f58ad909e8a213ab0a690f6ed65e5c0e0e2274bf35ac49ff31d7988d483ce?s=96&d=mm&r=g\",\"url\":\"https:\\\/\\\/secure.gravatar.com\\\/avatar\\\/f81f58ad909e8a213ab0a690f6ed65e5c0e0e2274bf35ac49ff31d7988d483ce?s=96&d=mm&r=g\",\"contentUrl\":\"https:\\\/\\\/secure.gravatar.com\\\/avatar\\\/f81f58ad909e8a213ab0a690f6ed65e5c0e0e2274bf35ac49ff31d7988d483ce?s=96&d=mm&r=g\",\"caption\":\"Vitor Silva\"},\"logo\":{\"@id\":\"https:\\\/\\\/secure.gravatar.com\\\/avatar\\\/f81f58ad909e8a213ab0a690f6ed65e5c0e0e2274bf35ac49ff31d7988d483ce?s=96&d=mm&r=g\"},\"sameAs\":[\"https:\\\/\\\/www.linkedin.com\\\/in\\\/vitormrsilva\",\"https:\\\/\\\/x.com\\\/vitorsilva\"]}]}<\/script>\n<!-- \/ Yoast SEO plugin. -->","yoast_head_json":{"title":"O Porto em Conversa - Junho 2010 - Os Meus Apontamentos","robots":{"index":"index","follow":"follow","max-snippet":"max-snippet:-1","max-image-preview":"max-image-preview:large","max-video-preview":"max-video-preview:-1"},"canonical":"https:\/\/osmeusapontamentos.com\/index.php\/2010\/06\/21\/o-porto-em-conversa-junho-2010\/","og_locale":"pt_PT","og_type":"article","og_title":"O Porto em Conversa - Junho 2010 - Os Meus Apontamentos","og_description":"Nesta edi\u00e7\u00e3o do Porto em Conversa falei com Vasco Carmo da livraria Mundo Fantasma para al\u00e9m de falarmos da edi\u00e7\u00e3o de banda desenhada em Portugal ou do Sal\u00e3o de Banda Desenhada do Porto tamb\u00e9m revimos o que diferencia uma loja num mercado em que a internet \u00e9 um grande concorrente. Dura\u00e7\u00e3o total \u2013 40:37 Podem [&hellip;]","og_url":"https:\/\/osmeusapontamentos.com\/index.php\/2010\/06\/21\/o-porto-em-conversa-junho-2010\/","og_site_name":"Os Meus Apontamentos","article_published_time":"2010-06-21T17:50:07+00:00","author":"Vitor Silva","twitter_card":"summary_large_image","twitter_creator":"@vitorsilva","twitter_site":"@vitorsilva","twitter_misc":{"Escrito por":"Vitor Silva","Tempo estimado de leitura":"1 minuto"},"schema":{"@context":"https:\/\/schema.org","@graph":[{"@type":"Article","@id":"https:\/\/osmeusapontamentos.com\/index.php\/2010\/06\/21\/o-porto-em-conversa-junho-2010\/#article","isPartOf":{"@id":"https:\/\/osmeusapontamentos.com\/index.php\/2010\/06\/21\/o-porto-em-conversa-junho-2010\/"},"author":{"name":"Vitor Silva","@id":"https:\/\/osmeusapontamentos.com\/#\/schema\/person\/d508df9c3ffc8b4e64a18dbf0ba18dd8"},"headline":"O Porto em Conversa &#8211; Junho 2010","datePublished":"2010-06-21T17:50:07+00:00","mainEntityOfPage":{"@id":"https:\/\/osmeusapontamentos.com\/index.php\/2010\/06\/21\/o-porto-em-conversa-junho-2010\/"},"wordCount":285,"commentCount":0,"publisher":{"@id":"https:\/\/osmeusapontamentos.com\/#\/schema\/person\/d508df9c3ffc8b4e64a18dbf0ba18dd8"},"image":{"@id":"https:\/\/osmeusapontamentos.com\/index.php\/2010\/06\/21\/o-porto-em-conversa-junho-2010\/#primaryimage"},"thumbnailUrl":"http:\/\/www.oportoemconversa.com\/wp-content\/uploads\/2010\/06\/3374-1.jpg","keywords":["mundofantasma","podcast"],"articleSection":["Ler\/ Ver\/ Ouvir\/ Passear"],"inLanguage":"pt-PT","potentialAction":[{"@type":"CommentAction","name":"Comment","target":["https:\/\/osmeusapontamentos.com\/index.php\/2010\/06\/21\/o-porto-em-conversa-junho-2010\/#respond"]}]},{"@type":"WebPage","@id":"https:\/\/osmeusapontamentos.com\/index.php\/2010\/06\/21\/o-porto-em-conversa-junho-2010\/","url":"https:\/\/osmeusapontamentos.com\/index.php\/2010\/06\/21\/o-porto-em-conversa-junho-2010\/","name":"O Porto em Conversa - Junho 2010 - Os Meus Apontamentos","isPartOf":{"@id":"https:\/\/osmeusapontamentos.com\/#website"},"primaryImageOfPage":{"@id":"https:\/\/osmeusapontamentos.com\/index.php\/2010\/06\/21\/o-porto-em-conversa-junho-2010\/#primaryimage"},"image":{"@id":"https:\/\/osmeusapontamentos.com\/index.php\/2010\/06\/21\/o-porto-em-conversa-junho-2010\/#primaryimage"},"thumbnailUrl":"http:\/\/www.oportoemconversa.com\/wp-content\/uploads\/2010\/06\/3374-1.jpg","datePublished":"2010-06-21T17:50:07+00:00","breadcrumb":{"@id":"https:\/\/osmeusapontamentos.com\/index.php\/2010\/06\/21\/o-porto-em-conversa-junho-2010\/#breadcrumb"},"inLanguage":"pt-PT","potentialAction":[{"@type":"ReadAction","target":["https:\/\/osmeusapontamentos.com\/index.php\/2010\/06\/21\/o-porto-em-conversa-junho-2010\/"]}]},{"@type":"ImageObject","inLanguage":"pt-PT","@id":"https:\/\/osmeusapontamentos.com\/index.php\/2010\/06\/21\/o-porto-em-conversa-junho-2010\/#primaryimage","url":"http:\/\/www.oportoemconversa.com\/wp-content\/uploads\/2010\/06\/3374-1.jpg","contentUrl":"http:\/\/www.oportoemconversa.com\/wp-content\/uploads\/2010\/06\/3374-1.jpg"},{"@type":"BreadcrumbList","@id":"https:\/\/osmeusapontamentos.com\/index.php\/2010\/06\/21\/o-porto-em-conversa-junho-2010\/#breadcrumb","itemListElement":[{"@type":"ListItem","position":1,"name":"In\u00edcio","item":"https:\/\/osmeusapontamentos.com\/"},{"@type":"ListItem","position":2,"name":"O Porto em Conversa &#8211; Junho 2010"}]},{"@type":"WebSite","@id":"https:\/\/osmeusapontamentos.com\/#website","url":"https:\/\/osmeusapontamentos.com\/","name":"Os Meus Apontamentos","description":"","publisher":{"@id":"https:\/\/osmeusapontamentos.com\/#\/schema\/person\/d508df9c3ffc8b4e64a18dbf0ba18dd8"},"potentialAction":[{"@type":"SearchAction","target":{"@type":"EntryPoint","urlTemplate":"https:\/\/osmeusapontamentos.com\/?s={search_term_string}"},"query-input":{"@type":"PropertyValueSpecification","valueRequired":true,"valueName":"search_term_string"}}],"inLanguage":"pt-PT"},{"@type":["Person","Organization"],"@id":"https:\/\/osmeusapontamentos.com\/#\/schema\/person\/d508df9c3ffc8b4e64a18dbf0ba18dd8","name":"Vitor Silva","image":{"@type":"ImageObject","inLanguage":"pt-PT","@id":"https:\/\/secure.gravatar.com\/avatar\/f81f58ad909e8a213ab0a690f6ed65e5c0e0e2274bf35ac49ff31d7988d483ce?s=96&d=mm&r=g","url":"https:\/\/secure.gravatar.com\/avatar\/f81f58ad909e8a213ab0a690f6ed65e5c0e0e2274bf35ac49ff31d7988d483ce?s=96&d=mm&r=g","contentUrl":"https:\/\/secure.gravatar.com\/avatar\/f81f58ad909e8a213ab0a690f6ed65e5c0e0e2274bf35ac49ff31d7988d483ce?s=96&d=mm&r=g","caption":"Vitor Silva"},"logo":{"@id":"https:\/\/secure.gravatar.com\/avatar\/f81f58ad909e8a213ab0a690f6ed65e5c0e0e2274bf35ac49ff31d7988d483ce?s=96&d=mm&r=g"},"sameAs":["https:\/\/www.linkedin.com\/in\/vitormrsilva","https:\/\/x.com\/vitorsilva"]}]}},"_links":{"self":[{"href":"https:\/\/osmeusapontamentos.com\/index.php\/wp-json\/wp\/v2\/posts\/1885","targetHints":{"allow":["GET"]}}],"collection":[{"href":"https:\/\/osmeusapontamentos.com\/index.php\/wp-json\/wp\/v2\/posts"}],"about":[{"href":"https:\/\/osmeusapontamentos.com\/index.php\/wp-json\/wp\/v2\/types\/post"}],"author":[{"embeddable":true,"href":"https:\/\/osmeusapontamentos.com\/index.php\/wp-json\/wp\/v2\/users\/1"}],"replies":[{"embeddable":true,"href":"https:\/\/osmeusapontamentos.com\/index.php\/wp-json\/wp\/v2\/comments?post=1885"}],"version-history":[{"count":0,"href":"https:\/\/osmeusapontamentos.com\/index.php\/wp-json\/wp\/v2\/posts\/1885\/revisions"}],"wp:attachment":[{"href":"https:\/\/osmeusapontamentos.com\/index.php\/wp-json\/wp\/v2\/media?parent=1885"}],"wp:term":[{"taxonomy":"category","embeddable":true,"href":"https:\/\/osmeusapontamentos.com\/index.php\/wp-json\/wp\/v2\/categories?post=1885"},{"taxonomy":"post_tag","embeddable":true,"href":"https:\/\/osmeusapontamentos.com\/index.php\/wp-json\/wp\/v2\/tags?post=1885"}],"curies":[{"name":"wp","href":"https:\/\/api.w.org\/{rel}","templated":true}]}}