{"id":1819,"date":"2010-05-14T21:33:32","date_gmt":"2010-05-14T21:33:32","guid":{"rendered":"http:\/\/osmeusapontamentos.com\/?p=1819"},"modified":"2010-05-14T21:33:32","modified_gmt":"2010-05-14T21:33:32","slug":"relembrar-a-madeira","status":"publish","type":"post","link":"https:\/\/osmeusapontamentos.com\/index.php\/2010\/05\/14\/relembrar-a-madeira\/","title":{"rendered":"Relembrar a Madeira"},"content":{"rendered":"<p>A cat\u00e1strofe da Madeira j\u00e1 foi h\u00e1 pouco mais de 2 meses. Desde essa altura temos tido alguns espasmos econ\u00f3micos, o benfica foi campe\u00e3o e pelos vistos os <a href=\"http:\/\/www.aventar.eu\/2010\/05\/10\/ainda-bem-que-o-governo-governa-a-uma-so-voz\/\">impostos v\u00e3o voltar a subir<\/a>.<br \/>\nAt\u00e9 j\u00e1 tivemos <a href=\"http:\/\/activa.aeiou.pt\/artigo.aspx?channelid=083D1704-4574-4270-83F4-A87C52394548&amp;contentid=E0AA6A8D-4D88-4984-B112-3E810248E1E4\">galas a favor da Madeira<\/a> e continuamos a poder <a href=\"http:\/\/a-lupa-de-alguem.blogs.sapo.pt\/118440.html\">arredondar as nossas compras<\/a> para aos poucos ajudarmos a <a href=\"http:\/\/ultraperiferias.blogspot.com\/2010\/02\/pib-regional-europeu-acores-continuam-o.html\">2\u00aa regi\u00e3o mais rica do pa\u00eds<\/a> (com um pib que representa 96,3% da m\u00e9dia europeia).<\/p>\n<p>H\u00e1 por isso a tend\u00eancia para se esquecer <a href=\"http:\/\/geografismos.blogspot.com\/2010\/02\/madeira-uma-catastrofe-natural-ja-antes.html\">alertas antigos<\/a> sobre como deve ser feita a ocupa\u00e7\u00e3o do territ\u00f3rio, na Madeira e no resto do pa\u00eds.<br \/>\nProvavelmente para evitar isso realizou-se realizou-se no passado dia 26 de Abril, na sede da Sociedade de Geografia de Lisboa, entre as 14h e as 18h, um Encontro e Debate organizado pela <a href=\"http:\/\/www.apap.pt\/\">Associa\u00e7\u00e3o Portuguesa de Arquitectos Paisagistas<\/a> e a <a href=\"http:\/\/www.socgeografialisboa.pt\/\">Sociedade de Geografia de Lisboa<\/a> sobre &#8220;A Cat\u00e1strofe da Madeira. Uma Vis\u00e3o do Ordenamento Biof\u00edsico&#8221;.<\/p>\n<p>Reproduzo uma <a href=\"http:\/\/www.pressreleaseportugal.com\/comunicado-da-associacao-portuguesa-de-arquitectos-paisagistas-e-da-sociedade-de-geografia-de-lisboa\">parte do press-release<\/a>:<\/p>\n<blockquote><p>&#8220;Foi recordada a regularidade com que ao longo dos anos (e dos s\u00e9culos) na ilha da Madeira t\u00eam ocorrido enxurradas e cat\u00e1strofes \u2013 o que alerta para a necessidade de um novo paradigma no ordenamento biof\u00edsico do territ\u00f3rio.<br \/>\nFicou demonstrado que os avisos de chuvas torrenciais podem ser feitos antecipadamente, num m\u00ednimo de 72 horas.<br \/>\nO leito de cheia dos 100 anos n\u00e3o pode ser de novo ocupado.&#8221;<\/p><\/blockquote>\n<p>(publicado tamb\u00e9m no <a href=\"http:\/\/www.aventar.eu\/2010\/05\/12\/relembrar-a-madeira\/\">aventar<\/a>)<\/p>\n","protected":false},"excerpt":{"rendered":"<p>A cat\u00e1strofe da Madeira j\u00e1 foi h\u00e1 pouco mais de 2 meses. Desde essa altura temos tido alguns espasmos econ\u00f3micos, o benfica foi campe\u00e3o e pelos vistos os impostos v\u00e3o voltar a subir. At\u00e9 j\u00e1 tivemos galas a favor da Madeira e continuamos a poder arredondar as nossas compras para aos poucos ajudarmos a 2\u00aa [&hellip;]<\/p>\n","protected":false},"author":1,"featured_media":0,"comment_status":"open","ping_status":"open","sticky":false,"template":"","format":"standard","meta":{"footnotes":""},"categories":[8],"tags":[80,381,663],"class_list":["post-1819","post","type-post","status-publish","format-standard","hentry","category-opiniao-2","tag-aventar","tag-madeira","tag-urbanismo"],"yoast_head":"<!-- This site is optimized with the Yoast SEO plugin v27.5 - https:\/\/yoast.com\/product\/yoast-seo-wordpress\/ -->\n<title>Relembrar a Madeira - Os Meus Apontamentos<\/title>\n<meta name=\"robots\" content=\"index, follow, max-snippet:-1, max-image-preview:large, max-video-preview:-1\" \/>\n<link rel=\"canonical\" href=\"https:\/\/osmeusapontamentos.com\/index.php\/2010\/05\/14\/relembrar-a-madeira\/\" \/>\n<meta property=\"og:locale\" content=\"pt_PT\" \/>\n<meta property=\"og:type\" content=\"article\" \/>\n<meta property=\"og:title\" content=\"Relembrar a Madeira - Os Meus Apontamentos\" \/>\n<meta property=\"og:description\" content=\"A cat\u00e1strofe da Madeira j\u00e1 foi h\u00e1 pouco mais de 2 meses. Desde essa altura temos tido alguns espasmos econ\u00f3micos, o benfica foi campe\u00e3o e pelos vistos os impostos v\u00e3o voltar a subir. At\u00e9 j\u00e1 tivemos galas a favor da Madeira e continuamos a poder arredondar as nossas compras para aos poucos ajudarmos a 2\u00aa [&hellip;]\" \/>\n<meta property=\"og:url\" content=\"https:\/\/osmeusapontamentos.com\/index.php\/2010\/05\/14\/relembrar-a-madeira\/\" \/>\n<meta property=\"og:site_name\" content=\"Os Meus Apontamentos\" \/>\n<meta property=\"article:published_time\" content=\"2010-05-14T21:33:32+00:00\" \/>\n<meta name=\"author\" content=\"Vitor Silva\" \/>\n<meta name=\"twitter:card\" content=\"summary_large_image\" \/>\n<meta name=\"twitter:creator\" content=\"@vitorsilva\" \/>\n<meta name=\"twitter:site\" content=\"@vitorsilva\" \/>\n<meta name=\"twitter:label1\" content=\"Escrito por\" \/>\n\t<meta name=\"twitter:data1\" content=\"Vitor Silva\" \/>\n\t<meta name=\"twitter:label2\" content=\"Tempo estimado de leitura\" \/>\n\t<meta name=\"twitter:data2\" content=\"1 minuto\" \/>\n<script type=\"application\/ld+json\" class=\"yoast-schema-graph\">{\"@context\":\"https:\\\/\\\/schema.org\",\"@graph\":[{\"@type\":\"Article\",\"@id\":\"https:\\\/\\\/osmeusapontamentos.com\\\/index.php\\\/2010\\\/05\\\/14\\\/relembrar-a-madeira\\\/#article\",\"isPartOf\":{\"@id\":\"https:\\\/\\\/osmeusapontamentos.com\\\/index.php\\\/2010\\\/05\\\/14\\\/relembrar-a-madeira\\\/\"},\"author\":{\"name\":\"Vitor Silva\",\"@id\":\"https:\\\/\\\/osmeusapontamentos.com\\\/#\\\/schema\\\/person\\\/d508df9c3ffc8b4e64a18dbf0ba18dd8\"},\"headline\":\"Relembrar a Madeira\",\"datePublished\":\"2010-05-14T21:33:32+00:00\",\"mainEntityOfPage\":{\"@id\":\"https:\\\/\\\/osmeusapontamentos.com\\\/index.php\\\/2010\\\/05\\\/14\\\/relembrar-a-madeira\\\/\"},\"wordCount\":245,\"commentCount\":0,\"publisher\":{\"@id\":\"https:\\\/\\\/osmeusapontamentos.com\\\/#\\\/schema\\\/person\\\/d508df9c3ffc8b4e64a18dbf0ba18dd8\"},\"keywords\":[\"aventar\",\"madeira\",\"urbanismo\"],\"articleSection\":[\"Opini\u00e3o\"],\"inLanguage\":\"pt-PT\",\"potentialAction\":[{\"@type\":\"CommentAction\",\"name\":\"Comment\",\"target\":[\"https:\\\/\\\/osmeusapontamentos.com\\\/index.php\\\/2010\\\/05\\\/14\\\/relembrar-a-madeira\\\/#respond\"]}]},{\"@type\":\"WebPage\",\"@id\":\"https:\\\/\\\/osmeusapontamentos.com\\\/index.php\\\/2010\\\/05\\\/14\\\/relembrar-a-madeira\\\/\",\"url\":\"https:\\\/\\\/osmeusapontamentos.com\\\/index.php\\\/2010\\\/05\\\/14\\\/relembrar-a-madeira\\\/\",\"name\":\"Relembrar a Madeira - Os Meus Apontamentos\",\"isPartOf\":{\"@id\":\"https:\\\/\\\/osmeusapontamentos.com\\\/#website\"},\"datePublished\":\"2010-05-14T21:33:32+00:00\",\"breadcrumb\":{\"@id\":\"https:\\\/\\\/osmeusapontamentos.com\\\/index.php\\\/2010\\\/05\\\/14\\\/relembrar-a-madeira\\\/#breadcrumb\"},\"inLanguage\":\"pt-PT\",\"potentialAction\":[{\"@type\":\"ReadAction\",\"target\":[\"https:\\\/\\\/osmeusapontamentos.com\\\/index.php\\\/2010\\\/05\\\/14\\\/relembrar-a-madeira\\\/\"]}]},{\"@type\":\"BreadcrumbList\",\"@id\":\"https:\\\/\\\/osmeusapontamentos.com\\\/index.php\\\/2010\\\/05\\\/14\\\/relembrar-a-madeira\\\/#breadcrumb\",\"itemListElement\":[{\"@type\":\"ListItem\",\"position\":1,\"name\":\"In\u00edcio\",\"item\":\"https:\\\/\\\/osmeusapontamentos.com\\\/\"},{\"@type\":\"ListItem\",\"position\":2,\"name\":\"Relembrar a Madeira\"}]},{\"@type\":\"WebSite\",\"@id\":\"https:\\\/\\\/osmeusapontamentos.com\\\/#website\",\"url\":\"https:\\\/\\\/osmeusapontamentos.com\\\/\",\"name\":\"Os Meus Apontamentos\",\"description\":\"\",\"publisher\":{\"@id\":\"https:\\\/\\\/osmeusapontamentos.com\\\/#\\\/schema\\\/person\\\/d508df9c3ffc8b4e64a18dbf0ba18dd8\"},\"potentialAction\":[{\"@type\":\"SearchAction\",\"target\":{\"@type\":\"EntryPoint\",\"urlTemplate\":\"https:\\\/\\\/osmeusapontamentos.com\\\/?s={search_term_string}\"},\"query-input\":{\"@type\":\"PropertyValueSpecification\",\"valueRequired\":true,\"valueName\":\"search_term_string\"}}],\"inLanguage\":\"pt-PT\"},{\"@type\":[\"Person\",\"Organization\"],\"@id\":\"https:\\\/\\\/osmeusapontamentos.com\\\/#\\\/schema\\\/person\\\/d508df9c3ffc8b4e64a18dbf0ba18dd8\",\"name\":\"Vitor Silva\",\"image\":{\"@type\":\"ImageObject\",\"inLanguage\":\"pt-PT\",\"@id\":\"https:\\\/\\\/secure.gravatar.com\\\/avatar\\\/f81f58ad909e8a213ab0a690f6ed65e5c0e0e2274bf35ac49ff31d7988d483ce?s=96&d=mm&r=g\",\"url\":\"https:\\\/\\\/secure.gravatar.com\\\/avatar\\\/f81f58ad909e8a213ab0a690f6ed65e5c0e0e2274bf35ac49ff31d7988d483ce?s=96&d=mm&r=g\",\"contentUrl\":\"https:\\\/\\\/secure.gravatar.com\\\/avatar\\\/f81f58ad909e8a213ab0a690f6ed65e5c0e0e2274bf35ac49ff31d7988d483ce?s=96&d=mm&r=g\",\"caption\":\"Vitor Silva\"},\"logo\":{\"@id\":\"https:\\\/\\\/secure.gravatar.com\\\/avatar\\\/f81f58ad909e8a213ab0a690f6ed65e5c0e0e2274bf35ac49ff31d7988d483ce?s=96&d=mm&r=g\"},\"sameAs\":[\"https:\\\/\\\/www.linkedin.com\\\/in\\\/vitormrsilva\",\"https:\\\/\\\/x.com\\\/vitorsilva\"]}]}<\/script>\n<!-- \/ Yoast SEO plugin. -->","yoast_head_json":{"title":"Relembrar a Madeira - Os Meus Apontamentos","robots":{"index":"index","follow":"follow","max-snippet":"max-snippet:-1","max-image-preview":"max-image-preview:large","max-video-preview":"max-video-preview:-1"},"canonical":"https:\/\/osmeusapontamentos.com\/index.php\/2010\/05\/14\/relembrar-a-madeira\/","og_locale":"pt_PT","og_type":"article","og_title":"Relembrar a Madeira - Os Meus Apontamentos","og_description":"A cat\u00e1strofe da Madeira j\u00e1 foi h\u00e1 pouco mais de 2 meses. Desde essa altura temos tido alguns espasmos econ\u00f3micos, o benfica foi campe\u00e3o e pelos vistos os impostos v\u00e3o voltar a subir. At\u00e9 j\u00e1 tivemos galas a favor da Madeira e continuamos a poder arredondar as nossas compras para aos poucos ajudarmos a 2\u00aa [&hellip;]","og_url":"https:\/\/osmeusapontamentos.com\/index.php\/2010\/05\/14\/relembrar-a-madeira\/","og_site_name":"Os Meus Apontamentos","article_published_time":"2010-05-14T21:33:32+00:00","author":"Vitor Silva","twitter_card":"summary_large_image","twitter_creator":"@vitorsilva","twitter_site":"@vitorsilva","twitter_misc":{"Escrito por":"Vitor Silva","Tempo estimado de leitura":"1 minuto"},"schema":{"@context":"https:\/\/schema.org","@graph":[{"@type":"Article","@id":"https:\/\/osmeusapontamentos.com\/index.php\/2010\/05\/14\/relembrar-a-madeira\/#article","isPartOf":{"@id":"https:\/\/osmeusapontamentos.com\/index.php\/2010\/05\/14\/relembrar-a-madeira\/"},"author":{"name":"Vitor Silva","@id":"https:\/\/osmeusapontamentos.com\/#\/schema\/person\/d508df9c3ffc8b4e64a18dbf0ba18dd8"},"headline":"Relembrar a Madeira","datePublished":"2010-05-14T21:33:32+00:00","mainEntityOfPage":{"@id":"https:\/\/osmeusapontamentos.com\/index.php\/2010\/05\/14\/relembrar-a-madeira\/"},"wordCount":245,"commentCount":0,"publisher":{"@id":"https:\/\/osmeusapontamentos.com\/#\/schema\/person\/d508df9c3ffc8b4e64a18dbf0ba18dd8"},"keywords":["aventar","madeira","urbanismo"],"articleSection":["Opini\u00e3o"],"inLanguage":"pt-PT","potentialAction":[{"@type":"CommentAction","name":"Comment","target":["https:\/\/osmeusapontamentos.com\/index.php\/2010\/05\/14\/relembrar-a-madeira\/#respond"]}]},{"@type":"WebPage","@id":"https:\/\/osmeusapontamentos.com\/index.php\/2010\/05\/14\/relembrar-a-madeira\/","url":"https:\/\/osmeusapontamentos.com\/index.php\/2010\/05\/14\/relembrar-a-madeira\/","name":"Relembrar a Madeira - Os Meus Apontamentos","isPartOf":{"@id":"https:\/\/osmeusapontamentos.com\/#website"},"datePublished":"2010-05-14T21:33:32+00:00","breadcrumb":{"@id":"https:\/\/osmeusapontamentos.com\/index.php\/2010\/05\/14\/relembrar-a-madeira\/#breadcrumb"},"inLanguage":"pt-PT","potentialAction":[{"@type":"ReadAction","target":["https:\/\/osmeusapontamentos.com\/index.php\/2010\/05\/14\/relembrar-a-madeira\/"]}]},{"@type":"BreadcrumbList","@id":"https:\/\/osmeusapontamentos.com\/index.php\/2010\/05\/14\/relembrar-a-madeira\/#breadcrumb","itemListElement":[{"@type":"ListItem","position":1,"name":"In\u00edcio","item":"https:\/\/osmeusapontamentos.com\/"},{"@type":"ListItem","position":2,"name":"Relembrar a Madeira"}]},{"@type":"WebSite","@id":"https:\/\/osmeusapontamentos.com\/#website","url":"https:\/\/osmeusapontamentos.com\/","name":"Os Meus Apontamentos","description":"","publisher":{"@id":"https:\/\/osmeusapontamentos.com\/#\/schema\/person\/d508df9c3ffc8b4e64a18dbf0ba18dd8"},"potentialAction":[{"@type":"SearchAction","target":{"@type":"EntryPoint","urlTemplate":"https:\/\/osmeusapontamentos.com\/?s={search_term_string}"},"query-input":{"@type":"PropertyValueSpecification","valueRequired":true,"valueName":"search_term_string"}}],"inLanguage":"pt-PT"},{"@type":["Person","Organization"],"@id":"https:\/\/osmeusapontamentos.com\/#\/schema\/person\/d508df9c3ffc8b4e64a18dbf0ba18dd8","name":"Vitor Silva","image":{"@type":"ImageObject","inLanguage":"pt-PT","@id":"https:\/\/secure.gravatar.com\/avatar\/f81f58ad909e8a213ab0a690f6ed65e5c0e0e2274bf35ac49ff31d7988d483ce?s=96&d=mm&r=g","url":"https:\/\/secure.gravatar.com\/avatar\/f81f58ad909e8a213ab0a690f6ed65e5c0e0e2274bf35ac49ff31d7988d483ce?s=96&d=mm&r=g","contentUrl":"https:\/\/secure.gravatar.com\/avatar\/f81f58ad909e8a213ab0a690f6ed65e5c0e0e2274bf35ac49ff31d7988d483ce?s=96&d=mm&r=g","caption":"Vitor Silva"},"logo":{"@id":"https:\/\/secure.gravatar.com\/avatar\/f81f58ad909e8a213ab0a690f6ed65e5c0e0e2274bf35ac49ff31d7988d483ce?s=96&d=mm&r=g"},"sameAs":["https:\/\/www.linkedin.com\/in\/vitormrsilva","https:\/\/x.com\/vitorsilva"]}]}},"_links":{"self":[{"href":"https:\/\/osmeusapontamentos.com\/index.php\/wp-json\/wp\/v2\/posts\/1819","targetHints":{"allow":["GET"]}}],"collection":[{"href":"https:\/\/osmeusapontamentos.com\/index.php\/wp-json\/wp\/v2\/posts"}],"about":[{"href":"https:\/\/osmeusapontamentos.com\/index.php\/wp-json\/wp\/v2\/types\/post"}],"author":[{"embeddable":true,"href":"https:\/\/osmeusapontamentos.com\/index.php\/wp-json\/wp\/v2\/users\/1"}],"replies":[{"embeddable":true,"href":"https:\/\/osmeusapontamentos.com\/index.php\/wp-json\/wp\/v2\/comments?post=1819"}],"version-history":[{"count":0,"href":"https:\/\/osmeusapontamentos.com\/index.php\/wp-json\/wp\/v2\/posts\/1819\/revisions"}],"wp:attachment":[{"href":"https:\/\/osmeusapontamentos.com\/index.php\/wp-json\/wp\/v2\/media?parent=1819"}],"wp:term":[{"taxonomy":"category","embeddable":true,"href":"https:\/\/osmeusapontamentos.com\/index.php\/wp-json\/wp\/v2\/categories?post=1819"},{"taxonomy":"post_tag","embeddable":true,"href":"https:\/\/osmeusapontamentos.com\/index.php\/wp-json\/wp\/v2\/tags?post=1819"}],"curies":[{"name":"wp","href":"https:\/\/api.w.org\/{rel}","templated":true}]}}